{"id":4062,"date":"2022-05-27T09:44:53","date_gmt":"2022-05-27T12:44:53","guid":{"rendered":"https:\/\/www.reportedeprensa.utalca.cl\/?p=4062"},"modified":"2022-05-27T09:49:18","modified_gmt":"2022-05-27T12:49:18","slug":"27-de-mayo-de-2022","status":"publish","type":"post","link":"https:\/\/www.reportedeprensa.utalca.cl\/?p=4062","title":{"rendered":"27 de mayo de 2022"},"content":{"rendered":"\t\t<div data-elementor-type=\"wp-post\" data-elementor-id=\"4062\" class=\"elementor elementor-4062\" data-elementor-settings=\"[]\">\n\t\t\t\t\t\t\t<div class=\"elementor-section-wrap\">\n\t\t\t\t\t\t\t<section class=\"elementor-section elementor-top-section elementor-element elementor-element-551691d7 elementor-section-boxed elementor-section-height-default elementor-section-height-default\" data-id=\"551691d7\" data-element_type=\"section\">\n\t\t\t\t\t\t<div class=\"elementor-container elementor-column-gap-default\">\n\t\t\t\t\t<div class=\"elementor-column elementor-col-100 elementor-top-column elementor-element elementor-element-249cced\" data-id=\"249cced\" data-element_type=\"column\">\n\t\t\t<div class=\"elementor-widget-wrap elementor-element-populated\">\n\t\t\t\t\t\t\t\t<div class=\"elementor-element elementor-element-60e9cf41 elementor-widget elementor-widget-text-editor\" data-id=\"60e9cf41\" data-element_type=\"widget\" data-widget_type=\"text-editor.default\">\n\t\t\t\t<div class=\"elementor-widget-container\">\n\t\t\t\t\t\t\t\t<p class=\"x_MsoNormal\"><strong>CANAL TVN RED MAULE\u00a0<\/strong><\/p><p class=\"x_MsoNormal\"><a href=\"https:\/\/www.litoralpress.cl\/sitio\/RadioTV_Detalles.cshtml?LPKey=MRT7ENMHC65BWQCEKZW4L3VV25HDU6SUST4F45IH2VVZKPIAOQVYTQKKJJFIZGYJZWZA6GG5H3KBU\">Autoridades buscan potenciar el acercamiento a la ciencia.\u00a0<\/a><\/p><p>\u00a0<\/p><p class=\"x_MsoNormal\"><strong>LA PRENSA\u00a0<\/strong><\/p><p class=\"x_MsoNormal\"><a href=\"https:\/\/www.litoralpress.cl\/paginaconsultas\/Servicios_NClipSitio\/Get_Imagen_Nota.aspx?LPKey=VJMKT37OOKKY26DK7BSQDH5SGDMILVGVR43EDAMVHEFNIX7TM4267B7DKXQ6AOCGHPHMW4RU2IWE6\">Comprometen trabajo colaborativo para superar las brechas en ciencia, tecnolog\u00eda e Innovaci\u00f3n.\u00a0<\/a><\/p><p class=\"x_MsoNormal\">\u00a0<\/p><p class=\"x_MsoNormal\"><strong>ADPRENSA.CL\u00a0<\/strong><\/p><p class=\"x_MsoNormal\"><a href=\"https:\/\/www.adprensa.cl\/cronica\/cruch-acordo-acoger-invitacion-de-subsecretaria-figueroa-para-participar-en-nuevo-proceso-de-fijacion-de-aranceles-regulados\/\">CRUCH acord\u00f3 acoger invitaci\u00f3n de Subsecretaria Figueroa para participar en nuevo proceso de fijaci\u00f3n de aranceles regulados.\u00a0<\/a><\/p><p class=\"x_MsoNormal\">\u00a0<\/p><p class=\"x_MsoNormal\"><strong>RADIO ADN\u00a0<\/strong><\/p><p class=\"x_MsoNormal\"><a href=\"https:\/\/www.litoralpress.cl\/sitio\/RadioTV_Detalles.cshtml?LPKey=V4Z2DTBLCBGUUANECH6NUQZ2S2KNPPL2VFYHLO3GTX3XNEK44F6RDV4DM5HFRUU7PUNBTNPFU3I4S\">Presidenta de Convenci\u00f3n Constitucional particip\u00f3 de cabildo ciudadano en Universidad de Talca. \u00a0<\/a><\/p><p class=\"x_MsoNormal\">\u00a0<\/p><p class=\"x_MsoNormal\"><strong>CANAL CONTIVISI\u00d3N\u00a0<\/strong><\/p><p class=\"x_MsoNormal\"><a href=\"https:\/\/www.litoralpress.cl\/sitio\/RadioTV_Detalles.cshtml?LPKey=JNVQXBJRFYCXD3XJ3BS6U75LMMCMPJ5NKH6Z7FRNKMYQQC57L6HMUW7MV4SJ53ASAVV5QRGN6YSTC\">Concierto de la Orquesta Sinf\u00f3nica de la UTalca.\u00a0<\/a><\/p><p class=\"x_MsoNormal\">\u00a0<\/p><p class=\"x_MsoNormal\"><strong>LANOTICIA.CL\u00a0<\/strong><\/p><p class=\"x_MsoNormal\"><a href=\"https:\/\/lanoticia.cl\/orquesta-sinfonica-de-la-utalca-deleito-al-publico-en-homenaje-a-la-capital-maulina\/\">Orquesta Sinf\u00f3nica de la UTalca deleit\u00f3 al p\u00fablico en homenaje a la capital maulina.\u00a0<\/a><\/p><p class=\"x_MsoNormal\">\u00a0<\/p><p class=\"x_MsoNormal\"><strong>CANAL TVN RED MAULE\u00a0<\/strong><\/p><p class=\"x_MsoNormal\"><a href=\"https:\/\/www.litoralpress.cl\/sitio\/RadioTV_Detalles.cshtml?LPKey=VTMPCM7QCB677ZNVQS7GNPGPMVTURIF6I33IBRX4KGEFKWKNGZF3O4U5KEP7CHPC4KVG2AVYDRCSE\">Se espera un descenso en las temperaturas tras la lluvia. Se refiere Patricio Gonz\u00e1lez, acad\u00e9mico del Centro de Investigaci\u00f3n y Transferencia en Riego y Agroclimatolog\u00eda. \u00a0<\/a><\/p><p class=\"x_MsoNormal\">\u00a0<\/p><p class=\"x_MsoNormal\"><strong>RADIO AMIGA\u00a0<\/strong><\/p><p class=\"x_MsoNormal\"><a href=\"https:\/\/www.litoralpress.cl\/sitio\/RadioTV_Detalles.cshtml?LPKey=U4VRGRTYBXI3O7PCIVUELYQ2B626NBIYVXUPU4R5SSIG6LEKCQ7BF7EVOXKVJYYJNTKGZU2YIIH2A\">Se esperan bajas temperaturas entre las regiones del Maule y Los R\u00edos. Se refiere Patricio Gonz\u00e1lez, acad\u00e9mico del Centro de Investigaci\u00f3n y Transferencia en Riego y Agroclimatolog\u00eda.\u00a0<\/a><\/p><p class=\"x_MsoNormal\">\u00a0<\/p><p class=\"x_MsoNormal\"><strong>DIARIOTALCA.CL\u00a0<\/strong><\/p><p class=\"x_MsoNormal\"><a href=\"https:\/\/diariotalca.cl\/este-ano-rindes-la-paes-aqui-una-oportunidad-de-ensayo-presencial\/\">\u00bfEste a\u00f1o rindes la PAES? Aqu\u00ed una oportunidad de ensayo presencial.\u00a0<\/a><\/p><p class=\"x_MsoNormal\">\u00a0<\/p><p class=\"x_MsoNormal\"><strong>PUBLIMICRO.CL\u00a0<\/strong><\/p><p class=\"x_MsoNormal\"><a href=\"https:\/\/publimicro.cl\/universidad-de-talca-llama-a-inscribirse-para-el-segundo-ensayo-presencial-del-paes\/\">Universidad de Talca llama a inscribirse para el segundo ensayo presencial del PAES.\u00a0<\/a><\/p><p class=\"x_MsoNormal\">\u00a0<\/p><p class=\"x_MsoNormal\"><strong>LA SEGUNDA\u00a0<\/strong><\/p><p class=\"x_MsoNormal\"><a href=\"https:\/\/www.litoralpress.cl\/paginaconsultas\/Servicios_NClipSitio\/Get_Imagen_Nota.aspx?LPKey=WLR5IPYAZ5OUI3LBCPKXUVRUZDWTJRPXX26TYYXHOWS5Y66HMXXLNMDHL5ZTNYIMIFMEBFGXPIQ6U\">Una indicaci\u00f3n transitoria de \u201camarre\u201d. Se refiere Mauricio Morales, director del Centro de An\u00e1lisis Pol\u00edtico (CAP).\u00a0<\/a><\/p><p class=\"x_MsoNormal\">\u00a0<\/p><p class=\"x_MsoNormal\"><strong>LA SEGUNDA\u00a0<\/strong><\/p><p class=\"x_MsoNormal\"><a href=\"https:\/\/www.litoralpress.cl\/paginaconsultas\/Servicios_NClipSitio\/Get_Imagen_Nota.aspx?LPKey=3PASUFATKFOUOUSMOXDBUXXOAAFEVBEA7IML5WHGGG77U5UXB6AYBCYPPLXMGJK5C4CDWTPIRABS2\">Convenci\u00f3n vs Congreso: el debate de los 2\/3. Se refiere Mauricio Morales, director del Centro de An\u00e1lisis Pol\u00edtico (CAP).\u00a0<\/a><\/p><p class=\"x_MsoNormal\">\u00a0<\/p><p class=\"x_MsoNormal\"><strong>CANAL 13\u00a0<\/strong><\/p><p class=\"x_MsoNormal\"><a href=\"https:\/\/www.litoralpress.cl\/sitio\/RadioTV_Detalles.cshtml?LPKey=Q6ZHG3UOY7NMDRWURNEM7PEZ666QFEKJ7FOVJ6XJ66UT6FOOGHZNO7BE5ZVZQ5H27LAMI4JQ22JTQ\">Crece la pol\u00e9mica por normas transitorias de la nueva Constituci\u00f3n. Se refiere Mauricio Morales, director del Centro de An\u00e1lisis Pol\u00edtico (CAP).\u00a0<\/a><\/p><p class=\"x_MsoNormal\">\u00a0<\/p><p class=\"x_MsoNormal\"><strong>CANAL CHILEVISI\u00d3N\u00a0<\/strong><\/p><p class=\"x_MsoNormal\"><a href=\"https:\/\/www.litoralpress.cl\/sitio\/RadioTV_Detalles.cshtml?LPKey=W2ORXUV6AF7HOMORMMCHCM7454DUO72ZEVR3LFLKPJRD7PNKVQ47X5PCT5QPCKEFA5TJKDW32JILI\">Entrevista a Mario Herrera, acad\u00e9mico de la Escuela de Ciencias Pol\u00edticas y Administraci\u00f3n P\u00fablica. \u00a0<\/a><\/p><p class=\"x_MsoNormal\">\u00a0<\/p><p class=\"x_MsoNormal\"><strong>RADIO INFINITA\u00a0<\/strong><\/p><p class=\"x_MsoNormal\"><a href=\"https:\/\/www.litoralpress.cl\/sitio\/RadioTV_Detalles.cshtml?LPKey=QETRXJB6RK2KL3HVAZYSBKLAL6PC2K6M4I3XMDIKP4OSMX347DZ42KBIWEIZN4T2XIKO2U5VYWFME\">Comentario de Mauricio Morales, director del Centro de An\u00e1lisis Pol\u00edtico (CAP).\u00a0<\/a><\/p><p class=\"x_MsoNormal\">\u00a0<\/p><p class=\"x_MsoNormal\"><strong>CR\u00d3NICA DE CHILL\u00c1N\u00a0<\/strong><\/p><p class=\"x_MsoNormal\"><a href=\"https:\/\/www.litoralpress.cl\/paginaconsultas\/Servicios_NClipSitio\/Get_Imagen_Nota.aspx?LPKey=ZOJSE7QJUYM5RH3BNUU3UMDCSGFII5RSGPSD7QQBRVU7ELEP3D6VAG7P5GOEXINSD4WJQEYTKIWRG\">Municipalidad de Chill\u00e1n entreg\u00f3 reconocimientos patrimoniales. Se menciona al Centro de Documentaci\u00f3n Patrimonial. \u00a0<\/a><\/p><p class=\"x_MsoNormal\">\u00a0<\/p><p class=\"x_MsoNormal\"><strong>DIARIOTALCA.CL\u00a0<\/strong><\/p><p class=\"x_MsoNormal\"><a href=\"https:\/\/diariotalca.cl\/te-gusta-el-teatro-y-quieres-salir-de-talca-aqui-un-dato-para-viajar\/\">\u00bfTe gusta el teatro y quieres salir de Talca? Aqu\u00ed un dato para viajar. Se menciona al Centro de Extensi\u00f3n.\u00a0<\/a><\/p><p class=\"x_MsoNormal\">\u00a0<\/p><p class=\"x_MsoNormal\"><strong>LINARESNELINEA.CL\u00a0<\/strong><\/p><p class=\"x_MsoNormal\"><a href=\"https:\/\/www.linaresenlinea.cl\/2022\/05\/26\/el-maule-celebra-los-10-anos-de-la-semana-de-la-educacion-artistica\/\">El Maule celebra los 10 a\u00f1os de la Semana de la Educaci\u00f3n Art\u00edstica. Se menciona a la UTalca.\u00a0<\/a><\/p><p class=\"x_MsoNormal\">\u00a0<\/p>\t\t\t\t\t\t<\/div>\n\t\t\t\t<\/div>\n\t\t\t\t\t<\/div>\n\t\t<\/div>\n\t\t\t\t\t\t\t<\/div>\n\t\t<\/section>\n\t\t\t\t\t\t<\/div>\n\t\t\t\t\t<\/div>\n\t\t","protected":false},"excerpt":{"rendered":"<p>CANAL TVN RED MAULE\u00a0 Autoridades buscan potenciar el acercamiento a la ciencia.\u00a0 \u00a0 LA PRENSA\u00a0 Comprometen trabajo colaborativo para superar las brechas en ciencia, tecnolog\u00eda e Innovaci\u00f3n.\u00a0 \u00a0 ADPRENSA.CL\u00a0 CRUCH acord\u00f3 acoger invitaci\u00f3n de Subsecretaria Figueroa para participar en nuevo proceso de fijaci\u00f3n de aranceles regulados.\u00a0 \u00a0 RADIO ADN\u00a0 Presidenta de Convenci\u00f3n Constitucional particip\u00f3 de &hellip;<\/p>\n<p class=\"read-more\"> <a class=\"\" href=\"https:\/\/www.reportedeprensa.utalca.cl\/?p=4062\"> <span class=\"screen-reader-text\">27 de mayo de 2022<\/span> Read More &raquo;<\/a><\/p>\n","protected":false},"author":1,"featured_media":0,"comment_status":"closed","ping_status":"open","sticky":false,"template":"","format":"standard","meta":{"_monsterinsights_skip_tracking":false,"_monsterinsights_sitenote_active":false,"_monsterinsights_sitenote_note":"","_monsterinsights_sitenote_category":0},"categories":[21],"tags":[],"_links":{"self":[{"href":"https:\/\/www.reportedeprensa.utalca.cl\/index.php?rest_route=\/wp\/v2\/posts\/4062"}],"collection":[{"href":"https:\/\/www.reportedeprensa.utalca.cl\/index.php?rest_route=\/wp\/v2\/posts"}],"about":[{"href":"https:\/\/www.reportedeprensa.utalca.cl\/index.php?rest_route=\/wp\/v2\/types\/post"}],"author":[{"embeddable":true,"href":"https:\/\/www.reportedeprensa.utalca.cl\/index.php?rest_route=\/wp\/v2\/users\/1"}],"replies":[{"embeddable":true,"href":"https:\/\/www.reportedeprensa.utalca.cl\/index.php?rest_route=%2Fwp%2Fv2%2Fcomments&post=4062"}],"version-history":[{"count":4,"href":"https:\/\/www.reportedeprensa.utalca.cl\/index.php?rest_route=\/wp\/v2\/posts\/4062\/revisions"}],"predecessor-version":[{"id":4069,"href":"https:\/\/www.reportedeprensa.utalca.cl\/index.php?rest_route=\/wp\/v2\/posts\/4062\/revisions\/4069"}],"wp:attachment":[{"href":"https:\/\/www.reportedeprensa.utalca.cl\/index.php?rest_route=%2Fwp%2Fv2%2Fmedia&parent=4062"}],"wp:term":[{"taxonomy":"category","embeddable":true,"href":"https:\/\/www.reportedeprensa.utalca.cl\/index.php?rest_route=%2Fwp%2Fv2%2Fcategories&post=4062"},{"taxonomy":"post_tag","embeddable":true,"href":"https:\/\/www.reportedeprensa.utalca.cl\/index.php?rest_route=%2Fwp%2Fv2%2Ftags&post=4062"}],"curies":[{"name":"wp","href":"https:\/\/api.w.org\/{rel}","templated":true}]}}