{"id":4074,"date":"2022-05-30T09:53:07","date_gmt":"2022-05-30T12:53:07","guid":{"rendered":"https:\/\/www.reportedeprensa.utalca.cl\/?p=4074"},"modified":"2022-05-30T10:03:57","modified_gmt":"2022-05-30T13:03:57","slug":"30-de-mayo-de-2022","status":"publish","type":"post","link":"https:\/\/www.reportedeprensa.utalca.cl\/?p=4074","title":{"rendered":"30 de mayo de 2022"},"content":{"rendered":"\t\t<div data-elementor-type=\"wp-post\" data-elementor-id=\"4074\" class=\"elementor elementor-4074\" data-elementor-settings=\"[]\">\n\t\t\t\t\t\t\t<div class=\"elementor-section-wrap\">\n\t\t\t\t\t\t\t<section class=\"elementor-section elementor-top-section elementor-element elementor-element-551691d7 elementor-section-boxed elementor-section-height-default elementor-section-height-default\" data-id=\"551691d7\" data-element_type=\"section\">\n\t\t\t\t\t\t<div class=\"elementor-container elementor-column-gap-default\">\n\t\t\t\t\t<div class=\"elementor-column elementor-col-100 elementor-top-column elementor-element elementor-element-249cced\" data-id=\"249cced\" data-element_type=\"column\">\n\t\t\t<div class=\"elementor-widget-wrap elementor-element-populated\">\n\t\t\t\t\t\t\t\t<div class=\"elementor-element elementor-element-60e9cf41 elementor-widget elementor-widget-text-editor\" data-id=\"60e9cf41\" data-element_type=\"widget\" data-widget_type=\"text-editor.default\">\n\t\t\t\t<div class=\"elementor-widget-container\">\n\t\t\t\t\t\t\t\t<p class=\"x_MsoNormal\"><strong><span lang=\"ES\">CANAL CONTIVISI\u00d3N\u00a0<\/span><\/strong><\/p><p class=\"x_MsoNormal\"><a href=\"https:\/\/www.litoralpress.cl\/sitio\/RadioTV_Detalles.cshtml?LPKey=3VLQ5GJLMH2F2KDRVFYRQBJWTERCHX2NVVEYE7XWQPJU4LOCDA3GQZXND7GQUMCFS3A6IU7CS66SM\"><span lang=\"ES\">Ciencia e innovaci\u00f3n se busca potenciar en reuni\u00f3n entre universidades y el delegado regional.\u00a0<\/span><\/a><\/p><p class=\"x_MsoNormal\"><span lang=\"ES\">\u00a0<\/span><\/p><p class=\"x_MsoNormal\"><strong><span lang=\"ES\">LA PRENSA\u00a0<\/span><\/strong><\/p><p class=\"x_MsoNormal\"><a href=\"https:\/\/www.litoralpress.cl\/paginaconsultas\/Servicios_NClipSitio\/Get_Imagen_Nota.aspx?LPKey=4OHTDPGOIYLGB5CY5JSBPEWWAR45X6ECAP2MXM44XGUGWYA4BSZFUVLESK3AQ3GEH3THTLPQ3HCKY\"><span lang=\"ES\">Rector de la UTalca destaca aporte regional de diario La Prensa.\u00a0<\/span><\/a><\/p><p class=\"x_MsoNormal\"><span lang=\"ES\">\u00a0<\/span><\/p><p class=\"x_MsoNormal\"><strong><span lang=\"ES\">LA TERCERA\u00a0<\/span><\/strong><\/p><p class=\"x_MsoNormal\"><a href=\"https:\/\/www.litoralpress.cl\/paginaconsultas\/Servicios_NClipSitio\/Get_Imagen_Nota.aspx?LPKey=MSWXJQJWWWCHI5BEAKABJ44SXWWXN2D4CTV5MWJEZIW7MXZQWFAFTT2O2QI3VZQFEKDNXRZBAA3TM\"><span lang=\"ES\">El aporte de las universidades. Impact Ranking 2022.\u00a0<\/span><\/a><\/p><p class=\"x_MsoNormal\"><span lang=\"ES\">\u00a0<\/span><\/p><p class=\"x_MsoNormal\"><strong><span lang=\"ES\">LA TERCERA\u00a0<\/span><\/strong><\/p><p class=\"x_MsoNormal\"><a href=\"https:\/\/www.litoralpress.cl\/sitio\/Prensa_PaginaCompleta.cshtml?LPKey=NSE7OIUPLUTOYFNDA5HNTHBDWJGKQFL7GHTKXIIE6W3JCKNHGWLQ\"><span lang=\"ES\">En busca de un mundo inclusivo y equitativo. Impact Ranking 2022.\u00a0<\/span><\/a><\/p><p class=\"x_MsoNormal\"><span lang=\"ES\">\u00a0<\/span><\/p><p class=\"x_MsoNormal\"><strong><span lang=\"ES\">ADPRENSA.CL\u00a0<\/span><\/strong><\/p><p class=\"x_MsoNormal\"><a href=\"https:\/\/www.adprensa.cl\/cronica\/presidenta-de-la-convencion-destaco-rol-de-las-universidades-estatales-en-proceso-constituyente\/\"><span lang=\"ES\">Presidenta de la Convenci\u00f3n destac\u00f3 rol de las universidades estatales en proceso constituyente.\u00a0<\/span><\/a><\/p><p class=\"x_MsoNormal\"><span lang=\"ES\">\u00a0<\/span><\/p><p class=\"x_MsoNormal\"><strong><span lang=\"ES\">LA PRENSA\u00a0<\/span><\/strong><\/p><p class=\"x_MsoNormal\"><a href=\"https:\/\/www.litoralpress.cl\/paginaconsultas\/Servicios_NClipSitio\/Get_Imagen_Nota.aspx?LPKey=NVQV5WETP4NB7MFQB5D3GXI4PY4NY6D2RGX5FN3LSEID4SKIYHBJUUQ5Y7ARUUXZZ6O7N6JOYSB3Y\"><span lang=\"ES\">Destacan rol de las universidades estatales.\u00a0<\/span><\/a><\/p><p class=\"x_MsoNormal\"><span lang=\"ES\">\u00a0<\/span><\/p><p class=\"x_MsoNormal\"><strong><span lang=\"ES\">EL HERALDO\u00a0<\/span><\/strong><\/p><p class=\"x_MsoNormal\"><a href=\"https:\/\/www.litoralpress.cl\/paginaconsultas\/Servicios_NClipSitio\/Get_Imagen_Nota.aspx?LPKey=RPOE3KA3NHAK7XZSUG6H7GDVNHE2ESQVBDFHMNGC6FL77P7IARPM4X7VU2WOOPATW3CSALF4VIPKG\"><span lang=\"ES\">Presidenta de la Convenci\u00f3n destac\u00f3 rol de las universidades estatales en proceso constituyente. \u00a0<\/span><\/a><\/p><p class=\"x_MsoNormal\"><span lang=\"ES\">\u00a0<\/span><\/p><p class=\"x_MsoNormal\"><strong><span lang=\"ES\">EL LECTOR\u00a0<\/span><\/strong><\/p><p class=\"x_MsoNormal\"><a href=\"https:\/\/www.litoralpress.cl\/paginaconsultas\/Servicios_NClipSitio\/Get_Imagen_Nota.aspx?LPKey=6JBUSMGOD3DNJHX42TSP6GZVEDE6V5GJU776DMIYZZRYE6IMOSLFQGTCL4YNINDQTIQNBIU2YRZIQ\"><span lang=\"ES\">Presidenta de la Convenci\u00f3n destac\u00f3 rol de las universidades estatales en proceso constituyente.\u00a0<\/span><\/a><\/p><p class=\"x_MsoNormal\"><span lang=\"ES\">\u00a0<\/span><\/p><p class=\"x_MsoNormal\"><strong><span lang=\"ES\">CANAL CONTIVISI\u00d3N\u00a0<\/span><\/strong><\/p><p class=\"x_MsoNormal\"><a href=\"https:\/\/www.litoralpress.cl\/sitio\/RadioTV_Detalles.cshtml?LPKey=FL7IZK7GXWP4WBRKYIOXEVQIQUZMETRXBVOAY4XW2YMWIXXYHHW33EXI5LV5R4GT3RVFDEET56R5K\"><span lang=\"ES\">Presidenta de la Convenci\u00f3n Constitucional particip\u00f3 en un Cabildo Abierto en la U. de Talca.\u00a0<\/span><\/a><\/p><p class=\"x_MsoNormal\"><span lang=\"ES\">\u00a0<\/span><\/p><p class=\"x_MsoNormal\"><strong><span lang=\"ES\">G5NOTICIAS.CL\u00a0<\/span><\/strong><\/p><p class=\"x_MsoNormal\"><a href=\"https:\/\/g5noticias.cl\/2022\/05\/27\/presidenta-de-la-convencion-destaco-rol-de-las-universidades-estatales-en-proceso-constituyente\/\"><span lang=\"ES\">Presidenta de la Convenci\u00f3n destac\u00f3 rol de las universidades estatales en proceso constituyente.\u00a0<\/span><\/a><\/p><p class=\"x_MsoNormal\"><span lang=\"ES\">\u00a0<\/span><\/p><p class=\"x_MsoNormal\"><strong><span lang=\"ES\">EL MERCURIO\u00a0<\/span><\/strong><\/p><p class=\"x_MsoNormal\"><a href=\"https:\/\/www.litoralpress.cl\/paginaconsultas\/Servicios_NClipSitio\/Get_Imagen_Nota.aspx?LPKey=NR2E2MSDQDCCUIZOZ3NPXBMDYPZYTRDCT7ETR7CZEOH4I4QFJOVLBMJQF43GP4FEN33ZAOGDIAFP4\"><span lang=\"ES\">El camino de un rector. Se refiere \u00c1lvaro Rojas, acad\u00e9mico de la Facultad de Ciencias Agrarias.\u00a0<\/span><\/a><\/p><p class=\"x_MsoNormal\"><span lang=\"ES\">\u00a0<\/span><\/p><p class=\"x_MsoNormal\"><strong><span lang=\"ES\">LATERCERA.COM\u00a0<\/span><\/strong><\/p><p class=\"x_MsoNormal\"><a href=\"https:\/\/www.latercera.com\/que-pasa\/noticia\/mas-proteinas-menos-grasas-y-sal-cientificos-chilenos-desarrollan-superalimento-para-que-gallinas-produzcan-huevos-mas-sanos\/GQ3HZCAFIZHQJLVMMQXG7NORRU\/\"><span lang=\"ES\">M\u00e1s prote\u00ednas, menos grasas y sal: cient\u00edficos chilenos desarrollan superalimento para que gallinas produzcan huevos m\u00e1s sanos. Se refieren H\u00e9ctor Quinteros, director del Departamento de Tecnolog\u00edas Industriales y Di\u00f3genes Hern\u00e1ndez, acad\u00e9mico del Instituto de Qu\u00edmica de los Recursos Naturales.\u00a0<\/span><\/a><\/p><p class=\"x_MsoNormal\"><span lang=\"ES\">\u00a0<\/span><\/p><p class=\"x_MsoNormal\"><strong><span lang=\"ES\">RADIO COOPERATIVA\u00a0<\/span><\/strong><\/p><p class=\"x_MsoNormal\"><a href=\"https:\/\/www.litoralpress.cl\/sitio\/RadioTV_Detalles.cshtml?LPKey=764C4RXMHPKL3UGH5QUUKSXBUBKLGR6DF3FEYOED3G4HWD5RYBBXHEOLVUM7W6JDLZBSHALN5BVMW\"><span lang=\"ES\">El Minsal inform\u00f3 7.874 casos nuevos de Covid-19 y 10 fallecidos. Se refiere \u00c9rika Retamal, directora del Departamento de Salud P\u00fablica.\u00a0<\/span><\/a><\/p><p class=\"x_MsoNormal\"><span lang=\"ES\">\u00a0<\/span><\/p><p class=\"x_MsoNormal\"><strong><span lang=\"ES\">RADIO BIO-B\u00cdO\u00a0<\/span><\/strong><\/p><p class=\"x_MsoNormal\"><a href=\"https:\/\/www.litoralpress.cl\/sitio\/RadioTV_Detalles.cshtml?LPKey=ZTQTPJXMHJVVSF4YTAETVQPREUXPBNSI273YBYNZLCVHO2TZHPOLFAMW2C5EUX27NXZUBYAWVSW64\"><span lang=\"ES\">Minsal inform\u00f3 7.874 nuevos casos de coronavirus. Se refiere Marcelo Alarc\u00f3n, acad\u00e9mico del Departamento de Bioqu\u00edmica Cl\u00ednica e Inmunohematolog\u00eda.\u00a0<\/span><\/a><\/p><p class=\"x_MsoNormal\"><span lang=\"ES\">\u00a0<\/span><\/p><p class=\"x_MsoNormal\"><strong><span lang=\"ES\">RADIO GUAYAC\u00c1N\u00a0<\/span><\/strong><\/p><p class=\"x_MsoNormal\"><a href=\"https:\/\/www.litoralpress.cl\/sitio\/RadioTV_Detalles.cshtml?LPKey=X5PJWW4CCMO4ZO3XLAIG2UTXL5H3ANZKFXMDRNJPZNRZBMNZLLYB2HPUTLXTDABXEA42O6JQKCJJG\"><span lang=\"ES\">Entrevista a Marcelo Alarc\u00f3n, acad\u00e9mico del Departamento de Bioqu\u00edmica Cl\u00ednica e Inmunohematolog\u00eda.\u00a0<\/span><\/a><\/p><p class=\"x_MsoNormal\"><span lang=\"ES\">\u00a0<\/span><\/p><p class=\"x_MsoNormal\"><strong><span lang=\"ES\">ELCENTRO.CL\u00a0<\/span><\/strong><\/p><p class=\"x_MsoNormal\"><a href=\"https:\/\/elcentro.cl\/2022\/05\/28\/academica-explica-como-cuidar-a-pacientes-con-viruela-del-mono\/\"><span lang=\"ES\">Acad\u00e9mica explica c\u00f3mo cuidar a pacientes con viruela del mono. Se refiere Mar\u00eda Ester Mu\u00f1oz, acad\u00e9mica de la Escuela de Enfermer\u00eda.\u00a0<\/span><\/a><\/p><p class=\"x_MsoNormal\"><span lang=\"ES\">\u00a0<\/span><\/p><p class=\"x_MsoNormal\"><strong><span lang=\"ES\">LA TERCERA\u00a0<\/span><\/strong><\/p><p class=\"x_MsoNormal\"><a href=\"https:\/\/www.litoralpress.cl\/paginaconsultas\/Servicios_NClipSitio\/Get_Imagen_Nota.aspx?LPKey=F7K32AORCTWXQTGXMJMXAWAJTDT7AAKIINZYSOENZ3XGW5MZ6XDJRDMBIYUSJ2JLJAQRLHYPXKRLI\"><span lang=\"ES\">Gu\u00eda para elegir la mejor estufa este invierno. Se refiere Mar\u00eda Luisa del Campo, directora del Centro Tecnol\u00f3gico Kipus.\u00a0<\/span><\/a><\/p><p class=\"x_MsoNormal\"><span lang=\"ES\">\u00a0<\/span><\/p><p class=\"x_MsoNormal\"><strong><span lang=\"ES\">CANAL CNN CHILE\u00a0<\/span><\/strong><\/p><p class=\"x_MsoNormal\"><a href=\"https:\/\/www.litoralpress.cl\/sitio\/RadioTV_Detalles.cshtml?LPKey=63RWA45I45BUIA6WKYDI7FLKZER2BPZ4FWMW52LKARI2XOFWBT3SYVDVIHHOERJA4HVXP3INZEJAQ\"><span lang=\"ES\">La Direcci\u00f3n Meteorol\u00f3gica emiti\u00f3 una advertencia por las heladas que se producir\u00e1n entre la Regi\u00f3n Metropolitana y Los Lagos. Se refiere Patricio Gonz\u00e1lez, acad\u00e9mico del Centro de Investigaci\u00f3n y Transferencia en Riego y Agroclimatolog\u00eda.\u00a0<\/span><\/a><\/p><p class=\"x_MsoNormal\"><span lang=\"ES\">\u00a0<\/span><\/p><p class=\"x_MsoNormal\"><strong><span lang=\"ES\">CANAL CONTIVISI\u00d3N\u00a0<\/span><\/strong><\/p><p class=\"x_MsoNormal\"><a href=\"https:\/\/www.litoralpress.cl\/sitio\/RadioTV_Detalles.cshtml?LPKey=O3IA2INNUI2HVT23L75IW2UEOO6MCCLUMVL4ZA7GJXGWIBPK564PGWQDNE3RAIM6IJJ5XUCUU65V6\"><span lang=\"ES\">Temperaturas de hasta 3 grados bajo cero se esperan este fin de semana en la Regi\u00f3n del Maule. Se refiere Patricio Gonz\u00e1lez, acad\u00e9mico del Centro de Investigaci\u00f3n y Transferencia en Riego y Agroclimatolog\u00eda.\u00a0<\/span><\/a><\/p><p class=\"x_MsoNormal\"><span lang=\"ES\">\u00a0<\/span><\/p><p class=\"x_MsoNormal\"><strong><span lang=\"ES\">RADIO AMIGA\u00a0<\/span><\/strong><\/p><p class=\"x_MsoNormal\"><a href=\"https:\/\/www.litoralpress.cl\/sitio\/RadioTV_Detalles.cshtml?LPKey=36M42IBIBQSXQW6IX2RTJOX6IPY4UYDWHBJBZE4CSGKBSYRID4PKPV76ZH5H742F6F4RGZBXLUBOE\"><span lang=\"ES\">Alerta por heladas que est\u00e1n afectando entre las regiones de Maule y Los R\u00edos. Alerta por heladas que est\u00e1n afectando entre las regiones de Maule y Los R\u00edos.\u00a0<\/span><\/a><\/p><p class=\"x_MsoNormal\"><span lang=\"ES\">\u00a0<\/span><\/p><p class=\"x_MsoNormal\"><strong><span lang=\"ES\">ELMOSTRADOR.CL\u00a0<\/span><\/strong><\/p><p class=\"x_MsoNormal\"><a href=\"https:\/\/www.elmostrador.cl\/generacion-m\/2022\/05\/28\/estudio-analizo-como-las-ciudades-pueden-cambiar-la-evolucion-de-una-especie-de-planta\/\"><span lang=\"ES\">Estudio analiz\u00f3 c\u00f3mo las ciudades pueden cambiar la evoluci\u00f3n de una especie de planta. Se refiere Pedro Gundel, acad\u00e9mico del Instituto de Ciencias Biol\u00f3gicas.\u00a0<\/span><\/a><\/p><p class=\"x_MsoNormal\"><span lang=\"ES\">\u00a0<\/span><\/p><p class=\"x_MsoNormal\"><strong><span lang=\"ES\">S\u00c9PTIMAP\u00c1GINANOTICIAS.CL\u00a0<\/span><\/strong><\/p><p class=\"x_MsoNormal\"><a href=\"https:\/\/www.septimapaginanoticias.cl\/cientificas-de-la-utalca-investigan-el-veneno-de-escorpion-azul-para-tratar-el-cancer\"><span lang=\"ES\">Cient\u00edficas de la UTalca investigan el veneno de escorpi\u00f3n azul para tratar el c\u00e1ncer. Se refiere<\/span><span lang=\"ES\">Wendy Gonz\u00e1lez, directora del Centro de Bioinform\u00e1tica, Simulaci\u00f3n y Modelado (CBSM).\u00a0<\/span><\/a><\/p><p class=\"x_MsoNormal\"><span lang=\"ES\">\u00a0<\/span><\/p><p class=\"x_MsoNormal\"><strong><span lang=\"ES\">RADIO CARABINEROS DE CHILE\u00a0<\/span><\/strong><\/p><p class=\"x_MsoNormal\"><a href=\"https:\/\/www.litoralpress.cl\/sitio\/RadioTV_Detalles.cshtml?LPKey=ZJS55ZKMPI5FZ6RRIOUZL7ORU3NRFUEEB6GL5ZLVLASXFDFYBRNIPBZP5CVA3NN5CJVD4O7QIPYIO\"><span lang=\"ES\">Entrevista a Emilio Moyano, acad\u00e9mico de la Facultad de Psicolog\u00eda.\u00a0<\/span><\/a><\/p><p class=\"x_MsoNormal\"><span lang=\"ES\">\u00a0<\/span><\/p><p class=\"x_MsoNormal\"><strong><span lang=\"ES\">RADIO MERIDIONAL\u00a0<\/span><\/strong><\/p><p class=\"x_MsoNormal\"><a href=\"https:\/\/www.litoralpress.cl\/sitio\/RadioTV_Detalles.cshtml?LPKey=5JA5ZNQ4NAXQ5NVAOZJR5JK4E7CZMLAYO3KMIA5X35LAUUHEZTVAF62VBMS7BW3TGDH6BBVKTETVC\"><span lang=\"ES\">Entrevista a Isaac Ravetllat, director del Centro de Estudios sobre derechos de la Infancia y adolescencia.\u00a0<\/span><\/a><\/p><p class=\"x_MsoNormal\"><span lang=\"ES\">\u00a0<\/span><\/p><p class=\"x_MsoNormal\"><strong><span lang=\"ES\">RADIO FUTURO\u00a0<\/span><\/strong><\/p><p class=\"x_MsoNormal\"><a href=\"https:\/\/www.litoralpress.cl\/sitio\/RadioTV_Detalles.cshtml?LPKey=DE3HPEDPD23HO23YMMZ3EFS26BV7T65VLCSF7TRKFPPG2DSN4QHONPCMLIT53S62LIQKEKKJECUBQ\"><span lang=\"ES\">Entrevista a Jos\u00e9 Rojas, ingeniero en desarrollo de videojuegos y realidad virtual.\u00a0<\/span><\/a><\/p><p class=\"x_MsoNormal\"><span lang=\"ES\">\u00a0<\/span><\/p><p class=\"x_MsoNormal\"><strong><span lang=\"ES\">EL LECTOR\u00a0<\/span><\/strong><\/p><p class=\"x_MsoNormal\"><a href=\"https:\/\/www.litoralpress.cl\/paginaconsultas\/Servicios_NClipSitio\/Get_Imagen_Nota.aspx?LPKey=NKK3J2PQHDR4GSUELBBJ5TEFLLEST7M4ULS26GNKQZGQYAPTYFWBCHOMXGBWDFTB4NG2EBG4DL5ZS\"><span lang=\"ES\">Delegado Aqueveque felicita a Ingeniero maulino que desarroll\u00f3 un videojuego para Nintendo.\u00a0<\/span><\/a><\/p><p class=\"x_MsoNormal\"><span lang=\"ES\">\u00a0<\/span><\/p><p class=\"x_MsoNormal\"><strong><span lang=\"ES\">EL MERCURIO\u00a0<\/span><\/strong><\/p><p class=\"x_MsoNormal\"><a href=\"https:\/\/www.litoralpress.cl\/paginaconsultas\/Servicios_NClipSitio\/Get_Imagen_Nota.aspx?LPKey=F3LEGEUMKSKRC6KF7JUUDQHMEYAIWYGODBNESWETD4GCDZAMOC2ZLZPCTZTEMJICXB5PIRWKTJXIC\"><span lang=\"ES\">Parlamentarios y analistas rechazan dichos de Atria, al cuestionar lealtad del Congreso con nueva Constituci\u00f3n. Se refiere Mauricio Morales, director del Centro de An\u00e1lisis Pol\u00edtico (CAP).\u00a0<\/span><\/a><\/p><p>\u00a0<\/p><p class=\"x_MsoNormal\"><strong><span lang=\"ES\">LA TERCERA\u00a0<\/span><\/strong><\/p><p class=\"x_MsoNormal\"><a href=\"https:\/\/www.litoralpress.cl\/paginaconsultas\/Servicios_NClipSitio\/Get_Imagen_Nota.aspx?LPKey=IUJEDF6S2VHLHT62BRAS63AVXWPYMNTSRFD5LNUWGW4RVEL6NFEHDA4JWB2DVV6OPKX5U55GAXSVC\"><span lang=\"ES\">10 debilidades del nuevo sistema pol\u00edtico. Se refiere Mauricio Morales, director del Centro de An\u00e1lisis Pol\u00edtico (CAP).\u00a0<\/span><\/a><\/p><p class=\"x_MsoNormal\"><span lang=\"ES\">\u00a0<\/span><\/p><p class=\"x_MsoNormal\"><strong><span lang=\"ES\">LA TERCERA\u00a0<\/span><\/strong><\/p><p class=\"x_MsoNormal\"><a href=\"https:\/\/www.litoralpress.cl\/sitio\/Prensa_PaginaCompleta.cshtml?LPKey=4DWX5FPXMAKS5DHXNZZQTC5OFSPKOXFKLCBCMBXEH7JZM2TCKJQA\"><span lang=\"ES\">Inflaci\u00f3n en dos d\u00edgitos. Se refiere Mauricio Morales, director del Centro de An\u00e1lisis Pol\u00edtico (CAP).\u00a0<\/span><\/a><\/p><p class=\"x_MsoNormal\"><span lang=\"ES\">\u00a0<\/span><\/p><p class=\"x_MsoNormal\"><strong><span lang=\"ES\">LATERCERA.COM\u00a0<\/span><\/strong><\/p><p class=\"x_MsoNormal\"><a href=\"https:\/\/www.latercera.com\/la-tercera-sabado\/noticia\/columna-de-mauricio-morales-10-debilidades-del-nuevo-sistema-politico\/NCVRRAFBLREJHHGN2RXSIVZBS4\/\"><span lang=\"ES\">10 debilidades del nuevo sistema pol\u00edtico. Se refiere Mauricio Morales, director del Centro de An\u00e1lisis Pol\u00edtico (CAP).\u00a0<\/span><\/a><\/p><p class=\"x_MsoNormal\"><span lang=\"ES\">\u00a0<\/span><\/p><p class=\"x_MsoNormal\"><strong><span lang=\"ES\">LATERCERA.COM\u00a0<\/span><\/strong><\/p><p class=\"x_MsoNormal\"><a href=\"https:\/\/www.latercera.com\/pulso\/noticia\/como-una-inflacion-de-dos-digitos-impacta-a-una-nueva-generacion-de-chilenos-que-no-la-conocia\/JDKIF6KVPRFSNDSUWCHYYUEBRQ\/\"><span lang=\"ES\">C\u00f3mo una inflaci\u00f3n de dos d\u00edgitos impacta a una nueva generaci\u00f3n de chilenos que no la conoc\u00eda. Se refiere Mauricio Morales, director del Centro de An\u00e1lisis Pol\u00edtico (CAP).\u00a0<\/span><\/a><\/p><p class=\"x_MsoNormal\"><span lang=\"ES\">\u00a0<\/span><\/p><p class=\"x_MsoNormal\"><strong><span lang=\"ES\">RADIO INFINITA\u00a0<\/span><\/strong><\/p><p class=\"x_MsoNormal\"><a href=\"https:\/\/www.litoralpress.cl\/sitio\/RadioTV_Detalles.cshtml?LPKey=EVYLK5Z4H5UBBK3THUI3INCASMHUF6MM3MT4XDTEQFGBLUEWAUX3C7LXBP7FYWL5QGGHVRKHCIQAE\"><span lang=\"ES\">Comentario de Mauricio Morales, director del Centro de An\u00e1lisis Pol\u00edtico (CAP).\u00a0<\/span><\/a><\/p><p class=\"x_MsoNormal\"><span lang=\"ES\">\u00a0<\/span><\/p><p class=\"x_MsoNormal\"><strong><span lang=\"ES\">EL MERCURIO DE VALPARAISO\u00a0<\/span><\/strong><\/p><p class=\"x_MsoNormal\"><a href=\"https:\/\/www.litoralpress.cl\/paginaconsultas\/Servicios_NClipSitio\/Get_Imagen_Nota.aspx?LPKey=75FVNGSYYCRTT4DQP6GQMOC7STOKNUAUIDB4DDBDYRE3DMTLBJWZFCL7KJXPHO3UM4EET32VD5ZJU\"><span lang=\"ES\">Crece controversia por f\u00f3rmula para cambiar nueva Constituci\u00f3n. Se refiere Mauricio Morales, director del Centro de An\u00e1lisis Pol\u00edtico (CAP).\u00a0<\/span><\/a><\/p><p class=\"x_MsoNormal\"><span lang=\"ES\">\u00a0<\/span><\/p><p class=\"x_MsoNormal\"><strong><span lang=\"ES\">IMPACTO REGIONAL\u00a0<\/span><\/strong><\/p><p class=\"x_MsoNormal\"><a href=\"https:\/\/www.litoralpress.cl\/sitio\/RadioTV_Detalles.cshtml?LPKey=WA5EIJDADCQJDHJYVVLDHUO52RMKPMCOFT3GVR5PJBMIHI34QEJ3NBBTWCLJUMVQ7TECCZWH23LZG\"><span lang=\"ES\">Entrevista a Mario Herrera, acad\u00e9mico del Centro de An\u00e1lisis Pol\u00edtico (CAP).\u00a0<\/span><\/a><\/p><p class=\"x_MsoNormal\"><span lang=\"ES\">\u00a0<\/span><\/p><p class=\"x_MsoNormal\"><strong><span lang=\"ES\">ELMAULEINFORMA.CL\u00a0<\/span><\/strong><\/p><p class=\"x_MsoNormal\"><a href=\"https:\/\/elmauleinforma.cl\/campustv-estrena-programa-que-rescata-la-arquitectura-patrimonial-de-talca\/\"><span lang=\"ES\">CampusTV estrena programa que rescata la arquitectura patrimonial de Talca. Se refieren Andr\u00e9s Maraga\u00f1o, decano de la Facultad de Arquitectura, M\u00fasica y Dise\u00f1o y Marcela Barros, director de Comunicaciones Corporativas.\u00a0<\/span><\/a><\/p><p class=\"x_MsoNormal\"><span lang=\"ES\">\u00a0<\/span><\/p><p class=\"x_MsoNormal\"><strong><span lang=\"ES\">CHILLANONLINE.CL\u00a0<\/span><\/strong><\/p><p class=\"x_MsoNormal\"><a href=\"https:\/\/www.chillanonline.cl\/V5\/campustv-estrena-programa-que-rescata-la-arquitectura-patrimonial-de-talca\/\"><span lang=\"ES\">CampusTV estrena programa que rescata la arquitectura patrimonial de Talca. Se refieren Andr\u00e9s Maraga\u00f1o, decano de la Facultad de Arquitectura, M\u00fasica y Dise\u00f1o y Marcela Barros, director de Comunicaciones Corporativas.\u00a0<\/span><\/a><\/p><p class=\"x_MsoNormal\"><span lang=\"ES\">\u00a0<\/span><\/p><p class=\"x_MsoNormal\"><strong><span lang=\"ES\">CANAL CONTIVISI\u00d3N\u00a0<\/span><\/strong><\/p><p class=\"x_MsoNormal\"><a href=\"https:\/\/www.litoralpress.cl\/sitio\/RadioTV_Detalles.cshtml?LPKey=XZLIQ2FV4OA42HAPOIICLQY62QQGVL6C2Q6NLVMECLD4PTOPWUV3RNZXLSGXNYY7KWYP4T5JUSKFM\"><span lang=\"ES\">U. de Talca organiz\u00f3 ensayo presencial de la prueba PAES que se rendir\u00e1 este s\u00e1bado.\u00a0<\/span><\/a><\/p><p class=\"x_MsoNormal\"><span lang=\"ES\">\u00a0<\/span><\/p><p class=\"x_MsoNormal\"><strong><span lang=\"ES\">DIARIOSENRED.COM\u00a0<\/span><\/strong><\/p><p class=\"x_MsoNormal\"><a href=\"https:\/\/diariosenred.com\/regional\/universidad-de-talca-realizara-segundo-ensayo-paes-en-siete-ciudades-del\"><span lang=\"ES\">Universidad de Talca realizar\u00e1 segundo ensayo PAES en siete ciudades del pa\u00eds.\u00a0<\/span><\/a><\/p><p class=\"x_MsoNormal\"><span lang=\"ES\">\u00a0<\/span><\/p><p class=\"x_MsoNormal\"><strong><span lang=\"ES\">REDMAULE.COM\u00a0<\/span><\/strong><\/p><p class=\"x_MsoNormal\"><a href=\"https:\/\/www.redmaule.com\/regional\/universidad-de-talca-realizara-segundo-ensayo-paes-en-siete-ciudades-del\"><span lang=\"ES\">Universidad de Talca realizar\u00e1 segundo ensayo PAES en siete ciudades del pa\u00eds.\u00a0<\/span><\/a><\/p><p class=\"x_MsoNormal\"><span lang=\"ES\">\u00a0<\/span><\/p><p class=\"x_MsoNormal\"><strong><span lang=\"ES\">ELMAULEINFORMA.CL\u00a0<\/span><\/strong><\/p><p class=\"x_MsoNormal\"><a href=\"https:\/\/elmauleinforma.cl\/utalca-realizara-este-sabado-27-de-mayo-segundo-ensayo-paes-en-siete-ciudades\/\"><span lang=\"ES\">UTalca realizar\u00e1 este s\u00e1bado 28 de mayo segundo ensayo PAES en siete ciudades.\u00a0<\/span><\/a><\/p><p class=\"x_MsoNormal\"><span lang=\"ES\">\u00a0<\/span><\/p><p class=\"x_MsoNormal\"><strong><span lang=\"ES\">ADPRENSA.CL\u00a0<\/span><\/strong><\/p><p class=\"x_MsoNormal\"><a href=\"https:\/\/www.adprensa.cl\/cronica\/utalca-ubb-y-ufro-se-unen-para-capacitar-a-emprendedores-a-traves-de-corfo\/\"><span lang=\"ES\">UTalca, UBB y UFRO se unen para capacitar a emprendedores a trav\u00e9s de CORFO. Se refiere Rodrigo Vergara, director ejecutivo MacroFacultad en la UTalca.\u00a0<\/span><\/a><\/p><p class=\"x_MsoNormal\"><span lang=\"ES\">\u00a0<\/span><\/p><p class=\"x_MsoNormal\"><strong><span lang=\"ES\">CANAL TVN RED MAULE\u00a0<\/span><\/strong><\/p><p class=\"x_MsoNormal\"><a href=\"https:\/\/www.litoralpress.cl\/sitio\/RadioTV_Detalles.cshtml?LPKey=YMBS7O2VNQRH3RA5DNOJSGN3AMPPN3FMPGBMBCICI6Z7CIZC76CFMRHWN32FJPVTVPSSA4C4P7DHS\"><span lang=\"ES\">Panoramas: Actividades por el D\u00eda del Patrimonio. \u00a0<\/span><\/a><\/p><p class=\"x_MsoNormal\"><span lang=\"ES\">\u00a0<\/span><\/p><p class=\"x_MsoNormal\"><strong><span lang=\"ES\">LA PRENSA\u00a0<\/span><\/strong><\/p><p class=\"x_MsoNormal\"><a href=\"https:\/\/www.litoralpress.cl\/paginaconsultas\/Servicios_NClipSitio\/Get_Imagen_Nota.aspx?LPKey=2GPT62Y5EUTN6K3I7ZUSMONHZNQQDZELD36A7IP2YBR4KLVGOBZBIHISUKCJMOYC4DH7UQL53QJO2\"><span lang=\"ES\">UTalca y Corte de Apelaciones invitan a la comunidad a conmemorar el D\u00eda de los Patrimonios.\u00a0<\/span><\/a><\/p><p class=\"x_MsoNormal\"><span lang=\"ES\">\u00a0<\/span><\/p><p class=\"x_MsoNormal\"><strong><span lang=\"ES\">ELCENTRO.CL\u00a0<\/span><\/strong><\/p><p class=\"x_MsoNormal\"><a href=\"https:\/\/elcentro.cl\/2022\/05\/27\/utalca-celebra-el-dia-de-los-patrimonios-con-innovador-recorrido-que-invita-a-vivir-el-arte-a-traves-de-los-sentidos\/\"><span lang=\"ES\">UTalca celebra el D\u00eda de los Patrimonios con innovador recorrido que invita a vivir el arte a trav\u00e9s de los sentidos. \u00a0<\/span><\/a><\/p><p class=\"x_MsoNormal\">\u00a0<\/p>\t\t\t\t\t\t<\/div>\n\t\t\t\t<\/div>\n\t\t\t\t\t<\/div>\n\t\t<\/div>\n\t\t\t\t\t\t\t<\/div>\n\t\t<\/section>\n\t\t\t\t\t\t<\/div>\n\t\t\t\t\t<\/div>\n\t\t","protected":false},"excerpt":{"rendered":"<p>CANAL CONTIVISI\u00d3N\u00a0 Ciencia e innovaci\u00f3n se busca potenciar en reuni\u00f3n entre universidades y el delegado regional.\u00a0 \u00a0 LA PRENSA\u00a0 Rector de la UTalca destaca aporte regional de diario La Prensa.\u00a0 \u00a0 LA TERCERA\u00a0 El aporte de las universidades. Impact Ranking 2022.\u00a0 \u00a0 LA TERCERA\u00a0 En busca de un mundo inclusivo y equitativo. Impact Ranking 2022.\u00a0 &hellip;<\/p>\n<p class=\"read-more\"> <a class=\"\" href=\"https:\/\/www.reportedeprensa.utalca.cl\/?p=4074\"> <span class=\"screen-reader-text\">30 de mayo de 2022<\/span> Read More &raquo;<\/a><\/p>\n","protected":false},"author":1,"featured_media":0,"comment_status":"closed","ping_status":"open","sticky":false,"template":"","format":"standard","meta":{"_monsterinsights_skip_tracking":false,"_monsterinsights_sitenote_active":false,"_monsterinsights_sitenote_note":"","_monsterinsights_sitenote_category":0},"categories":[21],"tags":[],"_links":{"self":[{"href":"https:\/\/www.reportedeprensa.utalca.cl\/index.php?rest_route=\/wp\/v2\/posts\/4074"}],"collection":[{"href":"https:\/\/www.reportedeprensa.utalca.cl\/index.php?rest_route=\/wp\/v2\/posts"}],"about":[{"href":"https:\/\/www.reportedeprensa.utalca.cl\/index.php?rest_route=\/wp\/v2\/types\/post"}],"author":[{"embeddable":true,"href":"https:\/\/www.reportedeprensa.utalca.cl\/index.php?rest_route=\/wp\/v2\/users\/1"}],"replies":[{"embeddable":true,"href":"https:\/\/www.reportedeprensa.utalca.cl\/index.php?rest_route=%2Fwp%2Fv2%2Fcomments&post=4074"}],"version-history":[{"count":4,"href":"https:\/\/www.reportedeprensa.utalca.cl\/index.php?rest_route=\/wp\/v2\/posts\/4074\/revisions"}],"predecessor-version":[{"id":4078,"href":"https:\/\/www.reportedeprensa.utalca.cl\/index.php?rest_route=\/wp\/v2\/posts\/4074\/revisions\/4078"}],"wp:attachment":[{"href":"https:\/\/www.reportedeprensa.utalca.cl\/index.php?rest_route=%2Fwp%2Fv2%2Fmedia&parent=4074"}],"wp:term":[{"taxonomy":"category","embeddable":true,"href":"https:\/\/www.reportedeprensa.utalca.cl\/index.php?rest_route=%2Fwp%2Fv2%2Fcategories&post=4074"},{"taxonomy":"post_tag","embeddable":true,"href":"https:\/\/www.reportedeprensa.utalca.cl\/index.php?rest_route=%2Fwp%2Fv2%2Ftags&post=4074"}],"curies":[{"name":"wp","href":"https:\/\/api.w.org\/{rel}","templated":true}]}}