{"id":4086,"date":"2022-05-31T09:52:00","date_gmt":"2022-05-31T12:52:00","guid":{"rendered":"https:\/\/www.reportedeprensa.utalca.cl\/?p=4086"},"modified":"2022-05-31T09:59:37","modified_gmt":"2022-05-31T12:59:37","slug":"31-de-mayo-de-2022","status":"publish","type":"post","link":"https:\/\/www.reportedeprensa.utalca.cl\/?p=4086","title":{"rendered":"31 de mayo de 2022"},"content":{"rendered":"\t\t<div data-elementor-type=\"wp-post\" data-elementor-id=\"4086\" class=\"elementor elementor-4086\" data-elementor-settings=\"[]\">\n\t\t\t\t\t\t\t<div class=\"elementor-section-wrap\">\n\t\t\t\t\t\t\t<section class=\"elementor-section elementor-top-section elementor-element elementor-element-551691d7 elementor-section-boxed elementor-section-height-default elementor-section-height-default\" data-id=\"551691d7\" data-element_type=\"section\">\n\t\t\t\t\t\t<div class=\"elementor-container elementor-column-gap-default\">\n\t\t\t\t\t<div class=\"elementor-column elementor-col-100 elementor-top-column elementor-element elementor-element-249cced\" data-id=\"249cced\" data-element_type=\"column\">\n\t\t\t<div class=\"elementor-widget-wrap elementor-element-populated\">\n\t\t\t\t\t\t\t\t<div class=\"elementor-element elementor-element-60e9cf41 elementor-widget elementor-widget-text-editor\" data-id=\"60e9cf41\" data-element_type=\"widget\" data-widget_type=\"text-editor.default\">\n\t\t\t\t<div class=\"elementor-widget-container\">\n\t\t\t\t\t\t\t\t<p class=\"x_MsoNormal\"><strong>CANAL CONTIVISI\u00d3N\u00a0<\/strong><\/p><p class=\"x_MsoNormal\"><a href=\"https:\/\/www.litoralpress.cl\/sitio\/RadioTV_Detalles.cshtml?LPKey=EIMWYJ7LL4MEG6QB57STZGM55BLAPCJQTJ5HOCJS33DWKLV3M2TTZDO6GA5Q6BIHT5DMWR7V2KXJU\">U. de Talca firm\u00f3 convenios con la ACHM y once municipios del Maule para apoyar el desarrollo comunal.\u00a0<\/a><\/p><p class=\"x_MsoNormal\">\u00a0<\/p><p class=\"x_MsoNormal\"><strong>CANAL TVN RED MAULE\u00a0<\/strong><\/p><p class=\"x_MsoNormal\"><a href=\"https:\/\/www.litoralpress.cl\/sitio\/RadioTV_Detalles.cshtml?LPKey=FCARBN6M744D3Z6FFOPPAFXTVSB4PB2X4IUOJHA3SOMW2I5NXE6KBCHOQAGNYQNOAF3SKRE5HRNJQ\">Estudian la creaci\u00f3n de un nuevo tipo de huevo en la U. de Talca. Se refieren H\u00e9ctor Quinteros, director del Departamento de Tecnolog\u00edas Industriales y Di\u00f3genes Hern\u00e1ndez, acad\u00e9mico del Instituto de Qu\u00edmica de los Recursos Naturales.\u00a0<\/a><\/p><p class=\"x_MsoNormal\">\u00a0<\/p><p class=\"x_MsoNormal\"><strong>EMOL.COM\u00a0<\/strong><\/p><p class=\"x_MsoNormal\"><a href=\"https:\/\/www.emol.com\/noticias\/Nacional\/2022\/05\/29\/1062367\/retorno-mascarillas-quinta-ola-debate.html\">\u00bfMascarilla en lugares abiertos?: Expertos debaten opci\u00f3n ante &#8220;quinta ola&#8221; pero recalcan importancia de &#8220;educar&#8221; en su uso. Se refiere \u00c9rika Retamal, directora del Departamento de Salud P\u00fablica. \u00a0<\/a><\/p><p class=\"x_MsoNormal\">\u00a0<\/p><p class=\"x_MsoNormal\"><strong>TVMAULE.CL\u00a0<\/strong><\/p><p class=\"x_MsoNormal\"><a href=\"https:\/\/www.tvmaule.cl\/academicas-maulinas-investigan-el-veneno-de-escorpion-azul-para-tratar-el-cancer\/\">Acad\u00e9micas maulinas investigan el veneno de escorpi\u00f3n azul para tratar el c\u00e1ncer. Se refiere Wendy Gonz\u00e1lez, director del Centro de Bioinform\u00e1tica, Simulaci\u00f3n y Modelado (CBSM).\u00a0<\/a><\/p><p class=\"x_MsoNormal\">\u00a0<\/p><p class=\"x_MsoNormal\"><strong>ELMAULEINFORMA.CL\u00a0<\/strong><\/p><p class=\"x_MsoNormal\"><a href=\"https:\/\/elmauleinforma.cl\/cientificas-de-la-utalca-investigan-el-veneno-de-escorpion-azul-para-tratar-el-cancer\/\">Cient\u00edficas de la UTalca investigan el veneno de escorpi\u00f3n azul para tratar el c\u00e1ncer. Se refiere Wendy Gonz\u00e1lez, director del Centro de Bioinform\u00e1tica, Simulaci\u00f3n y Modelado (CBSM).\u00a0<\/a><\/p><p class=\"x_MsoNormal\"><span class=\"x_MsoHyperlink\">\u00a0<\/span><\/p><p class=\"x_MsoNormal\"><strong><span class=\"x_MsoHyperlink\">CAUQUENESNET.CL\u00a0<\/span><\/strong><\/p><p class=\"x_MsoNormal\"><a href=\"https:\/\/cauquenesnet.cl\/2022\/05\/30\/cientificas-de-la-utalca-investigan-el-veneno-de-escorpion-azul-para-tratar-el-cancer\/\"><span class=\"x_MsoHyperlink\">Cient\u00edficas de la UTalca investigan el veneno de escorpi\u00f3n azul para tratar el c\u00e1ncer. Se refiere Wendy Gonz\u00e1lez, director del Centro de Bioinform\u00e1tica, Simulaci\u00f3n y Modelado (CBSM).\u00a0<\/span><\/a><\/p><p class=\"x_MsoNormal\" aria-hidden=\"true\">\u00a0<\/p><p class=\"x_MsoNormal\"><strong>G5NOTICIAS.CL\u00a0<\/strong><\/p><p class=\"x_MsoNormal\"><a href=\"https:\/\/g5noticias.cl\/2022\/05\/29\/estudio-analizo-como-las-ciudades-pueden-cambiar-la-evolucion-de-una-especie-de-planta\/\">Estudio analiz\u00f3 c\u00f3mo las ciudades pueden cambiar la evoluci\u00f3n de una especie de planta. Se refiere Pedro Gundel, acad\u00e9mico del Instituto de Ciencias Biol\u00f3gicas. \u00a0<\/a><\/p><p class=\"x_MsoNormal\" aria-hidden=\"true\">\u00a0<\/p><p class=\"x_MsoNormal\"><strong>EL L\u00cdDER\u00a0<\/strong><\/p><p class=\"x_MsoNormal\"><a href=\"https:\/\/www.litoralpress.cl\/paginaconsultas\/Servicios_NClipSitio\/Get_Imagen_Nota.aspx?LPKey=JL4TFVCPW4ORT6S7OJ64C7NQFIFVHXEUK6HX3TWTPCXW5QQP6QGEISINXZJX5ZOR632SA7WWKUDQE\">No solo en Lo Z\u00e1rate: 239 antenas para celulares podr\u00edan colocarse en el litoral. Se refiere Marco Molina, acad\u00e9mico del Instituto de Ciencias Biol\u00f3gicas. \u00a0<\/a><\/p><p class=\"x_MsoNormal\">\u00a0<\/p><p class=\"x_MsoNormal\"><strong>ELDESCONCIERTO.CL\u00a0<\/strong><\/p><p class=\"x_MsoNormal\"><a href=\"https:\/\/www.eldesconcierto.cl\/reportajes\/2022\/05\/29\/la-heredabilidad-de-los-fondos-de-afp-mitos-y-verdades-del-actual-sistema.html\">La heredabilidad de los fondos de AFP: Mitos y verdades del actual sistema. Se refiere Rodrigo Henr\u00edquez, acad\u00e9mico de la Facultad de Ciencias Jur\u00eddicas y Sociales. \u00a0<\/a><\/p><p class=\"x_MsoNormal\">\u00a0<\/p><p class=\"x_MsoNormal\"><strong>ADPRENSA.CL\u00a0<\/strong><\/p><p class=\"x_MsoNormal\"><a href=\"https:\/\/www.adprensa.cl\/nacionales\/masa-de-aire-polar-es-la-responsable-del-frio-en-la-zona-central-del-pais\/\">Masa de aire polar es la responsable del fr\u00edo en la zona central del pa\u00eds. Se refiere Patricio Gonz\u00e1lez, acad\u00e9mico del Centro de Investigaci\u00f3n y Transferencia en Riego y Agroclimatolog\u00eda (CITRA).\u00a0<\/a><\/p><p class=\"x_MsoNormal\">\u00a0<\/p><p class=\"x_MsoNormal\"><strong>DIARIOTALCA.CL\u00a0<\/strong><\/p><p class=\"x_MsoNormal\"><a href=\"https:\/\/diariotalca.cl\/fueron-13-horas-bajo-cero-las-que-se-vivieron-en-la-region\/\">Fueron 13 horas bajo cero las que se vivieron en la regi\u00f3n. Se refiere Patricio Gonz\u00e1lez, acad\u00e9mico del Centro de Investigaci\u00f3n y Transferencia en Riego y Agroclimatolog\u00eda (CITRA).\u00a0<\/a><\/p><p class=\"x_MsoNormal\">\u00a0<\/p><p class=\"x_MsoNormal\"><strong>VERITASCAPITUR.CL\u00a0<\/strong><\/p><p class=\"x_MsoNormal\"><a href=\"https:\/\/veritascapitur.cl\/masa-de-aire-polar-es-la-responsable-del-frio-en-la-zona-central-del-pais\/\">Masa de aire polar es la responsable del fr\u00edo en la zona central del pa\u00eds. Se refiere Patricio Gonz\u00e1lez, acad\u00e9mico del Centro de Investigaci\u00f3n y Transferencia en Riego y Agroclimatolog\u00eda (CITRA).\u00a0<\/a><\/p><p class=\"x_MsoNormal\">\u00a0<\/p><p class=\"x_MsoNormal\"><strong>ELMAULEINFORMA.CL\u00a0<\/strong><\/p><p class=\"x_MsoNormal\"><a href=\"https:\/\/elmauleinforma.cl\/hasta-el-jueves-se-extendera-el-frio-en-la-zona-central-masa-de-aire-polar-es-la-responsable\/\">Hasta el jueves se extender\u00e1 el fr\u00edo en la zona central: Masa de aire polar es la responsable. Se refiere Patricio Gonz\u00e1lez, acad\u00e9mico del Centro de Investigaci\u00f3n y Transferencia en Riego y Agroclimatolog\u00eda (CITRA).\u00a0<\/a><\/p><p class=\"x_MsoNormal\" aria-hidden=\"true\">\u00a0<\/p><p class=\"x_MsoNormal\"><strong>G5NOTICIAS.CL\u00a0<\/strong><\/p><p class=\"x_MsoNormal\"><a href=\"https:\/\/g5noticias.cl\/2022\/05\/30\/masa-de-aire-polar-es-la-responsable-del-frio-en-la-zona-central-del-pais\/\">Masa de aire polar es la responsable del fr\u00edo en la zona central del pa\u00eds. Se refiere Patricio Gonz\u00e1lez, acad\u00e9mico del Centro de Investigaci\u00f3n y Transferencia en Riego y Agroclimatolog\u00eda (CITRA).\u00a0<\/a><\/p><p class=\"x_MsoNormal\" aria-hidden=\"true\">\u00a0<\/p><p class=\"x_MsoNormal\"><strong>ELTIPOGRAFO.CL\u00a0<\/strong><\/p><p class=\"x_MsoNormal\"><a href=\"https:\/\/eltipografo.cl\/2022\/05\/en-que-consiste-la-viruela-del-mono\">\u00bfEn qu\u00e9 consiste la viruela del mono? Se refiere Mar\u00eda Ester Mu\u00f1oz, acad\u00e9mica de la Escuela de Enfermer\u00eda.\u00a0<\/a><\/p><p class=\"x_MsoNormal\" aria-hidden=\"true\">\u00a0<\/p><p class=\"x_MsoNormal\"><strong>G5NOTICIAS.CL\u00a0<\/strong><\/p><p class=\"x_MsoNormal\"><a href=\"https:\/\/g5noticias.cl\/2022\/05\/29\/academica-explica-como-cuidar-a-pacientes-con-viruela-del-mono\/\">Acad\u00e9mica explica c\u00f3mo cuidar a pacientes con viruela del mono. Se refiere Mar\u00eda Ester Mu\u00f1oz, acad\u00e9mica de la Escuela de Enfermer\u00eda.\u00a0<\/a><\/p><p class=\"x_MsoNormal\" aria-hidden=\"true\">\u00a0<\/p><p class=\"x_MsoNormal\"><strong>DIARIOTALCA.CL\u00a0<\/strong><\/p><p class=\"x_MsoNormal\"><a href=\"https:\/\/diariotalca.cl\/con-una-conferencia-sobre-hitos-historicos-culmino-aniversario-280-de-talca\/\">Con una conferencia sobre hitos hist\u00f3ricos culmin\u00f3 aniversario 280 de Talca. Se refiere Andr\u00e9s Maraga\u00f1o, decano de la Facultad de Arquitectura, Dise\u00f1o y M\u00fasica.\u00a0<\/a><\/p><p class=\"x_MsoNormal\" aria-hidden=\"true\">\u00a0<\/p><p class=\"x_MsoNormal\"><strong>DIARIOTALCA.CL\u00a0<\/strong><\/p><p class=\"x_MsoNormal\"><a href=\"https:\/\/diariotalca.cl\/experto-destaca-las-oportunidades-y-desafios-de-la-acuicultura\/\">Experto destaca las oportunidades y desaf\u00edos de la acuicultura. Se refiere Carlos Ch\u00e1vez, acad\u00e9mico de la Facultad de Econom\u00eda y Negocios (FEN).\u00a0<\/a><\/p><p class=\"x_MsoNormal\">\u00a0<\/p><p class=\"x_MsoNormal\"><strong>DIARIOTALCA.CL\u00a0<\/strong><\/p><p class=\"x_MsoNormal\"><a href=\"https:\/\/diariotalca.cl\/se-controlara-la-inflacion-este-ano-aqui-pronostico-de-un-economista\/\">\u00bfSe controlar\u00e1 la inflaci\u00f3n este a\u00f1o? Aqu\u00ed pron\u00f3stico de un economista. Se refiere Rodrigo Saens, acad\u00e9mico de la Facultad de Econom\u00eda y Negocios (FEN).\u00a0<\/a><\/p><p class=\"x_MsoNormal\"><span class=\"x_MsoHyperlink\">\u00a0<\/span><\/p><p class=\"x_MsoNormal\"><strong><span class=\"x_MsoHyperlink\">DIARIOELHERALDO.CL\u00a0<\/span><\/strong><\/p><p class=\"x_MsoNormal\"><a href=\"http:\/\/www.diarioelheraldo.cl\/noticia\/economista-proyecta-que-inflacion-ira-de-mas-a-menos-durante-el-segundo-semestre-de-2022\"><span class=\"x_MsoHyperlink\">Economista proyecta que inflaci\u00f3n ir\u00e1 \u201cde m\u00e1s a menos\u201d durante el segundo semestre de 2022. Se refiere Rodrigo Saens, acad\u00e9mico de la Facultad de Econom\u00eda y Negocios (FEN).\u00a0<\/span><\/a><\/p><p class=\"x_MsoNormal\"><span class=\"x_MsoHyperlink\">\u00a0<\/span><\/p><p class=\"x_MsoNormal\"><strong><span class=\"x_MsoHyperlink\">ELCENTRO.CL\u00a0<\/span><\/strong><\/p><p class=\"x_MsoNormal\"><a href=\"https:\/\/elcentro.cl\/2022\/05\/30\/economista-proyecta-que-inflacion-ira-de-mas-a-menos-durante-el-segundo-semestre-de-2022\/\"><span class=\"x_MsoHyperlink\">Economista proyecta que inflaci\u00f3n ir\u00e1 \u201cde m\u00e1s a menos\u201d durante el segundo semestre de 2022. Se refiere Rodrigo Saens, acad\u00e9mico de la Facultad de Econom\u00eda y Negocios (FEN).\u00a0<\/span><\/a><\/p><p class=\"x_MsoNormal\" aria-hidden=\"true\">\u00a0<\/p><p class=\"x_MsoNormal\"><strong>CHILLANONLINE.CL\u00a0<\/strong><\/p><p class=\"x_MsoNormal\"><a href=\"https:\/\/www.chillanonline.cl\/V5\/economista-proyecta-que-inflacion-ira-de-mas-a-menos-durante-el-segundo-semestre-de-2022\/\">Economista proyecta que inflaci\u00f3n ir\u00e1 \u201cde m\u00e1s a menos\u201d durante el segundo semestre de 2022. Se refiere Rodrigo Saens, acad\u00e9mico de la Facultad de Econom\u00eda y Negocios (FEN).\u00a0<\/a><\/p><p class=\"x_MsoNormal\" aria-hidden=\"true\">\u00a0<\/p><p class=\"x_MsoNormal\"><strong>G5NOTICIAS.CL\u00a0<\/strong><\/p><p class=\"x_MsoNormal\"><a href=\"https:\/\/g5noticias.cl\/2022\/05\/30\/economista-proyecta-que-inflacion-ira-de-mas-a-menos-durante-el-segundo-semestre-de-2022\/\">Economista proyecta que inflaci\u00f3n ir\u00e1 \u201cde m\u00e1s a menos\u201d durante el segundo semestre de 2022. Se refiere Rodrigo Saens, acad\u00e9mico de la Facultad de Econom\u00eda y Negocios (FEN).\u00a0<\/a><\/p><p class=\"x_MsoNormal\" aria-hidden=\"true\">\u00a0<\/p><p class=\"x_MsoNormal\"><strong>RADIOMAGALLANES.CL\u00a0<\/strong><\/p><p class=\"x_MsoNormal\"><a href=\"https:\/\/radiomagallanes.cl\/noticia.php?id_not=101365\">Economista proyecta que inflaci\u00f3n ir\u00e1 \u201cde m\u00e1s a menos\u201d durante el segundo semestre de 2022. Se refiere Rodrigo Saens, acad\u00e9mico de la Facultad de Econom\u00eda y Negocios (FEN).\u00a0<\/a><\/p><p class=\"x_MsoNormal\" aria-hidden=\"true\">\u00a0<\/p><p class=\"x_MsoNormal\"><strong>RADIOPOLAR.COM\u00a0<\/strong><\/p><p class=\"x_MsoNormal\"><a href=\"https:\/\/radiopolar.com\/noticia_176420.html\">Economista proyecto que inflaci\u00f3n ir\u00e1 \u201cde m\u00e1s a menos\u201d durante el segundo semestre de 2022. Se refiere Rodrigo Saens, acad\u00e9mico de la Facultad de Econom\u00eda y Negocios (FEN).\u00a0<\/a><\/p><p class=\"x_MsoNormal\" aria-hidden=\"true\">\u00a0<\/p><p class=\"x_MsoNormal\"><strong>ELCACHAPOAL.CL\u00a0<\/strong><\/p><p class=\"x_MsoNormal\"><a href=\"https:\/\/elcachapoal.cl\/ec\/2022\/05\/30\/economista-proyecta-que-inflacion-ira-de-mas-a-menos-durante-el-segundo-semestre-de-2022\/\">Economista proyecta que inflaci\u00f3n ir\u00e1 \u201cde m\u00e1s a menos\u201d durante el segundo semestre de 2022. Se refiere Rodrigo Saens, acad\u00e9mico de la Facultad de Econom\u00eda y Negocios (FEN).\u00a0<\/a><\/p><p class=\"x_MsoNormal\" aria-hidden=\"true\">\u00a0<\/p><p class=\"x_MsoNormal\"><strong>DIARIO FINANCIERO\u00a0<\/strong><\/p><p class=\"x_MsoNormal\"><a href=\"https:\/\/www.litoralpress.cl\/sitio\/Prensa_PaginaCompleta.cshtml?LPKey=6MU72IAOENITEO6CYDKQ6NOZX7P7SI5MT7RMVE4UO3HGURNOXF2Q\">Agenda de la semana: Ceremonia de Lanzamiento de la Fundaci\u00f3n de Estudios Sist\u00e9micos Tributarios (FESIT). \u00a0<\/a><\/p><p class=\"x_MsoNormal\">\u00a0<\/p><p class=\"x_MsoNormal\"><strong>CHILLANONLINE.CL\u00a0<\/strong><\/p><p class=\"x_MsoNormal\"><a href=\"https:\/\/www.chillanonline.cl\/V5\/valoran-propuesta-de-voto-voluntario-para-jovenes-de-16-y-17-anos\/\">Valoran propuesta de voto voluntario para j\u00f3venes de 16 y 17 a\u00f1os. Se refiere Isaac Ravetllat, acad\u00e9mico de la Facultad de Ciencias Jur\u00eddicas y Sociales. \u00a0<\/a><\/p><p class=\"x_MsoNormal\"><span class=\"x_MsoHyperlink\">\u00a0<\/span><\/p><p class=\"x_MsoNormal\"><strong><span class=\"x_MsoHyperlink\">CANAL UCHILE TV\u00a0<\/span><\/strong><\/p><p class=\"x_MsoNormal\"><a href=\"https:\/\/www.litoralpress.cl\/sitio\/RadioTV_Detalles.cshtml?LPKey=CF6UA6ZTRODTEHJY24NC3F4LSGKOCAKUAR6EZ3453G4JCORDMUHVFJBCRPSL322BO4TRAVYPPO7LC\">Entrevista a Alejandra Llanos, acad\u00e9mica del Centro de Estudios Constitucionales de Chile (CECOCH).\u00a0<\/a><\/p><p class=\"x_MsoNormal\">\u00a0<\/p><p class=\"x_MsoNormal\"><strong>LAS \u00daLTIMAS NOTICIAS\u00a0<\/strong><\/p><p class=\"x_MsoNormal\"><a href=\"https:\/\/www.litoralpress.cl\/paginaconsultas\/Servicios_NClipSitio\/Get_Imagen_Nota.aspx?LPKey=VQUDHZUFPQ2XJMVCKCIVRB37MWLWMABDZENGYT42RGXP3OESIVCMPX2ZS3JKL6CYHGBUV6WF5FNVW\">Cadem: los 9 atributos personales del Presidente Boric que van a la baja. Se refiere Mauricio Morales, director del Centro de An\u00e1lisis Pol\u00edtico (CAP).\u00a0<\/a><\/p><p class=\"x_MsoNormal\">\u00a0<\/p><p class=\"x_MsoNormal\"><strong>CANAL CNN CHILE\u00a0<\/strong><\/p><p class=\"x_MsoNormal\"><a href=\"https:\/\/www.litoralpress.cl\/sitio\/RadioTV_Detalles.cshtml?LPKey=6R6WCEUVNDEJFMDDFQZHXYXSLMV34XT32QJY4UIEEHPIPSQKET44R7UZ47HHZJRLCR22TWHTZNZS6\">Hoy es d\u00eda clave para definir si se extiende y ampl\u00eda el estado de excepci\u00f3n en la macrozona sur. Se refiere Mauricio Morales, director del Centro de An\u00e1lisis Pol\u00edtico (CAP).\u00a0<\/a><\/p><p class=\"x_MsoNormal\">\u00a0<\/p><p class=\"x_MsoNormal\"><strong>CANAL CNN CHILE\u00a0<\/strong><\/p><p class=\"x_MsoNormal\"><a href=\"https:\/\/www.litoralpress.cl\/sitio\/RadioTV_Detalles.cshtml?LPKey=WSCZWRE4K3RA3AIYNVAQYJ6MH7LBANTHWSVFUYMO3MD3QZ32YRVQBNLXGRS3UCCVC7LQSBY3OJQVY\">Macrozona: Las dudas de La Moneda. Se refiere Mauricio Morales, director del Centro de An\u00e1lisis Pol\u00edtico (CAP).\u00a0<\/a><\/p><p class=\"x_MsoNormal\">\u00a0<\/p><p class=\"x_MsoNormal\"><strong>CANAL MEGA\u00a0<\/strong><\/p><p class=\"x_MsoNormal\"><a href=\"https:\/\/www.litoralpress.cl\/sitio\/RadioTV_Detalles.cshtml?LPKey=JAQOTWJX4PRTNHXM33NGLCE575I5DKQK7MT6YG7SGOWBZI7GQ3DWWUKNBI77QRJH5MOXTZJ2OOLIK\">Hist\u00f3ricas elecciones presidenciales en Colombia. Se refiere Mario Herrera, acad\u00e9mico del Centro de An\u00e1lisis Pol\u00edtico (CAP).\u00a0<\/a><\/p><p class=\"x_MsoNormal\"><span class=\"x_MsoHyperlink\">\u00a0<\/span><\/p><p class=\"x_MsoNormal\"><strong><span class=\"x_MsoHyperlink\">CANAL MEGA PLUS\u00a0<\/span><\/strong><\/p><p class=\"x_MsoNormal\"><a href=\"https:\/\/www.litoralpress.cl\/sitio\/RadioTV_Detalles.cshtml?LPKey=KN7LMM3IEM2WHFNRDEGHHD4WXEBF5LSQLDVZVXAZMURJ2UWJTJO54XYANNN37E23KZ7NPWCHAW4NM\"><span class=\"x_MsoHyperlink\">Entrevista a Mauricio Morales, director del Centro de An\u00e1lisis Pol\u00edtico (CAP).\u00a0<\/span><\/a><\/p><p class=\"x_MsoNormal\" aria-hidden=\"true\">\u00a0<\/p><p class=\"x_MsoNormal\"><strong>RADIO INFINITA\u00a0<\/strong><\/p><p class=\"x_MsoNormal\"><a href=\"https:\/\/www.litoralpress.cl\/sitio\/RadioTV_Detalles.cshtml?LPKey=OY7GTLXMEYEGTNJXGXFLEQPUQPMAD3C6AF4TBZYVRFSF4A3ACWOEVD6IAP64ESCXISQZZICIEZSE2\">Comentario de Mauricio Morales, director Centro de An\u00e1lisis Pol\u00edtico (CAP).\u00a0<\/a><\/p><p class=\"x_MsoNormal\" aria-hidden=\"true\">\u00a0<\/p><p class=\"x_MsoNormal\"><strong>RADIO UNIVERSIDAD DE CHILE\u00a0<\/strong><\/p><p class=\"x_MsoNormal\"><a href=\"https:\/\/www.litoralpress.cl\/sitio\/RadioTV_Detalles.cshtml?LPKey=A4X5JGBPZEZRDIJXXTM6XQN7N2ADCHKZURC3LMJMVCY4AFNDB5OUGZ7P6SFIB4F6AWIR4QVWUR3JI\">Expertos descartaron posible intervencionismo electoral en campa\u00f1a del gobierno sobre proceso constituyente. Se refiere Mauricio Morales, director del Centro de An\u00e1lisis Pol\u00edtico (CAP).\u00a0<\/a><\/p><p class=\"x_MsoNormal\"><span class=\"x_MsoHyperlink\">\u00a0<\/span><\/p><p class=\"x_MsoNormal\"><strong><span class=\"x_MsoHyperlink\">ATENTOSCHILE.CL\u00a0<\/span><\/strong><\/p><p class=\"x_MsoNormal\"><a href=\"https:\/\/www.litoralpress.cl\/sitio\/RadioTV_Detalles.cshtml?LPKey=MCZ2I2QCOTLO5PXZ3QB3AMODABM6KPTPS25FOESJDUAH7BQVO335I46NUKRP26X5R6XSICWAGITLY\">Entrevista a Fabi\u00e1n Belmar, acad\u00e9mico del Centro de An\u00e1lisis Pol\u00edtico (CAP).\u00a0<\/a><\/p><p class=\"x_MsoNormal\">\u00a0<\/p><p class=\"x_MsoNormal\"><strong>EL LECTOR\u00a0<\/strong><\/p><p class=\"x_MsoNormal\"><a href=\"https:\/\/www.litoralpress.cl\/paginaconsultas\/Servicios_NClipSitio\/Get_Imagen_Nota.aspx?LPKey=SH7Z2PWN4MWTH5W6NBJIWLWP4ZZF5SM3BTEMO2SEVJ7U5Q75MONRW5PEONFP26JLM6SGUO7W5BIVU\">CampusTV estrena programa que rescata la arquitectura patrimonial de Talca. Se refieren Andr\u00e9s Maraga\u00f1o, decano de la Facultad de Arquitectura, M\u00fasica y Dise\u00f1o, y Marcela Barros, director de Comunicaciones Corporativas. \u00a0<\/a><\/p><p class=\"x_MsoNormal\" aria-hidden=\"true\">\u00a0<\/p><p class=\"x_MsoNormal\"><strong>CANAL TVN RED MAULE\u00a0<\/strong><\/p><p class=\"x_MsoNormal\"><a href=\"https:\/\/www.litoralpress.cl\/sitio\/RadioTV_Detalles.cshtml?LPKey=QUYQZXCALTZRQWVVSB7UDLUY5FR22NPYZKP5N4XKKVGBWHZOH2XQJKH2LCIXS2Z6DQNEIXIPIKUHM\">Presentan las actividades por el d\u00eda de los Patrimonios en el Maule. Se refiere Eduardo Bravo, director del Centro de Documentaci\u00f3n Patrimonial. <\/a><\/p><p>\u00a0<\/p><p class=\"x_MsoNormal\"><strong>CANAL TVN RED MAULE\u00a0<\/strong><\/p><p class=\"x_MsoNormal\"><a href=\"https:\/\/www.litoralpress.cl\/sitio\/RadioTV_Detalles.cshtml?LPKey=YATFHJYJWDZ3MRGLZUUT7HUPFKJAC6THVJ66VBNTIRHQAGZJMS6EALIH5LC3ZD6M2TMZM5YAREFGM\">Panoramas regionales Maule. Se menci\u00f3n a la Direcci\u00f3n de Extensi\u00f3n. \u00a0<\/a><\/p><p class=\"x_MsoNormal\">\u00a0<\/p>\t\t\t\t\t\t<\/div>\n\t\t\t\t<\/div>\n\t\t\t\t\t<\/div>\n\t\t<\/div>\n\t\t\t\t\t\t\t<\/div>\n\t\t<\/section>\n\t\t\t\t\t\t<\/div>\n\t\t\t\t\t<\/div>\n\t\t","protected":false},"excerpt":{"rendered":"<p>CANAL CONTIVISI\u00d3N\u00a0 U. de Talca firm\u00f3 convenios con la ACHM y once municipios del Maule para apoyar el desarrollo comunal.\u00a0 \u00a0 CANAL TVN RED MAULE\u00a0 Estudian la creaci\u00f3n de un nuevo tipo de huevo en la U. de Talca. Se refieren H\u00e9ctor Quinteros, director del Departamento de Tecnolog\u00edas Industriales y Di\u00f3genes Hern\u00e1ndez, acad\u00e9mico del Instituto &hellip;<\/p>\n<p class=\"read-more\"> <a class=\"\" href=\"https:\/\/www.reportedeprensa.utalca.cl\/?p=4086\"> <span class=\"screen-reader-text\">31 de mayo de 2022<\/span> Read More &raquo;<\/a><\/p>\n","protected":false},"author":1,"featured_media":0,"comment_status":"closed","ping_status":"open","sticky":false,"template":"","format":"standard","meta":{"_monsterinsights_skip_tracking":false,"_monsterinsights_sitenote_active":false,"_monsterinsights_sitenote_note":"","_monsterinsights_sitenote_category":0},"categories":[21],"tags":[],"_links":{"self":[{"href":"https:\/\/www.reportedeprensa.utalca.cl\/index.php?rest_route=\/wp\/v2\/posts\/4086"}],"collection":[{"href":"https:\/\/www.reportedeprensa.utalca.cl\/index.php?rest_route=\/wp\/v2\/posts"}],"about":[{"href":"https:\/\/www.reportedeprensa.utalca.cl\/index.php?rest_route=\/wp\/v2\/types\/post"}],"author":[{"embeddable":true,"href":"https:\/\/www.reportedeprensa.utalca.cl\/index.php?rest_route=\/wp\/v2\/users\/1"}],"replies":[{"embeddable":true,"href":"https:\/\/www.reportedeprensa.utalca.cl\/index.php?rest_route=%2Fwp%2Fv2%2Fcomments&post=4086"}],"version-history":[{"count":4,"href":"https:\/\/www.reportedeprensa.utalca.cl\/index.php?rest_route=\/wp\/v2\/posts\/4086\/revisions"}],"predecessor-version":[{"id":4093,"href":"https:\/\/www.reportedeprensa.utalca.cl\/index.php?rest_route=\/wp\/v2\/posts\/4086\/revisions\/4093"}],"wp:attachment":[{"href":"https:\/\/www.reportedeprensa.utalca.cl\/index.php?rest_route=%2Fwp%2Fv2%2Fmedia&parent=4086"}],"wp:term":[{"taxonomy":"category","embeddable":true,"href":"https:\/\/www.reportedeprensa.utalca.cl\/index.php?rest_route=%2Fwp%2Fv2%2Fcategories&post=4086"},{"taxonomy":"post_tag","embeddable":true,"href":"https:\/\/www.reportedeprensa.utalca.cl\/index.php?rest_route=%2Fwp%2Fv2%2Ftags&post=4086"}],"curies":[{"name":"wp","href":"https:\/\/api.w.org\/{rel}","templated":true}]}}