{"id":4098,"date":"2022-06-01T09:49:29","date_gmt":"2022-06-01T12:49:29","guid":{"rendered":"https:\/\/www.reportedeprensa.utalca.cl\/?p=4098"},"modified":"2022-06-01T09:57:50","modified_gmt":"2022-06-01T12:57:50","slug":"01-de-junio-de-2022","status":"publish","type":"post","link":"https:\/\/www.reportedeprensa.utalca.cl\/?p=4098","title":{"rendered":"01 de junio de 2022"},"content":{"rendered":"\t\t<div data-elementor-type=\"wp-post\" data-elementor-id=\"4098\" class=\"elementor elementor-4098\" data-elementor-settings=\"[]\">\n\t\t\t\t\t\t\t<div class=\"elementor-section-wrap\">\n\t\t\t\t\t\t\t<section class=\"elementor-section elementor-top-section elementor-element elementor-element-551691d7 elementor-section-boxed elementor-section-height-default elementor-section-height-default\" data-id=\"551691d7\" data-element_type=\"section\">\n\t\t\t\t\t\t<div class=\"elementor-container elementor-column-gap-default\">\n\t\t\t\t\t<div class=\"elementor-column elementor-col-100 elementor-top-column elementor-element elementor-element-249cced\" data-id=\"249cced\" data-element_type=\"column\">\n\t\t\t<div class=\"elementor-widget-wrap elementor-element-populated\">\n\t\t\t\t\t\t\t\t<div class=\"elementor-element elementor-element-60e9cf41 elementor-widget elementor-widget-text-editor\" data-id=\"60e9cf41\" data-element_type=\"widget\" data-widget_type=\"text-editor.default\">\n\t\t\t\t<div class=\"elementor-widget-container\">\n\t\t\t\t\t\t\t\t<p class=\"x_MsoNormal\"><strong>RADIO COOPERATIVA\u00a0<\/strong><\/p><p class=\"x_MsoNormal\"><a href=\"https:\/\/www.litoralpress.cl\/sitio\/RadioTV_Detalles.cshtml?LPKey=ADHFL46LTLEKUIZPJXVSD2SKHD3LAN36UBIBBHKGUBDDLUI2WZ2UMQB46LXSJ5IGO7LWH3377CEWU\">Hoy se reportaron 3 mil 406 nuevos casos de coronavirus con una positividad de un 9,65%. Se refiere Daniel Jim\u00e9nez, director de Salud del Estudiante.\u00a0\u00a0\u00a0<\/a><\/p><p class=\"x_MsoNormal\">\u00a0<\/p><p class=\"x_MsoNormal\"><strong>RADIO AMIGA\u00a0<\/strong><\/p><p class=\"x_MsoNormal\"><a href=\"https:\/\/www.litoralpress.cl\/sitio\/RadioTV_Detalles.cshtml?LPKey=XNPN6OBDHCQKMCETHLZQRWVTMYDQJC4C6CIQBB2E7RJTGUDTQEN7TDQ6EBCUKMM5RHMEGX33BEY54\">A partir de ma\u00f1ana se bloquear\u00e1 el pase de movilidad. Se refiere Marcelo Alarc\u00f3n, acad\u00e9mico del Departamento de Bioqu\u00edmica Cl\u00ednica e Inmunohematolog\u00eda. \u00a0<\/a><\/p><p class=\"x_MsoNormal\">\u00a0<\/p><p class=\"x_MsoNormal\"><strong>ELMOSTRADOR.CL\u00a0<\/strong><\/p><p class=\"x_MsoNormal\"><a href=\"https:\/\/www.elmostrador.cl\/agenda-pais\/2022\/06\/01\/experto-chile-no-esta-preparado-para-envejecer-de-manera-saludable\/\">Experto en personas mayores: \u201cChile no est\u00e1 preparado para envejecer de manera saludable\u201d. Se refiere Iv\u00e1n Palomo, acad\u00e9mico de la Facultad de Ciencias de la Salud.\u00a0<\/a><\/p><p class=\"x_MsoNormal\">\u00a0<\/p><p class=\"x_MsoNormal\"><strong>ADPRENSA.CL\u00a0<\/strong><\/p><p class=\"x_MsoNormal\"><a href=\"https:\/\/www.adprensa.cl\/cronica\/academico-utalca-chile-no-esta-preparado-para-envejecer-de-manera-saludable\/\">Acad\u00e9mico UTalca: \u201cChile no est\u00e1 preparado para envejecer de manera saludable\u201d. Se refiere Iv\u00e1n Palomo, acad\u00e9mico de la Facultad de Ciencias de la Salud.\u00a0<\/a><\/p><p class=\"x_MsoNormal\">\u00a0<\/p><p class=\"x_MsoNormal\"><strong>CANAL TVN\u00a0<\/strong><\/p><p class=\"x_MsoNormal\"><a href=\"https:\/\/www.litoralpress.cl\/sitio\/RadioTV_Detalles.cshtml?LPKey=C26VZZ5EZUYJJYMBT7HJ2ZFCL6JXWIYI3DSP66H5M4FJ5BB6ZVZBDUDWHIN44CWSXG4J4Y2ZDG4QA\">Temperaturas bajo cero en zona centro sur. Se refiere Patricio Gonz\u00e1lez, acad\u00e9mico del Centro de Investigaci\u00f3n y Transferencia en Riego y Agroclimatolog\u00eda. \u00a0<\/a><\/p><p class=\"x_MsoNormal\">\u00a0<\/p><p class=\"x_MsoNormal\"><strong>EL LECTOR\u00a0<\/strong><\/p><p class=\"x_MsoNormal\"><a href=\"https:\/\/www.litoralpress.cl\/paginaconsultas\/Servicios_NClipSitio\/Get_Imagen_Nota.aspx?LPKey=FH65UAFDK26WBYWWTCEHQXNFJCMHLNBVMN5USMRNVMAAHUV6XLXYWU6KSINRH6PVXCC2LS5VTG6EA\">Masa de aire polar es la responsable del fr\u00edo en la zona central del pa\u00eds. Se refiere Patricio Gonz\u00e1lez, acad\u00e9mico del Centro de Investigaci\u00f3n y Transferencia en Riego y Agroclimatolog\u00eda.\u00a0<\/a><\/p><p class=\"x_MsoNormal\">\u00a0<\/p><p class=\"x_MsoNormal\"><strong>CANAL TV5 LINARES\u00a0<\/strong><\/p><p class=\"x_MsoNormal\"><a href=\"https:\/\/www.litoralpress.cl\/sitio\/RadioTV_Detalles.cshtml?LPKey=XWEPRCP26BDHC4PQD3CBL56ASEJOMN45E2RYQ2V4LSYQMWUYGGOXRCQ2MFS2IAVTF4YXNLXXHVGGU\">Fr\u00edo polar en el Maule. Se refiere Patricio Gonz\u00e1lez, acad\u00e9mico del Centro de Investigaci\u00f3n y Transferencia en Riego y Agroclimatolog\u00eda.\u00a0<\/a><\/p><p class=\"x_MsoNormal\" aria-hidden=\"true\">\u00a0<\/p><p class=\"x_MsoNormal\"><strong>ELCENTRO.CL\u00a0<\/strong><\/p><p class=\"x_MsoNormal\"><a href=\"https:\/\/elcentro.cl\/2022\/05\/31\/masa-de-aire-polar-experto-asegura-que-cauquenes-registro-una-minima-de-57-c-a-las-7-am-de-hoy\/\">Masa de aire polar: Experto asegura que Cauquenes registr\u00f3 una m\u00ednima de -5,7\u00b0 C a las 7 AM de hoy. Se refiere Patricio Gonz\u00e1lez, acad\u00e9mico del Centro de Investigaci\u00f3n y Transferencia en Riego y Agroclimatolog\u00eda.\u00a0<\/a><\/p><p class=\"x_MsoNormal\" aria-hidden=\"true\">\u00a0<\/p><p class=\"x_MsoNormal\"><strong>RADIO AMIGA\u00a0<\/strong><\/p><p class=\"x_MsoNormal\"><a href=\"https:\/\/www.litoralpress.cl\/sitio\/RadioTV_Detalles.cshtml?LPKey=WTKEVUNLL3T4QTL4KS3NOHBDCLEHCQXXAMKM7QKB5IIICX6D7NFVZ4GNVVWA73TMAGPHFHIYWRHSY\">Hasta septiembre se podr\u00edan extender las heladas en la regi\u00f3n del Maule. Se refiere Patricio Gonz\u00e1lez, acad\u00e9mico del Centro de Investigaci\u00f3n y Transferencia en Riego y Agroclimatolog\u00eda.\u00a0<\/a><\/p><p class=\"x_MsoNormal\" aria-hidden=\"true\">\u00a0<\/p><p class=\"x_MsoNormal\"><strong>ENLINEAMAULE.CL\u00a0<\/strong><\/p><p class=\"x_MsoNormal\"><a href=\"https:\/\/www.litoralpress.cl\/sitio\/RadioTV_Detalles.cshtml?LPKey=Z4HBBCAJK52C2CAKETFX7OZOKD3FB3TV4CAYK6SISAEUFN5S2YC2IHHQJOVI62I42ENLYHLWTU3OG\">Entrevista a Patricio Gonz\u00e1lez, acad\u00e9mico del Centro de Investigaci\u00f3n y Transferencia en Riego y Agroclimatolog\u00eda.\u00a0<\/a><\/p><p class=\"x_MsoNormal\" aria-hidden=\"true\">\u00a0<\/p><p class=\"x_MsoNormal\"><strong>ENLINEAMAULE.CL\u00a0<\/strong><\/p><p class=\"x_MsoNormal\"><a href=\"https:\/\/www.litoralpress.cl\/sitio\/RadioTV_Detalles.cshtml?LPKey=XEEEZKC7IVAT73RJ2OZPB76ZAS2ZIME4UVXBRKXZV6ERVZZCCSXMC2BQXDXRORSJSXNF5HO54HBDW\">Masa de aire polar. Se refiere Patricio Gonz\u00e1lez, acad\u00e9mico del Centro de Investigaci\u00f3n y Transferencia en Riego y Agroclimatolog\u00eda.\u00a0<\/a><\/p><p class=\"x_MsoNormal\" aria-hidden=\"true\">\u00a0<\/p><p class=\"x_MsoNormal\"><strong>ADPRENSA.CL\u00a0<\/strong><\/p><p class=\"x_MsoNormal\"><a href=\"https:\/\/www.adprensa.cl\/cronica\/dia-sin-fumar-preocupacion-por-alto-tabaquismo-en-chile\/\">D\u00eda sin fumar: Preocupaci\u00f3n por alto tabaquismo en Chile. Se refieren Eduardo Fuentes, acad\u00e9mico del Centro de Investigaci\u00f3n en Trombosis (CIT) y Macarena Said, acad\u00e9mica del Departamento de Salud P\u00fablica.\u00a0<\/a><\/p><p class=\"x_MsoNormal\">\u00a0<\/p><p class=\"x_MsoNormal\"><strong>RADIO LAUTARO\u00a0<\/strong><\/p><p class=\"x_MsoNormal\"><a href=\"https:\/\/www.litoralpress.cl\/sitio\/RadioTV_Detalles.cshtml?LPKey=FWCZH6GLXFUKL2LOR3SZR5ACIFEHBAH6TXFOAGANCUP622HAWYQ3Y5HMYU2MN5DMXD7LYUP472ZEA\">Entrevista a Mar\u00eda Ester Mu\u00f1oz, acad\u00e9mica de Enfermer\u00eda.\u00a0<\/a><\/p><p class=\"x_MsoNormal\">\u00a0<\/p><p class=\"x_MsoNormal\"><strong>DIARIOTALCA.CL\u00a0<\/strong><\/p><p class=\"x_MsoNormal\"><a href=\"https:\/\/diariotalca.cl\/podran-votar-los-adolescentes-de-16-y-17-anos-academico-lo-explica\/\">\u00bfPodr\u00e1n votar los adolescentes de 16 y 17 a\u00f1os? Acad\u00e9mico lo explica. Se refiere Isaac Ravetllat, profesor de la Facultad de Ciencias Jur\u00eddicas y Sociales.\u00a0<\/a><\/p><p class=\"x_MsoNormal\">\u00a0<\/p><p class=\"x_MsoNormal\"><strong>LA PRENSA\u00a0<\/strong><\/p><p class=\"x_MsoNormal\"><a href=\"https:\/\/www.litoralpress.cl\/paginaconsultas\/Servicios_NClipSitio\/Get_Imagen_Nota.aspx?LPKey=S6DEBHFSHVI2OQNTSNYOKZUINTYFEAQV4GQFXSUZSDD6PKSHGGPTAFFJ7ZUOZWPT6G7HG6QUCVBAC\">Acad\u00e9mico aborda propuesta de voto para personas de 16 y 17 a\u00f1os. Se refiere Isaac Ravetllat, profesor de la Facultad de Ciencias Jur\u00eddicas y Sociales. \u00a0<\/a><\/p><p>\u00a0<\/p><p class=\"x_MsoNormal\"><strong>EL HERALDO\u00a0<\/strong><\/p><p class=\"x_MsoNormal\"><a href=\"https:\/\/www.litoralpress.cl\/paginaconsultas\/Servicios_NClipSitio\/Get_Imagen_Nota.aspx?LPKey=XPLSH233YOTJWFZ22EOYPSLAIAU4MIWT7HAH2HMBLGZIMD3ZDZRSRJOGC6TSYENOXCOD22KVOOKK4\">Economista proyecta que inflaci\u00f3n ir\u00e1 \u201cde m\u00e1s a menos\u201d durante el segundo semestre de 2022. Se refiere Rodrigo Saens, acad\u00e9mico de la Facultad de Econom\u00eda y Negocios (FEN).\u00a0<\/a><\/p><p>\u00a0<\/p><p class=\"x_MsoNormal\"><strong>LA PRENSA\u00a0<\/strong><\/p><p class=\"x_MsoNormal\"><a href=\"https:\/\/www.litoralpress.cl\/paginaconsultas\/Servicios_NClipSitio\/Get_Imagen_Nota.aspx?LPKey=D7L2WMIZPPNXWZKAKDOY3AAFZQOFXTDUJAFYWSEEBX5IVKSMDOYON6UZXZM5TITGHQVXBA63XQPAA\">Anticipan adverso escenario econ\u00f3mico. Se refiere Rodrigo Saens, acad\u00e9mico de la Facultad de Econom\u00eda y Negocios (FEN).\u00a0<\/a><\/p><p class=\"x_MsoNormal\" aria-hidden=\"true\">\u00a0<\/p><p class=\"x_MsoNormal\"><strong>LAS NOTICIAS\u00a0<\/strong><\/p><p class=\"x_MsoNormal\"><a href=\"https:\/\/www.litoralpress.cl\/paginaconsultas\/Servicios_NClipSitio\/Get_Imagen_Nota.aspx?LPKey=4CSFB7NRSCHCXESFE4CYAQFB443STTK4HDPVMFMOZVNKOY3ASZYSM3NZCLUBJ55SFQL6NRNRSXFEK\">Como pocas veces en la historia: Inflaci\u00f3n destroza el bolsillo del chileno. Se refiere Mauricio Morales, director del Centro de An\u00e1lisis Pol\u00edtico (CAP).\u00a0<\/a><\/p><p class=\"x_MsoNormal\">\u00a0<\/p><p class=\"x_MsoNormal\"><strong>CANAL TVN RED COQUIMBO\u00a0<\/strong><\/p><p class=\"x_MsoNormal\"><a href=\"https:\/\/www.litoralpress.cl\/sitio\/RadioTV_Detalles.cshtml?LPKey=CJP62TE3OMOHWPTQMG6VIAGFOKE7LXB27RIJIGFHSPII62W42HHTPI4AU3EFLX2BXPTRKEISOTOEQ\">Joven ingeniero de La Serena fue contratado por Nintendo. Se refieren Jos\u00e9 Rojas, exalumno de Ingenier\u00eda en Desarrollo de Videojuegos y Realidad Virtual y Sven Von Brand, acad\u00e9mico de la Facultad de Ingenier\u00eda. <\/a><\/p><p class=\"x_MsoNormal\">\u00a0<\/p>\t\t\t\t\t\t<\/div>\n\t\t\t\t<\/div>\n\t\t\t\t\t<\/div>\n\t\t<\/div>\n\t\t\t\t\t\t\t<\/div>\n\t\t<\/section>\n\t\t\t\t\t\t<\/div>\n\t\t\t\t\t<\/div>\n\t\t","protected":false},"excerpt":{"rendered":"<p>RADIO COOPERATIVA\u00a0 Hoy se reportaron 3 mil 406 nuevos casos de coronavirus con una positividad de un 9,65%. Se refiere Daniel Jim\u00e9nez, director de Salud del Estudiante.\u00a0\u00a0\u00a0 \u00a0 RADIO AMIGA\u00a0 A partir de ma\u00f1ana se bloquear\u00e1 el pase de movilidad. Se refiere Marcelo Alarc\u00f3n, acad\u00e9mico del Departamento de Bioqu\u00edmica Cl\u00ednica e Inmunohematolog\u00eda. \u00a0 \u00a0 ELMOSTRADOR.CL\u00a0 &hellip;<\/p>\n<p class=\"read-more\"> <a class=\"\" href=\"https:\/\/www.reportedeprensa.utalca.cl\/?p=4098\"> <span class=\"screen-reader-text\">01 de junio de 2022<\/span> Read More &raquo;<\/a><\/p>\n","protected":false},"author":1,"featured_media":0,"comment_status":"closed","ping_status":"open","sticky":false,"template":"","format":"standard","meta":{"_monsterinsights_skip_tracking":false,"_monsterinsights_sitenote_active":false,"_monsterinsights_sitenote_note":"","_monsterinsights_sitenote_category":0},"categories":[22],"tags":[],"_links":{"self":[{"href":"https:\/\/www.reportedeprensa.utalca.cl\/index.php?rest_route=\/wp\/v2\/posts\/4098"}],"collection":[{"href":"https:\/\/www.reportedeprensa.utalca.cl\/index.php?rest_route=\/wp\/v2\/posts"}],"about":[{"href":"https:\/\/www.reportedeprensa.utalca.cl\/index.php?rest_route=\/wp\/v2\/types\/post"}],"author":[{"embeddable":true,"href":"https:\/\/www.reportedeprensa.utalca.cl\/index.php?rest_route=\/wp\/v2\/users\/1"}],"replies":[{"embeddable":true,"href":"https:\/\/www.reportedeprensa.utalca.cl\/index.php?rest_route=%2Fwp%2Fv2%2Fcomments&post=4098"}],"version-history":[{"count":6,"href":"https:\/\/www.reportedeprensa.utalca.cl\/index.php?rest_route=\/wp\/v2\/posts\/4098\/revisions"}],"predecessor-version":[{"id":4104,"href":"https:\/\/www.reportedeprensa.utalca.cl\/index.php?rest_route=\/wp\/v2\/posts\/4098\/revisions\/4104"}],"wp:attachment":[{"href":"https:\/\/www.reportedeprensa.utalca.cl\/index.php?rest_route=%2Fwp%2Fv2%2Fmedia&parent=4098"}],"wp:term":[{"taxonomy":"category","embeddable":true,"href":"https:\/\/www.reportedeprensa.utalca.cl\/index.php?rest_route=%2Fwp%2Fv2%2Fcategories&post=4098"},{"taxonomy":"post_tag","embeddable":true,"href":"https:\/\/www.reportedeprensa.utalca.cl\/index.php?rest_route=%2Fwp%2Fv2%2Ftags&post=4098"}],"curies":[{"name":"wp","href":"https:\/\/api.w.org\/{rel}","templated":true}]}}