{"id":4112,"date":"2022-06-02T09:43:40","date_gmt":"2022-06-02T12:43:40","guid":{"rendered":"https:\/\/www.reportedeprensa.utalca.cl\/?p=4112"},"modified":"2022-06-02T09:48:03","modified_gmt":"2022-06-02T12:48:03","slug":"02-de-junio-de-2022","status":"publish","type":"post","link":"https:\/\/www.reportedeprensa.utalca.cl\/?p=4112","title":{"rendered":"02 de junio de 2022"},"content":{"rendered":"\t\t<div data-elementor-type=\"wp-post\" data-elementor-id=\"4112\" class=\"elementor elementor-4112\" data-elementor-settings=\"[]\">\n\t\t\t\t\t\t\t<div class=\"elementor-section-wrap\">\n\t\t\t\t\t\t\t<section class=\"elementor-section elementor-top-section elementor-element elementor-element-551691d7 elementor-section-boxed elementor-section-height-default elementor-section-height-default\" data-id=\"551691d7\" data-element_type=\"section\">\n\t\t\t\t\t\t<div class=\"elementor-container elementor-column-gap-default\">\n\t\t\t\t\t<div class=\"elementor-column elementor-col-100 elementor-top-column elementor-element elementor-element-249cced\" data-id=\"249cced\" data-element_type=\"column\">\n\t\t\t<div class=\"elementor-widget-wrap elementor-element-populated\">\n\t\t\t\t\t\t\t\t<div class=\"elementor-element elementor-element-60e9cf41 elementor-widget elementor-widget-text-editor\" data-id=\"60e9cf41\" data-element_type=\"widget\" data-widget_type=\"text-editor.default\">\n\t\t\t\t<div class=\"elementor-widget-container\">\n\t\t\t\t\t\t\t\t<p class=\"x_MsoNormal\"><strong>CANAL CONTIVISI\u00d3N\u00a0<\/strong><\/p><p class=\"x_MsoNormal\"><a href=\"https:\/\/www.litoralpress.cl\/sitio\/RadioTV_Detalles.cshtml?LPKey=22WXGTO72RB3BZLO6GJD5VBSOFTFY25ZKE53I5L6EQ7REG3LRDXW6Y4SIYCY7VTTVLRDBZ7ZUDYDU\">En la UTalca desarrollaron in\u00e9dita tecnolog\u00eda para controlar incendios forestales. Se refieren Matthew Bardeen, acad\u00e9mico de la Facultad de Ingenier\u00eda y Sebasti\u00e1n Rojas, ingeniero en Mecatr\u00f3nica.\u00a0<\/a><\/p><p class=\"x_MsoNormal\">\u00a0<\/p><p class=\"x_MsoNormal\"><strong>CANAL TVN RED MAULE\u00a0<\/strong><\/p><p class=\"x_MsoNormal\"><a href=\"https:\/\/www.litoralpress.cl\/sitio\/RadioTV_Detalles.cshtml?LPKey=JLOVJRZ23K4OQWIARDQBGF54YYSUJN6SCQIX5NUGY3QMTC7RPI2ZPTKMARJTOBRVIYOJNVLFOIFMM\">Pase de Movilidad se bloquear\u00e1 a no vacunados con cuarta dosis. Se refiere Daniel Jim\u00e9nez, director de Salud del Estudiante.\u00a0<\/a><\/p><p class=\"x_MsoNormal\">\u00a0<\/p><p class=\"x_MsoNormal\"><strong>ELMAULEINFORMA.CL\u00a0<\/strong><\/p><p class=\"x_MsoNormal\"><a href=\"https:\/\/elmauleinforma.cl\/academico-utalca-plantea-que-chile-no-esta-preparado-para-envejecer-de-manera-saludable\/\">Acad\u00e9mico UTalca plantea que Chile no est\u00e1 preparado para envejecer de manera saludable. Se refiere Iv\u00e1n Palomo, acad\u00e9mico de la Facultad de Ciencias de la Salud.\u00a0<\/a><\/p><p class=\"x_MsoNormal\">\u00a0<\/p><p class=\"x_MsoNormal\"><strong>RADIO GUAYAC\u00c1N\u00a0<\/strong><\/p><p class=\"x_MsoNormal\"><a href=\"https:\/\/www.litoralpress.cl\/sitio\/RadioTV_Detalles.cshtml?LPKey=CEA6322CX2ZMZRJGPJBF5YGGFZXQDUF4QPUULDSYE7KYN76YONSWWHHEV7X2BRHBGPP7EN2YV4QMY\">Entrevista a Iv\u00e1n Palomo, acad\u00e9mico de la Facultad de Ciencias de la Salud.\u00a0<\/a><\/p><p class=\"x_MsoNormal\">\u00a0<\/p><p class=\"x_MsoNormal\"><strong>CANAL TVN\u00a0<\/strong><\/p><p class=\"x_MsoNormal\"><a href=\"https:\/\/www.litoralpress.cl\/sitio\/RadioTV_Detalles.cshtml?LPKey=4KWJP2KWTJBSU2X6QCBWK7ANKKJ3NMMIZHOP5TNAHWJ5J7MECBBKH3GFEGZV7N4WVZVI4M3UOFQKY\">Tambi\u00e9n sufre el bolsillo por heladas: Advierten posible alza de verduras. Se refiere Patricio Gonz\u00e1lez, acad\u00e9mico del Centro de Investigaci\u00f3n y Transferencia en Riego y Agroclimatolog\u00eda (CITRA). \u00a0<\/a><\/p><p class=\"x_MsoNormal\">\u00a0<\/p><p class=\"x_MsoNormal\"><strong>CANAL 24 HORAS\u00a0<\/strong><\/p><p class=\"x_MsoNormal\"><a href=\"https:\/\/www.litoralpress.cl\/sitio\/RadioTV_Detalles.cshtml?LPKey=MGD4PEGU6BNMECDL7U5JSWXCO5VQH56VTQHTBVJ7ECMBO27NI3PMHSVILZ6ASZVEZ7BXSOYEHG7FY\">Tambi\u00e9n sufre el bolsillo por heladas: Advierten posible alza de verduras. Se refiere Patricio Gonz\u00e1lez, acad\u00e9mico del Centro de Investigaci\u00f3n y Transferencia en Riego y Agroclimatolog\u00eda (CITRA).\u00a0<\/a><\/p><p class=\"x_MsoNormal\">\u00a0<\/p><p class=\"x_MsoNormal\"><strong>CANAL TVN RED MAULE\u00a0<\/strong><\/p><p class=\"x_MsoNormal\"><a href=\"https:\/\/www.litoralpress.cl\/sitio\/RadioTV_Detalles.cshtml?LPKey=C6SPHAP3K2AZGKHCV5BOW223N7VCVTLPOEV66QOY3NMVNC6C5RJZARJ356ONORDNATPINARGNFGR6\">&#8220;Cencellada&#8221; dej\u00f3 un manto blanco en Talca. Se refiere Patricio Gonz\u00e1lez, acad\u00e9mico del Centro de Investigaci\u00f3n y Transferencia en Riego y Agroclimatolog\u00eda (CITRA).\u00a0<\/a><\/p><p class=\"x_MsoNormal\">\u00a0<\/p><p class=\"x_MsoNormal\"><strong>LA PRENSA\u00a0<\/strong><\/p><p class=\"x_MsoNormal\"><a href=\"https:\/\/www.litoralpress.cl\/paginaconsultas\/Servicios_NClipSitio\/Get_Imagen_Nota.aspx?LPKey=AS3HE6IC6VFP24NHUYDZFY5ZPCRTDJSTRDRKQMKATR74PUK6LTPW5KD6LKQITALUMVHWDGFGIKYEI\">El Maule amaneci\u00f3 de blanco con cencelladas originadas por extremas bajas temperaturas. Se refiere Patricio Gonz\u00e1lez, acad\u00e9mico del Centro de Investigaci\u00f3n y Transferencia en Riego y Agroclimatolog\u00eda (CITRA).\u00a0<\/a><\/p><p class=\"x_MsoNormal\">\u00a0<\/p><p class=\"x_MsoNormal\"><strong>EL RANCAG\u00dcINO\u00a0<\/strong><\/p><p class=\"x_MsoNormal\"><a href=\"https:\/\/www.litoralpress.cl\/paginaconsultas\/Servicios_NClipSitio\/Get_Imagen_Nota.aspx?LPKey=Y72AKURLAIGQYOKWRSAI2URHA6WLLHMC4CUPL3VW4BVMDHXSBTYEGI3CK6S3RX3BILKKFLEJ7X36W\">Masa de aire polar es la responsable del fr\u00edo en la zona central del pa\u00eds. Se refiere Patricio Gonz\u00e1lez, acad\u00e9mico del Centro de Investigaci\u00f3n y Transferencia en Riego y Agroclimatolog\u00eda (CITRA).\u00a0<\/a><\/p><p class=\"x_MsoNormal\" aria-hidden=\"true\">\u00a0<\/p><p class=\"x_MsoNormal\"><strong>CANAL TVR\u00a0<\/strong><\/p><p class=\"x_MsoNormal\"><a href=\"https:\/\/www.litoralpress.cl\/sitio\/RadioTV_Detalles.cshtml?LPKey=AQ2XD7X42U7SFTNW562GZXIUTVG42IQBDYIQQ2FUSBI25YA5M2N3OIBGZES34DNKEPCOO5WEOSDX6\">Ola de fr\u00edo extremo afecta a la Regi\u00f3n del Maule donde se esperan lluvias desde este jueves. Se refiere Patricio Gonz\u00e1lez, acad\u00e9mico del Centro de Investigaci\u00f3n y Transferencia en Riego y Agroclimatolog\u00eda (CITRA).\u00a0<\/a><\/p><p class=\"x_MsoNormal\" aria-hidden=\"true\">\u00a0<\/p><p class=\"x_MsoNormal\"><strong>RADIO ANCOA\u00a0<\/strong><\/p><p class=\"x_MsoNormal\"><a href=\"https:\/\/www.litoralpress.cl\/sitio\/RadioTV_Detalles.cshtml?LPKey=DIKFZHW3H6TDLQOWJBZTQBSGY3VECSRXHOTFKTVOW2MLAEI3TYQDMOCF3NKYHOZH6WEO2FXEYMKPW\">Entrevista a Patricio Gonz\u00e1lez, acad\u00e9mico del Centro de Investigaci\u00f3n y Transferencia en Riego y Agroclimatolog\u00eda (CITRA).\u00a0<\/a><\/p><p class=\"x_MsoNormal\" aria-hidden=\"true\">\u00a0<\/p><p class=\"x_MsoNormal\"><strong>DIARIOLAPRENSA.CL\u00a0<\/strong><\/p><p class=\"x_MsoNormal\"><a href=\"https:\/\/new.diariolaprensa.cl\/index.php\/2022\/06\/01\/el-maule-amanecio-de-blanco-con-cencelladas-originadas-por-extremas-bajas-temperaturas\/\">El Maule amaneci\u00f3 de blanco con cencelladas originadas por extremas bajas temperaturas. Se refiere Patricio Gonz\u00e1lez, acad\u00e9mico del Centro de Investigaci\u00f3n y Transferencia en Riego y Agroclimatolog\u00eda (CITRA).\u00a0<\/a><\/p><p class=\"x_MsoNormal\" aria-hidden=\"true\">\u00a0<\/p><p class=\"x_MsoNormal\"><strong>ELRANCAGUINO.CL\u00a0<\/strong><\/p><p class=\"x_MsoNormal\"><a href=\"https:\/\/www.elrancaguino.cl\/2022\/05\/31\/masa-de-aire-polar-es-la-responsable-del-frio-en-la-zona-central-del-pais\/\">Masa de aire polar es la responsable del fr\u00edo en la zona central del pa\u00eds. Se refiere Patricio Gonz\u00e1lez, acad\u00e9mico del Centro de Investigaci\u00f3n y Transferencia en Riego y Agroclimatolog\u00eda (CITRA). \u00a0<\/a><\/p><p class=\"x_MsoNormal\" aria-hidden=\"true\">\u00a0<\/p><p class=\"x_MsoNormal\"><strong>CANAL ANTOFAGASTA TELEVISI\u00d3N\u00a0<\/strong><\/p><p class=\"x_MsoNormal\"><a href=\"https:\/\/www.litoralpress.cl\/sitio\/RadioTV_Detalles.cshtml?LPKey=MXFBLCL7RKQKOUKBPUJ2N76CXDI5U3C5JDBFFBRRZUWH3CYW5273ZQZPICOKBKJDVPK6TCKZMQLF4\">Regi\u00f3n del Maule enfrenta ola polar que se extender\u00e1 hasta este jueves. Se refiere Patricio Gonz\u00e1lez, acad\u00e9mico del Centro de Investigaci\u00f3n y Transferencia en Riego y Agroclimatolog\u00eda (CITRA).\u00a0<\/a><\/p><p class=\"x_MsoNormal\" aria-hidden=\"true\">\u00a0<\/p><p class=\"x_MsoNormal\"><strong>CANAL TVN RED MAULE\u00a0<\/strong><\/p><p class=\"x_MsoNormal\"><a href=\"https:\/\/www.litoralpress.cl\/sitio\/RadioTV_Detalles.cshtml?LPKey=77PJX3ZSGV37XEIMN2WY3PFSERMPMLIQHGAXC66RONX6GS7W3LZA7SDN6LVVV63Q2UJ6KCNOYODPY\">Cuestionan nula calefacci\u00f3n al interior de algunos liceos. Se refiere Mar\u00eda Luisa del Campo, directora del Centro Tecnol\u00f3gico KIPUS. \u00a0<\/a><\/p><p class=\"x_MsoNormal\" aria-hidden=\"true\">\u00a0<\/p><p class=\"x_MsoNormal\"><strong>LANOTICIA.CL\u00a0<\/strong><\/p><p class=\"x_MsoNormal\"><a href=\"https:\/\/lanoticia.cl\/investigador-en-ciencia-espacial-de-la-fach-expuso-en-seminario-de-la-utalca\/\">Investigador en ciencia espacial de la Fach expuso en seminario de la UTalca. Se refiere Javier Mu\u00f1oz, decano de la Facultad de Ingenier\u00eda. \u00a0<\/a><\/p><p class=\"x_MsoNormal\">\u00a0<\/p><p class=\"x_MsoNormal\"><strong>CANAL TVN RED AUSTRAL\u00a0<\/strong><\/p><p class=\"x_MsoNormal\"><a href=\"https:\/\/www.litoralpress.cl\/sitio\/RadioTV_Detalles.cshtml?LPKey=ZDQZKQRWGUCDHL5N37FF5N77RP6BIJT6V2EM5K2LJMTQT3DHB3PRM7QJCTAE3VHNWUUBXKNFP5RBO\">Punta Arenas: Es el d\u00eda internacional contra el tabaquismo. Se refiere Mar\u00eda Ester Mu\u00f1oz, acad\u00e9mico de la Escuela de Enfermer\u00eda.\u00a0<\/a><\/p><p class=\"x_MsoNormal\" aria-hidden=\"true\">\u00a0<\/p><p class=\"x_MsoNormal\"><strong>DF.CL\u00a0<\/strong><\/p><p class=\"x_MsoNormal\"><a href=\"https:\/\/www.litoralpress.cl\/paginaconsultas\/Documentos\/Get_Imagen.aspx?lpkey=YL5SK7E73QHBYPSQ5BS6COH2WFLBVK4UERJT2MTJ3ELD5U645XNJDH53QDLZSSKUSJXHJ7PXW3772\">\u00bfUn a\u00f1o m\u00e1s de precios altos? Petr\u00f3leo se resiste a bajar de los US$ 100 por barril. Se refiere Juan Andr\u00e9s Riquelme, acad\u00e9mico de la Facultad de Econom\u00eda y Negocios (FEN).\u00a0<\/a><\/p><p class=\"x_MsoNormal\">\u00a0<\/p><p class=\"x_MsoNormal\"><strong>RADIO PRESIDENTE IB\u00c1\u00d1EZ DE PUNTA ARENAS\u00a0<\/strong><\/p><p class=\"x_MsoNormal\"><a href=\"https:\/\/www.litoralpress.cl\/sitio\/RadioTV_Detalles.cshtml?LPKey=QBX4M6SNSIBNU2A2G7GWXC5PC6IGYVEDWAXQCW652FZR5JLTW3HIDC7ZC6EPFMPAGGP2L3WLCLJ5Y\">Entrevista a Alejandra Llanos, Investigadora de Centro de Estudios Constitucionales de Chile (CECOCH).\u00a0<\/a><\/p><p class=\"x_MsoNormal\">\u00a0<\/p><p class=\"x_MsoNormal\"><strong>CANAL MEGA\u00a0<\/strong><\/p><p class=\"x_MsoNormal\"><a href=\"https:\/\/www.litoralpress.cl\/sitio\/RadioTV_Detalles.cshtml?LPKey=DJP5KZ25X3GHPL6QAMHI6GRCFQNLUPMJQ2IGSZ6SDN4M6OE2HD7ADE4FTDIKJYZUUBW5MITV45XCY\">Presidente Boric se refiri\u00f3 a la Convenci\u00f3n Constitucional en su cuenta p\u00fablica. Se refiere Mauricio Morales, director del Centro de Analista Pol\u00edtico (CAP).\u00a0<\/a><\/p><p class=\"x_MsoNormal\">\u00a0<\/p><p class=\"x_MsoNormal\"><strong>CANAL MEGA PLUS\u00a0<\/strong><\/p><p class=\"x_MsoNormal\"><a href=\"https:\/\/www.litoralpress.cl\/sitio\/RadioTV_Detalles.cshtml?LPKey=INPAJ3JAFKG4V3ZEUZHDDDSEA6PEOGVETMUXDKNM6FWLEXCE3NXA5U4GMMMZ5EGZXSB63US6PZZPI\">Entrevista a Mauricio Morales, director del Centro de Analista Pol\u00edtico (CAP).\u00a0<\/a><\/p><p class=\"x_MsoNormal\">\u00a0<\/p><p class=\"x_MsoNormal\"><strong>CANAL MEGA PLUS\u00a0<\/strong><\/p><p class=\"x_MsoNormal\"><a href=\"https:\/\/www.litoralpress.cl\/sitio\/RadioTV_Detalles.cshtml?LPKey=5BITY4BSBCO66XFKOYRT2WLUI3DXJR3C5O7MC4IZL5YH44Q7XE2MOLQG4C6RB6I4JEUR7ZSAZBBOA\">Entrevista a Mario Herrera, acad\u00e9mico del Centro de An\u00e1lisis Pol\u00edtico (CAP).\u00a0<\/a><\/p><p class=\"x_MsoNormal\">\u00a0<\/p><p class=\"x_MsoNormal\"><strong>CANAL 24 HORAS\u00a0<\/strong><\/p><p class=\"x_MsoNormal\"><a href=\"https:\/\/www.litoralpress.cl\/sitio\/RadioTV_Detalles.cshtml?LPKey=IGDW5X77OZYC7Z5L5TM75O3JSYHE5CZNTCYY56PXKHWOA7SL2QXYLWHM3JOF3YJYHBIKQCECYNTTS\">Panel analiza la primera cuenta de Gabriel Boric. Se refiere Mario Herrera, acad\u00e9mico del Centro de An\u00e1lisis Pol\u00edtico (CAP).\u00a0<\/a><\/p><p class=\"x_MsoNormal\">\u00a0<\/p><p class=\"x_MsoNormal\"><strong>CANAL MEGA PLUS\u00a0<\/strong><\/p><p class=\"x_MsoNormal\"><a href=\"https:\/\/www.litoralpress.cl\/sitio\/RadioTV_Detalles.cshtml?LPKey=AZIEKACAIQZOL5JVIXFGMGWFHJQWXSDVE7WSBPSBQTT45GK4X7I34GHZUFQU5K2VCHHNAPFET3ETO\">Panel: Las claves de la primera cuenta p\u00fablica del Presidente Gabriel Boric. Se refiere Mario Herrera, acad\u00e9mico del Centro de An\u00e1lisis Pol\u00edtico (CAP).\u00a0<\/a><\/p><p class=\"x_MsoNormal\">\u00a0<\/p><p class=\"x_MsoNormal\"><strong>BIOBIOCHILE.CL\u00a0<\/strong><\/p><p class=\"x_MsoNormal\"><a href=\"https:\/\/www.biobiochile.cl\/noticias\/economia\/actualidad-economica\/2022\/06\/01\/falto-mayor-detalle-expertos-en-economia-desmenuzan-cuenta-publica-de-boric.shtml\">&#8220;Falt\u00f3 mayor detalle&#8221;: expertos en econom\u00eda desmenuzan Cuenta P\u00fablica de Boric. Se refiere Juan Andr\u00e9s Riquelme, acad\u00e9mico de la Facultad de Econom\u00eda y Negocios (FEN).\u00a0<\/a><\/p><p class=\"x_MsoNormal\" aria-hidden=\"true\">\u00a0<\/p><p class=\"x_MsoNormal\"><strong>EMOL.COM\u00a0<\/strong><\/p><p class=\"x_MsoNormal\"><a href=\"https:\/\/www.emol.com\/noticias\/Nacional\/2022\/06\/01\/1062791\/expertos-analizan-primeracuentapublica-boric.html\">Recuperaci\u00f3n de agenda, diferencias con marzo y prescindencia: Expertos analizan los puntos altos y bajos de la cuenta p\u00fablica. Se refiere Mauricio Morales, director del Centro de Analista Pol\u00edtico (CAP).\u00a0<\/a><\/p><p class=\"x_MsoNormal\" aria-hidden=\"true\">\u00a0<\/p><p class=\"x_MsoNormal\"><strong>24HORAS.CL\u00a0<\/strong><\/p><p class=\"x_MsoNormal\"><a href=\"https:\/\/www.24horas.cl\/programas\/entrevistas\/analista-politico-tras-cuenta-publica-es-un-discurso-que-todavia-le-falta-sustancia-en-terminos-de-propuestas-programaticas-5328710\">Analista pol\u00edtico tras Cuenta P\u00fablica: &#8220;Es un discurso que todav\u00eda le falta sustancia en t\u00e9rminos de propuestas program\u00e1ticas&#8221;. Se refiere Mario Herrera, acad\u00e9mico del Centro de An\u00e1lisis Pol\u00edtico (CAP).\u00a0<\/a><\/p><p class=\"x_MsoNormal\" aria-hidden=\"true\">\u00a0<\/p><p class=\"x_MsoNormal\"><strong>RADIO INFINITA\u00a0<\/strong><\/p><p class=\"x_MsoNormal\"><a href=\"https:\/\/www.litoralpress.cl\/sitio\/RadioTV_Detalles.cshtml?LPKey=OFMQC7TTWIQ7UWMHYRKQJI6O2V37FBPTHGMQ6XACJLITZ7K7CARVSFJLDR4Q3J27SLXV6LSWLCG4G\">Comentario de Mauricio Morales, director del Centro de An\u00e1lisis Pol\u00edtico (CAP).\u00a0<\/a><\/p><p class=\"x_MsoNormal\" aria-hidden=\"true\">\u00a0<\/p><p class=\"x_MsoNormal\"><strong>RADIO UNIVERSO\u00a0<\/strong><\/p><p class=\"x_MsoNormal\"><a href=\"https:\/\/www.litoralpress.cl\/sitio\/RadioTV_Detalles.cshtml?LPKey=KWGKRWUHSBYTVFMC7JK67RE2WIEHGCGNCW4EGR574XTCLI2OJZESTOTYMWYKD3NTFCRDYNFQWOPVU\">Entrevista a Mauricio Morales, director del Centro de Analista Pol\u00edtico (CAP).\u00a0<\/a><\/p><p class=\"x_MsoNormal\" aria-hidden=\"true\">\u00a0<\/p><p class=\"x_MsoNormal\"><strong>UNIVERSO.CL\u00a0<\/strong><\/p><p class=\"x_MsoNormal\"><a href=\"https:\/\/universo.cl\/actualidad\/mauricio-morales-da-la-impresion-que-el-ministro-marcel-no-estara-muy-dispuesto-a-medidas-como-ampliar-el-ife\/\">Mauricio Morales: \u201cDa la impresi\u00f3n que el Ministro Marcel no estar\u00e1 muy dispuesto a medidas como ampliar el IFE\u201d. Se refiere el director del Centro de An\u00e1lisis Pol\u00edtico (CAP).\u00a0<\/a><\/p><p class=\"x_MsoNormal\" aria-hidden=\"true\">\u00a0<\/p><p class=\"x_MsoNormal\"><strong>ATENTOSCHILE.CL\u00a0<\/strong><\/p><p class=\"x_MsoNormal\"><a href=\"https:\/\/www.litoralpress.cl\/sitio\/RadioTV_Detalles.cshtml?LPKey=Y2GFZPPK5FBR5BV3BIY2BQRWNJ277EBXGIIGRSFZZGF4J43LQNQ3CPERHMS6DELNMRNWBJRWLYJ5I\">Entrevista a Fabi\u00e1n Belmar, investigador del Centro de An\u00e1lisis Pol\u00edtico (CAP).\u00a0<\/a><\/p><p class=\"x_MsoNormal\">\u00a0<\/p><p class=\"x_MsoNormal\"><strong>RADIO GUAYAC\u00c1N\u00a0<\/strong><\/p><p class=\"x_MsoNormal\"><a href=\"https:\/\/www.litoralpress.cl\/sitio\/RadioTV_Detalles.cshtml?LPKey=K5FR5AHYPYBWUUP4B6KQMQU5LQ4XR6YKKHEYWAXV7X5VQJMNMKYGVNYMTBWYUG4HET2ZPYOFCBF64\">Entrevista a Juan Andr\u00e9s Riquelme, director del Magister en Econom\u00eda.\u00a0<\/a><\/p><p class=\"x_MsoNormal\">\u00a0<\/p>\t\t\t\t\t\t<\/div>\n\t\t\t\t<\/div>\n\t\t\t\t\t<\/div>\n\t\t<\/div>\n\t\t\t\t\t\t\t<\/div>\n\t\t<\/section>\n\t\t\t\t\t\t<\/div>\n\t\t\t\t\t<\/div>\n\t\t","protected":false},"excerpt":{"rendered":"<p>CANAL CONTIVISI\u00d3N\u00a0 En la UTalca desarrollaron in\u00e9dita tecnolog\u00eda para controlar incendios forestales. Se refieren Matthew Bardeen, acad\u00e9mico de la Facultad de Ingenier\u00eda y Sebasti\u00e1n Rojas, ingeniero en Mecatr\u00f3nica.\u00a0 \u00a0 CANAL TVN RED MAULE\u00a0 Pase de Movilidad se bloquear\u00e1 a no vacunados con cuarta dosis. Se refiere Daniel Jim\u00e9nez, director de Salud del Estudiante.\u00a0 \u00a0 ELMAULEINFORMA.CL\u00a0 &hellip;<\/p>\n<p class=\"read-more\"> <a class=\"\" href=\"https:\/\/www.reportedeprensa.utalca.cl\/?p=4112\"> <span class=\"screen-reader-text\">02 de junio de 2022<\/span> Read More &raquo;<\/a><\/p>\n","protected":false},"author":1,"featured_media":0,"comment_status":"closed","ping_status":"open","sticky":false,"template":"","format":"standard","meta":{"_monsterinsights_skip_tracking":false,"_monsterinsights_sitenote_active":false,"_monsterinsights_sitenote_note":"","_monsterinsights_sitenote_category":0},"categories":[22],"tags":[],"_links":{"self":[{"href":"https:\/\/www.reportedeprensa.utalca.cl\/index.php?rest_route=\/wp\/v2\/posts\/4112"}],"collection":[{"href":"https:\/\/www.reportedeprensa.utalca.cl\/index.php?rest_route=\/wp\/v2\/posts"}],"about":[{"href":"https:\/\/www.reportedeprensa.utalca.cl\/index.php?rest_route=\/wp\/v2\/types\/post"}],"author":[{"embeddable":true,"href":"https:\/\/www.reportedeprensa.utalca.cl\/index.php?rest_route=\/wp\/v2\/users\/1"}],"replies":[{"embeddable":true,"href":"https:\/\/www.reportedeprensa.utalca.cl\/index.php?rest_route=%2Fwp%2Fv2%2Fcomments&post=4112"}],"version-history":[{"count":4,"href":"https:\/\/www.reportedeprensa.utalca.cl\/index.php?rest_route=\/wp\/v2\/posts\/4112\/revisions"}],"predecessor-version":[{"id":4116,"href":"https:\/\/www.reportedeprensa.utalca.cl\/index.php?rest_route=\/wp\/v2\/posts\/4112\/revisions\/4116"}],"wp:attachment":[{"href":"https:\/\/www.reportedeprensa.utalca.cl\/index.php?rest_route=%2Fwp%2Fv2%2Fmedia&parent=4112"}],"wp:term":[{"taxonomy":"category","embeddable":true,"href":"https:\/\/www.reportedeprensa.utalca.cl\/index.php?rest_route=%2Fwp%2Fv2%2Fcategories&post=4112"},{"taxonomy":"post_tag","embeddable":true,"href":"https:\/\/www.reportedeprensa.utalca.cl\/index.php?rest_route=%2Fwp%2Fv2%2Ftags&post=4112"}],"curies":[{"name":"wp","href":"https:\/\/api.w.org\/{rel}","templated":true}]}}