{"id":4124,"date":"2022-06-03T09:57:06","date_gmt":"2022-06-03T12:57:06","guid":{"rendered":"https:\/\/www.reportedeprensa.utalca.cl\/?p=4124"},"modified":"2022-06-06T09:48:03","modified_gmt":"2022-06-06T12:48:03","slug":"02-de-junio-de-2022-2","status":"publish","type":"post","link":"https:\/\/www.reportedeprensa.utalca.cl\/?p=4124","title":{"rendered":"03 de junio de 2022"},"content":{"rendered":"\t\t<div data-elementor-type=\"wp-post\" data-elementor-id=\"4124\" class=\"elementor elementor-4124\" data-elementor-settings=\"[]\">\n\t\t\t\t\t\t\t<div class=\"elementor-section-wrap\">\n\t\t\t\t\t\t\t<section class=\"elementor-section elementor-top-section elementor-element elementor-element-551691d7 elementor-section-boxed elementor-section-height-default elementor-section-height-default\" data-id=\"551691d7\" data-element_type=\"section\">\n\t\t\t\t\t\t<div class=\"elementor-container elementor-column-gap-default\">\n\t\t\t\t\t<div class=\"elementor-column elementor-col-100 elementor-top-column elementor-element elementor-element-249cced\" data-id=\"249cced\" data-element_type=\"column\">\n\t\t\t<div class=\"elementor-widget-wrap elementor-element-populated\">\n\t\t\t\t\t\t\t\t<div class=\"elementor-element elementor-element-60e9cf41 elementor-widget elementor-widget-text-editor\" data-id=\"60e9cf41\" data-element_type=\"widget\" data-widget_type=\"text-editor.default\">\n\t\t\t\t<div class=\"elementor-widget-container\">\n\t\t\t\t\t\t\t\t<p class=\"x_MsoNormal\"><strong>RADIO ADN\u00a0<\/strong><\/p><p class=\"x_MsoNormal\"><a href=\"https:\/\/www.litoralpress.cl\/sitio\/RadioTV_Detalles.cshtml?LPKey=CEGDDEJZ5Z4YF6HMOF62DAY3WWMDQYFHF66Q6T4YU6WF6CSNM7FSGPWIYQ4NPNMBIHIEBNN3SIAJY\">Minsal report\u00f3 8.513 casos nuevos y 23 muertes de covid-19 en la \u00faltima jornada. Se refiere Daniel Jim\u00e9nez, director de Salud del Estudiante.\u00a0<\/a><\/p><p class=\"x_MsoNormal\">\u00a0<\/p><p class=\"x_MsoNormal\"><strong>CANAL UCHILE\u00a0<\/strong><\/p><p class=\"x_MsoNormal\"><a href=\"https:\/\/www.litoralpress.cl\/sitio\/RadioTV_Detalles.cshtml?LPKey=HZ6YXT74LL4XNIV26EQL3BCX4RSLRYDRPR5O2XN5SRNXBVANXA3BLUVXZW4OGW7MAFP7EZ3IUMRSO\">Entrevista a Mar\u00eda Ester Mu\u00f1oz, acad\u00e9mica de la Escuela de Enfermer\u00eda.\u00a0<\/a><\/p><p class=\"x_MsoNormal\">\u00a0<\/p><p class=\"x_MsoNormal\"><strong>EL LECTOR\u00a0<\/strong><\/p><p class=\"x_MsoNormal\"><a href=\"https:\/\/www.litoralpress.cl\/paginaconsultas\/Servicios_NClipSitio\/Get_Imagen_Nota.aspx?LPKey=WD4ZJ624UVPVD4HPAVK25KYWFHDWECOFNBHQNWT6IQZMBS3PIZVUCD56FVVRUIPDMJBJ7X6NZAIFU\">D\u00eda sin fumar: Preocupaci\u00f3n por alto tabaquismo en Chile. Se refieren Eduardo Fuentes, acad\u00e9mico del Centro de Investigaci\u00f3n en Trombosis (CIT) y Macarena Said, acad\u00e9mica del Departamento de Salud P\u00fablica. \u00a0<\/a><\/p><p class=\"x_MsoNormal\">\u00a0<\/p><p class=\"x_MsoNormal\"><strong>PORTALEDUCACION.CL\u00a0<\/strong><\/p><p class=\"x_MsoNormal\"><a href=\"https:\/\/portaleducacion.cl\/index.php\/2022\/06\/02\/utalca-realizara-talleres-para-estimular-la-creatividad-y-ensenar-el-metodo-cientifico-a-escolares\/\">UTalca realizar\u00e1 talleres para estimular la creatividad y ense\u00f1ar el m\u00e9todo cient\u00edfico a escolares. Se refiere Karin Saavedra, directora de Vinculaci\u00f3n con el Medio.\u00a0<\/a><\/p><p class=\"x_MsoNormal\">\u00a0<\/p><p class=\"x_MsoNormal\"><strong>ELCENTRO.CL\u00a0<\/strong><\/p><p class=\"x_MsoNormal\"><a href=\"https:\/\/elcentro.cl\/2022\/06\/02\/utalca-realizara-talleres-para-estimular-la-creatividad-y-ensenar-el-metodo-cientifico-a-escolares\/\">UTalca realizar\u00e1 talleres para estimular la creatividad y ense\u00f1ar el m\u00e9todo cient\u00edfico a escolares. Se refiere Karin Saavedra, directora de Vinculaci\u00f3n con el Medio.\u00a0<\/a><\/p><p class=\"x_MsoNormal\">\u00a0<\/p><p class=\"x_MsoNormal\"><strong>CANAL TVN RED MAULE\u00a0<\/strong><\/p><p class=\"x_MsoNormal\"><a href=\"https:\/\/www.litoralpress.cl\/sitio\/RadioTV_Detalles.cshtml?LPKey=K6AKXR7JJGRARKHMXB2O5QEPWF4D53ON35O73CW2KVJ27KGR5MYGYH22MNQQ2XQF4O6CLXG3L6ZJY\">Talleres para escolares sobre m\u00e9todo cient\u00edfico. Se menciona a Explora Maule de la UTalca.\u00a0<\/a><\/p><p class=\"x_MsoNormal\" aria-hidden=\"true\">\u00a0<\/p><p class=\"x_MsoNormal\"><strong>CAUQUENESNET.CL\u00a0<\/strong><\/p><p class=\"x_MsoNormal\"><a href=\"https:\/\/cauquenesnet.cl\/2022\/06\/02\/utalca-realizara-talleres-para-estimular-la-creatividad-y-ensenar-el-metodo-cientifico-a-escolares\/\">UTalca realizar\u00e1 talleres para estimular la creatividad y ense\u00f1ar el m\u00e9todo cient\u00edfico a escolares. Se refiere Karin Saavedra, directora de Vinculaci\u00f3n con el Medio.\u00a0<\/a><\/p><p class=\"x_MsoNormal\" aria-hidden=\"true\">\u00a0<\/p><p class=\"x_MsoNormal\"><strong>CANAL TVN RED MAULE\u00a0<\/strong><\/p><p class=\"x_MsoNormal\"><a href=\"https:\/\/www.litoralpress.cl\/sitio\/RadioTV_Detalles.cshtml?LPKey=6EBCSB3S62Q776VYXVBMWGKKCX7KCYN2GACNMXTWDVHN4K32X53P53ZT33YLJIA6B63TL6EKRSDWC\">Ingeniero de Universidad de Talca logr\u00f3 ser contratado por Nintendo. Se refieren Jos\u00e9 Rojas, exalumno de Ingenier\u00eda de Desarrollo de Videojuegos y Realidad Virtual y Sven Von Brand, acad\u00e9mico de la Facultad de Ingenier\u00eda.\u00a0<\/a><\/p><p class=\"x_MsoNormal\">\u00a0<\/p><p class=\"x_MsoNormal\"><strong>DIARIOSENRED.COM\u00a0<\/strong><\/p><p class=\"x_MsoNormal\"><a href=\"https:\/\/diariosenred.com\/regional\/investigador-de-la-utalca-explica-como-funcionaria-el-sistema-judicial\">Investigador de la UTalca explica c\u00f3mo funcionar\u00eda el sistema judicial propuesto en la nueva Constituci\u00f3n.\u00a0\u00a0Se refiere V\u00edctor Araya, investigador del Centro de Estudios Constitucionales de Chile (CECOCH).\u00a0<\/a><\/p><p class=\"x_MsoNormal\">\u00a0<\/p><p class=\"x_MsoNormal\"><strong>ADPRENSA.CL\u00a0<\/strong><\/p><p class=\"x_MsoNormal\"><a href=\"https:\/\/www.adprensa.cl\/cronica\/detallan-como-funcionaria-el-sistema-judicial-propuesto-en-la-nueva-constitucion\/\">Detallan c\u00f3mo funcionar\u00eda el sistema judicial propuesto en la nueva Constituci\u00f3n. Se refiere V\u00edctor Araya, investigador del Centro de Estudios Constitucionales de Chile (CECOCH).\u00a0<\/a><\/p><p class=\"x_MsoNormal\">\u00a0<\/p><p class=\"x_MsoNormal\"><strong>REDMAULE.COM\u00a0<\/strong><\/p><p class=\"x_MsoNormal\"><a href=\"https:\/\/www.redmaule.com\/regional\/investigador-de-la-utalca-explica-como-funcionaria-el-sistema-judicial\">Investigador de la UTalca explica c\u00f3mo funcionar\u00eda el sistema judicial propuesto en la nueva Constituci\u00f3n.\u00a0\u00a0Se refiere V\u00edctor Araya, investigador del Centro de Estudios Constitucionales de Chile (CECOCH).\u00a0<\/a><\/p><p class=\"x_MsoNormal\">\u00a0<\/p><p class=\"x_MsoNormal\"><strong>ELCENTRO.CL\u00a0<\/strong><\/p><p class=\"x_MsoNormal\"><a href=\"https:\/\/elcentro.cl\/2022\/06\/02\/experto-constitucionalista-detalla-como-funcionaria-el-sistema-judicial-propuesto-en-la-nueva-constitucion\/\">Experto constitucionalista detalla c\u00f3mo funcionar\u00eda el sistema judicial propuesto en la nueva Constituci\u00f3n. Se refiere V\u00edctor Araya, investigador del Centro de Estudios Constitucionales de Chile (CECOCH).\u00a0<\/a><\/p><p class=\"x_MsoNormal\">\u00a0<\/p><p class=\"x_MsoNormal\"><strong>ADNRADIO.CL\u00a0<\/strong><\/p><p class=\"x_MsoNormal\"><a href=\"https:\/\/www.adnradio.cl\/nacional\/2022\/06\/02\/fact-checking-a-la-cuenta-publica-presidencial-2022-codelco-gestiona-alrededor-del-10-del-cobre-mundial.html\">Fact Checking a la Cuenta P\u00fablica Presidencial 2022: Codelco gestiona alrededor del 10% del cobre mundial. Se refiere Juan Andr\u00e9s Riquelme, director del Mag\u00edster en Econom\u00eda de la Universidad de Talca.\u00a0<\/a><\/p><p class=\"x_MsoNormal\">\u00a0<\/p><p class=\"x_MsoNormal\"><strong>LATERCERA.COM\u00a0<\/strong><\/p><p class=\"x_MsoNormal\"><a href=\"https:\/\/www.latercera.com\/pulso\/noticia\/paula-benavides-en-presentacion-en-u-de-talca-el-valor-de-nuestros-informes-es-que-ofrecen-una-mirada-independiente-sobre-la-conduccion-de-la-politica-fiscal\/PYVELT6GQBF45JHDOJBIS5UTQ4\/\">Paula Benavides en presentaci\u00f3n en U. De Talca: \u201cEl valor de nuestros informes es que ofrecen una mirada independiente sobre la conducci\u00f3n de la pol\u00edtica fiscal\u201d. \u00a0<\/a><\/p><p class=\"x_MsoNormal\">\u00a0<\/p><p class=\"x_MsoNormal\"><strong>SEPTIMAPAGINANOTICIAS.CL\u00a0<\/strong><\/p><p class=\"x_MsoNormal\"><a href=\"https:\/\/www.septimapaginanoticias.cl\/economista-proyecta-que-inflacion-ira-de-mas-a-menos-durante-el-segundo-semestre-de-2022\">Economista proyecta que inflaci\u00f3n ir\u00e1 \u201cde m\u00e1s a menos\u201d durante el segundo semestre de 2022. Se refiere Rodrigo Saens, acad\u00e9mico de la Facultad de Econom\u00eda y Negocios (FEN).\u00a0<\/a><\/p><p class=\"x_MsoNormal\">\u00a0<\/p><p class=\"x_MsoNormal\"><strong>CANAL CNN CHILE\u00a0<\/strong><\/p><p class=\"x_MsoNormal\"><a href=\"https:\/\/www.litoralpress.cl\/sitio\/RadioTV_Detalles.cshtml?LPKey=VIAVZ654C4CRL3GAFFM2RSFLJJLPNPFRYFPMZSMLNG54D33I6HL6VRZEVL54YYSROJ5V7Z673YMHC\">La cuenta p\u00fablica del Presidente Boric promet\u00eda ser el punto de inflexi\u00f3n para el Gobierno. Se refiere Mauricio Morales, director del Centro de An\u00e1lisis Pol\u00edtico (CAP).\u00a0<\/a><\/p><p class=\"x_MsoNormal\">\u00a0<\/p><p class=\"x_MsoNormal\"><strong>RADIO INFINITA\u00a0<\/strong><\/p><p class=\"x_MsoNormal\"><a href=\"https:\/\/www.litoralpress.cl\/sitio\/RadioTV_Detalles.cshtml?LPKey=JQB3YUFYXGO4VIVSPILOCAD57YNZ7YNVBGWCY5XFQTCV734XBVBGKWFMA5XEBYK3RNDRIRHLJLNTM\">Comentario de Mauricio Morales, director del Centro de An\u00e1lisis Pol\u00edtico (CAP).\u00a0<\/a><\/p><p>\u00a0<\/p><p class=\"x_MsoNormal\"><strong>RADIO OASIS\u00a0<\/strong><\/p><p class=\"x_MsoNormal\"><a href=\"https:\/\/www.litoralpress.cl\/sitio\/RadioTV_Detalles.cshtml?LPKey=YIDS6TCODT5SWWQDVFHNM2MMHZKR5KZQ25ETM4XC6IUEITXGQ3TUAOVJIPFANSEP3S7BJ3EF7D5WO\">Entrevista a Mauricio Morales, director del Centro de An\u00e1lisis Pol\u00edtico (CAP).\u00a0<\/a><\/p><p class=\"x_MsoNormal\">\u00a0<\/p><p class=\"x_MsoNormal\"><strong>OASISFM.CL\u00a0<\/strong><\/p><p class=\"x_MsoNormal\"><a href=\"https:\/\/oasisfm.cl\/cuenta-publica-boric-02-06-2022\">&#8220;Hay un af\u00e1n del gobierno de explotar los atributos personales del Presidente porque es donde hoy est\u00e1 resistiendo en materia de popularidad&#8221;. Se refiere Mauricio Morales, director del Centro de An\u00e1lisis Pol\u00edtico (CAP).\u00a0<\/a><\/p><p class=\"x_MsoNormal\">\u00a0<\/p><p class=\"x_MsoNormal\"><strong>CANAL TVN RED AUSTRAL\u00a0<\/strong><\/p><p class=\"x_MsoNormal\"><a href=\"https:\/\/www.litoralpress.cl\/sitio\/RadioTV_Detalles.cshtml?LPKey=J2KMWWEQTOTNCU2R2FMV3MFCARRCGREJY26ZUW3EMWSBIEGUJBOKZZZY7274AAJJFLDLYBAK6IB5U\">Presidente Gabriel Boric entreg\u00f3 su primera cuenta p\u00fablica. Se refieren Luis Acevedo, investigador del Centro de Estudios Constitucionales de Chile (CECOCH) y Juan Andr\u00e9s Riquelme, director del Mag\u00edster en Econom\u00eda. \u00a0<\/a><\/p><p class=\"x_MsoNormal\">\u00a0<\/p><p class=\"x_MsoNormal\"><strong>24HORAS.CL\u00a0<\/strong><\/p><p class=\"x_MsoNormal\"><a href=\"https:\/\/www.litoralpress.cl\/sitio\/RadioTV_Detalles.cshtml?LPKey=MF6VL3IWGDBMUR474JGQORSDGICKQBJBR32R4DDRSTBBJM2NRZ7N7CHKMLKWXFWH566INPBQZHFYW\">Diputados de visita en Palestina publicaron que trabajaban en el Maule. Se refiere Mario Herrera, acad\u00e9mico del Centro de An\u00e1lisis Pol\u00edtico (CAP). \u00a0<\/a><\/p><p class=\"x_MsoNormal\">\u00a0<\/p><p class=\"x_MsoNormal\"><strong>CANAL TVN RED MAULE\u00a0<\/strong><\/p><p class=\"x_MsoNormal\"><a href=\"https:\/\/www.litoralpress.cl\/sitio\/RadioTV_Detalles.cshtml?LPKey=6PHSSRUOV6CUHPWYICYK6V5HN3CXFETX2NLJ7EA5LCSYYMK3TJBYLDZ46TA4QE2Q32BN5O5SBCZN6\">Im\u00e1genes de presentaci\u00f3n de Orquesta Sinf\u00f3nica de Universidad de Talca.<\/a><\/p><p class=\"x_MsoNormal\">\u00a0<\/p>\t\t\t\t\t\t<\/div>\n\t\t\t\t<\/div>\n\t\t\t\t\t<\/div>\n\t\t<\/div>\n\t\t\t\t\t\t\t<\/div>\n\t\t<\/section>\n\t\t\t\t\t\t<\/div>\n\t\t\t\t\t<\/div>\n\t\t","protected":false},"excerpt":{"rendered":"<p>RADIO ADN\u00a0 Minsal report\u00f3 8.513 casos nuevos y 23 muertes de covid-19 en la \u00faltima jornada. Se refiere Daniel Jim\u00e9nez, director de Salud del Estudiante.\u00a0 \u00a0 CANAL UCHILE\u00a0 Entrevista a Mar\u00eda Ester Mu\u00f1oz, acad\u00e9mica de la Escuela de Enfermer\u00eda.\u00a0 \u00a0 EL LECTOR\u00a0 D\u00eda sin fumar: Preocupaci\u00f3n por alto tabaquismo en Chile. Se refieren Eduardo Fuentes, &hellip;<\/p>\n<p class=\"read-more\"> <a class=\"\" href=\"https:\/\/www.reportedeprensa.utalca.cl\/?p=4124\"> <span class=\"screen-reader-text\">03 de junio de 2022<\/span> Read More &raquo;<\/a><\/p>\n","protected":false},"author":1,"featured_media":0,"comment_status":"closed","ping_status":"open","sticky":false,"template":"","format":"standard","meta":{"_monsterinsights_skip_tracking":false,"_monsterinsights_sitenote_active":false,"_monsterinsights_sitenote_note":"","_monsterinsights_sitenote_category":0},"categories":[22],"tags":[],"_links":{"self":[{"href":"https:\/\/www.reportedeprensa.utalca.cl\/index.php?rest_route=\/wp\/v2\/posts\/4124"}],"collection":[{"href":"https:\/\/www.reportedeprensa.utalca.cl\/index.php?rest_route=\/wp\/v2\/posts"}],"about":[{"href":"https:\/\/www.reportedeprensa.utalca.cl\/index.php?rest_route=\/wp\/v2\/types\/post"}],"author":[{"embeddable":true,"href":"https:\/\/www.reportedeprensa.utalca.cl\/index.php?rest_route=\/wp\/v2\/users\/1"}],"replies":[{"embeddable":true,"href":"https:\/\/www.reportedeprensa.utalca.cl\/index.php?rest_route=%2Fwp%2Fv2%2Fcomments&post=4124"}],"version-history":[{"count":4,"href":"https:\/\/www.reportedeprensa.utalca.cl\/index.php?rest_route=\/wp\/v2\/posts\/4124\/revisions"}],"predecessor-version":[{"id":4137,"href":"https:\/\/www.reportedeprensa.utalca.cl\/index.php?rest_route=\/wp\/v2\/posts\/4124\/revisions\/4137"}],"wp:attachment":[{"href":"https:\/\/www.reportedeprensa.utalca.cl\/index.php?rest_route=%2Fwp%2Fv2%2Fmedia&parent=4124"}],"wp:term":[{"taxonomy":"category","embeddable":true,"href":"https:\/\/www.reportedeprensa.utalca.cl\/index.php?rest_route=%2Fwp%2Fv2%2Fcategories&post=4124"},{"taxonomy":"post_tag","embeddable":true,"href":"https:\/\/www.reportedeprensa.utalca.cl\/index.php?rest_route=%2Fwp%2Fv2%2Ftags&post=4124"}],"curies":[{"name":"wp","href":"https:\/\/api.w.org\/{rel}","templated":true}]}}