{"id":4138,"date":"2022-06-06T09:48:15","date_gmt":"2022-06-06T12:48:15","guid":{"rendered":"https:\/\/www.reportedeprensa.utalca.cl\/?p=4138"},"modified":"2022-06-06T09:54:11","modified_gmt":"2022-06-06T12:54:11","slug":"04-de-junio-de-2022","status":"publish","type":"post","link":"https:\/\/www.reportedeprensa.utalca.cl\/?p=4138","title":{"rendered":"06 de junio de 2022"},"content":{"rendered":"\t\t<div data-elementor-type=\"wp-post\" data-elementor-id=\"4138\" class=\"elementor elementor-4138\" data-elementor-settings=\"[]\">\n\t\t\t\t\t\t\t<div class=\"elementor-section-wrap\">\n\t\t\t\t\t\t\t<section class=\"elementor-section elementor-top-section elementor-element elementor-element-e792e82 elementor-section-boxed elementor-section-height-default elementor-section-height-default\" data-id=\"e792e82\" data-element_type=\"section\">\n\t\t\t\t\t\t<div class=\"elementor-container elementor-column-gap-default\">\n\t\t\t\t\t<div class=\"elementor-column elementor-col-100 elementor-top-column elementor-element elementor-element-e14e164\" data-id=\"e14e164\" data-element_type=\"column\">\n\t\t\t<div class=\"elementor-widget-wrap elementor-element-populated\">\n\t\t\t\t\t\t\t\t<div class=\"elementor-element elementor-element-2be5a45 elementor-widget elementor-widget-text-editor\" data-id=\"2be5a45\" data-element_type=\"widget\" data-widget_type=\"text-editor.default\">\n\t\t\t\t<div class=\"elementor-widget-container\">\n\t\t\t\t\t\t\t\t<p class=\"x_MsoNormal\"><strong><span lang=\"ES\">LA TERCERA\u00a0<\/span><\/strong><\/p><p class=\"x_MsoNormal\"><a href=\"https:\/\/www.litoralpress.cl\/paginaconsultas\/Servicios_NClipSitio\/Get_Imagen_Nota.aspx?LPKey=VU7L34QW76MA56GVIX7QLT7DK7UB4ENK3DXUAJBGK4DLC5CXVLNFYGNU6WVPCAUDVT5GNCANFZ2ZA\"><span lang=\"ES\">Nuevo trato. Se refiere Carlos Torres, rector de la UTalca.\u00a0<\/span><\/a><\/p><p class=\"x_MsoNormal\"><span lang=\"ES\">\u00a0<\/span><\/p><p class=\"x_MsoNormal\"><strong><span lang=\"ES\">LATERCERA.COM\u00a0<\/span><\/strong><\/p><p class=\"x_MsoNormal\"><a href=\"https:\/\/www.latercera.com\/opinion\/noticia\/nuevo-trato\/XK4744GIERA23DJQ2TCJZMISDU\/\"><span lang=\"ES\">Nuevo trato. Se refiere Carlos Torres, rector de la UTalca.<\/span>\u00a0<\/a><\/p><p class=\"x_MsoNormal\"><span lang=\"ES\">\u00a0<\/span><\/p><p class=\"x_MsoNormal\"><strong><span lang=\"ES\">EL MERCURIO\u00a0<\/span><\/strong><\/p><p class=\"x_MsoNormal\"><a href=\"https:\/\/www.litoralpress.cl\/paginaconsultas\/Servicios_NClipSitio\/Get_Imagen_Nota.aspx?LPKey=Y7QKAXPQGVCD2VVEQTFQ3VSWG6IG6LTCLP2BERDXL3HBGJMCCEPN7MKEBWV5ZIC6ZJ3SMLFXRVOVU\"><span lang=\"ES\">Debate sobre condonaci\u00f3n universal de deudas educativas pone el foco en desertores y en exalumnos sin opciones de \u201cponerse al d\u00eda\u201d. Se refiere Carlos Torres, rector de la UTalca.\u00a0<\/span><\/a><\/p><p class=\"x_MsoNormal\"><span lang=\"ES\">\u00a0\u00a0<\/span><\/p><p class=\"x_MsoNormal\"><strong><span lang=\"ES\">ELCENTRO.CL\u00a0<\/span><\/strong><\/p><p class=\"x_MsoNormal\"><a href=\"https:\/\/elcentro.cl\/2022\/06\/05\/utalca-entregara-titulos-y-grados-con-denominacion-de-genero\/\"><span lang=\"ES\">UTalca entregar\u00e1 t\u00edtulos y grados con denominaci\u00f3n de g\u00e9nero. Se refiere Isabel Hern\u00e1ndez, secretaria General de la UTalca.\u00a0<\/span><\/a><\/p><p class=\"x_MsoNormal\"><span lang=\"ES\">\u00a0<\/span><\/p><p class=\"x_MsoNormal\"><strong><span lang=\"ES\">DIARIOTALCA.CL\u00a0<\/span><\/strong><\/p><p class=\"x_MsoNormal\"><a href=\"https:\/\/diariotalca.cl\/musicos-utalinos-destacan-en-escenarios-nacionales-e-internacionales\/\"><span lang=\"ES\">M\u00fasicos utalinos destacan en escenarios nacionales e internacionales. Se refiere Andr\u00e9s Maraga\u00f1o, decano de la Facultad de Arquitectura, Dise\u00f1o y M\u00fasica.\u00a0<\/span><\/a><\/p><p class=\"x_MsoNormal\"><span lang=\"ES\">\u00a0<\/span><\/p><p class=\"x_MsoNormal\"><strong><span lang=\"ES\">RADIO ADN\u00a0<\/span><\/strong><\/p><p class=\"x_MsoNormal\"><a href=\"https:\/\/www.litoralpress.cl\/sitio\/RadioTV_Detalles.cshtml?LPKey=SNBTPHBFKC32ZZPATVR43TNFDPEZRUXOMMT7Q3VP2OUHNBL7M3Q4YFGVPE7NFLKUOD3JGQ7QNFH2E\"><span lang=\"ES\">Contagios diarios de Covid19 superaron la barrera de los 8.500 en 24 horas. Se refiere Daniel Jim\u00e9nez, director de Salud del Estudiante.\u00a0<\/span><\/a><\/p><p class=\"x_MsoNormal\"><span lang=\"ES\">\u00a0<\/span><\/p><p class=\"x_MsoNormal\"><strong><span lang=\"ES\">CANAL TVN\u00a0<\/span><\/strong><\/p><p class=\"x_MsoNormal\"><a href=\"https:\/\/www.litoralpress.cl\/sitio\/RadioTV_Detalles.cshtml?LPKey=NEMU7QSGEG4CZSV6Q54MRWQ5M4L6ICB5LDVLGADTGM5P2RQR6ZYXLDQEQDEMVFQHS5BDQO2SI35OY\"><span lang=\"ES\">Cient\u00edficos chilenos crean &#8220;S\u00faper Huevos&#8221; m\u00e1s ricos y nutritivos. Se refieren H\u00e9ctor Quinteros, acad\u00e9mico de la Facultad de Ingenier\u00eda y Di\u00f3genes Hern\u00e1ndez, acad\u00e9mico del Instituto de Qu\u00edmica de Recursos Naturales. \u00a0<\/span><\/a><\/p><p class=\"x_MsoNormal\"><span lang=\"ES\">\u00a0<\/span><\/p><p class=\"x_MsoNormal\"><strong><span lang=\"ES\">CANAL 24 HORAS\u00a0<\/span><\/strong><\/p><p class=\"x_MsoNormal\"><a href=\"https:\/\/www.litoralpress.cl\/sitio\/RadioTV_Detalles.cshtml?LPKey=QAT2QH5QEYLCS3MEBXL76UMGBFOPTGHERWUYALCQHQZA7FMF7ZNVUBW4V2NBNRNE7JV24RVOHIOCQ\"><span lang=\"ES\">Cient\u00edficos chilenos crean &#8220;S\u00faper Huevos&#8221; m\u00e1s ricos y nutritivos. Se refieren H\u00e9ctor Quinteros, acad\u00e9mico de la Facultad de Ingenier\u00eda y Di\u00f3genes Hern\u00e1ndez, acad\u00e9mico del Instituto de Qu\u00edmica de Recursos Naturales.\u00a0<\/span><\/a><\/p><p class=\"x_MsoNormal\"><span lang=\"ES\">\u00a0<\/span><\/p><p class=\"x_MsoNormal\"><strong><span lang=\"ES\">COOPERATIVA.CL\u00a0<\/span><\/strong><\/p><p class=\"x_MsoNormal\"><a href=\"https:\/\/www.cooperativa.cl\/noticias\/pais\/region-del-maule\/cientificas-de-la-universidad-de-talca-investigan-veneno-de-escorpion\/2022-06-03\/174053.html\"><span lang=\"ES\">Cient\u00edficas de la Universidad de Talca investigan veneno de escorpi\u00f3n azul para tratar el c\u00e1ncer. Se refiere Wendy Gonz\u00e1lez, directora del Centro de Bioinform\u00e1tica, Simulaci\u00f3n y Modelado (CBSM).\u00a0<\/span><\/a><\/p><p class=\"x_MsoNormal\"><span lang=\"ES\">\u00a0<\/span><\/p><p class=\"x_MsoNormal\"><strong><span lang=\"ES\">ELCIUDADANO.COM\u00a0<\/span><\/strong><\/p><p class=\"x_MsoNormal\"><a href=\"https:\/\/www.elciudadano.com\/ciencia-tecnologia\/cientificas-investigan-veneno-de-escorpion-azul-para-tratar-el-cancer\/06\/03\/\"><span lang=\"ES\">Cient\u00edficas investigan veneno de escorpi\u00f3n azul para tratar el c\u00e1ncer.<\/span><span lang=\"ES\">\u00a0<\/span><span lang=\"ES\">Se refiere Wendy Gonz\u00e1lez, directora del Centro de Bioinform\u00e1tica, Simulaci\u00f3n y Modelado (CBSM).<\/span><span lang=\"ES\">\u00a0<\/span><\/a><\/p><p class=\"x_MsoNormal\"><span lang=\"ES\">\u00a0<\/span><\/p><p class=\"x_MsoNormal\"><strong><span lang=\"ES\">EL LECTOR\u00a0<\/span><\/strong><\/p><p class=\"x_MsoNormal\"><a href=\"https:\/\/www.litoralpress.cl\/paginaconsultas\/Servicios_NClipSitio\/Get_Imagen_Nota.aspx?LPKey=NGSLCN26ASN6ESCOSW3XP4K564RQUPIRAZOEOKYSWRPU7L2RJDJJFVDWDFNC6ADQAVUTQIYVB65MU\"><span lang=\"ES\">Cient\u00edficas investigan veneno de escorpi\u00f3n azul para tratar el c\u00e1ncer. Se refiere Wendy Gonz\u00e1lez, directora del Centro de Bioinform\u00e1tica, Simulaci\u00f3n y Modelado (CBSM).\u00a0<\/span><\/a><\/p><p class=\"x_MsoNormal\"><span lang=\"ES\">\u00a0<\/span><\/p><p class=\"x_MsoNormal\"><strong><span lang=\"ES\">ADPRENSA.CL\u00a0<\/span><\/strong><\/p><p class=\"x_MsoNormal\"><a href=\"https:\/\/www.adprensa.cl\/actividades-academicas\/cientificas-investigan-veneno-de-escorpion-azul-para-tratar-el-cancer\/\"><span lang=\"ES\">Cient\u00edficas investigan veneno de escorpi\u00f3n azul para tratar el c\u00e1ncer. Se refiere Wendy Gonz\u00e1lez, directora del Centro de Bioinform\u00e1tica, Simulaci\u00f3n y Modelado (CBSM).\u00a0<\/span><\/a><\/p><p class=\"x_MsoNormal\"><span lang=\"ES\">\u00a0<\/span><\/p><p class=\"x_MsoNormal\"><strong><span lang=\"ES\">ELCENTRO.CL\u00a0<\/span><\/strong><\/p><p class=\"x_MsoNormal\"><a href=\"https:\/\/elcentro.cl\/2022\/06\/03\/cientificas-investigan-veneno-de-escorpion-azul-para-tratar-el-cancer\/\"><span lang=\"ES\">Cient\u00edficas investigan veneno de escorpi\u00f3n azul para tratar el c\u00e1ncer. Se refiere Wendy Gonz\u00e1lez, directora del Centro de Bioinform\u00e1tica, Simulaci\u00f3n y Modelado (CBSM).\u00a0<\/span><\/a><\/p><p class=\"x_MsoNormal\"><span lang=\"ES\">\u00a0<\/span><\/p><p class=\"x_MsoNormal\"><strong><span lang=\"ES\">G5NOTICIAS.CL\u00a0<\/span><\/strong><\/p><p class=\"x_MsoNormal\"><a href=\"https:\/\/g5noticias.cl\/2022\/06\/04\/cientificas-investigan-veneno-de-escorpion-azul-para-tratar-el-cancer\/\"><span lang=\"ES\">Cient\u00edficas investigan veneno de escorpi\u00f3n azul para tratar el c\u00e1ncer. Se refiere Wendy Gonz\u00e1lez, directora del Centro de Bioinform\u00e1tica, Simulaci\u00f3n y Modelado (CBSM).\u00a0<\/span><\/a><\/p><p class=\"x_MsoNormal\"><span lang=\"ES\">\u00a0<\/span><\/p><p class=\"x_MsoNormal\"><strong><span lang=\"ES\">EL MERCURIO\u00a0<\/span><\/strong><\/p><p class=\"x_MsoNormal\"><a href=\"https:\/\/www.litoralpress.cl\/paginaconsultas\/Servicios_NClipSitio\/Get_Imagen_Nota.aspx?LPKey=HMEAZKJ4NLQ7T3VRVSJOFLZF6R7WYUMENLLBW4V3VOF6RTCBTVRZFW7PI5B2HBUXGSPB2DB2APGTY\"><span lang=\"ES\">Libro y exposici\u00f3n relevan la figura del cr\u00edtico Antonio Romera. Se refiere Pedro Zamorano, director del Instituto Estudios Human\u00edsticos Juan Ignacio Molina.\u00a0\u00a0\u00a0<\/span><\/a><\/p><p class=\"x_MsoNormal\"><span lang=\"ES\">\u00a0<\/span><\/p><p class=\"x_MsoNormal\"><strong><span lang=\"ES\">LAS \u00daLTIMAS NOTICIAS\u00a0<\/span><\/strong><\/p><p class=\"x_MsoNormal\"><a href=\"https:\/\/www.litoralpress.cl\/paginaconsultas\/Servicios_NClipSitio\/Get_Imagen_Nota.aspx?LPKey=OYS2RVZDZQGNHGJEM4O6ILTT2BU6JPU5FZJFIJX7VTZ3XHBZJTIP2LU7TMV2FU2Q6DMPIPYYUQDTC\"><span lang=\"ES\">Exposici\u00f3n y libro rescatan al todoterreno Antonio Romera. Se refiere Pedro Zamorano, director del Instituto Estudios Human\u00edsticos Juan Ignacio Molina.\u00a0\u00a0\u00a0<\/span><\/a><\/p><p class=\"x_MsoNormal\"><span lang=\"ES\">\u00a0<\/span><\/p><p class=\"x_MsoNormal\"><strong><span lang=\"ES\">RADIO COOPERATIVA\u00a0<\/span><\/strong><\/p><p class=\"x_MsoNormal\"><a href=\"https:\/\/www.litoralpress.cl\/sitio\/RadioTV_Detalles.cshtml?LPKey=WLBUFGOD37C7E7CYRAE3B6LJ7Z2XYOS3PDOD3BEZXHEOMW7NEA6BIPPCUROZ5SLL3IWXWQGAQK2OC\"><span lang=\"ES\">Ingeniero chileno es reclutado por Nintendo para desarrollar videojuegos. Se refieren Jos\u00e9 Rojas, titulado de Ingenier\u00eda en Desarrollo de Videojuegos y Realidad Virtual y Marco Gonz\u00e1lez, acad\u00e9mico de la Facultad de Ingenier\u00eda. \u00a0<\/span><\/a><\/p><p class=\"x_MsoNormal\"><span lang=\"ES\">\u00a0<\/span><\/p><p class=\"x_MsoNormal\"><strong><span lang=\"ES\">ELCENTRO.CL\u00a0<\/span><\/strong><\/p><p class=\"x_MsoNormal\"><a href=\"https:\/\/elcentro.cl\/2022\/06\/04\/chile-no-esta-preparado-para-envejecer-de-manera-saludable\/\"><span lang=\"ES\">\u201cChile no est\u00e1 preparado para envejecer de manera saludable\u201d. Se refiere Iv\u00e1n Palomo, acad\u00e9mico de la Facultad de Ciencias de la Salud.\u00a0<\/span><\/a><\/p><p class=\"x_MsoNormal\"><span lang=\"ES\">\u00a0<\/span><\/p><p class=\"x_MsoNormal\"><strong><span lang=\"ES\">G5NOTICIAS.CL\u00a0<\/span><\/strong><\/p><p class=\"x_MsoNormal\"><a href=\"https:\/\/g5noticias.cl\/2022\/06\/04\/academico-utalca-chile-no-esta-preparado-para-envejecer-de-manera-saludable\/\"><span lang=\"ES\">Acad\u00e9mico UTalca: \u201cChile no est\u00e1 preparado para envejecer de manera saludable\u201d. Se refiere Iv\u00e1n Palomo, acad\u00e9mico de la Facultad de Ciencias de la Salud.\u00a0<\/span><\/a><\/p><p class=\"x_MsoNormal\"><span lang=\"ES\">\u00a0<\/span><\/p><p class=\"x_MsoNormal\"><strong><span lang=\"ES\">RADIOPOLAR.COM\u00a0<\/span><\/strong><\/p><p class=\"x_MsoNormal\"><a href=\"https:\/\/radiopolar.com\/noticia_176611.html\"><span lang=\"ES\">\u201cChile no est\u00e1 preparado para envejecer de manera saludable\u201d. Se refiere Iv\u00e1n Palomo, acad\u00e9mico de la Facultad de Ciencias de la Salud.\u00a0<\/span><\/a><\/p><p class=\"x_MsoNormal\"><span lang=\"ES\">\u00a0<\/span><\/p><p class=\"x_MsoNormal\"><strong><span lang=\"ES\">CANAL TVN RED MAULE\u00a0<\/span><\/strong><\/p><p class=\"x_MsoNormal\"><a href=\"https:\/\/www.litoralpress.cl\/sitio\/RadioTV_Detalles.cshtml?LPKey=TBQYORYRQILNLD5YPB2EPPLANCJZ7WJCPBJOMQWCBOUWY6MPFHF4YSJUI4SBTHZL6YH2PPVCCLELW\"><span lang=\"ES\">Preocupa en Talca el bajo uso del cintur\u00f3n de seguridad en los asientos traseros. Se refiere Emilio Moyano, acad\u00e9mico de la Facultad de Psicolog\u00eda.\u00a0<\/span><\/a><\/p><p class=\"x_MsoNormal\"><span lang=\"ES\">\u00a0<\/span><\/p><p class=\"x_MsoNormal\"><strong><span lang=\"ES\">LA PRENSA\u00a0<\/span><\/strong><\/p><p class=\"x_MsoNormal\"><a href=\"https:\/\/www.litoralpress.cl\/paginaconsultas\/Servicios_NClipSitio\/Get_Imagen_Nota.aspx?LPKey=UXKLA3VG2NPURAEQU7Q4JK6Y3PUP4IJTQP6PCBXM3FPVTILQSPT676BAOGMX25XE6C7EG7ZFDFR44\"><span lang=\"ES\">Invitan a capacitaci\u00f3n en ciencias para parvularias. Se refiere Karin Saavedra, directora de Vinculaci\u00f3n con el Medio. \u00a0<\/span><\/a><\/p><p class=\"x_MsoNormal\"><span lang=\"ES\">\u00a0<\/span><\/p><p class=\"x_MsoNormal\"><strong><span lang=\"ES\">ADPRENSA.CL\u00a0<\/span><\/strong><\/p><p class=\"x_MsoNormal\"><a href=\"https:\/\/www.adprensa.cl\/cronica\/seminario-utalca-abordo-escenario-fiscal\/\"><span lang=\"ES\">Seminario UTalca abord\u00f3 escenario Fiscal. Se refiere Rodrigo Herrera, decano de la Facultad de Econom\u00eda y Negocios (FEN).\u00a0<\/span><\/a><\/p><p class=\"x_MsoNormal\"><span lang=\"ES\">\u00a0<\/span><\/p><p class=\"x_MsoNormal\"><strong><span lang=\"ES\">CANAL TVN RED MAULE\u00a0<\/span><\/strong><\/p><p class=\"x_MsoNormal\"><a href=\"https:\/\/www.litoralpress.cl\/sitio\/RadioTV_Detalles.cshtml?LPKey=PUN4YA43WVTVWUNPSQAYSM7B4THQ6KZAYEFAVUJNEUHL4BHKBE5IHNOL3Z2WVVHTTSN26PBEVHDI2\"><span lang=\"ES\">Mueren una mujer y su hijo intoxicados por mon\u00f3xido de carbono en un departamento de Talca. Se refiere Mar\u00eda Luisa del Campo, directora del Centro Tecnol\u00f3gico Kipus.\u00a0<\/span><\/a><\/p><p class=\"x_MsoNormal\"><span lang=\"ES\">\u00a0<\/span><\/p><p class=\"x_MsoNormal\"><strong><span lang=\"ES\">CANAL CHILEVISI\u00d3N\u00a0<\/span><\/strong><\/p><p class=\"x_MsoNormal\"><a href=\"https:\/\/www.litoralpress.cl\/sitio\/RadioTV_Detalles.cshtml?LPKey=BZOEGMA6OH3GODT5GUL46WVP2S6YFKCOC33NGUYSBIIXS2VSABBAXSWIJXVAPXKYWYCJHWYH2OWZ4\"><span lang=\"ES\">La esperanza que trajo la lluvia para el sector agr\u00edcola. Se refiere Roberto Pizarro, acad\u00e9mico de la Escuela de Ingenier\u00eda Forestal.\u00a0<\/span><\/a><\/p><p class=\"x_MsoNormal\"><span lang=\"ES\">\u00a0<\/span><\/p><p class=\"x_MsoNormal\"><strong><span lang=\"ES\">RADIOPOLAR.COM\u00a0<\/span><\/strong><\/p><p class=\"x_MsoNormal\"><a href=\"https:\/\/radiopolar.com\/noticia_176604.html\"><span lang=\"ES\">Valoran propuesta de voto voluntario para j\u00f3venes de 16 y 17 a\u00f1os. Se refiere Isaac Ravetllat, acad\u00e9mico de la Facultad de Ciencias Jur\u00eddicas y Sociales.\u00a0\u00a0<\/span><\/a><\/p><p class=\"x_MsoNormal\"><span lang=\"ES\">\u00a0<\/span><\/p><p class=\"x_MsoNormal\"><strong><span lang=\"ES\">EL TIP\u00d3GRAFO\u00a0<\/span><\/strong><\/p><p class=\"x_MsoNormal\"><a href=\"https:\/\/www.litoralpress.cl\/paginaconsultas\/Servicios_NClipSitio\/Get_Imagen_Nota.aspx?LPKey=QTSNAAEAUMXJ2V3KL5WLYAU4RHQWHM64MCTWHWJZWQYBTLMXIWBPRP5RVTVRWVCXQSDZ63LMGOSAE\"><span lang=\"ES\">Medio Ambiente y Nueva Constituci\u00f3n. Se refiere Alejandra Llanos, investigadora del Centro de Estudios Constitucionales de Chile (CECOCH).\u00a0<\/span><\/a><\/p><p class=\"x_MsoNormal\"><span lang=\"ES\">\u00a0<\/span><\/p><p class=\"x_MsoNormal\"><strong><span lang=\"ES\">ELTIPOGRAFO.CL\u00a0<\/span><\/strong><\/p><p class=\"x_MsoNormal\"><a href=\"https:\/\/eltipografo.cl\/2022\/06\/medio-ambiente-y-nueva-constitucion\"><span lang=\"ES\">Medio Ambiente y Nueva Constituci\u00f3n. Se refiere Alejandra Llanos, investigadora del Centro de Estudios Constitucionales de Chile (CECOCH).\u00a0<\/span><\/a><\/p><p class=\"x_MsoNormal\"><span lang=\"ES\">\u00a0<\/span><\/p><p class=\"x_MsoNormal\"><strong><span lang=\"ES\">G5NOTICIAS.CL\u00a0<\/span><\/strong><\/p><p class=\"x_MsoNormal\"><a href=\"https:\/\/g5noticias.cl\/2022\/06\/04\/detallan-como-funcionaria-el-sistema-judicial-propuesto-en-la-nueva-constitucion\/\"><span lang=\"ES\">Detallan c\u00f3mo funcionar\u00eda el sistema judicial propuesto en la nueva Constituci\u00f3n. Se refiere V\u00edctor Araya, investigador del Centro de Estudios Constitucionales de Chile (CECOCH).\u00a0<\/span><\/a><\/p><p class=\"x_MsoNormal\"><span lang=\"ES\">\u00a0<\/span><\/p><p class=\"x_MsoNormal\"><strong><span lang=\"ES\">LA TERCERA\u00a0<\/span><\/strong><\/p><p class=\"x_MsoNormal\"><a href=\"https:\/\/www.litoralpress.cl\/paginaconsultas\/Servicios_NClipSitio\/Get_Imagen_Nota.aspx?LPKey=A7Z5D4CJXVX2F4OXMKTFBYAPKJMS56JJ4A5ZZXKA3ZPRSAP2QVJPG4EB33GUT4XMNR4U27DZLO5XK\"><span lang=\"ES\">Alcaldes recargados: otra vez dentro de las figuras mejor evaluadas.<\/span><span lang=\"ES\">\u00a0<\/span><span lang=\"ES\">Se refiere Mauricio Morales, director del Centro de An\u00e1lisis Pol\u00edtico (CAP).\u00a0<\/span><\/a><\/p><p class=\"x_MsoNormal\"><span lang=\"ES\">\u00a0<\/span><\/p><p class=\"x_MsoNormal\"><strong><span lang=\"ES\">CANAL MEGA\u00a0<\/span><\/strong><\/p><p class=\"x_MsoNormal\"><a href=\"https:\/\/www.litoralpress.cl\/sitio\/RadioTV_Detalles.cshtml?LPKey=RN5GY6QUJWIYI425KCYOQWSYNGQTZ254BQXAQ57EERMA32RW2BWYHN4VKQH5HN7GSBPKZPK5YCL2C\"><span lang=\"ES\">Chile Vamos llam\u00f3 a votar Rechazo a la propuesta de nueva constituci\u00f3n. Se refiere<\/span><span lang=\"ES\">\u00a0<\/span><span lang=\"ES\">Mauricio Morales, director del Centro de An\u00e1lisis Pol\u00edtico (CAP).\u00a0<\/span><\/a><\/p><p class=\"x_MsoNormal\"><span lang=\"ES\">\u00a0<\/span><\/p><p class=\"x_MsoNormal\"><strong><span lang=\"ES\">RADIO INFINITA\u00a0<\/span><\/strong><\/p><p class=\"x_MsoNormal\"><a href=\"https:\/\/www.litoralpress.cl\/sitio\/RadioTV_Detalles.cshtml?LPKey=QZ5W5PQCMUNTID6TV74WXN4YGT4DCBBG36L3TCSJXZMFB6B5T5SHMIJE45UXEOONBZ4MJH2UUNS5I\"><span lang=\"ES\">Comentario de Mauricio Morales, director del Centro de An\u00e1lisis Pol\u00edtico (CAP).\u00a0<\/span><\/a><\/p><p class=\"x_MsoNormal\"><span lang=\"ES\">\u00a0<\/span><\/p><p class=\"x_MsoNormal\"><strong><span lang=\"ES\">CANAL TV5 LINARES\u00a0<\/span><\/strong><\/p><p class=\"x_MsoNormal\"><a href=\"https:\/\/www.litoralpress.cl\/sitio\/RadioTV_Detalles.cshtml?LPKey=RZDOX52MIUWVW3BIOCB2CRVABWIJIJ4LAWXWH7GXTN3VVJJUFGSNMZMQUW7FIFPGUWGY5Z6HIMGJA\"><span lang=\"ES\">Expertos analizan el discurso del Presidente Boric. Se refieren Luis Acevedo, investigador del Centro de Estudios Constitucionales de Chile (CECOCH) y Juan Andr\u00e9s Riquelme, director del Mag\u00edster en Econom\u00eda. \u00a0<\/span><\/a><\/p><p class=\"x_MsoNormal\"><span lang=\"ES\">\u00a0<\/span><\/p><p class=\"x_MsoNormal\"><strong><span lang=\"ES\">RADIO GUAYAC\u00c1N\u00a0<\/span><\/strong><\/p><p class=\"x_MsoNormal\"><a href=\"https:\/\/www.litoralpress.cl\/sitio\/RadioTV_Detalles.cshtml?LPKey=7XKSEPWF63W72K44ERGNQ6QA5V5ZRRZFXNYCZQAHFJJFNP7S5O66MNEYXHOJCMKE44L3BDIQ7BRQ2\"><span lang=\"ES\">Entrevista a Mario Herrera, acad\u00e9mico del Centro de An\u00e1lisis Pol\u00edtico (CAP).\u00a0<\/span><\/a><\/p><p class=\"x_MsoNormal\"><span lang=\"ES\">\u00a0<\/span><\/p><p class=\"x_MsoNormal\"><strong><span lang=\"ES\">IMPACTO REGIONAL\u00a0<\/span><\/strong><\/p><p class=\"x_MsoNormal\"><a href=\"https:\/\/www.litoralpress.cl\/sitio\/RadioTV_Detalles.cshtml?LPKey=RBHYTLEDRIWGFSAZ6Q5B24O7CLC5VYWHK7GGODEYJXDLT3PE4UPTOWODR47JDZERGLD5XVOMFARII\"><span lang=\"ES\">Participaci\u00f3n de Fabi\u00e1n Belmar, investigador del Centro de An\u00e1lisis Pol\u00edtico (CAP).\u00a0<\/span><\/a><\/p><p class=\"x_MsoNormal\"><span lang=\"ES\">\u00a0<\/span><\/p><p class=\"x_MsoNormal\"><strong><span lang=\"ES\">LA PRENSA\u00a0<\/span><\/strong><\/p><p class=\"x_MsoNormal\"><a href=\"https:\/\/www.litoralpress.cl\/paginaconsultas\/Servicios_NClipSitio\/Get_Imagen_Nota.aspx?LPKey=6GPA76SVABMLLUSMQJRQKJT7KYRFME656PA26ULT52HLLYKWRT442SVKNOJU4L7XB3JIAEFBAOARM\"><span lang=\"ES\">Emotiva exposici\u00f3n en homenaje a Mario Gonz\u00e1lez Sep\u00falveda. Se refiere Marcela Albornoz, director de Extensi\u00f3n Cultural-Art\u00edstica.\u00a0<\/span><\/a><\/p><p class=\"x_MsoNormal\"><span lang=\"ES\">\u00a0<\/span><\/p><p class=\"x_MsoNormal\"><strong><span lang=\"ES\">DIARIOLAPRENSA.CL\u00a0<\/span><\/strong><\/p><p class=\"x_MsoNormal\"><a href=\"https:\/\/new.diariolaprensa.cl\/index.php\/2022\/06\/04\/emotiva-exposicion-en-homenaje-a-mario-gonzalez-sepulveda\/\"><span lang=\"ES\">Emotiva exposici\u00f3n en homenaje a Mario Gonz\u00e1lez Sep\u00falveda. Se refiere Marcela Albornoz, director de Extensi\u00f3n Cultural-Art\u00edstica.\u00a0<\/span><\/a><\/p><p class=\"x_MsoNormal\"><span lang=\"ES\">\u00a0<\/span><\/p><p class=\"x_MsoNormal\"><strong><span lang=\"ES\">ELCENTRO.CL\u00a0<\/span><\/strong><\/p><p class=\"x_MsoNormal\"><a href=\"https:\/\/elcentro.cl\/2022\/06\/04\/exposicion-lira-popular-contemporanea-vox-populi-edicion-a-color\/\"><span lang=\"ES\">Exposici\u00f3n \u201cLira Popular Contempor\u00e1nea Vox Populi, Edici\u00f3n a Color\u201d. Se refiere Marcela Albornoz, director de Extensi\u00f3n Cultural-Art\u00edstica.\u00a0<\/span><\/a><\/p><p class=\"x_MsoNormal\">\u00a0<\/p>\t\t\t\t\t\t<\/div>\n\t\t\t\t<\/div>\n\t\t\t\t\t<\/div>\n\t\t<\/div>\n\t\t\t\t\t\t\t<\/div>\n\t\t<\/section>\n\t\t\t\t\t\t<\/div>\n\t\t\t\t\t<\/div>\n\t\t","protected":false},"excerpt":{"rendered":"<p>LA TERCERA\u00a0 Nuevo trato. Se refiere Carlos Torres, rector de la UTalca.\u00a0 \u00a0 LATERCERA.COM\u00a0 Nuevo trato. Se refiere Carlos Torres, rector de la UTalca.\u00a0 \u00a0 EL MERCURIO\u00a0 Debate sobre condonaci\u00f3n universal de deudas educativas pone el foco en desertores y en exalumnos sin opciones de \u201cponerse al d\u00eda\u201d. Se refiere Carlos Torres, rector de la &hellip;<\/p>\n<p class=\"read-more\"> <a class=\"\" href=\"https:\/\/www.reportedeprensa.utalca.cl\/?p=4138\"> <span class=\"screen-reader-text\">06 de junio de 2022<\/span> Read More &raquo;<\/a><\/p>\n","protected":false},"author":1,"featured_media":0,"comment_status":"closed","ping_status":"open","sticky":false,"template":"","format":"standard","meta":{"_monsterinsights_skip_tracking":false,"_monsterinsights_sitenote_active":false,"_monsterinsights_sitenote_note":"","_monsterinsights_sitenote_category":0},"categories":[22],"tags":[],"_links":{"self":[{"href":"https:\/\/www.reportedeprensa.utalca.cl\/index.php?rest_route=\/wp\/v2\/posts\/4138"}],"collection":[{"href":"https:\/\/www.reportedeprensa.utalca.cl\/index.php?rest_route=\/wp\/v2\/posts"}],"about":[{"href":"https:\/\/www.reportedeprensa.utalca.cl\/index.php?rest_route=\/wp\/v2\/types\/post"}],"author":[{"embeddable":true,"href":"https:\/\/www.reportedeprensa.utalca.cl\/index.php?rest_route=\/wp\/v2\/users\/1"}],"replies":[{"embeddable":true,"href":"https:\/\/www.reportedeprensa.utalca.cl\/index.php?rest_route=%2Fwp%2Fv2%2Fcomments&post=4138"}],"version-history":[{"count":8,"href":"https:\/\/www.reportedeprensa.utalca.cl\/index.php?rest_route=\/wp\/v2\/posts\/4138\/revisions"}],"predecessor-version":[{"id":4149,"href":"https:\/\/www.reportedeprensa.utalca.cl\/index.php?rest_route=\/wp\/v2\/posts\/4138\/revisions\/4149"}],"wp:attachment":[{"href":"https:\/\/www.reportedeprensa.utalca.cl\/index.php?rest_route=%2Fwp%2Fv2%2Fmedia&parent=4138"}],"wp:term":[{"taxonomy":"category","embeddable":true,"href":"https:\/\/www.reportedeprensa.utalca.cl\/index.php?rest_route=%2Fwp%2Fv2%2Fcategories&post=4138"},{"taxonomy":"post_tag","embeddable":true,"href":"https:\/\/www.reportedeprensa.utalca.cl\/index.php?rest_route=%2Fwp%2Fv2%2Ftags&post=4138"}],"curies":[{"name":"wp","href":"https:\/\/api.w.org\/{rel}","templated":true}]}}