{"id":4154,"date":"2022-06-07T09:49:53","date_gmt":"2022-06-07T12:49:53","guid":{"rendered":"https:\/\/www.reportedeprensa.utalca.cl\/?p=4154"},"modified":"2022-06-07T09:52:32","modified_gmt":"2022-06-07T12:52:32","slug":"07-de-junio-de-2022","status":"publish","type":"post","link":"https:\/\/www.reportedeprensa.utalca.cl\/?p=4154","title":{"rendered":"07 de junio de 2022"},"content":{"rendered":"\t\t<div data-elementor-type=\"wp-post\" data-elementor-id=\"4154\" class=\"elementor elementor-4154\" data-elementor-settings=\"[]\">\n\t\t\t\t\t\t\t<div class=\"elementor-section-wrap\">\n\t\t\t\t\t\t\t<section class=\"elementor-section elementor-top-section elementor-element elementor-element-e792e82 elementor-section-boxed elementor-section-height-default elementor-section-height-default\" data-id=\"e792e82\" data-element_type=\"section\">\n\t\t\t\t\t\t<div class=\"elementor-container elementor-column-gap-default\">\n\t\t\t\t\t<div class=\"elementor-column elementor-col-100 elementor-top-column elementor-element elementor-element-e14e164\" data-id=\"e14e164\" data-element_type=\"column\">\n\t\t\t<div class=\"elementor-widget-wrap elementor-element-populated\">\n\t\t\t\t\t\t\t\t<div class=\"elementor-element elementor-element-2be5a45 elementor-widget elementor-widget-text-editor\" data-id=\"2be5a45\" data-element_type=\"widget\" data-widget_type=\"text-editor.default\">\n\t\t\t\t<div class=\"elementor-widget-container\">\n\t\t\t\t\t\t\t\t<p class=\"x_MsoNormal\"><strong>DIARIO TALCA\u00a0<\/strong><\/p><p class=\"x_MsoNormal\"><a href=\"https:\/\/www.litoralpress.cl\/paginaconsultas\/Servicios_NClipSitio\/Get_Imagen_Nota.aspx?LPKey=ZZJESDTWO7DJGENY4GIUYVSB4V2F3VZNY3QU5RTILVZCA3ZKTGK2C6GA7NNZU3LGJU5A5QCPYHZOO\">Destacan rol de las universidades p\u00fablicas de regiones. \u00a0<\/a><\/p><p class=\"x_MsoNormal\">\u00a0<\/p><p class=\"x_MsoNormal\"><strong>LA TERCERA\u00a0<\/strong><\/p><p class=\"x_MsoNormal\"><a href=\"https:\/\/www.litoralpress.cl\/sitio\/Prensa_PaginaCompleta.cshtml?LPKey=XVNKGBEHEXUHF6TWF5F2IOXNGYGCJZ2T2EXGHA3MG5IKR3IYV6PQ\">Universidades optan por recesos acad\u00e9micos \u201cpara cuidar salud mental de los estudiantes\u201d. Se refiere Paula Caballero, vicerrectora de Desarrollo Estudiantil. \u00a0<\/a><\/p><p class=\"x_MsoNormal\">\u00a0<\/p><p class=\"x_MsoNormal\"><strong>LA TERCERA.COM\u00a0<\/strong><\/p><p class=\"x_MsoNormal\"><a href=\"https:\/\/www.litoralpress.cl\/paginaconsultas\/Documentos\/Get_Imagen.aspx?lpkey=VKMYZQ5EXGTFDHQ6A3VDLACT66ZGB2KH3CE7HTQEFMWD2C2CKSXDVPCK2WPM67IHZ5ERWZLDR5J6W\">Universidades optan por recesos acad\u00e9micos \u201cpara cuidar salud mental de los estudiantes\u201d. Se refiere Paula Caballero, vicerrectora de Desarrollo Estudiantil.\u00a0<\/a><\/p><p class=\"x_MsoNormal\">\u00a0<\/p><p class=\"x_MsoNormal\"><strong>CHILEESNOTICIA.COM\u00a0<\/strong><\/p><p class=\"x_MsoNormal\"><a href=\"https:\/\/chileesnoticia.com\/2022\/06\/07\/universidades-optan-por-recesos-academicos-para-cuidar-salud-mental-de-los-estudiantes\/\">Universidades optan por recesos acad\u00e9micos \u201cpara cuidar salud mental de los estudiantes\u201d. Se refiere Paula Caballero, vicerrectora de Desarrollo Estudiantil. \u00a0<\/a><\/p><p class=\"x_MsoNormal\">\u00a0\u00a0<\/p><p class=\"x_MsoNormal\"><strong>ADPRENSA.CL\u00a0<\/strong><\/p><p class=\"x_MsoNormal\"><a href=\"https:\/\/www.adprensa.cl\/actividades-academicas\/musicos-utalinos-destacan-en-escenarios-nacionales-e-internacionales\/\">M\u00fasicos utalinos destacan en escenarios nacionales e internacionales. \u00a0<\/a><\/p><p class=\"x_MsoNormal\">\u00a0<\/p><p class=\"x_MsoNormal\"><strong>ELCENTRO.CL\u00a0<\/strong><\/p><p class=\"x_MsoNormal\"><a href=\"https:\/\/elcentro.cl\/2022\/06\/06\/musicos-utalinos-destacan-en-escenarios-nacionales-e-internacionales\/\">M\u00fasicos utalinos destacan en escenarios nacionales e internacionales. \u00a0<\/a><\/p><p class=\"x_MsoNormal\">\u00a0<\/p><p class=\"x_MsoNormal\"><strong>G5NOTICIAS.CL\u00a0<\/strong><\/p><p class=\"x_MsoNormal\"><a href=\"https:\/\/g5noticias.cl\/2022\/06\/07\/musicos-utalinos-destacan-en-escenarios-nacionales-e-internacionales\/\">M\u00fasicos utalinos destacan en escenarios nacionales e internacionales.\u00a0<\/a><\/p><p class=\"x_MsoNormal\">\u00a0<\/p><p class=\"x_MsoNormal\"><strong>DIARIOTALCA.CL\u00a0<\/strong><\/p><p class=\"x_MsoNormal\"><a href=\"https:\/\/diariotalca.cl\/su-hijo-o-hija-cursa-1-o-2-ano-medio-aqui-dato-para-jornada-vocacional\/\">\u00bfSu hijo o hija cursa 1\u00b0 o 2\u00b0 A\u00f1o Medio? Aqu\u00ed dato para jornada vocacional. \u00a0<\/a><\/p><p class=\"x_MsoNormal\">\u00a0<\/p><p class=\"x_MsoNormal\"><strong>DIARIOELHERALDO.CL\u00a0<\/strong><\/p><p class=\"x_MsoNormal\"><a href=\"http:\/\/www.diarioelheraldo.cl\/noticia\/-utalca-realiza-jornadas-vocacionales-para-estudiantes-de-1-y-2-medio\">UTalca realiza jornadas vocacionales para estudiantes de 1\u00b0 y 2\u00b0 medio. \u00a0<\/a><\/p><p class=\"x_MsoNormal\">\u00a0<\/p><p class=\"x_MsoNormal\"><strong>RADIO COOPERATIVA\u00a0<\/strong><\/p><p class=\"x_MsoNormal\"><a href=\"https:\/\/www.litoralpress.cl\/sitio\/RadioTV_Detalles.cshtml?LPKey=EEHR443N6ISAV3INZLOOKT7VV4IY5DH4EABJTMXDHBCP4PZ2N545P4WPY5MGAWDX7BGGQVP5RV3EE\">Nuevos casos de coronavirus han subido m\u00e1s de un 60% en las \u00faltimas dos semanas. Se refiere Daniel Jim\u00e9nez, director de Salud del Estudiante. \u00a0<\/a><\/p><p class=\"x_MsoNormal\">\u00a0<\/p><p class=\"x_MsoNormal\"><strong>PUBLIMICRO.CL\u00a0<\/strong><\/p><p class=\"x_MsoNormal\"><a href=\"https:\/\/publimicro.cl\/cientificas-de-universidad-de-talca-investigan-tratamiento-pionero-contra-el-cancer-a-traves-de-veneno-de-escorpion-azul\/\">Cient\u00edficas de Universidad de Talca investigan tratamiento pionero contra el c\u00e1ncer a trav\u00e9s de veneno de escorpi\u00f3n azul. Se menciona a la UTalca.\u00a0<\/a><\/p><p class=\"x_MsoNormal\">\u00a0<\/p><p class=\"x_MsoNormal\"><strong>DIARIOTALCA.CL\u00a0<\/strong><\/p><p class=\"x_MsoNormal\"><a href=\"https:\/\/diariotalca.cl\/economista-del-consejo-fiscal-autonomo-se-opone-a-nuevos-retiro-de-las-afp\/\">Economista del Consejo Fiscal Aut\u00f3nomo se opone a nuevos retiros de las AFP. Se refiere Rodrigo Herrera, decano de la Facultad de Econom\u00eda y Negocios (FEN).\u00a0<\/a><\/p><p class=\"x_MsoNormal\">\u00a0<\/p><p class=\"x_MsoNormal\"><strong>G5NOTICIAS.CL\u00a0<\/strong><\/p><p class=\"x_MsoNormal\"><a href=\"https:\/\/g5noticias.cl\/2022\/06\/06\/seminario-utalca-abordo-escenario-fiscal\/\">Seminario UTalca abord\u00f3 escenario Fiscal. Se refiere Rodrigo Herrera, decano de la Facultad de Econom\u00eda y Negocios (FEN).\u00a0<\/a><\/p><p class=\"x_MsoNormal\">\u00a0<\/p><p class=\"x_MsoNormal\"><strong>PROPYMECHILE.COM\u00a0<\/strong><\/p><p class=\"x_MsoNormal\"><a href=\"https:\/\/www.propymechile.com\/opinion\/detail?id=bd531312262d4135b480c26d25bda3ee&amp;date=2022-06-06T06:38:53Z\">La mujer en las nuevas formas de econom\u00eda: Trading y criptomonedas. Se menciona a Christian Pino, acad\u00e9mico de la Facultad de Econom\u00eda y Negocios (FEN).\u00a0<\/a><\/p><p class=\"x_MsoNormal\" aria-hidden=\"true\">\u00a0<\/p><p class=\"x_MsoNormal\"><strong>LATERCERA.COM\u00a0<\/strong><\/p><p class=\"x_MsoNormal\"><a href=\"https:\/\/www.latercera.com\/que-pasa\/noticia\/revelando-los-misterios-de-los-agujeros-negros\/OGS5WTRK3RCYDN3ZKBPBIGDEYE\/\">Revelando los misterios de los agujeros negros. Se refiere Gustavo Orellana, acad\u00e9mico del Instituto de Investigaci\u00f3n Interdisciplinario.\u00a0<\/a><\/p><p class=\"x_MsoNormal\">\u00a0<\/p><p class=\"x_MsoNormal\"><strong>ELTIPOGRAFO.CL\u00a0<\/strong><\/p><p class=\"x_MsoNormal\"><a href=\"https:\/\/eltipografo.cl\/2022\/06\/como-funcionaria-el-sistema-judicial-con-la-nueva-constitucion\">C\u00f3mo funcionar\u00eda el sistema judicial con la nueva Constituci\u00f3n. Se refiere V\u00edctor Araya, investigador del Centro de Estudios Constitucionales de Chile (CECOCH).\u00a0<\/a><\/p><p class=\"x_MsoNormal\" aria-hidden=\"true\">\u00a0<\/p><p class=\"x_MsoNormal\"><strong>EL MERCURIO\u00a0<\/strong><\/p><p class=\"x_MsoNormal\"><a href=\"https:\/\/www.litoralpress.cl\/paginaconsultas\/Documentos\/Get_Imagen.aspx?lpkey=JHBYXZ7GK7HJWHBZI736CUBBV5W5Y2QO7GBNYKAD2MSRUHHYIHUHOT2Y4NA5VE6BJ2QIBZNII22NQ\">Lo que descuenta el mercado para el plebiscito constitucional. Se refiere Mauricio Morales, director del Centro de An\u00e1lisis Pol\u00edtico (CAP).\u00a0<\/a><\/p><p class=\"x_MsoNormal\" aria-hidden=\"true\">\u00a0<\/p><p class=\"x_MsoNormal\"><strong>CANAL 13\u00a0<\/strong><\/p><p class=\"x_MsoNormal\"><a href=\"https:\/\/www.litoralpress.cl\/sitio\/RadioTV_Detalles.cshtml?LPKey=4KYNF5JDMGOJOYQA3DGUK24LWFP3DBDVVS6NYZFUTCPHPDSKNZYRR64735HLPDRTEPBLHN7JKW5R4\">Chile Vamos formaliza su opci\u00f3n por el rechazo. Se refiere Mauricio Morales, director del Centro de An\u00e1lisis Pol\u00edtico (CAP).\u00a0<\/a><\/p><p class=\"x_MsoNormal\">\u00a0<\/p><p class=\"x_MsoNormal\"><strong>DIARIO TALCA\u00a0<\/strong><\/p><p class=\"x_MsoNormal\"><a href=\"https:\/\/www.litoralpress.cl\/sitio\/Prensa_PaginaCompleta.cshtml?LPKey=GEZT7FBIRCQMWCPJQOYVN3JKPLEC6AZPTKPV5UJUIJCEUEDZO24A\">Portadas cr\u00f3nicas del periodismo talquino en modo random. Se menciona el Centro de Documentaci\u00f3n Patrimonial.\u00a0<\/a><\/p><p class=\"x_MsoNormal\">\u00a0<\/p>\t\t\t\t\t\t<\/div>\n\t\t\t\t<\/div>\n\t\t\t\t\t<\/div>\n\t\t<\/div>\n\t\t\t\t\t\t\t<\/div>\n\t\t<\/section>\n\t\t\t\t\t\t<\/div>\n\t\t\t\t\t<\/div>\n\t\t","protected":false},"excerpt":{"rendered":"<p>DIARIO TALCA\u00a0 Destacan rol de las universidades p\u00fablicas de regiones. \u00a0 \u00a0 LA TERCERA\u00a0 Universidades optan por recesos acad\u00e9micos \u201cpara cuidar salud mental de los estudiantes\u201d. Se refiere Paula Caballero, vicerrectora de Desarrollo Estudiantil. \u00a0 \u00a0 LA TERCERA.COM\u00a0 Universidades optan por recesos acad\u00e9micos \u201cpara cuidar salud mental de los estudiantes\u201d. Se refiere Paula Caballero, vicerrectora &hellip;<\/p>\n<p class=\"read-more\"> <a class=\"\" href=\"https:\/\/www.reportedeprensa.utalca.cl\/?p=4154\"> <span class=\"screen-reader-text\">07 de junio de 2022<\/span> Read More &raquo;<\/a><\/p>\n","protected":false},"author":1,"featured_media":0,"comment_status":"closed","ping_status":"open","sticky":false,"template":"","format":"standard","meta":{"_monsterinsights_skip_tracking":false,"_monsterinsights_sitenote_active":false,"_monsterinsights_sitenote_note":"","_monsterinsights_sitenote_category":0},"categories":[22],"tags":[],"_links":{"self":[{"href":"https:\/\/www.reportedeprensa.utalca.cl\/index.php?rest_route=\/wp\/v2\/posts\/4154"}],"collection":[{"href":"https:\/\/www.reportedeprensa.utalca.cl\/index.php?rest_route=\/wp\/v2\/posts"}],"about":[{"href":"https:\/\/www.reportedeprensa.utalca.cl\/index.php?rest_route=\/wp\/v2\/types\/post"}],"author":[{"embeddable":true,"href":"https:\/\/www.reportedeprensa.utalca.cl\/index.php?rest_route=\/wp\/v2\/users\/1"}],"replies":[{"embeddable":true,"href":"https:\/\/www.reportedeprensa.utalca.cl\/index.php?rest_route=%2Fwp%2Fv2%2Fcomments&post=4154"}],"version-history":[{"count":4,"href":"https:\/\/www.reportedeprensa.utalca.cl\/index.php?rest_route=\/wp\/v2\/posts\/4154\/revisions"}],"predecessor-version":[{"id":4158,"href":"https:\/\/www.reportedeprensa.utalca.cl\/index.php?rest_route=\/wp\/v2\/posts\/4154\/revisions\/4158"}],"wp:attachment":[{"href":"https:\/\/www.reportedeprensa.utalca.cl\/index.php?rest_route=%2Fwp%2Fv2%2Fmedia&parent=4154"}],"wp:term":[{"taxonomy":"category","embeddable":true,"href":"https:\/\/www.reportedeprensa.utalca.cl\/index.php?rest_route=%2Fwp%2Fv2%2Fcategories&post=4154"},{"taxonomy":"post_tag","embeddable":true,"href":"https:\/\/www.reportedeprensa.utalca.cl\/index.php?rest_route=%2Fwp%2Fv2%2Ftags&post=4154"}],"curies":[{"name":"wp","href":"https:\/\/api.w.org\/{rel}","templated":true}]}}