{"id":4166,"date":"2022-06-08T09:53:25","date_gmt":"2022-06-08T12:53:25","guid":{"rendered":"https:\/\/www.reportedeprensa.utalca.cl\/?p=4166"},"modified":"2022-06-08T09:59:16","modified_gmt":"2022-06-08T12:59:16","slug":"08-de-junio-de-2022","status":"publish","type":"post","link":"https:\/\/www.reportedeprensa.utalca.cl\/?p=4166","title":{"rendered":"08 de junio de 2022"},"content":{"rendered":"\t\t<div data-elementor-type=\"wp-post\" data-elementor-id=\"4166\" class=\"elementor elementor-4166\" data-elementor-settings=\"[]\">\n\t\t\t\t\t\t\t<div class=\"elementor-section-wrap\">\n\t\t\t\t\t\t\t<section class=\"elementor-section elementor-top-section elementor-element elementor-element-e792e82 elementor-section-boxed elementor-section-height-default elementor-section-height-default\" data-id=\"e792e82\" data-element_type=\"section\">\n\t\t\t\t\t\t<div class=\"elementor-container elementor-column-gap-default\">\n\t\t\t\t\t<div class=\"elementor-column elementor-col-100 elementor-top-column elementor-element elementor-element-e14e164\" data-id=\"e14e164\" data-element_type=\"column\">\n\t\t\t<div class=\"elementor-widget-wrap elementor-element-populated\">\n\t\t\t\t\t\t\t\t<div class=\"elementor-element elementor-element-2be5a45 elementor-widget elementor-widget-text-editor\" data-id=\"2be5a45\" data-element_type=\"widget\" data-widget_type=\"text-editor.default\">\n\t\t\t\t<div class=\"elementor-widget-container\">\n\t\t\t\t\t\t\t\t<p class=\"x_MsoNormal\"><strong>LA PRENSA\u00a0<\/strong><\/p><p class=\"x_MsoNormal\"><a href=\"https:\/\/www.litoralpress.cl\/paginaconsultas\/Servicios_NClipSitio\/Get_Imagen_Nota.aspx?LPKey=WR2C6XSAJZMI2RBQMK2BSUYHFSM6XYPZPQ7IKOBWWWTWSW3MAIL6UEKIF7HE4JQ4CE6ALHS5XUNFE\">M\u00fasicos de la UTalca se presentar\u00e1n en California.\u00a0<\/a><\/p><p class=\"x_MsoNormal\">\u00a0<\/p><p class=\"x_MsoNormal\"><strong>El HERALDO\u00a0<\/strong><\/p><p class=\"x_MsoNormal\"><a href=\"https:\/\/www.litoralpress.cl\/paginaconsultas\/Servicios_NClipSitio\/Get_Imagen_Nota.aspx?LPKey=5NILWZOS3HJVMACFNQKHWTLNRYYHCGLPEPJWGPGY2LR3XXVQ2GND7DIVAOVQVNA5TQBU4PLI2FA4C\">UTalca realiza jornadas vocacionales para estudiantes de 1\u00b0 y 2\u00b0 medio.\u00a0<\/a><\/p><p class=\"x_MsoNormal\">\u00a0<\/p><p class=\"x_MsoNormal\"><strong>ADPRENSA.CL\u00a0<\/strong><\/p><p class=\"x_MsoNormal\"><a href=\"https:\/\/www.adprensa.cl\/cronica\/especialistas-entregan-consejos-para-mantener-buen-animo-en-dias-oscuros-y-frios\/\">Especialistas entregan consejos para mantener buen \u00e1nimo en d\u00edas oscuros y fr\u00edos. Se refieren Nadia Ramos, acad\u00e9mica de la Facultad de Psicolog\u00eda; Ra\u00fal Hormaz\u00e1bal, profesor de la Escuela de Enfermer\u00eda y Felipe Figueroa, profesional del Programa PACE UTalca.\u00a0<\/a><\/p><p class=\"x_MsoNormal\">\u00a0<\/p><p class=\"x_MsoNormal\"><strong>RADIO BIOB\u00cdO VALPARAISO\u00a0<\/strong><\/p><p class=\"x_MsoNormal\"><a href=\"https:\/\/www.litoralpress.cl\/sitio\/RadioTV_Detalles.cshtml?LPKey=DFADDPW3BTNYY6NP2ZXLXDF32AV45I5EPBESS47VUO2RDMEJZGQV4GGU2IUVKAWWURT52MH47ZK6K\">Entrevista a Nadia Ramos, acad\u00e9mica de la Facultad de Psicolog\u00eda. \u00a0<\/a><\/p><p class=\"x_MsoNormal\">\u00a0<\/p><p class=\"x_MsoNormal\"><strong>DIARIOSENRED.COM\u00a0<\/strong><\/p><p class=\"x_MsoNormal\"><a href=\"https:\/\/diariosenred.com\/regional\/especialistas-de-la-utalca-entregan-consejos-para-mantener-buen-animo-en\">Especialistas de la UTalca entregan consejos para mantener buen \u00e1nimo en d\u00edas oscuros y fr\u00edos. Se refieren Nadia Ramos, acad\u00e9mica de la Facultad de Psicolog\u00eda; Ra\u00fal Hormaz\u00e1bal, profesor de la Escuela de Enfermer\u00eda y Felipe Figueroa, profesional del Programa PACE UTalca.\u00a0<\/a><\/p><p class=\"x_MsoNormal\">\u00a0<\/p><p class=\"x_MsoNormal\"><strong>REDMAULE.COM\u00a0<\/strong><\/p><p class=\"x_MsoNormal\"><a href=\"https:\/\/www.redmaule.com\/regional\/especialistas-de-la-utalca-entregan-consejos-para-mantener-buen-animo-en\">Especialistas de la UTalca entregan consejos para mantener buen \u00e1nimo en d\u00edas oscuros y fr\u00edos. Se refieren Nadia Ramos, acad\u00e9mica de la Facultad de Psicolog\u00eda; Ra\u00fal Hormaz\u00e1bal, profesor de la Escuela de Enfermer\u00eda y Felipe Figueroa, profesional del Programa PACE UTalca.\u00a0<\/a><\/p><p class=\"x_MsoNormal\">\u00a0<\/p><p class=\"x_MsoNormal\"><strong>G5NOTICIAS.CL\u00a0<\/strong><\/p><p class=\"x_MsoNormal\"><a href=\"https:\/\/g5noticias.cl\/2022\/06\/08\/especialistas-entregan-consejos-para-mantener-buen-animo-en-dias-oscuros-y-frios\/\">Especialistas entregan consejos para mantener buen \u00e1nimo en d\u00edas oscuros y fr\u00edos. Se refieren Nadia Ramos, acad\u00e9mica de la Facultad de Psicolog\u00eda; Ra\u00fal Hormaz\u00e1bal, profesor de la Escuela de Enfermer\u00eda y Felipe Figueroa, profesional del Programa PACE UTalca.\u00a0<\/a><\/p><p class=\"x_MsoNormal\">\u00a0<\/p><p class=\"x_MsoNormal\"><strong>RADIO GUAYAC\u00c1N\u00a0<\/strong><\/p><p class=\"x_MsoNormal\"><a href=\"https:\/\/www.litoralpress.cl\/sitio\/RadioTV_Detalles.cshtml?LPKey=R33TWR3TRVBNAW2OKOPM25OGER7PH6BMFZYNBXCNQ4ZOYWZCQB5DOBXKN6EIIMNYQHDXO56Q46T2Y\">Entrevista a Felipe Figueroa, psic\u00f3logo del Programa PACE UTalca.\u00a0<\/a><\/p><p class=\"x_MsoNormal\">\u00a0<\/p><p class=\"x_MsoNormal\"><strong>CANAL TVN\u00a0<\/strong><\/p><p class=\"x_MsoNormal\"><a href=\"https:\/\/www.litoralpress.cl\/sitio\/RadioTV_Detalles.cshtml?LPKey=U57FE6HNTRW76R3SVYZ2Q6P7PFZQ2X7DL2BVOCKEP5MIFNVYPKHDMZZ5V3NFJGMSW7P6EVRR3DZEO\">Preocupaci\u00f3n por agua hirviendo que aflora a metros de laguna en Vichuqu\u00e9n. Se refiere Francisco Rivas, director de Ingenier\u00eda Civil de Minas.\u00a0<\/a><\/p><p class=\"x_MsoNormal\">\u00a0<\/p><p class=\"x_MsoNormal\"><strong>CANAL 24 HORAS\u00a0<\/strong><\/p><p class=\"x_MsoNormal\"><a href=\"https:\/\/www.litoralpress.cl\/sitio\/RadioTV_Detalles.cshtml?LPKey=C6NIZBXXXGCE2NQ5B2DCGIPLGDMA4BDAKO4XWGRU7TMWF765AGVIIDCGDTGTSJMY2SYJF6OK7A26O\">Preocupaci\u00f3n por agua hirviendo que aflora a metros de laguna en Vichuqu\u00e9n.\u00a0Se refiere Francisco Rivas, director de Ingenier\u00eda Civil de Minas.\u00a0<\/a><\/p><p class=\"x_MsoNormal\">\u00a0<\/p><p class=\"x_MsoNormal\"><strong>CANAL TVN RED MAULE\u00a0<\/strong><\/p><p class=\"x_MsoNormal\"><a href=\"https:\/\/www.litoralpress.cl\/sitio\/RadioTV_Detalles.cshtml?LPKey=MJVYW7USS5Z2XP26OCHRPR375DLDVQWFYWESZTHTWWMGMS7ZQENQO53EX5P6YDAYRS4QZJCJMROUI\">Investigan brote de agua caliente a metros de laguna Torca. Se refiere Francisco Rivas, director de Ingenier\u00eda Civil de Minas.\u00a0<\/a><\/p><p class=\"x_MsoNormal\">\u00a0<\/p><p class=\"x_MsoNormal\"><strong>RADIO AMIGA\u00a0<\/strong><\/p><p class=\"x_MsoNormal\"><a href=\"https:\/\/www.litoralpress.cl\/sitio\/RadioTV_Detalles.cshtml?LPKey=OEG445U2YID4LKLJ4G4ELWXWGCY7VODJX4MYBO644LYFDIMJPK7NTSELIG7ROHXQUB555TFF6UP7M\">Investigan si el veneno del escorpi\u00f3n azul tiene propiedades anticancer\u00edgenas. Se refiere Wendy Gonz\u00e1lez, directora del Centro de Bioinform\u00e1tica, Simulaci\u00f3n y Modelado (CBSM).\u00a0<\/a><\/p><p class=\"x_MsoNormal\">\u00a0<\/p><p class=\"x_MsoNormal\"><strong>RADIO BIOB\u00cdO\u00a0<\/strong><\/p><p class=\"x_MsoNormal\"><a href=\"https:\/\/www.litoralpress.cl\/sitio\/RadioTV_Detalles.cshtml?LPKey=NCARFEEP5TN3DOY2CSIMUATERJYANQ6XGBXZ6RFHEG6O5CNCIFEMNMJJ5GBHH6I2HFTZSQRE3G3B2\">La inflaci\u00f3n sigue siendo un dolor de cabeza para la econom\u00eda chilena. Se refiere Germ\u00e1n Lobos, acad\u00e9mico de la Facultad de Econom\u00eda y Negocios (FEN).\u00a0<\/a><\/p><p class=\"x_MsoNormal\">\u00a0<\/p><p class=\"x_MsoNormal\"><strong>ADPRENSA.CL\u00a0<\/strong><\/p><p class=\"x_MsoNormal\"><a href=\"https:\/\/www.adprensa.cl\/cronica\/en-universidad-de-talca-se-realizo-lanzamiento-de-la-fundacion-de-estudios-sistemicos-tributarios-fesit\/\">En Universidad de Talca se realiz\u00f3 lanzamiento de la Fundaci\u00f3n de Estudios Sist\u00e9micos Tributarios FESIT. Se refiere Rodrigo Herrera, decano de la Facultad de Econom\u00eda y Negocios (FEN).\u00a0<\/a><\/p><p class=\"x_MsoNormal\">\u00a0<\/p><p class=\"x_MsoNormal\"><strong>DIARIOTALCA.CL\u00a0<\/strong><\/p><p class=\"x_MsoNormal\"><a href=\"https:\/\/diariotalca.cl\/realizan-nuevo-encuentro-de-dialogos-sociales-por-la-reforma-tributaria\/\">Realizan nuevo encuentro de Di\u00e1logos Sociales por la Reforma Tributaria.\u00a0Se refiere Mois\u00e9s Gonz\u00e1lez, acad\u00e9mico de la Facultad de Econom\u00eda y Negocios (FEN).\u00a0<\/a><\/p><p class=\"x_MsoNormal\">\u00a0<\/p><p class=\"x_MsoNormal\"><strong>DIARIOLAPRENSA.CL\u00a0<\/strong><\/p><p class=\"x_MsoNormal\"><a href=\"https:\/\/new.diariolaprensa.cl\/index.php\/2022\/06\/08\/utalca-fue-anfitriona-de-dialogos-sociales-de-la-reforma-tributaria\/\">UTalca fue anfitriona de Di\u00e1logos Sociales de la Reforma Tributaria. Se refiere Mois\u00e9s Gonz\u00e1lez, acad\u00e9mico de la Facultad de Econom\u00eda y Negocios (FEN).\u00a0<\/a><\/p><p class=\"x_MsoNormal\">\u00a0<\/p><p class=\"x_MsoNormal\"><strong>DIARIOELHERALDO.CL\u00a0<\/strong><\/p><p class=\"x_MsoNormal\"><a href=\"http:\/\/www.diarioelheraldo.cl\/noticia\/utalca-fue-anfitriona-de-dialogos-sociales-de-la-reforma-tributaria-\">UTalca fue anfitriona de Di\u00e1logos Sociales de la Reforma Tributaria. Se refiere Mois\u00e9s Gonz\u00e1lez, acad\u00e9mico de la Facultad de Econom\u00eda y Negocios (FEN).\u00a0<\/a><\/p><p class=\"x_MsoNormal\">\u00a0<\/p><p class=\"x_MsoNormal\"><strong>CANAL TVN RED MAULE\u00a0<\/strong><\/p><p class=\"x_MsoNormal\"><a href=\"https:\/\/www.litoralpress.cl\/sitio\/RadioTV_Detalles.cshtml?LPKey=FVKYFD3TRWFNLKJUKYV4776Y6ETDNZHITJ4DRQHRRFXPGTZARE26YKM3DYAM3N5V44T24CNJOE35O\">Iniciativa de escolares talquinos: Neum\u00e1ticos reciclados se convierten en camas para perros. Se refiere Crist\u00f3bal Montalba, acad\u00e9mico de la Facultad de Ingenier\u00eda. \u00a0<\/a><\/p><p class=\"x_MsoNormal\">\u00a0<\/p><p class=\"x_MsoNormal\"><strong>RADIO NUEVO MUNDO\u00a0<\/strong><\/p><p class=\"x_MsoNormal\"><a href=\"https:\/\/www.litoralpress.cl\/sitio\/RadioTV_Detalles.cshtml?LPKey=T3NG6AYLLZR6N7KOF564YR7LC5SGOIJPHJD6RV2DSMSXKONEMOURUA4TK6CJXVNWAHQERPYTASH3G\">Entrevista a V\u00edctor Araya, investigador del Centro de Estudios Constitucionales de Chile (CECOCH).\u00a0<\/a><\/p><p class=\"x_MsoNormal\">\u00a0<\/p><p class=\"x_MsoNormal\"><strong>EL TIP\u00d3GRAFO\u00a0<\/strong><\/p><p class=\"x_MsoNormal\"><a href=\"https:\/\/www.litoralpress.cl\/sitio\/Prensa_PaginaCompleta.cshtml?LPKey=5URQ4SGYUWII4ORG7KERD2JQPDGAXGC5B2KF2RG5Y7Q65G3Q36OA\">C\u00f3mo funcionar\u00eda el sistema judicial con la nueva Constituci\u00f3n. Se refiere V\u00edctor Araya, investigador del Centro de Estudios Constitucionales de Chile (CECOCH).\u00a0<\/a><\/p><p class=\"x_MsoNormal\">\u00a0<\/p><p class=\"x_MsoNormal\"><strong>ELTIPOGRAFO.CL\u00a0<\/strong><\/p><p class=\"x_MsoNormal\"><a href=\"https:\/\/eltipografo.cl\/2022\/06\/como-funcionaria-el-sistema-judicial-con-la-nueva-constitucion\">C\u00f3mo funcionar\u00eda el sistema judicial con la nueva Constituci\u00f3n. Se refiere V\u00edctor Araya, investigador del Centro de Estudios Constitucionales de Chile (CECOCH).\u00a0<\/a><\/p><p class=\"x_MsoNormal\" aria-hidden=\"true\">\u00a0<\/p><p class=\"x_MsoNormal\"><strong>RADIO LAUTARO\u00a0<\/strong><\/p><p class=\"x_MsoNormal\"><a href=\"https:\/\/www.litoralpress.cl\/sitio\/RadioTV_Detalles.cshtml?LPKey=IOP6RLHRTFYPTSV3IRFIYVBLMKNPYBWC52XHIKT7SYB5XEHBUVRBDF4MEVCYIOWRLSR4OMDJFK4Z4\">Entrevista a Isaac Ravetllat, director del Centro de Investigaci\u00f3n de los Derechos de la Infancia y Adolescencia (CEDIA).\u00a0<\/a><\/p><p class=\"x_MsoNormal\" aria-hidden=\"true\">\u00a0<\/p><p class=\"x_MsoNormal\"><strong>CANAL 13\u00a0<\/strong><\/p><p class=\"x_MsoNormal\"><a href=\"https:\/\/www.litoralpress.cl\/sitio\/RadioTV_Detalles.cshtml?LPKey=24UNKACFZXJ5ADSG4HT6U2TDYJRRX2WDNDVQXPT7W4ASEZVANQWKZT3BG4ITITTSFE6BG4DR7QXK6\">Partidos se activan por el Plebiscito y coaliciones de gobierno trabajar\u00e1n en la campa\u00f1a del Apruebo. Se refiere Mauricio Morales, director del Centro de An\u00e1lisis Pol\u00edtico (CAP).\u00a0<\/a><\/p><p class=\"x_MsoNormal\">\u00a0<\/p><p class=\"x_MsoNormal\"><strong>CANAL MEGA\u00a0<\/strong><\/p><p class=\"x_MsoNormal\"><a href=\"https:\/\/www.litoralpress.cl\/sitio\/RadioTV_Detalles.cshtml?LPKey=TV6IGIVK7GN6O2HNWNTDVBF2VFT4GTDFX4IKRR3VLN2TXGJ7IGFKFRZ2NZIIPIP5SXHDIWR2GQHIS\">Aumentan los chilenos en el extranjero habilitados para sufragar en el plebiscito de salida. Se refiere Mauricio Morales, director del Centro de An\u00e1lisis Pol\u00edtico (CAP).\u00a0<\/a><\/p><p class=\"x_MsoNormal\">\u00a0<\/p><p class=\"x_MsoNormal\"><strong>CANAL MEGA PLUS\u00a0<\/strong><\/p><p class=\"x_MsoNormal\"><a href=\"https:\/\/www.litoralpress.cl\/sitio\/RadioTV_Detalles.cshtml?LPKey=5FZPQK24Q6GWDWX2MGCC3TUUODFX27UEIOJ3Y3XO5LBDZUJORLFXIHNGGPX35KAEHV3B6AV4QOT6S\">Entrevista a Mario Herrera, acad\u00e9mico del Centro de An\u00e1lisis Pol\u00edtico (CAP).\u00a0<\/a><\/p><p class=\"x_MsoNormal\">\u00a0<\/p><p class=\"x_MsoNormal\"><strong>RADIO INFINITA\u00a0<\/strong><\/p><p class=\"x_MsoNormal\"><a href=\"https:\/\/www.litoralpress.cl\/sitio\/RadioTV_Detalles.cshtml?LPKey=OIZQWPGBZZOTWNEH3PGZNUEOEWE26AVRGB4BBGDLUREKKRCVFIESCDMZZTSHR5NJY2S2ZEEEL5I3E\">Comentario de Mauricio Morales, director del Centro de An\u00e1lisis Pol\u00edtico (CAP).\u00a0<\/a><\/p><p class=\"x_MsoNormal\">\u00a0<\/p><p class=\"x_MsoNormal\"><strong>MEGANOTICIAS.CL\u00a0<\/strong><\/p><p class=\"x_MsoNormal\"><a href=\"https:\/\/www.meganoticias.cl\/entrevistas\/379458-gira-gabriel-boric-eeuu-canada-mega-plus-07-06-2022.html\">Analista y gira de Boric en Canad\u00e1 y EEUU: &#8220;La agenda de pol\u00edtica exterior siempre suma en la aprobaci\u00f3n presidencial&#8221;. Se refiere Mario Herrera, acad\u00e9mico del Centro de An\u00e1lisis Pol\u00edtico (CAP).\u00a0<\/a><\/p><p class=\"x_MsoNormal\">\u00a0<\/p><p class=\"x_MsoNormal\"><strong>LA PRENSA\u00a0<\/strong><\/p><p class=\"x_MsoNormal\"><a href=\"https:\/\/www.litoralpress.cl\/paginaconsultas\/Servicios_NClipSitio\/Get_Imagen_Nota.aspx?LPKey=TMQTJCMB4YS4VC2EADJMHXH2TEI6TN4JULPJDUMA4D42XKOYILYUNTREBPWUAZCIDPEATPWYYWH6G\">Alumnos participaron en el concurso \u201cDescubriendo Talentos Cient\u00edficos\u201d.\u00a0<\/a><\/p><p class=\"x_MsoNormal\">\u00a0<\/p>\t\t\t\t\t\t<\/div>\n\t\t\t\t<\/div>\n\t\t\t\t\t<\/div>\n\t\t<\/div>\n\t\t\t\t\t\t\t<\/div>\n\t\t<\/section>\n\t\t\t\t\t\t<\/div>\n\t\t\t\t\t<\/div>\n\t\t","protected":false},"excerpt":{"rendered":"<p>LA PRENSA\u00a0 M\u00fasicos de la UTalca se presentar\u00e1n en California.\u00a0 \u00a0 El HERALDO\u00a0 UTalca realiza jornadas vocacionales para estudiantes de 1\u00b0 y 2\u00b0 medio.\u00a0 \u00a0 ADPRENSA.CL\u00a0 Especialistas entregan consejos para mantener buen \u00e1nimo en d\u00edas oscuros y fr\u00edos. Se refieren Nadia Ramos, acad\u00e9mica de la Facultad de Psicolog\u00eda; Ra\u00fal Hormaz\u00e1bal, profesor de la Escuela de &hellip;<\/p>\n<p class=\"read-more\"> <a class=\"\" href=\"https:\/\/www.reportedeprensa.utalca.cl\/?p=4166\"> <span class=\"screen-reader-text\">08 de junio de 2022<\/span> Read More &raquo;<\/a><\/p>\n","protected":false},"author":1,"featured_media":0,"comment_status":"closed","ping_status":"open","sticky":false,"template":"","format":"standard","meta":{"_monsterinsights_skip_tracking":false,"_monsterinsights_sitenote_active":false,"_monsterinsights_sitenote_note":"","_monsterinsights_sitenote_category":0},"categories":[22],"tags":[],"_links":{"self":[{"href":"https:\/\/www.reportedeprensa.utalca.cl\/index.php?rest_route=\/wp\/v2\/posts\/4166"}],"collection":[{"href":"https:\/\/www.reportedeprensa.utalca.cl\/index.php?rest_route=\/wp\/v2\/posts"}],"about":[{"href":"https:\/\/www.reportedeprensa.utalca.cl\/index.php?rest_route=\/wp\/v2\/types\/post"}],"author":[{"embeddable":true,"href":"https:\/\/www.reportedeprensa.utalca.cl\/index.php?rest_route=\/wp\/v2\/users\/1"}],"replies":[{"embeddable":true,"href":"https:\/\/www.reportedeprensa.utalca.cl\/index.php?rest_route=%2Fwp%2Fv2%2Fcomments&post=4166"}],"version-history":[{"count":4,"href":"https:\/\/www.reportedeprensa.utalca.cl\/index.php?rest_route=\/wp\/v2\/posts\/4166\/revisions"}],"predecessor-version":[{"id":4170,"href":"https:\/\/www.reportedeprensa.utalca.cl\/index.php?rest_route=\/wp\/v2\/posts\/4166\/revisions\/4170"}],"wp:attachment":[{"href":"https:\/\/www.reportedeprensa.utalca.cl\/index.php?rest_route=%2Fwp%2Fv2%2Fmedia&parent=4166"}],"wp:term":[{"taxonomy":"category","embeddable":true,"href":"https:\/\/www.reportedeprensa.utalca.cl\/index.php?rest_route=%2Fwp%2Fv2%2Fcategories&post=4166"},{"taxonomy":"post_tag","embeddable":true,"href":"https:\/\/www.reportedeprensa.utalca.cl\/index.php?rest_route=%2Fwp%2Fv2%2Ftags&post=4166"}],"curies":[{"name":"wp","href":"https:\/\/api.w.org\/{rel}","templated":true}]}}