{"id":4178,"date":"2022-06-09T09:52:28","date_gmt":"2022-06-09T12:52:28","guid":{"rendered":"https:\/\/www.reportedeprensa.utalca.cl\/?p=4178"},"modified":"2022-06-09T10:00:51","modified_gmt":"2022-06-09T13:00:51","slug":"09-de-junio-de-2022","status":"publish","type":"post","link":"https:\/\/www.reportedeprensa.utalca.cl\/?p=4178","title":{"rendered":"09 de junio de 2022"},"content":{"rendered":"\t\t<div data-elementor-type=\"wp-post\" data-elementor-id=\"4178\" class=\"elementor elementor-4178\" data-elementor-settings=\"[]\">\n\t\t\t\t\t\t\t<div class=\"elementor-section-wrap\">\n\t\t\t\t\t\t\t<section class=\"elementor-section elementor-top-section elementor-element elementor-element-436e596a elementor-section-boxed elementor-section-height-default elementor-section-height-default\" data-id=\"436e596a\" data-element_type=\"section\">\n\t\t\t\t\t\t<div class=\"elementor-container elementor-column-gap-default\">\n\t\t\t\t\t<div class=\"elementor-column elementor-col-100 elementor-top-column elementor-element elementor-element-46bd6e88\" data-id=\"46bd6e88\" data-element_type=\"column\">\n\t\t\t<div class=\"elementor-widget-wrap elementor-element-populated\">\n\t\t\t\t\t\t\t\t<div class=\"elementor-element elementor-element-10e3ba9a elementor-widget elementor-widget-text-editor\" data-id=\"10e3ba9a\" data-element_type=\"widget\" data-widget_type=\"text-editor.default\">\n\t\t\t\t<div class=\"elementor-widget-container\">\n\t\t\t\t\t\t\t\t<p class=\"x_MsoNormal\"><strong>ADPRENSA.CL\u00a0<\/strong><\/p><p class=\"x_MsoNormal\"><a href=\"https:\/\/www.adprensa.cl\/actividades-academicas\/municipalidad-de-macul-y-universidad-de-talca-firman-convenio-de-cooperacion\/\">Municipalidad de Macul y Universidad de Talca firman Convenio de Cooperaci\u00f3n. Se refiere Patricia Rodr\u00edguez, directora del Campus Santiago.\u00a0<\/a><\/p><p class=\"x_MsoNormal\">\u00a0<\/p><p class=\"x_MsoNormal\"><strong>LANACION.CL\u00a0<\/strong><\/p><p class=\"x_MsoNormal\"><a href=\"https:\/\/www.lanacion.cl\/el-critico-antonio-romera-abre-sus-archivos-y-su-museo-secreto\/\">El cr\u00edtico Antonio Romera abre sus archivos y su museo secreto. Se refiere Pedro Zamorano, director del Instituto de Estudios Human\u00edsticos Ignacio Molina.<\/a><\/p><p class=\"x_MsoNormal\">\u00a0<\/p><p class=\"x_MsoNormal\"><strong>ELMAULEINFORMA.CL\u00a0<\/strong><\/p><p class=\"x_MsoNormal\"><a href=\"https:\/\/elmauleinforma.cl\/especialistas-entregan-consejos-para-mantener-buen-animo-en-dias-oscuros-y-frios\/\">Especialistas entregan consejos para mantener buen \u00e1nimo en d\u00edas oscuros y fr\u00edos. Se refieren Nadia Ramos, acad\u00e9mica de la Facultad de Psicolog\u00eda; Ra\u00fal Hormaz\u00e1bal, profesor de la Escuela de Enfermer\u00eda y Felipe Figueroa, profesional del Programa PACE UTalca.\u00a0<\/a><\/p><p class=\"x_MsoNormal\">\u00a0<\/p><p class=\"x_MsoNormal\"><strong>G5NOTICIAS.CL\u00a0<\/strong><\/p><p class=\"x_MsoNormal\"><a href=\"https:\/\/g5noticias.cl\/2022\/06\/08\/especialistas-entregan-consejos-para-mantener-buen-animo-en-dias-oscuros-y-frios\/\">Especialistas entregan consejos para mantener buen \u00e1nimo en d\u00edas oscuros y fr\u00edos. Se refieren Nadia Ramos, acad\u00e9mica de la Facultad de Psicolog\u00eda; Ra\u00fal Hormaz\u00e1bal, profesor de la Escuela de Enfermer\u00eda y Felipe Figueroa, profesional del Programa PACE UTalca. \u00a0<\/a><\/p><p class=\"x_MsoNormal\" aria-hidden=\"true\">\u00a0<\/p><p class=\"x_MsoNormal\"><strong>LA PRENSA\u00a0<\/strong><\/p><p class=\"x_MsoNormal\"><a href=\"https:\/\/www.litoralpress.cl\/paginaconsultas\/Servicios_NClipSitio\/Get_Imagen_Nota.aspx?LPKey=HVLTC2VIBK2ST3SIKG6G3NH6H7XOKQODO4CXNHUJ4I2WCFPB4Q2KQVM6DA4WJM5B5JZE7JGVEY2AW\">Exitosas jornadas vocacionales. \u00a0<\/a><\/p><p>\u00a0<\/p><p class=\"x_MsoNormal\"><strong>ELMOSTRADOR.CL\u00a0<\/strong><\/p><p class=\"x_MsoNormal\"><a href=\"https:\/\/www.elmostrador.cl\/braga\/2022\/06\/08\/comprometidas-con-disminuir-las-brechas-11-universidades-se-unen-para-impulsar-la-perspectiva-de-genero-en-la-educacion-superior\/\">\u2018\u2018Comprometidas con disminuir las brechas\u2019\u2019: 11 universidades se unen para impulsar la perspectiva de g\u00e9nero en la educaci\u00f3n superior. Se menciona a la UTalca.\u00a0<\/a><\/p><p class=\"x_MsoNormal\">\u00a0<\/p><p class=\"x_MsoNormal\"><strong>ELCIUDADANO.COM\u00a0<\/strong><\/p><p class=\"x_MsoNormal\"><a href=\"https:\/\/www.elciudadano.com\/chile\/academica-y-politologa-flavia-freidenberg-el-estado-en-america-latina-le-debe-mucho-a-las-mujeres\/06\/08\/\">Acad\u00e9mica y polit\u00f3loga Flavia Freidenberg: \u00abEl Estado en Am\u00e9rica Latina le debe mucho a las mujeres\u00bb. Se refiere Mario Herrera, acad\u00e9mico del Centro de An\u00e1lisis Pol\u00edtico (CAP).\u00a0<\/a><\/p><p class=\"x_MsoNormal\">\u00a0<\/p><p class=\"x_MsoNormal\"><strong>ADPRENSA.CL\u00a0<\/strong><\/p><p class=\"x_MsoNormal\"><a href=\"https:\/\/www.adprensa.cl\/cronica\/mujeres-en-politica-experta-se-refiere-a-desigualdad-estructural\/\">Mujeres en pol\u00edtica: Experta se refiere a desigualdad estructural. Se refiere Mario Herrera, acad\u00e9mico del Centro de An\u00e1lisis Pol\u00edtico (CAP).\u00a0<\/a><\/p><p class=\"x_MsoNormal\">\u00a0<\/p><p class=\"x_MsoNormal\"><strong>ELMAULEINFORMA.CL\u00a0<\/strong><\/p><p class=\"x_MsoNormal\"><a href=\"https:\/\/elmauleinforma.cl\/mujeres-en-politica-experta-se-refiere-a-desigualdad-estructural\/\">Mujeres en pol\u00edtica: Experta se refiere a desigualdad estructural. Se refiere Mario Herrera, acad\u00e9mico del Centro de An\u00e1lisis Pol\u00edtico (CAP).\u00a0<\/a><\/p><p class=\"x_MsoNormal\">\u00a0<\/p><p class=\"x_MsoNormal\"><strong>RADIO FUTURO\u00a0<\/strong><\/p><p class=\"x_MsoNormal\"><a href=\"https:\/\/www.litoralpress.cl\/sitio\/RadioTV_Detalles.cshtml?LPKey=RFDKEPQZDQFRTXX7VFREITG7FLV7NA4M2TTCJELAYG5FLNNLFTEVSU33EVS37ZXT3VHCI6G6OPSY6\">Entrevista a Daniel D\u00edaz, director de la Escuela de Ingenier\u00eda Civil Mecatr\u00f3nica.\u00a0<\/a><\/p><p class=\"x_MsoNormal\">\u00a0<\/p><p class=\"x_MsoNormal\"><strong>FUTURO.CL\u00a0<\/strong><\/p><p class=\"x_MsoNormal\"><a href=\"https:\/\/www.futuro.cl\/2022\/06\/ingeniero-en-mecatronica-explica-las-implicancias-del-cargador-unico-universal\/\">Ingeniero en Mecatr\u00f3nica explica las implicancias del cargador \u00fanico universal. Se refiere Daniel D\u00edaz, director de la Escuela de Ingenier\u00eda Civil Mecatr\u00f3nica.\u00a0<\/a><\/p><p class=\"x_MsoNormal\">\u00a0<\/p><p class=\"x_MsoNormal\"><strong>CANAL TVN RED MAULE\u00a0<\/strong><\/p><p class=\"x_MsoNormal\"><a href=\"https:\/\/www.litoralpress.cl\/sitio\/RadioTV_Detalles.cshtml?LPKey=LULQR7TNLJX3JB3RB4XI5EMEMV6CQ7U6GDFA2S2USRBI52OO264ECZUGB2KHWTOKQQPLPJ7SMALTW\">A 2 a\u00f1os de pandemia la estimulaci\u00f3n en ni\u00f1os y adultos mayores es fundamental. Se refiere Natalia Ibarra, gestora Centro Tecnol\u00f3gico de Telerrehabilitaci\u00f3n y Neurociencias (CTTN).\u00a0<\/a><\/p><p class=\"x_MsoNormal\">\u00a0<\/p><p class=\"x_MsoNormal\"><strong>MUSICAYNOTICIAS.CL\u00a0<\/strong><\/p><p class=\"x_MsoNormal\"><a href=\"https:\/\/www.musicaynoticias.cl\/rss\/gobierno-regional-apoya-la-telerrehabilitacion-en-la-region-del-maule\">Gobierno Regional apoya la Telerrehabilitaci\u00f3n en la Regi\u00f3n del Maule. Se refiere Valeska Gatica, directora del Centro Tecnol\u00f3gico de Telerrehabilitaci\u00f3n y Neurociencias en el Movimiento Humano (CTTN).\u00a0<\/a><\/p><p class=\"x_MsoNormal\">\u00a0<\/p><p class=\"x_MsoNormal\"><strong>LA PRENSA\u00a0<\/strong><\/p><p class=\"x_MsoNormal\"><a href=\"https:\/\/www.litoralpress.cl\/paginaconsultas\/Servicios_NClipSitio\/Get_Imagen_Nota.aspx?LPKey=DZZFYUL7Z7O7VH6RKIZVVU5TED3MDY3OJ7Z6VZRUD6JWHAWUV2Z5AUGET3DMQOC6XVZZJBWTTIT6O\">UTalca fue anfitriona de Di\u00e1logos Sociales de la Reforma Tributaria. Se refiere Mois\u00e9s Gonz\u00e1lez, acad\u00e9mico de la Facultad de Econom\u00eda y Negocios (FEN).\u00a0<\/a><\/p><p class=\"x_MsoNormal\">\u00a0<\/p><p class=\"x_MsoNormal\"><strong>EL HERALDO\u00a0<\/strong><\/p><p class=\"x_MsoNormal\"><a href=\"https:\/\/www.litoralpress.cl\/paginaconsultas\/Servicios_NClipSitio\/Get_Imagen_Nota.aspx?LPKey=WWR3P7NN45YGJVFS2DCZ5CMTC6UNZKD7CJ5FBZWRQQ2TSXV2W5O7LWSOMHTPBVNWFNWZGMEVSJPYK\">UTalca fue anfitriona de Di\u00e1logos Sociales de la Reforma Tributaria. Se refiere Mois\u00e9s Gonz\u00e1lez, acad\u00e9mico de la Facultad de Econom\u00eda y Negocios (FEN).\u00a0<\/a><\/p><p class=\"x_MsoNormal\"><span class=\"x_MsoHyperlink\">\u00a0<\/span><\/p><p class=\"x_MsoNormal\"><strong><span class=\"x_MsoHyperlink\">ELDESCONCIERTO.CL\u00a0<\/span><\/strong><\/p><p class=\"x_MsoNormal\"><a href=\"https:\/\/www.eldesconcierto.cl\/economia\/2022\/06\/08\/a-cuidar-la-billetera-el-consejo-de-expertos-a-hacienda-tras-ultimas-cifras-economicas.html\"><span class=\"x_MsoHyperlink\">\u201cA cuidar la billetera\u201d: el consejo de expertos a Hacienda tras \u00faltimas cifras econ\u00f3micas. Se refiere Rodrigo Saens, acad\u00e9mico de la Facultad de Econom\u00eda y Negocios (FEN).\u00a0<\/span><\/a><\/p><p class=\"x_MsoNormal\">\u00a0<\/p><p class=\"x_MsoNormal\"><strong>CANAL MEGA\u00a0<\/strong><\/p><p class=\"x_MsoNormal\"><a href=\"https:\/\/www.litoralpress.cl\/sitio\/RadioTV_Detalles.cshtml?LPKey=DTYH2ZQQMPABDTZTXFU6BM7KLQPZLG62YLWF7A3TL27H7FSXKV7FHRH3K3IIUPYEHR7IBIBMYJZNK\">Plebiscito desde Chile al extranjero. Se refiere Mauricio Morales, director del Centro de An\u00e1lisis Pol\u00edtico (CAP).\u00a0<\/a><\/p><p class=\"x_MsoNormal\">\u00a0<\/p><p class=\"x_MsoNormal\"><strong>RADIO INFINITA\u00a0<\/strong><\/p><p class=\"x_MsoNormal\"><a href=\"https:\/\/www.litoralpress.cl\/sitio\/RadioTV_Detalles.cshtml?LPKey=NQYJKPJCDR53DJL3YLNPOPMTIBS4SNFXR4MQUY4TDCFHSOTVLXXZFAHZNSCI2CEZ5SDM7JAO4QOZE\">Comentario de Mauricio Morales, director del Centro de An\u00e1lisis Pol\u00edtico (CAP).\u00a0<\/a><\/p><p class=\"x_MsoNormal\">\u00a0<\/p><p class=\"x_MsoNormal\"><strong>EMOL.COM\u00a0<\/strong><\/p><p class=\"x_MsoNormal\"><a href=\"https:\/\/www.emol.com\/noticias\/Nacional\/2022\/06\/08\/1063452\/rebaja-quorum-47-y-terceravia.html\">\u00bfPuede la rebaja del qu\u00f3rum a 4\/7 abrir el camino a la tercera v\u00eda?: Parlamentarios y expertos abordan debate. Se refiere Mauricio Morales, director del Centro de An\u00e1lisis Pol\u00edtico (CAP).\u00a0<\/a><\/p><p class=\"x_MsoNormal\">\u00a0<\/p>\t\t\t\t\t\t<\/div>\n\t\t\t\t<\/div>\n\t\t\t\t\t<\/div>\n\t\t<\/div>\n\t\t\t\t\t\t\t<\/div>\n\t\t<\/section>\n\t\t\t\t\t\t<\/div>\n\t\t\t\t\t<\/div>\n\t\t","protected":false},"excerpt":{"rendered":"<p>ADPRENSA.CL\u00a0 Municipalidad de Macul y Universidad de Talca firman Convenio de Cooperaci\u00f3n. Se refiere Patricia Rodr\u00edguez, directora del Campus Santiago.\u00a0 \u00a0 LANACION.CL\u00a0 El cr\u00edtico Antonio Romera abre sus archivos y su museo secreto. Se refiere Pedro Zamorano, director del Instituto de Estudios Human\u00edsticos Ignacio Molina. \u00a0 ELMAULEINFORMA.CL\u00a0 Especialistas entregan consejos para mantener buen \u00e1nimo en &hellip;<\/p>\n<p class=\"read-more\"> <a class=\"\" href=\"https:\/\/www.reportedeprensa.utalca.cl\/?p=4178\"> <span class=\"screen-reader-text\">09 de junio de 2022<\/span> Read More &raquo;<\/a><\/p>\n","protected":false},"author":1,"featured_media":0,"comment_status":"closed","ping_status":"open","sticky":false,"template":"","format":"standard","meta":{"_monsterinsights_skip_tracking":false,"_monsterinsights_sitenote_active":false,"_monsterinsights_sitenote_note":"","_monsterinsights_sitenote_category":0},"categories":[22],"tags":[],"_links":{"self":[{"href":"https:\/\/www.reportedeprensa.utalca.cl\/index.php?rest_route=\/wp\/v2\/posts\/4178"}],"collection":[{"href":"https:\/\/www.reportedeprensa.utalca.cl\/index.php?rest_route=\/wp\/v2\/posts"}],"about":[{"href":"https:\/\/www.reportedeprensa.utalca.cl\/index.php?rest_route=\/wp\/v2\/types\/post"}],"author":[{"embeddable":true,"href":"https:\/\/www.reportedeprensa.utalca.cl\/index.php?rest_route=\/wp\/v2\/users\/1"}],"replies":[{"embeddable":true,"href":"https:\/\/www.reportedeprensa.utalca.cl\/index.php?rest_route=%2Fwp%2Fv2%2Fcomments&post=4178"}],"version-history":[{"count":10,"href":"https:\/\/www.reportedeprensa.utalca.cl\/index.php?rest_route=\/wp\/v2\/posts\/4178\/revisions"}],"predecessor-version":[{"id":4192,"href":"https:\/\/www.reportedeprensa.utalca.cl\/index.php?rest_route=\/wp\/v2\/posts\/4178\/revisions\/4192"}],"wp:attachment":[{"href":"https:\/\/www.reportedeprensa.utalca.cl\/index.php?rest_route=%2Fwp%2Fv2%2Fmedia&parent=4178"}],"wp:term":[{"taxonomy":"category","embeddable":true,"href":"https:\/\/www.reportedeprensa.utalca.cl\/index.php?rest_route=%2Fwp%2Fv2%2Fcategories&post=4178"},{"taxonomy":"post_tag","embeddable":true,"href":"https:\/\/www.reportedeprensa.utalca.cl\/index.php?rest_route=%2Fwp%2Fv2%2Ftags&post=4178"}],"curies":[{"name":"wp","href":"https:\/\/api.w.org\/{rel}","templated":true}]}}