{"id":4201,"date":"2022-06-10T10:02:46","date_gmt":"2022-06-10T13:02:46","guid":{"rendered":"https:\/\/www.reportedeprensa.utalca.cl\/?p=4201"},"modified":"2022-06-10T10:06:02","modified_gmt":"2022-06-10T13:06:02","slug":"10-de-junio-de-2022","status":"publish","type":"post","link":"https:\/\/www.reportedeprensa.utalca.cl\/?p=4201","title":{"rendered":"10 de junio de 2022"},"content":{"rendered":"\t\t<div data-elementor-type=\"wp-post\" data-elementor-id=\"4201\" class=\"elementor elementor-4201\" data-elementor-settings=\"[]\">\n\t\t\t\t\t\t\t<div class=\"elementor-section-wrap\">\n\t\t\t\t\t\t\t<section class=\"elementor-section elementor-top-section elementor-element elementor-element-436e596a elementor-section-boxed elementor-section-height-default elementor-section-height-default\" data-id=\"436e596a\" data-element_type=\"section\">\n\t\t\t\t\t\t<div class=\"elementor-container elementor-column-gap-default\">\n\t\t\t\t\t<div class=\"elementor-column elementor-col-100 elementor-top-column elementor-element elementor-element-46bd6e88\" data-id=\"46bd6e88\" data-element_type=\"column\">\n\t\t\t<div class=\"elementor-widget-wrap elementor-element-populated\">\n\t\t\t\t\t\t\t\t<div class=\"elementor-element elementor-element-10e3ba9a elementor-widget elementor-widget-text-editor\" data-id=\"10e3ba9a\" data-element_type=\"widget\" data-widget_type=\"text-editor.default\">\n\t\t\t\t<div class=\"elementor-widget-container\">\n\t\t\t\t\t\t\t\t<p class=\"x_MsoNormal\"><strong><span lang=\"ES\">TVMAULE.CL\u00a0<\/span><\/strong><\/p><p class=\"x_MsoNormal\"><a href=\"https:\/\/www.tvmaule.cl\/musicos-maulinos-destacan-en-escenarios-internacionales\/\"><span lang=\"ES\">M\u00fasicos maulinos destacan en escenarios internacionales.\u00a0<\/span><\/a><\/p><p class=\"x_MsoNormal\"><span lang=\"ES\">\u00a0<\/span><\/p><p class=\"x_MsoNormal\"><strong><span lang=\"ES\">CENTROSURNOTICIAS.CL\u00a0<\/span><\/strong><\/p><p class=\"x_MsoNormal\"><a href=\"https:\/\/centrosurnoticias.cl\/musicos-utalinos-destacan-en-escenarios-nacionales-e-internacionales\/\"><span lang=\"ES\">M\u00fasicos utalinos destacan en escenarios nacionales e internacionales.\u00a0<\/span><\/a><\/p><p class=\"x_MsoNormal\"><span lang=\"ES\">\u00a0<\/span><\/p><p class=\"x_MsoNormal\"><strong><span lang=\"ES\">RADIO DE CARABINEROS DE CHILE\u00a0<\/span><\/strong><\/p><p class=\"x_MsoNormal\"><a href=\"https:\/\/www.litoralpress.cl\/sitio\/RadioTV_Detalles.cshtml?LPKey=ZWBVJUXEHQZLS5IFGXMKZ6X5KMVDS3JQWUD6U4MVUYBYTCYTKW6IVKTTCHYZGQP7RTKX5HKVWPJXK\"><span lang=\"ES\">Entrevista a Marcelo Alarc\u00f3n, acad\u00e9mico del Departamento de Bioqu\u00edmica Cl\u00ednica e Inmunohematolog\u00eda.\u00a0<\/span><\/a><\/p><p class=\"x_MsoNormal\"><span lang=\"ES\">\u00a0<\/span><\/p><p class=\"x_MsoNormal\"><strong><span lang=\"ES\">ADPRENSA.CL\u00a0<\/span><\/strong><\/p><p class=\"x_MsoNormal\"><a href=\"https:\/\/www.adprensa.cl\/cronica\/especialistas-entregan-consejos-para-mantener-buen-animo-en-dias-oscuros-y-frios-2\/\"><span lang=\"ES\">Especialistas entregan consejos para mantener buen \u00e1nimo en d\u00edas oscuros y fr\u00edos. Se refieren Nadia Ramos, acad\u00e9mica de la Facultad de Psicolog\u00eda; Ra\u00fal Hormaz\u00e1bal, profesor de la Escuela de Enfermer\u00eda y Felipe Figueroa, profesional del Programa PACE UTalca.\u00a0<\/span><\/a><\/p><p class=\"x_MsoNormal\"><span lang=\"ES\">\u00a0<\/span><\/p><p class=\"x_MsoNormal\"><strong><span lang=\"ES\">ITVPATAGONIA.COM\u00a0<\/span><\/strong><\/p><p class=\"x_MsoNormal\"><a href=\"https:\/\/www.itvpatagonia.com\/salud\/como-mantener-buen-animo-en-dias-oscuros-y-frios\/2022\/06\/09\/62a21d40fd7429000bd89244\"><span lang=\"ES\">\u00bfC\u00f3mo mantener buen \u00e1nimo en d\u00edas oscuros y fr\u00edos?<\/span><span lang=\"ES\">\u00a0<\/span><span lang=\"ES\">Se refieren Nadia Ramos, acad\u00e9mica de la Facultad de Psicolog\u00eda; Ra\u00fal Hormaz\u00e1bal, profesor de la Escuela de Enfermer\u00eda y Felipe Figueroa, profesional del Programa PACE UTalca.\u00a0<\/span><\/a><\/p><p>\u00a0<\/p><p class=\"x_MsoNormal\"><strong><span lang=\"ES\">EL<\/span><span lang=\"ES\">\u00a0HERALDO\u00a0<\/span><\/strong><\/p><p class=\"x_MsoNormal\"><a href=\"https:\/\/www.litoralpress.cl\/paginaconsultas\/Servicios_NClipSitio\/Get_Imagen_Nota.aspx?LPKey=HYENWBJLFNFPIH23ACB3MX2SQ7574MRMIW2GRYCGPTWLK7QKBSV3G3PUAAFRDMXQM7TBOJ4BIW5I6\"><span lang=\"ES\">Gobierno Regional apoya la Telerrehabilitaci\u00f3n en la zona maulina. Se refiere Valeska Gatica, directora del Centro Tecnol\u00f3gico de Telerrehabilitaci\u00f3n y Neurociencia en el Movimiento Humano (CTTN).\u00a0<\/span><\/a><\/p><p class=\"x_MsoNormal\"><span lang=\"ES\">\u00a0<\/span><\/p><p class=\"x_MsoNormal\"><strong><span lang=\"ES\">EL LECTOR\u00a0<\/span><\/strong><\/p><p class=\"x_MsoNormal\"><a href=\"https:\/\/www.litoralpress.cl\/paginaconsultas\/Servicios_NClipSitio\/Get_Imagen_Nota.aspx?LPKey=MJW45S2WRNYVKFANBL3X5EZ5HJHG4NFH7OPWRDXDVWE636JOM4GVDVAPAZW5PUZZI7NLUV77MGI2Y\"><span lang=\"ES\">Gobierno Regional apoya la Telerrehabilitaci\u00f3n en la Regi\u00f3n del Maule. Se refiere Valeska Gatica, directora del Centro Tecnol\u00f3gico de Telerrehabilitaci\u00f3n y Neurociencia en el Movimiento Humano (CTTN).\u00a0<\/span><\/a><\/p><p class=\"x_MsoNormal\"><span lang=\"ES\">\u00a0<\/span><\/p><p class=\"x_MsoNormal\"><strong><span lang=\"ES\">DIARIOTALCA.CL\u00a0<\/span><\/strong><\/p><p class=\"x_MsoNormal\"><a href=\"https:\/\/diariotalca.cl\/comprometen-apoyo-a-la-telerrehabilitacion-y-su-ampliacion-a-toda-la-region\/\"><span lang=\"ES\">Comprometen apoyo a la telerrehabilitaci\u00f3n y su ampliaci\u00f3n a toda la regi\u00f3n. Se refiere Valeska Gatica, directora del Centro Tecnol\u00f3gico de Telerrehabilitaci\u00f3n y Neurociencia en el Movimiento Humano (CTTN).\u00a0<\/span><\/a><\/p><p class=\"x_MsoNormal\"><span lang=\"ES\">\u00a0<\/span><\/p><p class=\"x_MsoNormal\"><strong><span lang=\"ES\">DIARIOELHERALDO.CL\u00a0<\/span><\/strong><\/p><p class=\"x_MsoNormal\"><a href=\"http:\/\/www.diarioelheraldo.cl\/noticia\/gobierno-regional-apoya-la-telerrehabilitacion-en-la-zona-maulina\"><span lang=\"ES\">Gobierno Regional apoya la Telerrehabilitaci\u00f3n en la zona maulina. Se refiere Valeska Gatica, directora del Centro Tecnol\u00f3gico de Telerrehabilitaci\u00f3n y Neurociencia en el Movimiento Humano (CTTN).\u00a0<\/span><\/a><\/p><p class=\"x_MsoNormal\"><span lang=\"ES\">\u00a0<\/span><\/p><p class=\"x_MsoNormal\"><strong><span lang=\"ES\">ROMANTICA.CL\u00a0<\/span><\/strong><\/p><p class=\"x_MsoNormal\"><a href=\"https:\/\/www.romantica.cl\/noticias\/2022\/06\/09\/ines-de-genero-investigacion-universidad.html\"><span lang=\"ES\">La educaci\u00f3n debe terminar con la brecha: 11 universidades impulsan la equidad de g\u00e9nero en investigaci\u00f3n. Se menciona a la UTalca.\u00a0<\/span><\/a><\/p><p class=\"x_MsoNormal\"><span lang=\"ES\">\u00a0<\/span><\/p><p class=\"x_MsoNormal\"><strong><span lang=\"ES\">CHILEESNOTICIA.COM\u00a0<\/span><\/strong><\/p><p class=\"x_MsoNormal\"><a href=\"https:\/\/chileesnoticia.com\/2022\/06\/09\/estufas-de-patio-sirven-de-algo\/\"><span lang=\"ES\">Estufas de patio: \u00bfsirven de algo? Se refiere Mar\u00eda Luisa del Campo, directora del Centro Tecnol\u00f3gico Kipus.\u00a0<\/span><\/a><\/p><p class=\"x_MsoNormal\"><span lang=\"ES\">\u00a0<\/span><\/p><p class=\"x_MsoNormal\"><strong><span lang=\"ES\">LA PRENSA\u00a0<\/span><\/strong><\/p><p class=\"x_MsoNormal\"><a href=\"https:\/\/www.litoralpress.cl\/paginaconsultas\/Servicios_NClipSitio\/Get_Imagen_Nota.aspx?LPKey=AXKFSW4ZGNU5YN4FH6PONTWDCWDFI5R5EF7PDQYYKNRWV2P5AMES3U4XSQO5B7GMFTGWNQCB53MVE\"><span lang=\"ES\">Recalcan que se ha avanzado lentamente en la participaci\u00f3n de mujeres en pol\u00edtica. Se refiere Mario Herrera, acad\u00e9mico del Centro de An\u00e1lisis Pol\u00edtico (CAP).\u00a0<\/span><\/a><\/p><p class=\"x_MsoNormal\"><span lang=\"ES\">\u00a0<\/span><\/p><p class=\"x_MsoNormal\"><strong><span lang=\"ES\">G5NOTICIAS.CL\u00a0<\/span><\/strong><\/p><p class=\"x_MsoNormal\"><a href=\"https:\/\/g5noticias.cl\/2022\/06\/09\/mujeres-en-politica-experta-se-refiere-a-desigualdad-estructural\/\"><span lang=\"ES\">Mujeres en pol\u00edtica: Experta se refiere a desigualdad estructural. Se refiere Mario Herrera, acad\u00e9mico del Centro de An\u00e1lisis Pol\u00edtico (CAP).\u00a0<\/span><\/a><\/p><p class=\"x_MsoNormal\"><span lang=\"ES\">\u00a0<\/span><\/p><p class=\"x_MsoNormal\"><strong><span lang=\"ES\">RADIOTEMUCO.COM\u00a0<\/span><\/strong><\/p><p class=\"x_MsoNormal\"><a href=\"https:\/\/radiotemuco.com\/home\/tres-universidades-se-unen-para-capacitar-a-emprendedores-nacionales-a-traves-de-programa-corfo\/\"><span lang=\"ES\">Tres universidades se unen para capacitar a emprendedores nacionales a trav\u00e9s de programa Corfo. Se refiere Rodrigo Vergara, director ejecutivo de la MacroFacultad de Ingenier\u00eda de la UTalca.\u00a0<\/span><\/a><\/p><p class=\"x_MsoNormal\"><span lang=\"ES\">\u00a0<\/span><\/p><p class=\"x_MsoNormal\"><strong><span lang=\"ES\">CANAL CNN CHILE\u00a0<\/span><\/strong><\/p><p class=\"x_MsoNormal\"><a href=\"https:\/\/www.litoralpress.cl\/sitio\/RadioTV_Detalles.cshtml?LPKey=FVM7IMS2PRD355L4WU777UNMOCAWHCUVV3ZBTS2IMQVTGL56Z2L45F4TO7E7K652FUEGXVCJCPTX2\"><span lang=\"ES\">Seg\u00fan la encuesta CEP un 49 por ciento desaprueba la gesti\u00f3n del Presidente Boric.<\/span><span lang=\"ES\">\u00a0<\/span><span lang=\"ES\">Se refiere Mauricio Morales, director del Centro de An\u00e1lisis Pol\u00edtico (CAP).\u00a0<\/span><\/a><\/p><p class=\"x_MsoNormal\"><span lang=\"ES\">\u00a0<\/span><\/p><p class=\"x_MsoNormal\"><strong><span lang=\"ES\">RADIO INFINITA\u00a0<\/span><\/strong><\/p><p class=\"x_MsoNormal\"><a href=\"https:\/\/www.litoralpress.cl\/sitio\/RadioTV_Detalles.cshtml?LPKey=3HERW7GBEX673QYSS45WINWHSK4TZIF4VZCOFJ6SOTV2QZECOU3TJC2OYSKM6Z2GP7FEW7L4FWDIM\"><span lang=\"ES\">Comentario de Mauricio Morales, director del Centro de An\u00e1lisis Pol\u00edtico (CAP).\u00a0<\/span><\/a><\/p><p class=\"x_MsoNormal\"><span lang=\"ES\">\u00a0<\/span><\/p><p class=\"x_MsoNormal\"><strong><span lang=\"ES\">ELDIARIODESANTIAGO.CL\u00a0<\/span><\/strong><\/p><p class=\"x_MsoNormal\"><a href=\"https:\/\/eldiariodesantiago.cl\/archivo\/96057\"><span lang=\"ES\">\u00bfPuede la rebaja del qu\u00f3rum a 4\/7 abrir el camino a la tercera v\u00eda en el plebiscito de salida? Se refiere Mauricio Morales, director del Centro de An\u00e1lisis Pol\u00edtico (CAP).\u00a0<\/span><\/a><\/p><p class=\"x_MsoNormal\"><span lang=\"ES\">\u00a0<\/span><\/p><p class=\"x_MsoNormal\"><strong><span lang=\"ES\">DIARIOSENRED.COM\u00a0<\/span><\/strong><\/p><p class=\"x_MsoNormal\"><a href=\"https:\/\/diariosenred.com\/regional\/universidad-de-talca-estrena-nueva-serie-animada-para-ninos\"><span lang=\"ES\">Universidad de Talca estrena nueva serie animada para ni\u00f1os. Se refiere Marcela Albornoz, directora de Extensi\u00f3n Cultural-Art\u00edstica.\u00a0<\/span><\/a><\/p><p class=\"x_MsoNormal\"><span lang=\"ES\">\u00a0<\/span><\/p><p class=\"x_MsoNormal\"><strong><span lang=\"ES\">REDMAULE.COM\u00a0<\/span><\/strong><\/p><p class=\"x_MsoNormal\"><a href=\"https:\/\/www.redmaule.com\/regional\/universidad-de-talca-estrena-nueva-serie-animada-para-ninos\"><span lang=\"ES\">Universidad de Talca estrena nueva serie animada para ni\u00f1os. Se refiere Marcela Albornoz, directora de Extensi\u00f3n Cultural-Art\u00edstica.\u00a0<\/span><\/a><\/p><p class=\"x_MsoNormal\">\u00a0<\/p>\t\t\t\t\t\t<\/div>\n\t\t\t\t<\/div>\n\t\t\t\t\t<\/div>\n\t\t<\/div>\n\t\t\t\t\t\t\t<\/div>\n\t\t<\/section>\n\t\t\t\t\t\t<\/div>\n\t\t\t\t\t<\/div>\n\t\t","protected":false},"excerpt":{"rendered":"<p>TVMAULE.CL\u00a0 M\u00fasicos maulinos destacan en escenarios internacionales.\u00a0 \u00a0 CENTROSURNOTICIAS.CL\u00a0 M\u00fasicos utalinos destacan en escenarios nacionales e internacionales.\u00a0 \u00a0 RADIO DE CARABINEROS DE CHILE\u00a0 Entrevista a Marcelo Alarc\u00f3n, acad\u00e9mico del Departamento de Bioqu\u00edmica Cl\u00ednica e Inmunohematolog\u00eda.\u00a0 \u00a0 ADPRENSA.CL\u00a0 Especialistas entregan consejos para mantener buen \u00e1nimo en d\u00edas oscuros y fr\u00edos. Se refieren Nadia Ramos, acad\u00e9mica de &hellip;<\/p>\n<p class=\"read-more\"> <a class=\"\" href=\"https:\/\/www.reportedeprensa.utalca.cl\/?p=4201\"> <span class=\"screen-reader-text\">10 de junio de 2022<\/span> Read More &raquo;<\/a><\/p>\n","protected":false},"author":1,"featured_media":0,"comment_status":"closed","ping_status":"open","sticky":false,"template":"","format":"standard","meta":{"_monsterinsights_skip_tracking":false,"_monsterinsights_sitenote_active":false,"_monsterinsights_sitenote_note":"","_monsterinsights_sitenote_category":0},"categories":[22],"tags":[],"_links":{"self":[{"href":"https:\/\/www.reportedeprensa.utalca.cl\/index.php?rest_route=\/wp\/v2\/posts\/4201"}],"collection":[{"href":"https:\/\/www.reportedeprensa.utalca.cl\/index.php?rest_route=\/wp\/v2\/posts"}],"about":[{"href":"https:\/\/www.reportedeprensa.utalca.cl\/index.php?rest_route=\/wp\/v2\/types\/post"}],"author":[{"embeddable":true,"href":"https:\/\/www.reportedeprensa.utalca.cl\/index.php?rest_route=\/wp\/v2\/users\/1"}],"replies":[{"embeddable":true,"href":"https:\/\/www.reportedeprensa.utalca.cl\/index.php?rest_route=%2Fwp%2Fv2%2Fcomments&post=4201"}],"version-history":[{"count":4,"href":"https:\/\/www.reportedeprensa.utalca.cl\/index.php?rest_route=\/wp\/v2\/posts\/4201\/revisions"}],"predecessor-version":[{"id":4207,"href":"https:\/\/www.reportedeprensa.utalca.cl\/index.php?rest_route=\/wp\/v2\/posts\/4201\/revisions\/4207"}],"wp:attachment":[{"href":"https:\/\/www.reportedeprensa.utalca.cl\/index.php?rest_route=%2Fwp%2Fv2%2Fmedia&parent=4201"}],"wp:term":[{"taxonomy":"category","embeddable":true,"href":"https:\/\/www.reportedeprensa.utalca.cl\/index.php?rest_route=%2Fwp%2Fv2%2Fcategories&post=4201"},{"taxonomy":"post_tag","embeddable":true,"href":"https:\/\/www.reportedeprensa.utalca.cl\/index.php?rest_route=%2Fwp%2Fv2%2Ftags&post=4201"}],"curies":[{"name":"wp","href":"https:\/\/api.w.org\/{rel}","templated":true}]}}