{"id":4215,"date":"2022-06-13T10:04:54","date_gmt":"2022-06-13T13:04:54","guid":{"rendered":"https:\/\/www.reportedeprensa.utalca.cl\/?p=4215"},"modified":"2022-06-13T10:13:46","modified_gmt":"2022-06-13T13:13:46","slug":"13-de-junio-de-2022","status":"publish","type":"post","link":"https:\/\/www.reportedeprensa.utalca.cl\/?p=4215","title":{"rendered":"13 de junio de 2022"},"content":{"rendered":"\t\t<div data-elementor-type=\"wp-post\" data-elementor-id=\"4215\" class=\"elementor elementor-4215\" data-elementor-settings=\"[]\">\n\t\t\t\t\t\t\t<div class=\"elementor-section-wrap\">\n\t\t\t\t\t\t\t<section class=\"elementor-section elementor-top-section elementor-element elementor-element-436e596a elementor-section-boxed elementor-section-height-default elementor-section-height-default\" data-id=\"436e596a\" data-element_type=\"section\">\n\t\t\t\t\t\t<div class=\"elementor-container elementor-column-gap-default\">\n\t\t\t\t\t<div class=\"elementor-column elementor-col-100 elementor-top-column elementor-element elementor-element-46bd6e88\" data-id=\"46bd6e88\" data-element_type=\"column\">\n\t\t\t<div class=\"elementor-widget-wrap elementor-element-populated\">\n\t\t\t\t\t\t\t\t<div class=\"elementor-element elementor-element-10e3ba9a elementor-widget elementor-widget-text-editor\" data-id=\"10e3ba9a\" data-element_type=\"widget\" data-widget_type=\"text-editor.default\">\n\t\t\t\t<div class=\"elementor-widget-container\">\n\t\t\t\t\t\t\t\t<p class=\"x_MsoNormal\"><strong><span lang=\"ES\">CANAL CNN CHILE\u00a0<\/span><\/strong><\/p><p class=\"x_MsoNormal\"><a href=\"https:\/\/www.litoralpress.cl\/sitio\/RadioTV_Detalles.cshtml?LPKey=YVCRKVPF4VT43DQG3CSDJHRNZOCPNDA4NRKK5ARQ4NEXDFWNJS67PXCL6BITKP2VK4AGDFN65NHQM\"><span lang=\"ES\">Entrevista a Daniel Jim\u00e9nez, director de Salud del Estudiante.\u00a0<\/span><\/a><\/p><p class=\"x_MsoNormal\"><span lang=\"ES\">\u00a0<\/span><\/p><p class=\"x_MsoNormal\"><strong><span lang=\"ES\">RADIO COOPERATIVA\u00a0<\/span><\/strong><\/p><p class=\"x_MsoNormal\"><a href=\"https:\/\/www.litoralpress.cl\/sitio\/RadioTV_Detalles.cshtml?LPKey=YCM5BQQ6UFOX5ADOI5KK5643OKQZRQ6RJ53REP6OKHOL6MYSOWEMBXMBYE3XRHVYKZUKX7ESQW2EE\"><span lang=\"ES\">Casos activos de Covid-19 superan los 45 mil, la cifra m\u00e1s alta en 83 d\u00edas. Se refiere Minerva Astudillo, directora de la Escuela de Enfermer\u00eda.\u00a0<\/span><\/a><\/p><p class=\"x_MsoNormal\"><span lang=\"ES\">\u00a0<\/span><\/p><p class=\"x_MsoNormal\"><strong><span lang=\"ES\">CNNCHILE.COM\u00a0<\/span><\/strong><\/p><p class=\"x_MsoNormal\"><a href=\"https:\/\/www.cnnchile.com\/lodijeronencnn\/entrevista-epidemiologo-daniel-jimenez-circulacion-virus_20220610\/\"><span lang=\"ES\">Epidemi\u00f3logo Daniel Jim\u00e9nez: \u201cLa circulaci\u00f3n de virus es mucho mayor que en un a\u00f1o normal\u201d. Se refiere director de Salud del Estudiante.\u00a0<\/span><\/a><\/p><p class=\"x_MsoNormal\"><span lang=\"ES\">\u00a0<\/span><\/p><p class=\"x_MsoNormal\"><strong><span lang=\"ES\">DIARIOTALCA.CL\u00a0<\/span><\/strong><\/p><p class=\"x_MsoNormal\"><a href=\"https:\/\/diariotalca.cl\/que-cambios-son-necesarios-para-lograr-el-envejecimiento-saludable-habla-experto\/\"><span lang=\"ES\">\u00bfQu\u00e9 cambios son necesarios para lograr el envejecimiento saludable? Habla experto. Se refiere Iv\u00e1n Palomo, acad\u00e9mico de la Facultad de Ciencias de la Salud.\u00a0<\/span><\/a><\/p><p class=\"x_MsoNormal\"><span lang=\"ES\">\u00a0<\/span><\/p><p class=\"x_MsoNormal\"><strong><span lang=\"ES\">LA PRENSA\u00a0<\/span><\/strong><\/p><p class=\"x_MsoNormal\"><a href=\"https:\/\/www.litoralpress.cl\/paginaconsultas\/Servicios_NClipSitio\/Get_Imagen_Nota.aspx?LPKey=47I3XM7RK5IVT6AJZIFNPBCAQ7BETCBO64DKR2SHFZLBSKFZ3XJ73JKS3P65RQTO5MFUZ6GCZYNDS\"><span lang=\"ES\">Importante apoyo a la telerehabilitaci\u00f3n. Se menciona al Centro Tecnol\u00f3gico de Telerrehabilitaci\u00f3n y Neurociencia en el Movimiento Humano (CTTN).\u00a0<\/span><\/a><\/p><p class=\"x_MsoNormal\"><span lang=\"ES\">\u00a0<\/span><\/p><p class=\"x_MsoNormal\"><strong><span lang=\"ES\">LA PRENSA\u00a0<\/span><\/strong><\/p><p class=\"x_MsoNormal\"><a href=\"https:\/\/www.litoralpress.cl\/paginaconsultas\/Servicios_NClipSitio\/Get_Imagen_Nota.aspx?LPKey=RZRT6UY2LVYUHBQYZJTPTLD2M3WVT3ZSJFXGVCJ5UIRPU3UX3KIMWIIJ2X2WZ7IBGRE52OBEWR546\"><span lang=\"ES\">C\u00f3mo enfrentamos la infertilidad como sociedad. Se refieren Marjorie Medel y Felipe Su\u00e1rez, acad\u00e9micos de la Escuela de Obstetricia.\u00a0<\/span><\/a><\/p><p class=\"x_MsoNormal\"><span lang=\"ES\">\u00a0<\/span><\/p><p class=\"x_MsoNormal\"><strong><span lang=\"ES\">VERITASCAPITUR.CL\u00a0<\/span><\/strong><\/p><p class=\"x_MsoNormal\"><a href=\"https:\/\/veritascapitur.cl\/especialistas-entregan-consejos-para-mantener-buen-animo-en-dias-oscuros-y-frios\/\"><span lang=\"ES\">Especialistas entregan consejos para mantener buen \u00e1nimo en d\u00edas oscuros y fr\u00edos. Se refieren Nadia Ramos, acad\u00e9mica de la Facultad de Psicolog\u00eda; Ra\u00fal Hormaz\u00e1bal, profesor de la Escuela de Enfermer\u00eda y Felipe Figueroa, profesional del Programa PACE UTalca. \u00a0<\/span><\/a><\/p><p class=\"x_MsoNormal\"><span lang=\"ES\">\u00a0<\/span><\/p><p class=\"x_MsoNormal\"><strong><span lang=\"ES\">RADIO AMIGA\u00a0<\/span><\/strong><\/p><p class=\"x_MsoNormal\"><a href=\"https:\/\/www.litoralpress.cl\/sitio\/RadioTV_Detalles.cshtml?LPKey=DKRYA2IZKVACYD7PRKZWYPSKRNBI7H7E7B6NBQHITJGOPKIK3NGXR2SOJ24HZLQLBTYDX35NCTI3U\"><span lang=\"ES\">Participaci\u00f3n de Felipe Figueroa, profesional del Programa PACE UTalca.\u00a0<\/span><\/a><\/p><p class=\"x_MsoNormal\"><span lang=\"ES\">\u00a0<\/span><\/p><p class=\"x_MsoNormal\"><strong><span lang=\"ES\">LAS \u00daLTIMAS NOTICIAS\u00a0<\/span><\/strong><\/p><p class=\"x_MsoNormal\"><a href=\"https:\/\/www.litoralpress.cl\/paginaconsultas\/Servicios_NClipSitio\/Get_Imagen_Nota.aspx?LPKey=I3JQZYP6CTRAR5HDPFJYMZCIRFSL7DUVUSC2BQ2YQBVXKX5OLIWYXDRGMO3GCEKIWOZDYDWDBU7XY\"><span lang=\"ES\">Champ\u00fa con aloe vera ayuda a que no se le vaya la gente del estadio, Se refiere Marcelo Alarc\u00f3n, acad\u00e9mico del Departamento de Bioqu\u00edmica Cl\u00ednica e Inmunohematolog\u00eda.\u00a0<\/span><\/a><\/p><p class=\"x_MsoNormal\"><span lang=\"ES\">\u00a0<\/span><\/p><p class=\"x_MsoNormal\"><strong><span lang=\"ES\">CANAL MEGA\u00a0<\/span><\/strong><\/p><p class=\"x_MsoNormal\"><a href=\"https:\/\/www.litoralpress.cl\/sitio\/RadioTV_Detalles.cshtml?LPKey=WHA4ZPI7XB6XB7SIAAPEJLLSHWQRON33HCFRAKQ6PA4OLBP7ONIUBPQFEJC6HTUHVDCULLO2KW7L4\"><span lang=\"ES\">Mega cambio crisis clim\u00e1tica. Se refiere<\/span><span lang=\"ES\">\u00a0<\/span><span lang=\"ES\">Patricio Gonz\u00e1lez, acad\u00e9mico del Centro de Investigaci\u00f3n y Transferencia en Riego y Agroclimatolog\u00eda (CITRA).\u00a0<\/span><\/a><\/p><p class=\"x_MsoNormal\"><span lang=\"ES\">\u00a0<\/span><\/p><p class=\"x_MsoNormal\"><strong><span lang=\"ES\">LA TERCERA\u00a0<\/span><\/strong><\/p><p class=\"x_MsoNormal\"><a href=\"https:\/\/www.litoralpress.cl\/paginaconsultas\/Servicios_NClipSitio\/Get_Imagen_Nota.aspx?LPKey=QIFOMCPTDZNOV7CLDV2U5S6K2VY6NJK3UWYNVWAXICC5M5JNPH4H2CNZYSCP6QVO7EDT72BWFOZJ6\"><span lang=\"ES\">Estufas de patio: \u00bfsirven de algo? Se refiere Mar\u00eda Luisa del Campo, directora del Centro Tecnol\u00f3gico Kipus.\u00a0<\/span><\/a><\/p><p class=\"x_MsoNormal\"><span lang=\"ES\">\u00a0<\/span><\/p><p class=\"x_MsoNormal\"><strong><span lang=\"ES\">RADIO AGRICULTURA\u00a0<\/span><\/strong><\/p><p class=\"x_MsoNormal\"><a href=\"https:\/\/www.litoralpress.cl\/sitio\/RadioTV_Detalles.cshtml?LPKey=532ETMAVDBS7PO4WMLSLKIG5O7ZSWTGJPJXANOF6DM63YDTVTGYTIWRRMN7EJL7XVZWLE5UPYP3BI\"><span lang=\"ES\">Entrevista a Patricio Gonz\u00e1lez, acad\u00e9mico del Centro de Investigaci\u00f3n y Transferencia en Riego y Agroclimatolog\u00eda (CITRA).\u00a0<\/span><\/a><\/p><p class=\"x_MsoNormal\"><span lang=\"ES\">\u00a0<\/span><\/p><p class=\"x_MsoNormal\"><strong><span lang=\"ES\">ELMOSTRADOR.CL\u00a0<\/span><\/strong><\/p><p class=\"x_MsoNormal\"><a href=\"https:\/\/www.elmostrador.cl\/agenda-pais\/2022\/06\/10\/expertos-proyectan-heladas-de-hasta-7c-durante-este-invierno\/\"><span lang=\"ES\">Expertos proyectan heladas de hasta -7\u00b0C durante este invierno. Se refieren Patricio Gonz\u00e1lez, acad\u00e9mico del Centro de Investigaci\u00f3n y Transferencia en Riego y Agroclimatolog\u00eda (CITRA) y Roberto Jara, acad\u00e9mico de la Facultad de Ciencias Agrarias.\u00a0<\/span><\/a><\/p><p class=\"x_MsoNormal\"><span lang=\"ES\">\u00a0<\/span><\/p><p class=\"x_MsoNormal\"><strong><span lang=\"ES\">COOPERATIVA.CL\u00a0<\/span><\/strong><\/p><p class=\"x_MsoNormal\"><a href=\"https:\/\/www.cooperativa.cl\/noticias\/economia\/sectores-productivos\/agricultura\/expertos-pronostican-heladas-hasta-septiembre-que-afectaran-la-agricultura\/2022-06-10\/111517.html?region=0\"><span lang=\"ES\">Expertos pronostican heladas hasta septiembre que afectar\u00e1n la agricultura. Se refieren Patricio Gonz\u00e1lez, acad\u00e9mico del Centro de Investigaci\u00f3n y Transferencia en Riego y Agroclimatolog\u00eda (CITRA) y Roberto Jara, acad\u00e9mico de la Facultad de Ciencias Agrarias.\u00a0<\/span><\/a><\/p><p class=\"x_MsoNormal\"><span lang=\"ES\">\u00a0<\/span><\/p><p class=\"x_MsoNormal\"><strong><span lang=\"ES\">MEGANOTICIAS.CL\u00a0<\/span><\/strong><\/p><p class=\"x_MsoNormal\"><a href=\"https:\/\/www.meganoticias.cl\/nacional\/379804-expertos-heladas-zona-central-podrian-continuar-temperaturas-bajo-cero-sequia-10-06-2022.html\"><span lang=\"ES\">Temperaturas de -7\u00b0 durante este invierno: Expertos proyectan heladas que podr\u00edan repetirse desde junio a septiembre. Se refieren Patricio Gonz\u00e1lez, acad\u00e9mico del Centro de Investigaci\u00f3n y Transferencia en Riego y Agroclimatolog\u00eda (CITRA) y Roberto Jara, acad\u00e9mico de la Facultad de Ciencias Agrarias.\u00a0<\/span><\/a><\/p><p class=\"x_MsoNormal\"><span lang=\"ES\">\u00a0<\/span><\/p><p class=\"x_MsoNormal\"><strong><span lang=\"ES\">EMOL.COM\u00a0<\/span><\/strong><\/p><p class=\"x_MsoNormal\"><a href=\"https:\/\/www.emol.com\/noticias\/Economia\/2022\/06\/12\/1063674\/nacionalismo-alimentario-definicion-impacto.html\"><span lang=\"ES\">&#8220;Nacionalismo alimentario&#8221;: El fen\u00f3meno que presiona el riesgo de &#8220;cat\u00e1strofe&#8221; por el hambre que se advierte para el mundo. Se refiere Roberto Jara, acad\u00e9mico de la Facultad de Ciencias Agrarias.\u00a0<\/span><\/a><\/p><p class=\"x_MsoNormal\"><span lang=\"ES\">\u00a0<\/span><\/p><p class=\"x_MsoNormal\"><strong><span lang=\"ES\">DF.CL\u00a0<\/span><\/strong><\/p><p class=\"x_MsoNormal\"><a href=\"https:\/\/www.df.cl\/economia-y-politica\/actualidad\/alertan-sobre-heladas-mas-extensas-y-frias-este-invierno-que-presionaran\"><span lang=\"ES\">Alertan sobre heladas m\u00e1s extensas y fr\u00edas este invierno que presionar\u00e1n al alza precios de las hortalizas. Se refieren Patricio Gonz\u00e1lez, acad\u00e9mico del Centro de Investigaci\u00f3n y Transferencia en Riego y Agroclimatolog\u00eda (CITRA) y Roberto Jara, acad\u00e9mico de la Facultad de Ciencias Agrarias.\u00a0<\/span><\/a><\/p><p class=\"x_MsoNormal\"><span lang=\"ES\">\u00a0<\/span><\/p><p class=\"x_MsoNormal\"><strong><span lang=\"ES\">ELPERIODISTA.CL\u00a0<\/span><\/strong><\/p><p class=\"x_MsoNormal\"><a href=\"https:\/\/www.elperiodista.cl\/2022\/06\/expertos-proyectan-heladas-de-hasta-7c-durante-este-invierno\/\"><span lang=\"ES\">Expertos proyectan heladas de hasta -7\u00b0C durante este invierno. Se refieren Patricio Gonz\u00e1lez, acad\u00e9mico del Centro de Investigaci\u00f3n y Transferencia en Riego y Agroclimatolog\u00eda (CITRA) y Roberto Jara, acad\u00e9mico de la Facultad de Ciencias Agrarias.\u00a0<\/span><\/a><\/p><p class=\"x_MsoNormal\"><span lang=\"ES\">\u00a0<\/span><\/p><p class=\"x_MsoNormal\"><strong><span lang=\"ES\">RADIO BIOB\u00cdO DE VALPARA\u00cdSO\u00a0<\/span><\/strong><\/p><p class=\"x_MsoNormal\"><a href=\"https:\/\/www.litoralpress.cl\/sitio\/RadioTV_Detalles.cshtml?LPKey=MY2OHLBVOHWJUGXKQGJFZW2LIEXQLEMGFPJO6S52VIP35UKDDLOOVIPUZ7OV7VKBRCE6MCRJTABSM\"><span lang=\"ES\">Entrevista a Patricio Gonz\u00e1lez, acad\u00e9mico del Centro de Investigaci\u00f3n y Transferencia en Riego y Agroclimatolog\u00eda (CITRA).\u00a0<\/span><\/a><\/p><p class=\"x_MsoNormal\"><span lang=\"ES\">\u00a0<\/span><\/p><p class=\"x_MsoNormal\"><strong><span lang=\"ES\">RADIO BIOB\u00cdO DE VALPARA\u00cdSO\u00a0<\/span><\/strong><\/p><p class=\"x_MsoNormal\"><a href=\"https:\/\/www.litoralpress.cl\/sitio\/RadioTV_Detalles.cshtml?LPKey=JTNSAL2UIRNDM4SXSKIHDOJUFHBHZKM7LBE2AZMDSZELZNKHSN6DCKHVGXSANZDSF6PRGLLDPBBAW\"><span lang=\"ES\">Embalse Pe\u00f1uelas figura conserva s\u00f3lo el 0,01% de agua acumulada. Se refiere<\/span><span lang=\"ES\">\u00a0<\/span><span lang=\"ES\">Patricio Gonz\u00e1lez, acad\u00e9mico del Centro de Investigaci\u00f3n y Transferencia en Riego y Agroclimatolog\u00eda (CITRA).\u00a0<\/span><\/a><\/p><p class=\"x_MsoNormal\"><span lang=\"ES\">\u00a0<\/span><\/p><p class=\"x_MsoNormal\"><strong><span lang=\"ES\">DIARIOSENRED.COM\u00a0<\/span><\/strong><\/p><p class=\"x_MsoNormal\"><a href=\"https:\/\/diariosenred.com\/regional\/academicos-de-la-utalca-preven-temperaturas-de-hasta-7-durante-los\"><span lang=\"ES\">Acad\u00e9micos de la UTalca prev\u00e9n temperaturas de hasta -7\u00b0 durante los meses de invierno. Se refieren Patricio Gonz\u00e1lez, acad\u00e9mico del Centro de Investigaci\u00f3n y Transferencia en Riego y Agroclimatolog\u00eda (CITRA) y Roberto Jara, acad\u00e9mico de la Facultad de Ciencias Agrarias.\u00a0<\/span><\/a><\/p><p class=\"x_MsoNormal\"><span lang=\"ES\">\u00a0<\/span><\/p><p class=\"x_MsoNormal\"><strong><span lang=\"ES\">ELTIP\u00d3GRAFO.CL\u00a0<\/span><\/strong><\/p><p class=\"x_MsoNormal\"><a href=\"https:\/\/eltipografo.cl\/2022\/06\/proyectan-alza-en-precios-de-hortalizas-de-invierno-a-causa-de-las-heladas\"><span lang=\"ES\">Proyectan alza en precios de hortalizas de invierno a causa de las heladas. Se refieren Patricio Gonz\u00e1lez, acad\u00e9mico del Centro de Investigaci\u00f3n y Transferencia en Riego y Agroclimatolog\u00eda (CITRA) y Roberto Jara, acad\u00e9mico de la Facultad de Ciencias Agrarias.\u00a0<\/span><\/a><\/p><p class=\"x_MsoNormal\"><span lang=\"ES\">\u00a0<\/span><\/p><p class=\"x_MsoNormal\"><strong><span lang=\"ES\">LA DISCUSI\u00d3N\u00a0<\/span><\/strong><\/p><p class=\"x_MsoNormal\"><a href=\"https:\/\/www.litoralpress.cl\/paginaconsultas\/Servicios_NClipSitio\/Get_Imagen_Nota.aspx?LPKey=5E26XAZVBECYU5JH4IEURR6CRSENW525X7PGNOMPCNVYYM4YE5LIGI2MZ5HK4TVKMZ6QOGWF5CXBC\"><span lang=\"ES\">Causas y efectos de la inflaci\u00f3n en Chile. Se refiere Rodrigo Saens, acad\u00e9mico de la Facultad de Econom\u00eda y Negocios (FEN).\u00a0<\/span><\/a><\/p><p class=\"x_MsoNormal\"><span lang=\"ES\">\u00a0<\/span><\/p><p class=\"x_MsoNormal\"><strong><span lang=\"ES\">RADIO PRESIDENTE IB\u00c1\u00d1EZ DE PUNTA ARENAS\u00a0<\/span><\/strong><\/p><p class=\"x_MsoNormal\"><a href=\"https:\/\/www.litoralpress.cl\/sitio\/RadioTV_Detalles.cshtml?LPKey=6RJ7JFYYVVTQUZSNQ5XT72NHUSZQBBY56JW7BYIKFXNPK2SJWD4XYZE7CQAQCQIWZCHYYEXDZISL4\"><span lang=\"ES\">Entrevista a Hern\u00e1n Diaz, acad\u00e9mico de la Facultad de Econom\u00eda y Negocios (FEN).\u00a0<\/span><\/a><\/p><p class=\"x_MsoNormal\"><span lang=\"ES\">\u00a0<\/span><\/p><p class=\"x_MsoNormal\"><strong><span lang=\"ES\">CANAL MEGA\u00a0<\/span><\/strong><\/p><p class=\"x_MsoNormal\"><a href=\"https:\/\/www.litoralpress.cl\/sitio\/RadioTV_Detalles.cshtml?LPKey=SJEJDIVFRHI3HZAEHTBBUM3S34PSLBQQUJMARVQDP5CNJ2XFAS5XOWDFYVOCAETM2YHAFNSKQBR5A\"><span lang=\"ES\">Plebiscito: El voto clave de los indecisos.<\/span><span lang=\"ES\">\u00a0<\/span><span lang=\"ES\">Se refiere Mauricio Morales, director del Centro de An\u00e1lisis Pol\u00edtico (CAP).\u00a0<\/span><\/a><\/p><p class=\"x_MsoNormal\"><span lang=\"ES\">\u00a0<\/span><\/p><p class=\"x_MsoNormal\"><strong><span lang=\"ES\">CANAL CNN CHILE\u00a0<\/span><\/strong><\/p><p class=\"x_MsoNormal\"><a href=\"https:\/\/www.litoralpress.cl\/sitio\/RadioTV_Detalles.cshtml?LPKey=CZG4SICHDQXMLHXFJ4TZ76BGDSWROLBDCOTLPYUJBYVXEHDHO2UBTKNJZEC2H6CVRRSLCQY3AWT62\"><span lang=\"ES\">Encuesta CEP revela que el 49% desaprueba la gesti\u00f3n del Presidente Boric. Se refiere Mauricio Morales, director del Centro de An\u00e1lisis Pol\u00edtico (CAP).\u00a0<\/span><\/a><\/p><p class=\"x_MsoNormal\"><span lang=\"ES\">\u00a0<\/span><\/p><p class=\"x_MsoNormal\"><strong><span lang=\"ES\">CANAL MEGA PLUS\u00a0<\/span><\/strong><\/p><p class=\"x_MsoNormal\"><a href=\"https:\/\/www.litoralpress.cl\/sitio\/RadioTV_Detalles.cshtml?LPKey=V6V6TD6FNSPKDTEWNTW3FTLK5OY7RJIGA7DMMVX7QR34UBFIAGUOJLJWJXNWZELF4X32SYZK4V2CC\"><span lang=\"ES\">Entrevista a Mauricio Morales, director del Centro de An\u00e1lisis Pol\u00edtico (CAP).\u00a0<\/span><\/a><\/p><p class=\"x_MsoNormal\"><span lang=\"ES\">\u00a0<\/span><\/p><p class=\"x_MsoNormal\"><strong><span lang=\"ES\">LA TERCERA\u00a0<\/span><\/strong><\/p><p class=\"x_MsoNormal\"><a href=\"https:\/\/www.litoralpress.cl\/paginaconsultas\/Servicios_NClipSitio\/Get_Imagen_Nota.aspx?LPKey=7U5O5CO7ODSEOLP5X7QQD555IZQJ33WHGJB24PPT4AIE7N7NNSLHYKM72OZFMOODYTKF6MSW7MTVW\"><span lang=\"ES\">El influencer Mario Marcel. Se refiere Mauricio Morales, director del Centro de An\u00e1lisis Pol\u00edtico (CAP).\u00a0<\/span><\/a><\/p><p class=\"x_MsoNormal\"><span lang=\"ES\">\u00a0<\/span><\/p><p class=\"x_MsoNormal\"><strong><span lang=\"ES\">LATERCERA.COM\u00a0<\/span><\/strong><\/p><p class=\"x_MsoNormal\"><a href=\"https:\/\/www.latercera.com\/pulso\/noticia\/mario-marcel-el-mayor-influencer-del-gobierno-de-boric\/NCWT4Y6NUVD2DNU6AGCFDZOAM4\/\"><span lang=\"ES\">Mario Marcel, el mayor influencer del gobierno de Boric. Se refiere Mauricio Morales, director del Centro de An\u00e1lisis Pol\u00edtico (CAP).\u00a0<\/span><\/a><\/p><p class=\"x_MsoNormal\"><span lang=\"ES\">\u00a0<\/span><\/p><p class=\"x_MsoNormal\"><strong><span lang=\"ES\">RADIO COOPERATIVA\u00a0<\/span><\/strong><\/p><p class=\"x_MsoNormal\"><a href=\"https:\/\/www.litoralpress.cl\/sitio\/RadioTV_Detalles.cshtml?LPKey=GKUDZRZSLYO6QS5GXFBNGOHJ7JIRDTPYUIY4ODIMBPF6IX6E4RKZ42SEH5JYKJ5D3EPHDMTLXNT6A\"><span lang=\"ES\">CEP dio a conocer los resultados de su m\u00e1s reciente encuesta. Se refiere Mario Herrera, acad\u00e9mico del Centro de An\u00e1lisis Pol\u00edtico (CAP).\u00a0<\/span><\/a><\/p><p class=\"x_MsoNormal\"><span lang=\"ES\">\u00a0<\/span><\/p><p class=\"x_MsoNormal\"><strong><span lang=\"ES\">RADIO INFINITA\u00a0<\/span><\/strong><\/p><p class=\"x_MsoNormal\"><a href=\"https:\/\/www.litoralpress.cl\/sitio\/RadioTV_Detalles.cshtml?LPKey=WPCFRKXQY4XLMQHMG5GQUZQOZIV4SM46IASDMIROCF7ULQQVSE2IAOUJQW5ENLN2M274BWPX2KJ6A\"><span lang=\"ES\">Comentario de Mauricio Morales, director del Centro de An\u00e1lisis Pol\u00edtico (CAP).\u00a0<\/span><\/a><\/p><p class=\"x_MsoNormal\"><span lang=\"ES\">\u00a0<\/span><\/p><p class=\"x_MsoNormal\"><strong><span lang=\"ES\">RADIO SONAR\u00a0<\/span><\/strong><\/p><p class=\"x_MsoNormal\"><a href=\"https:\/\/www.litoralpress.cl\/sitio\/RadioTV_Detalles.cshtml?LPKey=NKSRS47OWDRFQ5SUENJ4BXN25EYYPC5TCEJZAFUF6SDHLS55I6EJY5ZGE3D3QB3RQD6O3KR4TX43M\"><span lang=\"ES\">Entrevista a Mario Herrera, acad\u00e9mico del Centro de An\u00e1lisis Pol\u00edtico (CAP).\u00a0<\/span><\/a><\/p><p class=\"x_MsoNormal\"><span lang=\"ES\">\u00a0<\/span><\/p><p class=\"x_MsoNormal\"><strong><span lang=\"ES\">RADIO AGRICULTURA\u00a0<\/span><\/strong><\/p><p class=\"x_MsoNormal\"><a href=\"https:\/\/www.litoralpress.cl\/sitio\/RadioTV_Detalles.cshtml?LPKey=UN3CUDVSSO5TN6RPRB3PE3TJZTAFWXA3CODZWZSDEU6R34FWV5CPORF7VD5BB2E6XUBGF6G2ZA4OO\"><span lang=\"ES\">Entrevista a Mauricio Morales, director del Centro de An\u00e1lisis Pol\u00edtico (CAP).\u00a0<\/span><\/a><\/p><p class=\"x_MsoNormal\"><span lang=\"ES\">\u00a0<\/span><\/p><p class=\"x_MsoNormal\"><strong><span lang=\"ES\">ELDESCONCIERTO.CL\u00a0<\/span><\/strong><\/p><p class=\"x_MsoNormal\"><a href=\"https:\/\/www.eldesconcierto.cl\/reportajes\/2022\/06\/11\/de-izquierda-pero-lejos-del-modelo-populista-analistas-evaluan-el-sello-boric-en-su-gira.html\"><span lang=\"ES\">De izquierda, pero lejos del modelo populista: analistas eval\u00faan el sello Boric en su gira. Se refiere Mario Herrera, acad\u00e9mico del Centro de An\u00e1lisis Pol\u00edtico (CAP).\u00a0<\/span><\/a><\/p><p class=\"x_MsoNormal\"><span lang=\"ES\">\u00a0<\/span><\/p><p class=\"x_MsoNormal\"><strong><span lang=\"ES\">EL MERCURIO DE VALPARA\u00cdSO\u00a0<\/span><\/strong><\/p><p class=\"x_MsoNormal\"><a href=\"https:\/\/www.litoralpress.cl\/sitio\/Prensa_PaginaCompleta.cshtml?LPKey=I2L5BCYWNBF7PBFAO2337ECRDYOBZZWDYOLY47ABZ6YMHPNPPLKQ\"><span lang=\"ES\">El indisoluble lazo entre el Gobierno y la Convenci\u00f3n que marcar\u00e1 la suerte de la opci\u00f3n Apruebo. Se refiere Mario Herrera, acad\u00e9mico del Centro de An\u00e1lisis Pol\u00edtico (CAP).\u00a0<\/span><\/a><\/p><p class=\"x_MsoNormal\"><span lang=\"ES\">\u00a0<\/span><\/p><p class=\"x_MsoNormal\"><strong><span lang=\"ES\">RADIO AMIGA\u00a0<\/span><\/strong><\/p><p class=\"x_MsoNormal\"><a href=\"https:\/\/www.litoralpress.cl\/sitio\/RadioTV_Detalles.cshtml?LPKey=KEW5OGEPRJAW7UPW642ZXFUJFIUDYGOYBSVTIZATAK4KGOEPJFULWKO3DLOOJJDCFRTPMNMZS7I5K\"><span lang=\"ES\">Participaci\u00f3n de Fabi\u00e1n Belmar, investigador del Centro de An\u00e1lisis Pol\u00edtico (CAP).\u00a0<\/span><\/a><\/p><p class=\"x_MsoNormal\"><span lang=\"ES\">\u00a0<\/span><\/p><p class=\"x_MsoNormal\"><strong><span lang=\"ES\">ELCENTRO.CL\u00a0<\/span><\/strong><\/p><p class=\"x_MsoNormal\"><a href=\"https:\/\/elcentro.cl\/2022\/06\/11\/el-mundo-oculto-de-los-textiles-utalca-estrena-nueva-serie-animada-para-ninos\/\"><span lang=\"ES\">El Mundo Oculto de los Textiles: UTalca estrena nueva serie animada para ni\u00f1os. Se refiere Marcela Albornoz, directora de Extensi\u00f3n Cultural-Art\u00edstica.\u00a0<\/span><\/a><\/p><p class=\"x_MsoNormal\"><span lang=\"ES\">\u00a0<\/span><\/p><p class=\"x_MsoNormal\"><strong><span lang=\"ES\">EL LECTOR\u00a0<\/span><\/strong><\/p><p class=\"x_MsoNormal\"><a href=\"https:\/\/www.litoralpress.cl\/paginaconsultas\/Servicios_NClipSitio\/Get_Imagen_Nota.aspx?LPKey=LAD6FVOC2IX3WEMW2WTTTYJ2PBXSCPOJ22RH2QQS4CM6JUAGCKU4EPG2TECH3LANXU56JFVMRYM5K\"><span lang=\"ES\">Estudiante de la UTalca destaca como seleccionado nacional de atletismo. Se refieren Juan Agust\u00edn Gachot, alumno de Ingenier\u00eda Civil Mecatr\u00f3nica y V\u00edctor Campos, profesor del Programa de Vida Saludable.\u00a0<\/span><\/a><\/p><p class=\"x_MsoNormal\"><span lang=\"ES\">\u00a0<\/span><\/p><p class=\"x_MsoNormal\"><strong><span lang=\"ES\">ADPRENSA.CL\u00a0<\/span><\/strong><\/p><p class=\"x_MsoNormal\"><a href=\"https:\/\/www.adprensa.cl\/cronica\/estudiante-de-la-utalca-destaca-como-seleccionado-nacional-de-atletismo\/\"><span lang=\"ES\">Estudiante de la UTalca destaca como seleccionado nacional de atletismo. Se refieren Juan Agust\u00edn Gachot, alumno de Ingenier\u00eda Civil Mecatr\u00f3nica y V\u00edctor Campos, profesor del Programa de Vida Saludable.\u00a0<\/span><\/a><\/p><p class=\"x_MsoNormal\"><span lang=\"ES\">\u00a0<\/span><\/p><p class=\"x_MsoNormal\"><strong><span lang=\"ES\">DIARIOTALCA.CL\u00a0<\/span><\/strong><\/p><p class=\"x_MsoNormal\"><a href=\"https:\/\/diariotalca.cl\/los-esfuerzos-y-logros-de-juan-agustin-gachot-squella-en-los-estudios-y-el-atletismo\/\"><span lang=\"ES\">Los esfuerzos y logros de Juan Agust\u00edn Gachot Squella en los estudios y el atletismo. Se refieren estudiante de Ingenier\u00eda Civil Mecatr\u00f3nica y V\u00edctor Campos, profesor del Programa de Vida Saludable.\u00a0<\/span><\/a><\/p><p class=\"x_MsoNormal\"><span lang=\"ES\">\u00a0<\/span><\/p><p class=\"x_MsoNormal\"><strong><span lang=\"ES\">EXTRANOTICIAS.CL\u00a0<\/span><\/strong><\/p><p class=\"x_MsoNormal\"><a href=\"https:\/\/www.extranoticias.cl\/talquino-gana-premio-internacional-con-innovador-sistema-de-bicicletas-compartidas\/\"><span lang=\"ES\">Talquino gana premio internacional con innovador sistema de bicicletas compartidas. Se refiere exalumno, Luis Letelier. \u00a0<\/span><\/a><\/p><p class=\"x_MsoNormal\">\u00a0<\/p>\t\t\t\t\t\t<\/div>\n\t\t\t\t<\/div>\n\t\t\t\t\t<\/div>\n\t\t<\/div>\n\t\t\t\t\t\t\t<\/div>\n\t\t<\/section>\n\t\t\t\t\t\t<\/div>\n\t\t\t\t\t<\/div>\n\t\t","protected":false},"excerpt":{"rendered":"<p>CANAL CNN CHILE\u00a0 Entrevista a Daniel Jim\u00e9nez, director de Salud del Estudiante.\u00a0 \u00a0 RADIO COOPERATIVA\u00a0 Casos activos de Covid-19 superan los 45 mil, la cifra m\u00e1s alta en 83 d\u00edas. Se refiere Minerva Astudillo, directora de la Escuela de Enfermer\u00eda.\u00a0 \u00a0 CNNCHILE.COM\u00a0 Epidemi\u00f3logo Daniel Jim\u00e9nez: \u201cLa circulaci\u00f3n de virus es mucho mayor que en un &hellip;<\/p>\n<p class=\"read-more\"> <a class=\"\" href=\"https:\/\/www.reportedeprensa.utalca.cl\/?p=4215\"> <span class=\"screen-reader-text\">13 de junio de 2022<\/span> Read More &raquo;<\/a><\/p>\n","protected":false},"author":1,"featured_media":0,"comment_status":"closed","ping_status":"open","sticky":false,"template":"","format":"standard","meta":{"_monsterinsights_skip_tracking":false,"_monsterinsights_sitenote_active":false,"_monsterinsights_sitenote_note":"","_monsterinsights_sitenote_category":0},"categories":[22],"tags":[],"_links":{"self":[{"href":"https:\/\/www.reportedeprensa.utalca.cl\/index.php?rest_route=\/wp\/v2\/posts\/4215"}],"collection":[{"href":"https:\/\/www.reportedeprensa.utalca.cl\/index.php?rest_route=\/wp\/v2\/posts"}],"about":[{"href":"https:\/\/www.reportedeprensa.utalca.cl\/index.php?rest_route=\/wp\/v2\/types\/post"}],"author":[{"embeddable":true,"href":"https:\/\/www.reportedeprensa.utalca.cl\/index.php?rest_route=\/wp\/v2\/users\/1"}],"replies":[{"embeddable":true,"href":"https:\/\/www.reportedeprensa.utalca.cl\/index.php?rest_route=%2Fwp%2Fv2%2Fcomments&post=4215"}],"version-history":[{"count":4,"href":"https:\/\/www.reportedeprensa.utalca.cl\/index.php?rest_route=\/wp\/v2\/posts\/4215\/revisions"}],"predecessor-version":[{"id":4219,"href":"https:\/\/www.reportedeprensa.utalca.cl\/index.php?rest_route=\/wp\/v2\/posts\/4215\/revisions\/4219"}],"wp:attachment":[{"href":"https:\/\/www.reportedeprensa.utalca.cl\/index.php?rest_route=%2Fwp%2Fv2%2Fmedia&parent=4215"}],"wp:term":[{"taxonomy":"category","embeddable":true,"href":"https:\/\/www.reportedeprensa.utalca.cl\/index.php?rest_route=%2Fwp%2Fv2%2Fcategories&post=4215"},{"taxonomy":"post_tag","embeddable":true,"href":"https:\/\/www.reportedeprensa.utalca.cl\/index.php?rest_route=%2Fwp%2Fv2%2Ftags&post=4215"}],"curies":[{"name":"wp","href":"https:\/\/api.w.org\/{rel}","templated":true}]}}