{"id":4227,"date":"2022-06-14T10:10:34","date_gmt":"2022-06-14T13:10:34","guid":{"rendered":"https:\/\/www.reportedeprensa.utalca.cl\/?p=4227"},"modified":"2022-06-14T10:14:14","modified_gmt":"2022-06-14T13:14:14","slug":"14-de-junio-de-2022","status":"publish","type":"post","link":"https:\/\/www.reportedeprensa.utalca.cl\/?p=4227","title":{"rendered":"14 de junio de 2022"},"content":{"rendered":"\t\t<div data-elementor-type=\"wp-post\" data-elementor-id=\"4227\" class=\"elementor elementor-4227\" data-elementor-settings=\"[]\">\n\t\t\t\t\t\t\t<div class=\"elementor-section-wrap\">\n\t\t\t\t\t\t\t<section class=\"elementor-section elementor-top-section elementor-element elementor-element-436e596a elementor-section-boxed elementor-section-height-default elementor-section-height-default\" data-id=\"436e596a\" data-element_type=\"section\">\n\t\t\t\t\t\t<div class=\"elementor-container elementor-column-gap-default\">\n\t\t\t\t\t<div class=\"elementor-column elementor-col-100 elementor-top-column elementor-element elementor-element-46bd6e88\" data-id=\"46bd6e88\" data-element_type=\"column\">\n\t\t\t<div class=\"elementor-widget-wrap elementor-element-populated\">\n\t\t\t\t\t\t\t\t<div class=\"elementor-element elementor-element-10e3ba9a elementor-widget elementor-widget-text-editor\" data-id=\"10e3ba9a\" data-element_type=\"widget\" data-widget_type=\"text-editor.default\">\n\t\t\t\t<div class=\"elementor-widget-container\">\n\t\t\t\t\t\t\t\t<p><strong>ADPRENSA.CL\u00a0<\/strong><\/p><p><a href=\"https:\/\/www.adprensa.cl\/cronica\/investigadores-desarrollan-cultivos-que-podrian-subsistir-en-marte\/\">Investigadores desarrollan cultivos que podr\u00edan subsistir en Marte. Se refieren Marco Molina, acad\u00e9mico del Instituto de Ciencias Biol\u00f3gicas y Andrea Barrera, acad\u00e9mica del Departamento de Microbiolog\u00eda.\u00a0<\/a><\/p><p>\u00a0<\/p><p><strong>ELCIUDADANO.COM\u00a0<\/strong><\/p><p><a href=\"https:\/\/www.elciudadano.com\/ciencia-tecnologia\/investigadores-desarrollan-cultivos-que-podrian-subsistir-en-marte\/06\/13\/\">Investigadores chilenos desarrollan cultivos que podr\u00edan subsistir en Marte. Se refieren Marco Molina, acad\u00e9mico del Instituto de Ciencias Biol\u00f3gicas y Andrea Barrera, acad\u00e9mica del Departamento de Microbiolog\u00eda.\u00a0<\/a><\/p><p>\u00a0<\/p><p><strong>RADIO LAUTARO\u00a0<\/strong><\/p><p><a href=\"https:\/\/www.litoralpress.cl\/sitio\/RadioTV_Detalles.cshtml?LPKey=5XXMJEBMJHEJGP2GJGE7DYKS267SGPMJJ6QR2YGGDIHN6WJC2TTE2L7VG3XYMUM3SJEJHPMCIQPAK\">Entrevista a Nadia Ramos, acad\u00e9mica de la Facultad de Psicolog\u00eda.\u00a0<\/a><\/p><p>\u00a0<\/p><p><strong>LA PRENSA\u00a0<\/strong><\/p><p><a href=\"https:\/\/www.litoralpress.cl\/paginaconsultas\/Servicios_NClipSitio\/Get_Imagen_Nota.aspx?LPKey=COS6WIHXTFADRJATLYAJY2F4N6Z5GN7C3EAVAZAZBC4PHVMP5QIZCVENMPF6VVAXPYI4Q5RSAMRUW\">Expertos proyectan heladas de hasta -7\u00b0C durante este invierno. Se refieren Patricio Gonz\u00e1lez, acad\u00e9mico del Centro de Investigaci\u00f3n y Transferencia en Riego y Agroclimatolog\u00eda (CITRA) y Roberto Jara, acad\u00e9mico de la Facultad de Ciencias Agrarias.\u00a0<\/a><\/p><p>\u00a0<\/p><p><strong>EL RANCAG\u00dcINO\u00a0<\/strong><\/p><p><a href=\"https:\/\/www.litoralpress.cl\/paginaconsultas\/Servicios_NClipSitio\/Get_Imagen_Nota.aspx?LPKey=IHFWZLDGOUMAAQYE2AYSJRIDSGROACOXIVUC356OZSIPY6BKWT7XJXG6QLAMJGP25LOQVQOASEKGO\">Expertos proyectan heladas de hasta -7\u00b0C durante este invierno. Se refieren Patricio Gonz\u00e1lez, acad\u00e9mico del Centro de Investigaci\u00f3n y Transferencia en Riego y Agroclimatolog\u00eda (CITRA) y Roberto Jara, acad\u00e9mico de la Facultad de Ciencias Agrarias.\u00a0<\/a><\/p><p>\u00a0<\/p><p><strong>CANAL CONTIVISI\u00d3N\u00a0<\/strong><\/p><p><a href=\"https:\/\/www.litoralpress.cl\/sitio\/RadioTV_Detalles.cshtml?LPKey=INP226J43MRC2ZEPRB4FBNRE5LAZ6HTA2OGRRKSPPMMYFCTTELX6U6HTCTIBMQS6C6OYMP64MXU4O\">Estiman que heladas seguir\u00e1n afectando a la zona central y a su producci\u00f3n agr\u00edcola. Se refieren Patricio Gonz\u00e1lez, acad\u00e9mico del Centro de Investigaci\u00f3n y Transferencia en Riego y Agroclimatolog\u00eda (CITRA) y Roberto Jara, acad\u00e9mico de la Facultad de Ciencias Agrarias.\u00a0<\/a><\/p><p>\u00a0<\/p><p><strong>PORTALDELCAMPO.CL\u00a0<\/strong><\/p><p><a href=\"https:\/\/portaldelcampo.cl\/Noticias\/88363_Expertos-pronostican-heladas-hasta-septiembre-que-afectar%C3%A1n-la-agricultura.html\">Expertos pronostican heladas hasta septiembre que afectar\u00e1n la agricultura. Se refieren Patricio Gonz\u00e1lez, acad\u00e9mico del Centro de Investigaci\u00f3n y Transferencia en Riego y Agroclimatolog\u00eda (CITRA) y Roberto Jara, acad\u00e9mico de la Facultad de Ciencias Agrarias.\u00a0<\/a><\/p><p>\u00a0<\/p><p><strong>DIARIOLAPRENSA.CL\u00a0<\/strong><\/p><p><a href=\"https:\/\/new.diariolaprensa.cl\/index.php\/2022\/06\/13\/expertos-proyectan-heladas-de-hasta-7c-durante-este-invierno\/\">Expertos proyectan heladas de hasta -7\u00b0C durante este invierno. Se refieren Patricio Gonz\u00e1lez, acad\u00e9mico del Centro de Investigaci\u00f3n y Transferencia en Riego y Agroclimatolog\u00eda (CITRA) y Roberto Jara, acad\u00e9mico de la Facultad de Ciencias Agrarias.\u00a0<\/a><\/p><p>\u00a0<\/p><p><strong>EL MERCURIO\u00a0<\/strong><\/p><p><a href=\"https:\/\/www.litoralpress.cl\/sitio\/Prensa_PaginaCompleta.cshtml?LPKey=B2GKAUEXY2OHJDQZFM3IF4MKWF2OWV2L6Z25J3EH7XSPWE742AEQ\">Propuestas para enfrentar la crisis alimentaria. Se refiere \u00c1lvaro Rojas, acad\u00e9mico de la Facultad de Ciencias Agrarias.\u00a0<\/a><\/p><p aria-hidden=\"true\">\u00a0<\/p><p><strong>EMOL.COM\u00a0<\/strong><\/p><p><a href=\"https:\/\/comentarista.emol.com\/2294117\/22206489\/Emol-Social-Facts.html\">Crisis alimentaria global: \u00bfC\u00f3mo afecta a Chile la otra consecuencia de la guerra en Ucrania? Se refiere Roberto Jara, acad\u00e9mico de la Facultad de Ciencias Agrarias.<\/a><\/p><p>\u00a0<\/p><p><strong>RADIO AMIGA\u00a0<\/strong><\/p><p><a href=\"https:\/\/www.litoralpress.cl\/sitio\/RadioTV_Detalles.cshtml?LPKey=ZAWWWBLRONMWRXC7WHBGG34G2HU2MS6MUGYPJ7M2QXAJOKLJER526ATD3637KOJ3W3PZGVDFFD5FS\">Heladas afectaron las hortalizas. Se refiere Patricio Gonz\u00e1lez, acad\u00e9mico del Centro de Investigaci\u00f3n y Transferencia en Riego y Agroclimatolog\u00eda (CITRA).\u00a0<\/a><\/p><p aria-hidden=\"true\">\u00a0<\/p><p><strong>PUBLIMETRO\u00a0<\/strong><\/p><p><a href=\"https:\/\/www.litoralpress.cl\/paginaconsultas\/Servicios_NClipSitio\/Get_Imagen_Nota.aspx?LPKey=EBMBRAIHQYCNQESLGW53VKDRESCYGS537L65WKGKR64QLOCYFPOZEKLABZP5XCZ6L32NOWAPNTAJS\">Lo que dejo la CEP: chilenos aceptan la desigualdad y ceder libertades. Se refiere Paulo Hidalgo, acad\u00e9mico de la Facultad de Ciencias Jur\u00eddicas y Sociales. \u00a0<\/a><\/p><p>\u00a0<\/p><p><strong>PUBLIMETRO.CL\u00a0<\/strong><\/p><p><a href=\"https:\/\/www.publimetro.cl\/noticias\/2022\/06\/13\/cep-chilenos-optan-por-la-seguridad-sobre-la-libertad\/\">CEP: chilenos optan por la seguridad sobre la libertad. Se refiere Paulo Hidalgo, acad\u00e9mico de la Facultad de Ciencias Jur\u00eddicas y Sociales.\u00a0<\/a><\/p><p>\u00a0<\/p><p><strong>CANAL MEGA PLUS\u00a0<\/strong><\/p><p><a href=\"https:\/\/www.litoralpress.cl\/sitio\/RadioTV_Detalles.cshtml?LPKey=TWSUPZ7VKJGEZO5M4TLEG2DWZOCPYQDHEMF2UWQG45ETMFEXTDKDS2KYLQULNYUMWI4M3MXJIRSLI\">An\u00e1lisis de la convenci\u00f3n constitucional. Se refiere Mauricio Morales, director del Centro de An\u00e1lisis Pol\u00edtico (CAP).\u00a0<\/a><\/p><p>\u00a0<\/p><p><strong>RADIO INFINITA\u00a0<\/strong><\/p><p><a href=\"https:\/\/www.litoralpress.cl\/sitio\/RadioTV_Detalles.cshtml?LPKey=3I5UBAT7S67RQYIYOEQMO3OYHJ6PKE6HYSWJIXIWOCBU5LSFBRIDSJ5LHPZHMOK2UU57NERVVOFYG\">Comentario de Mauricio Morales, director del Centro de An\u00e1lisis Pol\u00edtico (CAP).\u00a0<\/a><\/p><p>\u00a0<\/p><p><strong>EMOL.COM\u00a0<\/strong><\/p><p><a href=\"https:\/\/www.emol.com\/noticias\/Nacional\/2022\/06\/13\/1063913\/bachelet-regreso-rol-plebiscito.html\">Bachelet de vuelta en Chile: Lo que se sabe de su retorno y las expectativas sobre el rol que podr\u00eda jugar en el Plebiscito. Se refiere Mauricio Morales, director del Centro de An\u00e1lisis Pol\u00edtico (CAP).\u00a0<\/a><\/p><p>\u00a0<\/p><p><strong>RADIO GUAYAC\u00c1N\u00a0<\/strong><\/p><p><a href=\"https:\/\/www.litoralpress.cl\/sitio\/RadioTV_Detalles.cshtml?LPKey=URM3CS3BCWM2I7EQIFHTZPT6SC2MDIYPVKTA7BA574PBOAE3IWZZHYAEU5Y7LHU4HG5CINBA67KTQ\">Entrevista a Fabi\u00e1n Belmar, investigador del Centro de An\u00e1lisis Pol\u00edtico (CAP).\u00a0<\/a><\/p><p>\u00a0<\/p><p><strong>QUEPASA.CL\u00a0<\/strong><\/p><p><a href=\"https:\/\/api-esp.piano.io\/story\/estored\/817\/21846\/-1\/19641594\/401144\/vib-cl48p2y3000j4014laoyufky1?sig=3a2cf4c64a579c96c862c8cd79cba7c45c070f3360219ef351c990f5a376d12c\">Los recomendados de Gustavo Orellana, acad\u00e9mico del Instituto de Investigaci\u00f3n Interdisciplinaria.\u00a0<\/a><\/p><p>\u00a0<\/p><p><strong>LA PRENSA\u00a0<\/strong><\/p><p><a href=\"https:\/\/www.litoralpress.cl\/paginaconsultas\/Servicios_NClipSitio\/Get_Imagen_Nota.aspx?LPKey=EKLG7JSJYJR2NIYSJGOM7IDS2NLQPKCSUFKTU2M2Q6PEPC6O374K7JYIIY6GNZY57PFDWRM6FXTHU\">Estudiante de UTalca se destaca en la alta competencia atl\u00e9tica. Se refieren Juan Agust\u00edn Gachot, alumno de Ingenier\u00eda Civil Mecatr\u00f3nica y V\u00edctor Campos, profesor del Programa de Vida Saludable.\u00a0<\/a><\/p><p>\u00a0<\/p><p><strong>DIARIOLAPRENSA.CL\u00a0<\/strong><\/p><p><a href=\"https:\/\/new.diariolaprensa.cl\/index.php\/2022\/06\/13\/estudiante-de-utalca-se-destaca-en-la-alta-competencia-atletica\/\">Estudiante de UTalca se destaca en la alta competencia atl\u00e9tica. Se refieren Juan Agust\u00edn Gachot, alumno de Ingenier\u00eda Civil Mecatr\u00f3nica y V\u00edctor Campos, profesor del Programa de Vida Saludable.\u00a0<\/a><\/p><p aria-hidden=\"true\">\u00a0<\/p><p><strong>ELCENTRO.CL\u00a0<\/strong><\/p><p><a href=\"https:\/\/elcentro.cl\/2022\/06\/13\/estudiante-de-la-utalca-destaca-como-seleccionado-nacional-de-atletismo\/\">Estudiante de la UTalca destaca como seleccionado nacional de atletismo. Se refieren Juan Agust\u00edn Gachot, alumno de Ingenier\u00eda Civil Mecatr\u00f3nica y V\u00edctor Campos, profesor del Programa de Vida Saludable.\u00a0<\/a><\/p><p aria-hidden=\"true\">\u00a0<\/p><p><strong>REDOHIGGINS.COM\u00a0<\/strong><\/p><p><a href=\"https:\/\/redohiggins.com\/deportes\/estudiante-de-la-utalca-destaca-como-seleccionado-nacional-de-atletismo\">Estudiante de la UTalca destaca como seleccionado nacional de atletismo. Se refieren Juan Agust\u00edn Gachot, alumno de Ingenier\u00eda Civil Mecatr\u00f3nica y V\u00edctor Campos, profesor del Programa de Vida Saludable.\u00a0<\/a><\/p><p>\u00a0<\/p>\t\t\t\t\t\t<\/div>\n\t\t\t\t<\/div>\n\t\t\t\t\t<\/div>\n\t\t<\/div>\n\t\t\t\t\t\t\t<\/div>\n\t\t<\/section>\n\t\t\t\t\t\t<\/div>\n\t\t\t\t\t<\/div>\n\t\t","protected":false},"excerpt":{"rendered":"<p>ADPRENSA.CL\u00a0 Investigadores desarrollan cultivos que podr\u00edan subsistir en Marte. Se refieren Marco Molina, acad\u00e9mico del Instituto de Ciencias Biol\u00f3gicas y Andrea Barrera, acad\u00e9mica del Departamento de Microbiolog\u00eda.\u00a0 \u00a0 ELCIUDADANO.COM\u00a0 Investigadores chilenos desarrollan cultivos que podr\u00edan subsistir en Marte. Se refieren Marco Molina, acad\u00e9mico del Instituto de Ciencias Biol\u00f3gicas y Andrea Barrera, acad\u00e9mica del Departamento de &hellip;<\/p>\n<p class=\"read-more\"> <a class=\"\" href=\"https:\/\/www.reportedeprensa.utalca.cl\/?p=4227\"> <span class=\"screen-reader-text\">14 de junio de 2022<\/span> Read More &raquo;<\/a><\/p>\n","protected":false},"author":1,"featured_media":0,"comment_status":"closed","ping_status":"open","sticky":false,"template":"","format":"standard","meta":{"_monsterinsights_skip_tracking":false,"_monsterinsights_sitenote_active":false,"_monsterinsights_sitenote_note":"","_monsterinsights_sitenote_category":0},"categories":[22],"tags":[],"_links":{"self":[{"href":"https:\/\/www.reportedeprensa.utalca.cl\/index.php?rest_route=\/wp\/v2\/posts\/4227"}],"collection":[{"href":"https:\/\/www.reportedeprensa.utalca.cl\/index.php?rest_route=\/wp\/v2\/posts"}],"about":[{"href":"https:\/\/www.reportedeprensa.utalca.cl\/index.php?rest_route=\/wp\/v2\/types\/post"}],"author":[{"embeddable":true,"href":"https:\/\/www.reportedeprensa.utalca.cl\/index.php?rest_route=\/wp\/v2\/users\/1"}],"replies":[{"embeddable":true,"href":"https:\/\/www.reportedeprensa.utalca.cl\/index.php?rest_route=%2Fwp%2Fv2%2Fcomments&post=4227"}],"version-history":[{"count":4,"href":"https:\/\/www.reportedeprensa.utalca.cl\/index.php?rest_route=\/wp\/v2\/posts\/4227\/revisions"}],"predecessor-version":[{"id":4234,"href":"https:\/\/www.reportedeprensa.utalca.cl\/index.php?rest_route=\/wp\/v2\/posts\/4227\/revisions\/4234"}],"wp:attachment":[{"href":"https:\/\/www.reportedeprensa.utalca.cl\/index.php?rest_route=%2Fwp%2Fv2%2Fmedia&parent=4227"}],"wp:term":[{"taxonomy":"category","embeddable":true,"href":"https:\/\/www.reportedeprensa.utalca.cl\/index.php?rest_route=%2Fwp%2Fv2%2Fcategories&post=4227"},{"taxonomy":"post_tag","embeddable":true,"href":"https:\/\/www.reportedeprensa.utalca.cl\/index.php?rest_route=%2Fwp%2Fv2%2Ftags&post=4227"}],"curies":[{"name":"wp","href":"https:\/\/api.w.org\/{rel}","templated":true}]}}