{"id":4240,"date":"2022-06-15T09:52:41","date_gmt":"2022-06-15T12:52:41","guid":{"rendered":"https:\/\/www.reportedeprensa.utalca.cl\/?p=4240"},"modified":"2022-06-15T09:56:50","modified_gmt":"2022-06-15T12:56:50","slug":"15-de-junio-de-2022","status":"publish","type":"post","link":"https:\/\/www.reportedeprensa.utalca.cl\/?p=4240","title":{"rendered":"15 de junio de 2022"},"content":{"rendered":"\t\t<div data-elementor-type=\"wp-post\" data-elementor-id=\"4240\" class=\"elementor elementor-4240\" data-elementor-settings=\"[]\">\n\t\t\t\t\t\t\t<div class=\"elementor-section-wrap\">\n\t\t\t\t\t\t\t<section class=\"elementor-section elementor-top-section elementor-element elementor-element-436e596a elementor-section-boxed elementor-section-height-default elementor-section-height-default\" data-id=\"436e596a\" data-element_type=\"section\">\n\t\t\t\t\t\t<div class=\"elementor-container elementor-column-gap-default\">\n\t\t\t\t\t<div class=\"elementor-column elementor-col-100 elementor-top-column elementor-element elementor-element-46bd6e88\" data-id=\"46bd6e88\" data-element_type=\"column\">\n\t\t\t<div class=\"elementor-widget-wrap elementor-element-populated\">\n\t\t\t\t\t\t\t\t<div class=\"elementor-element elementor-element-10e3ba9a elementor-widget elementor-widget-text-editor\" data-id=\"10e3ba9a\" data-element_type=\"widget\" data-widget_type=\"text-editor.default\">\n\t\t\t\t<div class=\"elementor-widget-container\">\n\t\t\t\t\t\t\t\t<p class=\"x_MsoNormal\"><strong>ELMOSTRADOR.CL\u00a0<\/strong><\/p><p class=\"x_MsoNormal\"><a href=\"https:\/\/www.elmostrador.cl\/agenda-pais\/2022\/06\/14\/investigadores-desarrollan-cultivos-que-podrian-subsistir-en-marte\/\">Investigadores desarrollan cultivos que podr\u00edan subsistir en Marte. Se refieren Marco Molina, acad\u00e9mico del Instituto de Ciencias Biol\u00f3gicas y Andrea Barrera, acad\u00e9mica del Departamento de Microbiolog\u00eda.\u00a0<\/a><\/p><p class=\"x_MsoNormal\">\u00a0<\/p><p class=\"x_MsoNormal\"><strong>COOPERATIVA.CL\u00a0<\/strong><\/p><p class=\"x_MsoNormal\"><a href=\"https:\/\/www.cooperativa.cl\/noticias\/pais\/region-del-maule\/investigadores-de-talca-desarrollan-cultivos-que-podrian-subsistir-en\/2022-06-14\/111314.html\">Investigadores de Talca desarrollan cultivos que podr\u00edan subsistir en Marte. Se refieren Marco Molina, acad\u00e9mico del Instituto de Ciencias Biol\u00f3gicas y Andrea Barrera, acad\u00e9mica del Departamento de Microbiolog\u00eda.\u00a0<\/a><\/p><p class=\"x_MsoNormal\">\u00a0<\/p><p class=\"x_MsoNormal\"><strong>DIARIOTALCA.CL\u00a0<\/strong><\/p><p class=\"x_MsoNormal\"><a href=\"https:\/\/diariotalca.cl\/investigadores-desarrollan-cultivos-que-podrian-subsistir-en-marte\/\">Investigadores desarrollan cultivos que podr\u00edan subsistir en Marte. Se refieren Marco Molina, acad\u00e9mico del Instituto de Ciencias Biol\u00f3gicas y Andrea Barrera, acad\u00e9mica del Departamento de Microbiolog\u00eda.\u00a0<\/a><\/p><p class=\"x_MsoNormal\">\u00a0<\/p><p class=\"x_MsoNormal\"><strong>ELCENTRO.CL\u00a0<\/strong><\/p><p class=\"x_MsoNormal\"><a href=\"https:\/\/elcentro.cl\/2022\/06\/14\/investigadores-de-la-utalca-desarrollan-cultivos-que-podrian-subsistir-en-marte\/\">Investigadores de la UTalca desarrollan cultivos que podr\u00edan subsistir en Marte. Se refieren Marco Molina, acad\u00e9mico del Instituto de Ciencias Biol\u00f3gicas y Andrea Barrera, acad\u00e9mica del Departamento de Microbiolog\u00eda.\u00a0<\/a><\/p><p class=\"x_MsoNormal\" aria-hidden=\"true\">\u00a0<\/p><p class=\"x_MsoNormal\"><strong>ELAMAULE.CL\u00a0<\/strong><\/p><p class=\"x_MsoNormal\"><a href=\"https:\/\/www.elamaule.cl\/noticia\/tecnologia\/lechugas-papas-y-cebollas-en-marte-expertos-de-la-universidad-de-talca-realizan-i\">\u00bfLechugas, papas y cebollas en Marte? Expertos de la Universidad de Talca realizan interesante investigaci\u00f3n. Se refiere Marco Molina, acad\u00e9mico del Instituto de Ciencias Biol\u00f3gicas. \u00a0<\/a><\/p><p class=\"x_MsoNormal\" aria-hidden=\"true\">\u00a0<\/p><p class=\"x_MsoNormal\"><strong>G5NOTICIAS.CL\u00a0<\/strong><\/p><p class=\"x_MsoNormal\"><a href=\"https:\/\/g5noticias.cl\/2022\/06\/14\/investigadores-desarrollan-cultivos-que-podrian-subsistir-en-marte\/\">Investigadores desarrollan cultivos que podr\u00edan subsistir en Marte. Se refieren Marco Molina, acad\u00e9mico del Instituto de Ciencias Biol\u00f3gicas y Andrea Barrera, acad\u00e9mica del Departamento de Microbiolog\u00eda.\u00a0<\/a><\/p><p class=\"x_MsoNormal\" aria-hidden=\"true\">\u00a0<\/p><p class=\"x_MsoNormal\"><strong>RADIO COOPERATIVA\u00a0<\/strong><\/p><p class=\"x_MsoNormal\"><a href=\"https:\/\/www.litoralpress.cl\/sitio\/RadioTV_Detalles.cshtml?LPKey=RWDE52LGMSMMJ2GKXV26QOQUS2FPN7ZM2PLAACJ7FFB4DF6UITCCQ3J4TZO5JVOZF572HXJMKW4KG\">Expertos se refirieron al posible adelantamiento de las vacaciones de invierno para prevenir contagios. Se refiere Daniel Jim\u00e9nez, director de Salud del Estudiante. \u00a0<\/a><\/p><p class=\"x_MsoNormal\"><span class=\"x_MsoHyperlink\">\u00a0<\/span><\/p><p class=\"x_MsoNormal\"><strong><span class=\"x_MsoHyperlink\">ADPRENSA.CL\u00a0<\/span><\/strong><\/p><p class=\"x_MsoNormal\"><a href=\"https:\/\/www.adprensa.cl\/cronica\/especialistas-hacen-llamado-a-mantener-ventilacion-cruzada-en-las-salas-de-clases\/\"><span class=\"x_MsoHyperlink\">Especialistas hacen llamado a mantener ventilaci\u00f3n cruzada en las salas de clases. Se refieren Mar\u00eda Luisa del Campo, directora del Centro Tecnol\u00f3gico Kipus y Daniel Jim\u00e9nez, director de Salud del Estudiante.<\/span><span class=\"x_MsoHyperlink\">\u00a0<\/span><\/a><\/p><p class=\"x_MsoNormal\"><span class=\"x_MsoHyperlink\">\u00a0<\/span><\/p><p class=\"x_MsoNormal\"><strong><span class=\"x_MsoHyperlink\">PORTALEDUCACION.CL\u00a0<\/span><\/strong><\/p><p class=\"x_MsoNormal\"><a href=\"https:\/\/portaleducacion.cl\/index.php\/2022\/06\/14\/especialistas-hacen-llamado-a-mantener-ventilacion-cruzada-en-las-salas-de-clases\/\"><span class=\"x_MsoHyperlink\">Especialistas hacen llamado a mantener ventilaci\u00f3n cruzada en las salas de clases.<\/span>\u00a0<span class=\"x_MsoHyperlink\">Se refieren Mar\u00eda Luisa del Campo, directora del Centro Tecnol\u00f3gico Kipus y Daniel Jim\u00e9nez, director de Salud del Estudiante.<\/span><span class=\"x_MsoHyperlink\">\u00a0<\/span><\/a><\/p><p class=\"x_MsoNormal\"><span class=\"x_MsoHyperlink\">\u00a0<\/span><\/p><p class=\"x_MsoNormal\"><strong><span class=\"x_MsoHyperlink\">ELMAULEINFORMA.CL\u00a0<\/span><\/strong><\/p><p class=\"x_MsoNormal\"><a href=\"https:\/\/elmauleinforma.cl\/especialistas-llaman-a-mantener-ventilacion-cruzada-en-las-salas-de-clases\/\"><span class=\"x_MsoHyperlink\">Especialistas llaman a mantener ventilaci\u00f3n cruzada en las salas de clases.<\/span>\u00a0<span class=\"x_MsoHyperlink\">Se refieren Mar\u00eda Luisa del Campo, directora del Centro Tecnol\u00f3gico Kipus y Daniel Jim\u00e9nez, director de Salud del Estudiante.\u00a0<\/span><\/a><\/p><p class=\"x_MsoNormal\"><span class=\"x_MsoHyperlink\">\u00a0<\/span><\/p><p class=\"x_MsoNormal\"><strong><span class=\"x_MsoHyperlink\">G5NOTICIAS.CL\u00a0<\/span><\/strong><\/p><p class=\"x_MsoNormal\"><a href=\"https:\/\/g5noticias.cl\/2022\/06\/15\/especialistas-hacen-llamado-a-mantener-ventilacion-cruzada-en-las-salas-de-clases\/\"><span class=\"x_MsoHyperlink\">Especialistas hacen llamado a mantener ventilaci\u00f3n cruzada en las salas de clases.<\/span>\u00a0<span class=\"x_MsoHyperlink\">Se refieren Mar\u00eda Luisa del Campo, directora del Centro Tecnol\u00f3gico Kipus y Daniel Jim\u00e9nez, director de Salud del Estudiante.<\/span><span class=\"x_MsoHyperlink\">\u00a0<\/span><\/a><\/p><p class=\"x_MsoNormal\"><span class=\"x_MsoHyperlink\">\u00a0<\/span><\/p><p class=\"x_MsoNormal\"><strong><span class=\"x_MsoHyperlink\">ATENTOSCHILE.CL\u00a0<\/span><\/strong><\/p><p class=\"x_MsoNormal\"><a href=\"https:\/\/www.litoralpress.cl\/sitio\/RadioTV_Detalles.cshtml?LPKey=NHJQC7QXERTKLQPNMYSOKPLQ6QFGTCAD3NQL3WAWUIRT24RAPLALM6XDADSIJE42CTFHK2GZDX5BQ\">Entrevista a Mar\u00eda Luisa del Campo, directora del Centro Tecnol\u00f3gico Kipus.\u00a0<\/a><\/p><p class=\"x_MsoNormal\">\u00a0<\/p><p class=\"x_MsoNormal\"><strong>EL MERCURIO\u00a0<\/strong><\/p><p class=\"x_MsoNormal\"><a href=\"https:\/\/www.litoralpress.cl\/paginaconsultas\/Servicios_NClipSitio\/Get_Imagen_Nota.aspx?LPKey=DRDSIH2XZYPXQKYYDYSTZXL5FUUZN6UP6FJMANN5EWOFM72NYYQ2ZYF2GNGA7IR4VARWWLEWECKUK\">La realidad virtual tambi\u00e9n ayuda a superar fobias y sanar traumas. Se refiere Marco Gonz\u00e1lez, acad\u00e9mico de la Facultad de Ingenier\u00eda.\u00a0<\/a><\/p><p class=\"x_MsoNormal\">\u00a0<\/p><p class=\"x_MsoNormal\"><strong>EL LECTOR\u00a0<\/strong><\/p><p class=\"x_MsoNormal\"><a href=\"https:\/\/www.litoralpress.cl\/paginaconsultas\/Servicios_NClipSitio\/Get_Imagen_Nota.aspx?LPKey=I7754FCIULI6LVCCUKIIEKQW2IJPZTAHDH3JUGBQ5FK7AXTVBRHFNCVCLXE45HXTDZQUXAFIV3ICC\">Expertos proyectan heladas de hasta -7\u00b0C durante este invierno. Se refieren Patricio Gonz\u00e1lez, acad\u00e9mico del Centro de Investigaci\u00f3n y Transferencia en Riego y Agroclimatolog\u00eda (CITRA) y Roberto Jara, acad\u00e9mico de la Facultad de Ciencias Agrarias.\u00a0<\/a><\/p><p class=\"x_MsoNormal\">\u00a0<\/p><p class=\"x_MsoNormal\"><strong>CANAL ANTOFAGASTA TELEVISI\u00d3N\u00a0<\/strong><\/p><p class=\"x_MsoNormal\"><a href=\"https:\/\/www.litoralpress.cl\/sitio\/RadioTV_Detalles.cshtml?LPKey=NAIUVTR5UBD2JHHGO7RTTXQWD3OS5YG5SCTGPUJMTBK53HBPGITQUWN2NPXH5PNCS3SI3UVNM7G26\">Acad\u00e9micos de la U. de Talca estimaron que va a continuar ola polar que afecta a la zona central. Se refieren Patricio Gonz\u00e1lez, acad\u00e9mico del Centro de Investigaci\u00f3n y Transferencia en Riego y Agroclimatolog\u00eda (CITRA) y Roberto Jara, acad\u00e9mico de la Facultad de Ciencias Agrarias.\u00a0<\/a><\/p><p class=\"x_MsoNormal\">\u00a0<\/p><p class=\"x_MsoNormal\"><strong>EMOL.COM\u00a0<\/strong><\/p><p class=\"x_MsoNormal\"><a href=\"https:\/\/www.emol.com\/noticias\/Economia\/2022\/06\/15\/1064060\/conflictos-araucania-impacto-seguridad-alimentaria.html\">&#8220;Un riesgo m\u00e1s&#8221;: C\u00f3mo el recrudecimiento de la violencia en La Araucan\u00eda impacta en la seguridad alimentaria de Chile. Se refiere Rodrigo Saens, acad\u00e9mico de la Facultad de Econom\u00eda y Negocios (FEN).\u00a0<\/a><\/p><p class=\"x_MsoNormal\">\u00a0<\/p><p class=\"x_MsoNormal\"><strong>RADIO CORPORACI\u00d3N\u00a0<\/strong><\/p><p class=\"x_MsoNormal\"><a href=\"https:\/\/www.litoralpress.cl\/sitio\/RadioTV_Detalles.cshtml?LPKey=65MK3H3ABGDAY3HOVD3CCILQUBDAVJ433QACV23TSZWV4UR442ZOWAYDSPFEWME6HP6WOCLILRHUG\">Crisis alimentaria. Se refiere Rodrigo Saens, acad\u00e9mico de la Facultad de Econom\u00eda y Negocios (FEN).\u00a0<\/a><\/p><p class=\"x_MsoNormal\"><span class=\"x_MsoHyperlink\">\u00a0<\/span><\/p><p class=\"x_MsoNormal\"><strong><span class=\"x_MsoHyperlink\">VERITASCAPITUR.CL\u00a0<\/span><\/strong><\/p><p class=\"x_MsoNormal\"><a href=\"https:\/\/veritascapitur.cl\/preocupacion-por-crisis-alimentaria-global-y-de-seguridad-en-macrozona-sur-podria-aumentar-dependencia-del-trigo-importado\/\"><span class=\"x_MsoHyperlink\">Preocupaci\u00f3n por crisis alimentaria global y de seguridad en zona sur podr\u00eda aumentar dependencia del trigo importado. Se refiere Rodrigo Saens, acad\u00e9mico de la Facultad de Econom\u00eda y Negocios (FEN).<\/span><span class=\"x_MsoHyperlink\">\u00a0<\/span><\/a><\/p><p class=\"x_MsoNormal\">\u00a0<\/p><p class=\"x_MsoNormal\"><strong>TUOPINAS.CL\u00a0<\/strong><\/p><p class=\"x_MsoNormal\"><a href=\"https:\/\/www.tuopinas.cl\/2022\/06\/14\/alfalfa-se-transforma-en-una-alternativa-forrajera-para-el-secano\/\">Alfalfa se transforma en una alternativa forrajera para el secano. Se menciona a Alejandro del Pozo, acad\u00e9mico de la Facultad de Ciencias Agrarias.\u00a0<\/a><\/p><p class=\"x_MsoNormal\">\u00a0<\/p><p class=\"x_MsoNormal\"><strong>CANAL CNN CHILE\u00a0<\/strong><\/p><p class=\"x_MsoNormal\"><a href=\"https:\/\/www.litoralpress.cl\/sitio\/RadioTV_Detalles.cshtml?LPKey=YOQEWZUM55SHMDLPYFU5CFNWIK5IYPJWA7VPGHRXOWTDE5ZX5XK7ZD6DLUZIGY3A2ZGNZEL4RDNAU\">Entrevista a Mauricio Morales, director del Centro de An\u00e1lisis Pol\u00edtico (CAP).\u00a0<\/a><\/p><p class=\"x_MsoNormal\">\u00a0<\/p><p class=\"x_MsoNormal\"><strong>RADIO INFINITA\u00a0<\/strong><\/p><p class=\"x_MsoNormal\"><a href=\"https:\/\/www.litoralpress.cl\/sitio\/RadioTV_Detalles.cshtml?LPKey=UFW42KGSAXVHE6ZA4WAIIALH6MVOGKOEQAPVVE2XVRC6AOPC4GOMNE2VYZTUMJ636SY4PXBG4HKM4\">Comentario de Mauricio Morales, director del Centro de An\u00e1lisis Pol\u00edtico (CAP).\u00a0<\/a><\/p><p class=\"x_MsoNormal\">\u00a0<\/p><p class=\"x_MsoNormal\"><strong>CNNCHILE.COM\u00a0<\/strong><\/p><p class=\"x_MsoNormal\"><a href=\"https:\/\/www.cnnchile.com\/lodijeronencnn\/entrevista-mauricio-morales-pinera-bachelet-plebiscito-salida_20220614\/\">Mauricio Morales: \u201cParece que la centroderecha no entiende que Pi\u00f1era lo \u00fanico que hace es fortalecer el Apruebo\u201d. Se refiere el director del Centro de An\u00e1lisis Pol\u00edtico (CAP).\u00a0<\/a><\/p><p class=\"x_MsoNormal\">\u00a0<\/p><p class=\"x_MsoNormal\"><strong>ELDESCONCIERTO.CL\u00a0<\/strong><\/p><p class=\"x_MsoNormal\"><a href=\"https:\/\/www.eldesconcierto.cl\/reportajes\/2022\/06\/14\/un-empujon-para-el-apruebo-las-expectativas-que-levanta-bachelet-con-su-retorno-a-chile.html\">Un empuj\u00f3n para el Apruebo: Las expectativas que levanta Bachelet con su retorno a Chile. Se refiere Mauricio Morales, director del Centro de An\u00e1lisis Pol\u00edtico (CAP).\u00a0<\/a><\/p><p class=\"x_MsoNormal\">\u00a0<\/p><p class=\"x_MsoNormal\"><strong>ENOTURISMO.CL\u00a0<\/strong><\/p><p class=\"x_MsoNormal\"><a href=\"https:\/\/www.enoturismochile.cl\/catastro-nacional-de-enoturismo-chile-2022\/\">Catastro Nacional de Enoturismo Chile 2022. Se menciona a la UTalca.\u00a0<\/a><\/p><p class=\"x_MsoNormal\">\u00a0<\/p>\t\t\t\t\t\t<\/div>\n\t\t\t\t<\/div>\n\t\t\t\t\t<\/div>\n\t\t<\/div>\n\t\t\t\t\t\t\t<\/div>\n\t\t<\/section>\n\t\t\t\t\t\t<\/div>\n\t\t\t\t\t<\/div>\n\t\t","protected":false},"excerpt":{"rendered":"<p>ELMOSTRADOR.CL\u00a0 Investigadores desarrollan cultivos que podr\u00edan subsistir en Marte. Se refieren Marco Molina, acad\u00e9mico del Instituto de Ciencias Biol\u00f3gicas y Andrea Barrera, acad\u00e9mica del Departamento de Microbiolog\u00eda.\u00a0 \u00a0 COOPERATIVA.CL\u00a0 Investigadores de Talca desarrollan cultivos que podr\u00edan subsistir en Marte. Se refieren Marco Molina, acad\u00e9mico del Instituto de Ciencias Biol\u00f3gicas y Andrea Barrera, acad\u00e9mica del Departamento &hellip;<\/p>\n<p class=\"read-more\"> <a class=\"\" href=\"https:\/\/www.reportedeprensa.utalca.cl\/?p=4240\"> <span class=\"screen-reader-text\">15 de junio de 2022<\/span> Read More &raquo;<\/a><\/p>\n","protected":false},"author":1,"featured_media":0,"comment_status":"closed","ping_status":"open","sticky":false,"template":"","format":"standard","meta":{"_monsterinsights_skip_tracking":false,"_monsterinsights_sitenote_active":false,"_monsterinsights_sitenote_note":"","_monsterinsights_sitenote_category":0},"categories":[22],"tags":[],"_links":{"self":[{"href":"https:\/\/www.reportedeprensa.utalca.cl\/index.php?rest_route=\/wp\/v2\/posts\/4240"}],"collection":[{"href":"https:\/\/www.reportedeprensa.utalca.cl\/index.php?rest_route=\/wp\/v2\/posts"}],"about":[{"href":"https:\/\/www.reportedeprensa.utalca.cl\/index.php?rest_route=\/wp\/v2\/types\/post"}],"author":[{"embeddable":true,"href":"https:\/\/www.reportedeprensa.utalca.cl\/index.php?rest_route=\/wp\/v2\/users\/1"}],"replies":[{"embeddable":true,"href":"https:\/\/www.reportedeprensa.utalca.cl\/index.php?rest_route=%2Fwp%2Fv2%2Fcomments&post=4240"}],"version-history":[{"count":4,"href":"https:\/\/www.reportedeprensa.utalca.cl\/index.php?rest_route=\/wp\/v2\/posts\/4240\/revisions"}],"predecessor-version":[{"id":4247,"href":"https:\/\/www.reportedeprensa.utalca.cl\/index.php?rest_route=\/wp\/v2\/posts\/4240\/revisions\/4247"}],"wp:attachment":[{"href":"https:\/\/www.reportedeprensa.utalca.cl\/index.php?rest_route=%2Fwp%2Fv2%2Fmedia&parent=4240"}],"wp:term":[{"taxonomy":"category","embeddable":true,"href":"https:\/\/www.reportedeprensa.utalca.cl\/index.php?rest_route=%2Fwp%2Fv2%2Fcategories&post=4240"},{"taxonomy":"post_tag","embeddable":true,"href":"https:\/\/www.reportedeprensa.utalca.cl\/index.php?rest_route=%2Fwp%2Fv2%2Ftags&post=4240"}],"curies":[{"name":"wp","href":"https:\/\/api.w.org\/{rel}","templated":true}]}}