{"id":4252,"date":"2022-06-16T10:01:12","date_gmt":"2022-06-16T13:01:12","guid":{"rendered":"https:\/\/www.reportedeprensa.utalca.cl\/?p=4252"},"modified":"2022-06-16T10:04:37","modified_gmt":"2022-06-16T13:04:37","slug":"16-de-junio-de-2022","status":"publish","type":"post","link":"https:\/\/www.reportedeprensa.utalca.cl\/?p=4252","title":{"rendered":"16 de junio de 2022"},"content":{"rendered":"\t\t<div data-elementor-type=\"wp-post\" data-elementor-id=\"4252\" class=\"elementor elementor-4252\" data-elementor-settings=\"[]\">\n\t\t\t\t\t\t\t<div class=\"elementor-section-wrap\">\n\t\t\t\t\t\t\t<section class=\"elementor-section elementor-top-section elementor-element elementor-element-436e596a elementor-section-boxed elementor-section-height-default elementor-section-height-default\" data-id=\"436e596a\" data-element_type=\"section\">\n\t\t\t\t\t\t<div class=\"elementor-container elementor-column-gap-default\">\n\t\t\t\t\t<div class=\"elementor-column elementor-col-100 elementor-top-column elementor-element elementor-element-46bd6e88\" data-id=\"46bd6e88\" data-element_type=\"column\">\n\t\t\t<div class=\"elementor-widget-wrap elementor-element-populated\">\n\t\t\t\t\t\t\t\t<div class=\"elementor-element elementor-element-10e3ba9a elementor-widget elementor-widget-text-editor\" data-id=\"10e3ba9a\" data-element_type=\"widget\" data-widget_type=\"text-editor.default\">\n\t\t\t\t<div class=\"elementor-widget-container\">\n\t\t\t\t\t\t\t\t<p class=\"x_MsoNormal\"><strong>EL MERCURIO\u00a0<\/strong><\/p><p class=\"x_MsoNormal\"><a href=\"https:\/\/www.litoralpress.cl\/paginaconsultas\/Servicios_NClipSitio\/Get_Imagen_Nota.aspx?LPKey=5LGO4ABPS7CW75GEIFY5HFWL3YMECKK7YBOLCC7RVXL6SZO52V74HWIYDBJRXT7JSTWBQHVOYDTCC\">El veneno del escorpi\u00f3n azul es un potencial tratamiento contra ciertos tipos de c\u00e1ncer. Se refiere Wendy Gonz\u00e1lez, directora del Centro de Bioinform\u00e1tica, Simulaci\u00f3n y Modelado (CBSM). \u00a0<\/a><\/p><p class=\"x_MsoNormal\">\u00a0<\/p><p class=\"x_MsoNormal\"><strong>LA PRENSA\u00a0<\/strong><\/p><p class=\"x_MsoNormal\"><a href=\"https:\/\/www.litoralpress.cl\/paginaconsultas\/Servicios_NClipSitio\/Get_Imagen_Nota.aspx?LPKey=I4CS4VJFCLI7TIGA7JVQNHW4QABW43SKSZCCUUT7NOSEMPGOZV5FDX3Y5IZKOZ3GNRTRZV55YNWVK\">Llaman a mantener ventilaci\u00f3n en salas de clases. Se refieren Mar\u00eda Luisa del Campo, directora del Centro Tecnol\u00f3gico Kipus y Daniel Jim\u00e9nez, director de Salud del Estudiante.\u00a0<\/a><\/p><p class=\"x_MsoNormal\">\u00a0<\/p><p class=\"x_MsoNormal\"><strong>CANAL TV5 LINARES\u00a0<\/strong><\/p><p class=\"x_MsoNormal\"><a href=\"https:\/\/www.litoralpress.cl\/sitio\/RadioTV_Detalles.cshtml?LPKey=QKWMF7NWSLL2QV3OQHL46YPZRBEJSV5DUMP2NTWL3MUI33YDBTY3XHFJV2LNBYHBC2X7RJEWIYREG\">Adelantan vacaciones de invierno por situaci\u00f3n sanitaria. Se refiere Sebasti\u00e1n Donoso, acad\u00e9mico del Instituto de Investigaci\u00f3n y Desarrollo Educacional (IIDE).\u00a0<\/a><\/p><p class=\"x_MsoNormal\">\u00a0<\/p><p class=\"x_MsoNormal\"><strong>LATERCERA.COM\u00a0<\/strong><\/p><p class=\"x_MsoNormal\"><a href=\"https:\/\/www.latercera.com\/practico\/noticia\/paneles-solares-en-casa-como-funcionan-que-tan-caro-es-instalarlos-y-cuanto-se-ahorra-al-ano-en-electricidad\/UQREEHOEOVCYJMNYRAEIAXIXRU\/\">Paneles solares en casa: c\u00f3mo funcionan, qu\u00e9 tan caro es instalarlos y cu\u00e1nto se ahorra al a\u00f1o en electricidad. Se refiere Mar\u00eda Luisa del Campo, directora del Centro Tecnol\u00f3gico Kipus.\u00a0<\/a><\/p><p class=\"x_MsoNormal\">\u00a0<\/p><p class=\"x_MsoNormal\"><strong>G5NOTICIAS.CL\u00a0<\/strong><\/p><p class=\"x_MsoNormal\"><a href=\"https:\/\/g5noticias.cl\/2022\/06\/15\/272637\/\">1 de cada 4 accidentes en Chile es producido por la falta de sue\u00f1o. Se mencionan a Emilio Moyano y H\u00e9ctor Vargas, acad\u00e9micos de la Facultad de Psicolog\u00eda. \u00a0<\/a><\/p><p class=\"x_MsoNormal\">\u00a0<\/p><p class=\"x_MsoNormal\"><strong>RADIOAGRICULTURA.CL\u00a0<\/strong><\/p><p class=\"x_MsoNormal\"><a href=\"https:\/\/www.radioagricultura.cl\/elagro\/2022\/06\/15\/cambio-climatico-inia-desarrolla-trigo-altamente-tolerante-a-la-falta-de-agua\/\">Cambio clim\u00e1tico: INIA desarrolla trigo altamente tolerante a la falta de agua. Se menciona a Alejandro del Pozo, acad\u00e9mico de la Facultad de Ciencias Agrarias.\u00a0<\/a><\/p><p class=\"x_MsoNormal\">\u00a0<\/p><p class=\"x_MsoNormal\"><strong>RADIOCAMILATV.CL\u00a0<\/strong><\/p><p class=\"x_MsoNormal\"><a href=\"https:\/\/www.radiocamilatv.cl\/portal\/views\/noticia.php?codNoticia=NTUxMg==\">INIA desarrolla trigo altamente tolerante a la falta de agua. Se menciona a Alejandro del Pozo, acad\u00e9mico de la Facultad de Ciencias Agrarias.\u00a0<\/a><\/p><p class=\"x_MsoNormal\">\u00a0<\/p><p class=\"x_MsoNormal\"><strong>DIARIODEVALDIVIA.CL\u00a0<\/strong><\/p><p class=\"x_MsoNormal\"><a href=\"https:\/\/www.diariodevaldivia.cl\/noticia\/agro-y-ganaderia\/2022\/06\/cambio-climatico-inia-desarrolla-trigo-altamente-tolerante-a-la-falta-de-agua\">Cambio clim\u00e1tico: INIA desarrolla trigo altamente tolerante a la falta de agua. Se menciona a Alejandro del Pozo, acad\u00e9mico de la Facultad de Ciencias Agrarias.\u00a0<\/a><\/p><p class=\"x_MsoNormal\">\u00a0<\/p><p class=\"x_MsoNormal\"><strong>ELMAULE INFORMA.CL\u00a0<\/strong><\/p><p class=\"x_MsoNormal\"><a href=\"https:\/\/elmauleinforma.cl\/alfalfa-se-transforma-en-una-alternativa-forrajera-para-el-secano\/\">Alfalfa se transforma en una alternativa forrajera para el secano. Se menciona a Alejandro del Pozo, acad\u00e9mico de la Facultad de Ciencias Agrarias.\u00a0<\/a><\/p><p class=\"x_MsoNormal\">\u00a0<\/p><p class=\"x_MsoNormal\"><strong>RADIOAGRICULTURA.CL\u00a0<\/strong><\/p><p class=\"x_MsoNormal\"><a href=\"https:\/\/www.radioagricultura.cl\/elagro\/2022\/06\/15\/un-riesgo-mas-como-el-recrudecimiento-de-la-violencia-en-la-araucania-impacta-en-la-seguridad-alimentaria-de-chile\/\">\u201cUn riesgo m\u00e1s\u201d: C\u00f3mo el recrudecimiento de la violencia en La Araucan\u00eda impacta en la seguridad alimentaria de Chile. Se refiere Rodrigo Saens, acad\u00e9mico de la Facultad de Econom\u00eda y Negocios (FEN).\u00a0<\/a><\/p><p class=\"x_MsoNormal\">\u00a0<\/p><p class=\"x_MsoNormal\"><strong>RADIO INFINITA\u00a0<\/strong><\/p><p class=\"x_MsoNormal\"><a href=\"https:\/\/www.litoralpress.cl\/sitio\/RadioTV_Detalles.cshtml?LPKey=IRI6EWBVV5KV3A3P7RHRFTJT2DWL5CPLCVZTYCYOXCW44XK36VFO4IJ6KQGN45UIA3MBLWUUAMHAE\">Comentario de Mauricio Morales, director del Centro de An\u00e1lisis Pol\u00edtico (CAP).\u00a0<\/a><\/p><p class=\"x_MsoNormal\">\u00a0<\/p><p class=\"x_MsoNormal\"><strong>RADIO FUTURO\u00a0<\/strong><\/p><p class=\"x_MsoNormal\"><a href=\"https:\/\/www.litoralpress.cl\/sitio\/RadioTV_Detalles.cshtml?LPKey=MRIEZYS3MPUIDUJVC525BQZCXQA6FXRUPCM4PUTXDHV6LTWMFGNDQOZXDGPMX6NE2Z5ONX7UZVLLG\">Entrevista a Mauricio Morales, director del Centro de An\u00e1lisis Pol\u00edtico (CAP).\u00a0<\/a><\/p><p class=\"x_MsoNormal\">\u00a0<\/p><p class=\"x_MsoNormal\"><strong>ELMOSTRADOR.CL\u00a0<\/strong><\/p><p class=\"x_MsoNormal\"><a href=\"https:\/\/www.elmostrador.cl\/noticias\/pais\/2022\/06\/16\/retorno-de-bachelet-genera-sismo-de-intensidad-con-epicentro-en-la-convencion\/\">Retorno de Bachelet genera sismo de intensidad con epicentro en la Convenci\u00f3n. Se refiere Mauricio Morales, director del Centro de An\u00e1lisis Pol\u00edtico (CAP).\u00a0<\/a><\/p><p class=\"x_MsoNormal\">\u00a0<\/p><p class=\"x_MsoNormal\"><strong>CHVNOTICIAS.CL\u00a0<\/strong><\/p><p class=\"x_MsoNormal\"><a href=\"https:\/\/www.chvnoticias.cl\/convencion-constitucional\/video-publicitario-rechazo-actriz-pagada_20220615\/\">Protagonista de video publicitario del rechazo reconoce ser una actriz pagada: \u201cCon plata se come\u201d. Se refiere Mauricio Morales, director del Centro de An\u00e1lisis Pol\u00edtico (CAP).\u00a0<\/a><\/p><p class=\"x_MsoNormal\">\u00a0<\/p><p class=\"x_MsoNormal\"><strong>TVMAULE.CL\u00a0<\/strong><\/p><p class=\"x_MsoNormal\"><a href=\"https:\/\/www.tvmaule.cl\/universitario-maulino-destaca-como-seleccionado-nacional-de-atletismo\/\">Universitario maulino destaca como seleccionado nacional de atletismo. Se refieren Juan Agust\u00edn Gachot, alumno de Ingenier\u00eda Civil Mecatr\u00f3nica y V\u00edctor Campos, profesor del Programa de Vida Saludable.\u00a0<\/a><\/p><p class=\"x_MsoNormal\">\u00a0<\/p><p class=\"x_MsoNormal\"><strong>ELCENTRO.CL\u00a0<\/strong><\/p><p class=\"x_MsoNormal\"><a href=\"https:\/\/elcentro.cl\/2022\/06\/15\/utalca-presenta-nutrida-parrilla-de-actividades-relacionadas-a-artes-visuales\/\">UTalca presenta nutrida parrilla de actividades relacionadas a artes visuales. Se refiere Marcela Albornoz, director de Extensi\u00f3n Cultural-Art\u00edstica.\u00a0<\/a><\/p><p class=\"x_MsoNormal\">\u00a0<\/p><p class=\"x_MsoNormal\"><strong>CANAL TVN RED MAULE\u00a0<\/strong><\/p><p class=\"x_MsoNormal\"><a href=\"https:\/\/www.litoralpress.cl\/sitio\/RadioTV_Detalles.cshtml?LPKey=N6X4CI6TUJ66PTAMODN5P6ETC5S6JGEEZXPLXSXA3ADUFU2FGFN753G4KJFZFRKGM57KZSOS2NRXS\">Conversatorio sobre obra de Lea Kleiner. Se menciona a la UTalca.\u00a0<\/a><\/p><p class=\"x_MsoNormal\">\u00a0<\/p>\t\t\t\t\t\t<\/div>\n\t\t\t\t<\/div>\n\t\t\t\t\t<\/div>\n\t\t<\/div>\n\t\t\t\t\t\t\t<\/div>\n\t\t<\/section>\n\t\t\t\t\t\t<\/div>\n\t\t\t\t\t<\/div>\n\t\t","protected":false},"excerpt":{"rendered":"<p>EL MERCURIO\u00a0 El veneno del escorpi\u00f3n azul es un potencial tratamiento contra ciertos tipos de c\u00e1ncer. Se refiere Wendy Gonz\u00e1lez, directora del Centro de Bioinform\u00e1tica, Simulaci\u00f3n y Modelado (CBSM). \u00a0 \u00a0 LA PRENSA\u00a0 Llaman a mantener ventilaci\u00f3n en salas de clases. Se refieren Mar\u00eda Luisa del Campo, directora del Centro Tecnol\u00f3gico Kipus y Daniel Jim\u00e9nez, &hellip;<\/p>\n<p class=\"read-more\"> <a class=\"\" href=\"https:\/\/www.reportedeprensa.utalca.cl\/?p=4252\"> <span class=\"screen-reader-text\">16 de junio de 2022<\/span> Read More &raquo;<\/a><\/p>\n","protected":false},"author":1,"featured_media":0,"comment_status":"closed","ping_status":"open","sticky":false,"template":"","format":"standard","meta":{"_monsterinsights_skip_tracking":false,"_monsterinsights_sitenote_active":false,"_monsterinsights_sitenote_note":"","_monsterinsights_sitenote_category":0},"categories":[22],"tags":[],"_links":{"self":[{"href":"https:\/\/www.reportedeprensa.utalca.cl\/index.php?rest_route=\/wp\/v2\/posts\/4252"}],"collection":[{"href":"https:\/\/www.reportedeprensa.utalca.cl\/index.php?rest_route=\/wp\/v2\/posts"}],"about":[{"href":"https:\/\/www.reportedeprensa.utalca.cl\/index.php?rest_route=\/wp\/v2\/types\/post"}],"author":[{"embeddable":true,"href":"https:\/\/www.reportedeprensa.utalca.cl\/index.php?rest_route=\/wp\/v2\/users\/1"}],"replies":[{"embeddable":true,"href":"https:\/\/www.reportedeprensa.utalca.cl\/index.php?rest_route=%2Fwp%2Fv2%2Fcomments&post=4252"}],"version-history":[{"count":4,"href":"https:\/\/www.reportedeprensa.utalca.cl\/index.php?rest_route=\/wp\/v2\/posts\/4252\/revisions"}],"predecessor-version":[{"id":4256,"href":"https:\/\/www.reportedeprensa.utalca.cl\/index.php?rest_route=\/wp\/v2\/posts\/4252\/revisions\/4256"}],"wp:attachment":[{"href":"https:\/\/www.reportedeprensa.utalca.cl\/index.php?rest_route=%2Fwp%2Fv2%2Fmedia&parent=4252"}],"wp:term":[{"taxonomy":"category","embeddable":true,"href":"https:\/\/www.reportedeprensa.utalca.cl\/index.php?rest_route=%2Fwp%2Fv2%2Fcategories&post=4252"},{"taxonomy":"post_tag","embeddable":true,"href":"https:\/\/www.reportedeprensa.utalca.cl\/index.php?rest_route=%2Fwp%2Fv2%2Ftags&post=4252"}],"curies":[{"name":"wp","href":"https:\/\/api.w.org\/{rel}","templated":true}]}}