{"id":4264,"date":"2022-06-17T09:53:30","date_gmt":"2022-06-17T12:53:30","guid":{"rendered":"https:\/\/www.reportedeprensa.utalca.cl\/?p=4264"},"modified":"2022-06-17T09:56:44","modified_gmt":"2022-06-17T12:56:44","slug":"17-de-junio-de-2022","status":"publish","type":"post","link":"https:\/\/www.reportedeprensa.utalca.cl\/?p=4264","title":{"rendered":"17 de junio de 2022"},"content":{"rendered":"\t\t<div data-elementor-type=\"wp-post\" data-elementor-id=\"4264\" class=\"elementor elementor-4264\" data-elementor-settings=\"[]\">\n\t\t\t\t\t\t\t<div class=\"elementor-section-wrap\">\n\t\t\t\t\t\t\t<section class=\"elementor-section elementor-top-section elementor-element elementor-element-436e596a elementor-section-boxed elementor-section-height-default elementor-section-height-default\" data-id=\"436e596a\" data-element_type=\"section\">\n\t\t\t\t\t\t<div class=\"elementor-container elementor-column-gap-default\">\n\t\t\t\t\t<div class=\"elementor-column elementor-col-100 elementor-top-column elementor-element elementor-element-46bd6e88\" data-id=\"46bd6e88\" data-element_type=\"column\">\n\t\t\t<div class=\"elementor-widget-wrap elementor-element-populated\">\n\t\t\t\t\t\t\t\t<div class=\"elementor-element elementor-element-10e3ba9a elementor-widget elementor-widget-text-editor\" data-id=\"10e3ba9a\" data-element_type=\"widget\" data-widget_type=\"text-editor.default\">\n\t\t\t\t<div class=\"elementor-widget-container\">\n\t\t\t\t\t\t\t\t<p class=\"x_MsoNormal\"><strong>ADPRENSA.CL\u00a0<\/strong><\/p><p class=\"x_MsoNormal\"><a href=\"https:\/\/www.adprensa.cl\/cronica\/presidenta-de-la-convencion-constitucional-destaca-propuesta-sobre-sistema-nacional-de-educacion-2\/\">Presidenta de la Convenci\u00f3n Constitucional destaca propuesta sobre Sistema Nacional de Educaci\u00f3n. Se refieren Humberto Nogueira, director del Centro de Estudios Constitucionales de Chile (CECOCH) y Mar\u00eda Elisa Quinteros, presidenta de la Convenci\u00f3n y acad\u00e9mica de la UTalca.\u00a0<\/a><\/p><p class=\"x_MsoNormal\">\u00a0<\/p><p class=\"x_MsoNormal\"><strong>DIARIOELHERALDO.CL\u00a0<\/strong><\/p><p class=\"x_MsoNormal\"><a href=\"http:\/\/www.diarioelheraldo.cl\/noticia\/presidenta-de-la-convencion-constitucional-destaca-propuesta-sobre-sistema-nacional-de-educacion\">Presidenta de la Convenci\u00f3n Constitucional destaca propuesta sobre Sistema Nacional de Educaci\u00f3n. Se refieren Humberto Nogueira, director del Centro de Estudios Constitucionales de Chile (CECOCH) y Mar\u00eda Elisa Quinteros, presidenta de la Convenci\u00f3n y acad\u00e9mica de la UTalca.\u00a0<\/a><\/p><p class=\"x_MsoNormal\">\u00a0<\/p><p class=\"x_MsoNormal\"><strong>G5NOTICIAS.CL\u00a0<\/strong><\/p><p class=\"x_MsoNormal\"><a href=\"https:\/\/g5noticias.cl\/2022\/06\/16\/presidenta-de-la-convencion-constitucional-destaca-propuesta-sobre-sistema-nacional-de-educacion\/\">Presidenta de la Convenci\u00f3n Constitucional destaca propuesta sobre Sistema Nacional de Educaci\u00f3n. Se refieren Humberto Nogueira, director del Centro de Estudios Constitucionales de Chile (CECOCH) y Mar\u00eda Elisa Quinteros, presidenta de la Convenci\u00f3n y acad\u00e9mica de la UTalca.\u00a0<\/a><\/p><p class=\"x_MsoNormal\">\u00a0<\/p><p class=\"x_MsoNormal\"><strong>CANAL TV5 LINARES\u00a0<\/strong><\/p><p class=\"x_MsoNormal\"><a href=\"https:\/\/www.litoralpress.cl\/sitio\/RadioTV_Detalles.cshtml?LPKey=WIGECSXV5NVTG3UR7DIP6EFTJ3FIRBDT76JUZMBMY7XAF62JT4BTLIRIY7X4NXAAPJSJUUIYRSDJQ\">Situaci\u00f3n Covid en Linares. Se refiere Mar\u00eda Ester Mu\u00f1oz, acad\u00e9mica de la Escuela de Enfermer\u00eda.\u00a0<\/a><\/p><p class=\"x_MsoNormal\">\u00a0<\/p><p class=\"x_MsoNormal\"><strong>ITVPATAGONIA.COM\u00a0<\/strong><\/p><p class=\"x_MsoNormal\"><a href=\"https:\/\/www.litoralpress.cl\/sitio\/MediosOnline_Detalles.cshtml?LPKey=42EDYXHBEKIPHZRZMNQJAJ2GB4O5Z36Q2N353SBI6OYIFIG5KS542O2ESZIZZ3YRSVC32L5TYQAHC\">M\u00e1s de 22 mil personas en Magallanes siguen sin completar su esquema de vacunaci\u00f3n Covid-19. Se refiere Sergio Wehinger, director del Mag\u00edster en Ciencias Biom\u00e9dicas. \u00a0<\/a><\/p><p class=\"x_MsoNormal\">\u00a0<\/p><p class=\"x_MsoNormal\"><strong>RADIO SOF\u00cdA\u00a0<\/strong><\/p><p class=\"x_MsoNormal\"><a href=\"https:\/\/radiosofia.cl\/senama-maule-conmemora-el-dia-del-buen-trato-a-las-personas-mayores\/\">Senama Maule Conmemora el D\u00eda del Buen Trato a las Personas Mayores. Se menciona al Centro de Estudios de Envejecimiento Activo.\u00a0<\/a><\/p><p class=\"x_MsoNormal\">\u00a0<\/p><p class=\"x_MsoNormal\"><strong>ATENTOSCHILE.CL\u00a0<\/strong><\/p><p class=\"x_MsoNormal\"><a href=\"https:\/\/www.litoralpress.cl\/sitio\/RadioTV_Detalles.cshtml?LPKey=JL3AQNFF7LG4EBPLGO67DZVVXR7JA53FGS57THCH4XNZ2GM6VEADFO7B4OMFG4DVMBAEENMIR7ZFS\">Entrevista a Omar Fuentes, acad\u00e9mico de la Escuela de Enfermer\u00eda. \u00a0<\/a><\/p><p class=\"x_MsoNormal\">\u00a0<\/p><p class=\"x_MsoNormal\"><strong>ELMOSTRADOR.CL\u00a0<\/strong><\/p><p class=\"x_MsoNormal\"><a href=\"https:\/\/www.elmostrador.cl\/generacion-m\/2022\/06\/17\/uno-de-cada-cuatro-accidentes-en-chile-es-producido-por-la-falta-de-sueno\/\">Uno de cada cuatro accidentes en Chile es producido por la falta de sue\u00f1o. Se mencionan a Emilio Moyano y H\u00e9ctor Vargas, acad\u00e9micos de la Facultad de Psicolog\u00eda. \u00a0<\/a><\/p><p class=\"x_MsoNormal\">\u00a0<\/p><p class=\"x_MsoNormal\"><strong>RADIO PRESIDENTE IB\u00c1\u00d1EZ DE PUNTA ARENAS\u00a0<\/strong><\/p><p class=\"x_MsoNormal\"><a href=\"https:\/\/www.litoralpress.cl\/sitio\/RadioTV_Detalles.cshtml?LPKey=BYHSUGNH5FBSHNDBIP5WTCVG7AOUYCFE5MCXXTCNNCAISVHK3OL45TFKXKUPSJB7CBW3OGH2WQ3WG\">Entrevista a Felipe Figueroa, psic\u00f3logo del Programa PACE UTalca.\u00a0<\/a><\/p><p class=\"x_MsoNormal\">\u00a0<\/p><p class=\"x_MsoNormal\"><strong>CANAL TVN RED MAULE\u00a0<\/strong><\/p><p class=\"x_MsoNormal\"><a href=\"https:\/\/www.litoralpress.cl\/sitio\/RadioTV_Detalles.cshtml?LPKey=E6TY5QP2ZAN7U46WYWGNC3HTNE7CH47CNXGKY6MUIJE4VXXSLGUQHP7GCGKF6OE2PEOX3REREVZUU\">Madres denuncian que f\u00f3rmula l\u00e1ctea afect\u00f3 a guaguas. Se refiere Ana Karina Peralta, directora del Centro de Inocuidad Alimentaria. \u00a0<\/a><\/p><p class=\"x_MsoNormal\">\u00a0<\/p><p class=\"x_MsoNormal\"><strong>LAS \u00daLTIMAS NOTICIAS\u00a0<\/strong><\/p><p class=\"x_MsoNormal\"><a href=\"https:\/\/www.litoralpress.cl\/paginaconsultas\/Servicios_NClipSitio\/Get_Imagen_Nota.aspx?LPKey=7TXW22U2L6LJLLM6PWKJ3LKYA3GVTZT63ZCUTRCXYMZ54BGU4HR4TJXHZBRDTP2Y4TIXI3I3TG6BQ\">Imagen satelital muestra un sistema frontal rumbo a la zona central. Se refiere Patricio Gonz\u00e1lez, acad\u00e9mico del Centro de Investigaci\u00f3n y Transferencia en Riego y Agroclimatolog\u00eda (CITRA).\u00a0<\/a><\/p><p class=\"x_MsoNormal\">\u00a0<\/p><p class=\"x_MsoNormal\"><strong>RADIO AGRICULTURA\u00a0<\/strong><\/p><p class=\"x_MsoNormal\"><a href=\"https:\/\/www.radioagricultura.cl\/elagro\/2022\/06\/17\/alfalfa-se-transforma-en-una-alternativa-forrajera-para-el-secano-2\/\">Alfalfa se transforma en una alternativa forrajera para el secano. Se menciona a Alejandro del Pozo, acad\u00e9mico de la Facultad de Ciencias Agrarias.\u00a0<\/a><\/p><p class=\"x_MsoNormal\">\u00a0<\/p><p class=\"x_MsoNormal\"><strong>EL HERALDO\u00a0<\/strong><\/p><p class=\"x_MsoNormal\"><a href=\"https:\/\/www.litoralpress.cl\/paginaconsultas\/Servicios_NClipSitio\/Get_Imagen_Nota.aspx?LPKey=EH5XYCDHCWGUYX5IOPMF2F4DKTWBWKLMXL7ILEJJWXZU7W4WVBYEHIH7AP2B2TJCFTXNYC2HDYG6Q\">Cambio clim\u00e1tico: INIA desarrolla trigo altamente tolerante a la falta de agua. Se menciona a la UTalca.\u00a0<\/a><\/p><p class=\"x_MsoNormal\">\u00a0<\/p><p class=\"x_MsoNormal\"><strong>DIARIO TALCA\u00a0<\/strong><\/p><p class=\"x_MsoNormal\"><a href=\"https:\/\/www.litoralpress.cl\/sitio\/Prensa_PaginaCompleta.cshtml?LPKey=YWFUMMOJU52I6PX7WHMJJ4L2GKF72JTKNJF4IXJQQJH3ORWGFSEA\">\u201cEl mundo del arte y la cultura tiene una energ\u00eda especial que conecta con la felicidad\u201d. Se refiere Carolina Loren, acad\u00e9mica de la Facultad de Ciencias de la Salud y Seremi de las Culturas, las Artes y el Patrimonio. \u00a0<\/a><\/p><p class=\"x_MsoNormal\">\u00a0<\/p><p class=\"x_MsoNormal\"><strong>EL MERCURIO\u00a0<\/strong><\/p><p class=\"x_MsoNormal\"><a href=\"https:\/\/www.litoralpress.cl\/paginaconsultas\/Servicios_NClipSitio\/Get_Imagen_Nota.aspx?LPKey=WS6X3I5ZW7NAJDX7RBA6QHDQA4C5PLK2553WN3VBJ3N34F7CHRYVXGZ2NUIEJTOPGIFYRTA3Q4WBI\">D\u00f3lar, cada vez m\u00e1s cerca de nivel en que podr\u00eda activar una intervenci\u00f3n del BC. Se refiere Rodrigo Saens, acad\u00e9mico de la Facultad de Econom\u00eda y Negocios (FEN).\u00a0<\/a><\/p><p class=\"x_MsoNormal\">\u00a0<\/p><p class=\"x_MsoNormal\"><strong>ELMERCURIO.COM\u00a0<\/strong><\/p><p class=\"x_MsoNormal\"><a href=\"https:\/\/www.litoralpress.cl\/paginaconsultas\/Documentos\/Get_Imagen.aspx?lpkey=LX45GSJD7KT76R2ESQ5CAIIAC6XN4YOQD5UHTA3VZLIHFSNTMXHEB4TN4NVLSGDS7VMM26VR5NVJO\">Los niveles del d\u00f3lar que podr\u00edan desatar una intervenci\u00f3n del Banco Central. Se refiere Rodrigo Saens, acad\u00e9mico de la Facultad de Econom\u00eda y Negocios (FEN).\u00a0<\/a><\/p><p class=\"x_MsoNormal\">\u00a0<\/p><p class=\"x_MsoNormal\"><strong>EL AUSTRAL DE LA ARAUCAN\u00cdA\u00a0<\/strong><\/p><p class=\"x_MsoNormal\"><a href=\"https:\/\/www.litoralpress.cl\/paginaconsultas\/Servicios_NClipSitio\/Get_Imagen_Nota.aspx?LPKey=O7BK46PD7ATXMLJ4XINDOB73DFD43EXZMBQTCU2LQ6C5IZGRUGQ4VF2QJWZDJ7GR2AYKYTXU5ZZNK\">UTalca, UBB y UFRO organizan congreso virtual para capacitar a trav\u00e9s de programa CORFO. Se refiere Rodrigo Vergara, director ejecutivo MacroFacultad de la UTalca.\u00a0<\/a><\/p><p class=\"x_MsoNormal\">\u00a0<\/p><p class=\"x_MsoNormal\"><strong>RADIO INFINITA\u00a0<\/strong><\/p><p class=\"x_MsoNormal\"><a href=\"https:\/\/www.litoralpress.cl\/sitio\/RadioTV_Detalles.cshtml?LPKey=DDLSLB5G64PSZY456VV4R2IWJ27WWXBB726HUAEPLSBUJFF5NMV4WQDIO6QZVOQT62MDP26LY3X5W\">Comentario de Mauricio Morales, director del Centro de An\u00e1lisis Pol\u00edtico (CAP).\u00a0<\/a><\/p><p class=\"x_MsoNormal\">\u00a0<\/p><p class=\"x_MsoNormal\"><strong>ELMOSTRADOR.CL\u00a0<\/strong><\/p><p class=\"x_MsoNormal\"><a href=\"https:\/\/www.elmostrador.cl\/noticias\/pais\/2022\/06\/16\/retorno-de-bachelet-genera-sismo-de-intensidad-con-epicentro-en-la-convencion\/\">Retorno de Bachelet genera sismo de intensidad con epicentro en la Convenci\u00f3n. Se refiere Mauricio Morales, director del Centro de An\u00e1lisis Pol\u00edtico (CAP).\u00a0<\/a><\/p><p class=\"x_MsoNormal\">\u00a0<\/p><p class=\"x_MsoNormal\"><strong>RADIO AMIGA\u00a0<\/strong><\/p><p class=\"x_MsoNormal\"><a href=\"https:\/\/www.litoralpress.cl\/sitio\/RadioTV_Detalles.cshtml?LPKey=D7FP4VLD6OBWRRON5XTOHHGXQ42BY2HFGLV24IP5PGOMR27T4IJZZHMEH764RTP6N2SXOKEN7NNJW\">Juan Agust\u00edn Gachot destaca como seleccionado nacional de atletismo. Se refieren el estudiante de Ingenier\u00eda Civil Mecatr\u00f3nica y V\u00edctor Campos, profesor del Programa de Vida Saludable.\u00a0<\/a><\/p>\t\t\t\t\t\t<\/div>\n\t\t\t\t<\/div>\n\t\t\t\t\t<\/div>\n\t\t<\/div>\n\t\t\t\t\t\t\t<\/div>\n\t\t<\/section>\n\t\t\t\t\t\t<\/div>\n\t\t\t\t\t<\/div>\n\t\t","protected":false},"excerpt":{"rendered":"<p>ADPRENSA.CL\u00a0 Presidenta de la Convenci\u00f3n Constitucional destaca propuesta sobre Sistema Nacional de Educaci\u00f3n. Se refieren Humberto Nogueira, director del Centro de Estudios Constitucionales de Chile (CECOCH) y Mar\u00eda Elisa Quinteros, presidenta de la Convenci\u00f3n y acad\u00e9mica de la UTalca.\u00a0 \u00a0 DIARIOELHERALDO.CL\u00a0 Presidenta de la Convenci\u00f3n Constitucional destaca propuesta sobre Sistema Nacional de Educaci\u00f3n. Se refieren &hellip;<\/p>\n<p class=\"read-more\"> <a class=\"\" href=\"https:\/\/www.reportedeprensa.utalca.cl\/?p=4264\"> <span class=\"screen-reader-text\">17 de junio de 2022<\/span> Read More &raquo;<\/a><\/p>\n","protected":false},"author":1,"featured_media":0,"comment_status":"closed","ping_status":"open","sticky":false,"template":"","format":"standard","meta":{"_monsterinsights_skip_tracking":false,"_monsterinsights_sitenote_active":false,"_monsterinsights_sitenote_note":"","_monsterinsights_sitenote_category":0},"categories":[22],"tags":[],"_links":{"self":[{"href":"https:\/\/www.reportedeprensa.utalca.cl\/index.php?rest_route=\/wp\/v2\/posts\/4264"}],"collection":[{"href":"https:\/\/www.reportedeprensa.utalca.cl\/index.php?rest_route=\/wp\/v2\/posts"}],"about":[{"href":"https:\/\/www.reportedeprensa.utalca.cl\/index.php?rest_route=\/wp\/v2\/types\/post"}],"author":[{"embeddable":true,"href":"https:\/\/www.reportedeprensa.utalca.cl\/index.php?rest_route=\/wp\/v2\/users\/1"}],"replies":[{"embeddable":true,"href":"https:\/\/www.reportedeprensa.utalca.cl\/index.php?rest_route=%2Fwp%2Fv2%2Fcomments&post=4264"}],"version-history":[{"count":4,"href":"https:\/\/www.reportedeprensa.utalca.cl\/index.php?rest_route=\/wp\/v2\/posts\/4264\/revisions"}],"predecessor-version":[{"id":4268,"href":"https:\/\/www.reportedeprensa.utalca.cl\/index.php?rest_route=\/wp\/v2\/posts\/4264\/revisions\/4268"}],"wp:attachment":[{"href":"https:\/\/www.reportedeprensa.utalca.cl\/index.php?rest_route=%2Fwp%2Fv2%2Fmedia&parent=4264"}],"wp:term":[{"taxonomy":"category","embeddable":true,"href":"https:\/\/www.reportedeprensa.utalca.cl\/index.php?rest_route=%2Fwp%2Fv2%2Fcategories&post=4264"},{"taxonomy":"post_tag","embeddable":true,"href":"https:\/\/www.reportedeprensa.utalca.cl\/index.php?rest_route=%2Fwp%2Fv2%2Ftags&post=4264"}],"curies":[{"name":"wp","href":"https:\/\/api.w.org\/{rel}","templated":true}]}}