{"id":4276,"date":"2022-06-22T09:58:59","date_gmt":"2022-06-22T12:58:59","guid":{"rendered":"https:\/\/www.reportedeprensa.utalca.cl\/?p=4276"},"modified":"2022-06-22T10:12:25","modified_gmt":"2022-06-22T13:12:25","slug":"22-de-junio-de-2022","status":"publish","type":"post","link":"https:\/\/www.reportedeprensa.utalca.cl\/?p=4276","title":{"rendered":"22 de junio de 2022"},"content":{"rendered":"\t\t<div data-elementor-type=\"wp-post\" data-elementor-id=\"4276\" class=\"elementor elementor-4276\" data-elementor-settings=\"[]\">\n\t\t\t\t\t\t\t<div class=\"elementor-section-wrap\">\n\t\t\t\t\t\t\t<section class=\"elementor-section elementor-top-section elementor-element elementor-element-436e596a elementor-section-boxed elementor-section-height-default elementor-section-height-default\" data-id=\"436e596a\" data-element_type=\"section\">\n\t\t\t\t\t\t<div class=\"elementor-container elementor-column-gap-default\">\n\t\t\t\t\t<div class=\"elementor-column elementor-col-100 elementor-top-column elementor-element elementor-element-46bd6e88\" data-id=\"46bd6e88\" data-element_type=\"column\">\n\t\t\t<div class=\"elementor-widget-wrap elementor-element-populated\">\n\t\t\t\t\t\t\t\t<div class=\"elementor-element elementor-element-10e3ba9a elementor-widget elementor-widget-text-editor\" data-id=\"10e3ba9a\" data-element_type=\"widget\" data-widget_type=\"text-editor.default\">\n\t\t\t\t<div class=\"elementor-widget-container\">\n\t\t\t\t\t\t\t\t<p class=\"x_MsoNormal\"><strong><span lang=\"ES\">UESTATALES.CL\u00a0<\/span><\/strong><\/p><p class=\"x_MsoNormal\"><a href=\"http:\/\/uestatales.cl\/cue\/?q=node\/9544\"><span lang=\"ES\">Proyectos sociales de estudiantes son reconocidos por la UTalca.\u00a0<\/span><\/a><\/p><p class=\"x_MsoNormal\"><span lang=\"ES\">\u00a0<\/span><\/p><p class=\"x_MsoNormal\"><strong><span lang=\"ES\">ADPRENSA.CL\u00a0<\/span><\/strong><\/p><p class=\"x_MsoNormal\"><a href=\"https:\/\/www.adprensa.cl\/cronica\/proyectos-sociales-de-estudiantes-son-reconocidos-por-la-utalca\/\"><span lang=\"ES\">Proyectos sociales de estudiantes son reconocidos por la Universidad de Talca.\u00a0<\/span><\/a><\/p><p class=\"x_MsoNormal\"><span lang=\"ES\">\u00a0<\/span><\/p><p class=\"x_MsoNormal\"><strong><span lang=\"ES\">DIARIOTALCA.CL\u00a0<\/span><\/strong><\/p><p class=\"x_MsoNormal\"><a href=\"https:\/\/diariotalca.cl\/proyectos-sociales-de-estudiantes-son-reconocidos-por-la-universidad-de-talca\/\"><span lang=\"ES\">Proyectos sociales de estudiantes son reconocidos por la Universidad de Talca.\u00a0<\/span><\/a><\/p><p class=\"x_MsoNormal\"><span lang=\"ES\">\u00a0<\/span><\/p><p class=\"x_MsoNormal\"><strong><span lang=\"ES\">G5NOTICIAS.CL\u00a0<\/span><\/strong><\/p><p class=\"x_MsoNormal\"><a href=\"https:\/\/g5noticias.cl\/2022\/06\/21\/proyectos-sociales-de-estudiantes-son-reconocidos-por-la-utalca\/\"><span lang=\"ES\">Proyectos sociales de estudiantes son reconocidos por la Universidad de Talca.\u00a0<\/span><\/a><\/p><p class=\"x_MsoNormal\"><span lang=\"ES\">\u00a0<\/span><\/p><p class=\"x_MsoNormal\"><strong><span lang=\"ES\">RADIO COOPERATIVA\u00a0<\/span><\/strong><\/p><p class=\"x_MsoNormal\"><a href=\"https:\/\/www.litoralpress.cl\/sitio\/RadioTV_Detalles.cshtml?LPKey=PJUPLZJBFWKGJTGETOP6Y7TXF6LCUUZHUWTMX3RLTK7YD65LYMW2KBWREG66ODSYNKXVKFBRMRL7Y\"><span lang=\"ES\">Entrevista a Marco Molina, acad\u00e9mico del Instituto de Ciencias Biol\u00f3gicas.\u00a0<\/span><\/a><\/p><p class=\"x_MsoNormal\"><span lang=\"ES\">\u00a0<\/span><\/p><p class=\"x_MsoNormal\"><strong><span lang=\"ES\">RADIOPOLAR.COM\u00a0<\/span><\/strong><\/p><p class=\"x_MsoNormal\"><a href=\"https:\/\/radiopolar.com\/noticia_177011.html\"><span lang=\"ES\">Investigadores desarrollan cultivos que podr\u00edan subsistir en Marte. Se refieren Marco Molina, acad\u00e9mico del Instituto de Ciencias Biol\u00f3gicas y Andrea Barrera, acad\u00e9mica del Departamento de Microbiolog\u00eda.\u00a0<\/span><\/a><\/p><p class=\"x_MsoNormal\"><span lang=\"ES\">\u00a0<\/span><\/p><p class=\"x_MsoNormal\"><strong><span lang=\"ES\">RADIO DE CARABINEROS DE CHILE\u00a0<\/span><\/strong><\/p><p class=\"x_MsoNormal\"><a href=\"https:\/\/www.litoralpress.cl\/sitio\/RadioTV_Detalles.cshtml?LPKey=5EL6DFE6GSZIDNCVDI267OV6YSRSBC3MT6EHH4LQWX576MUWZCR2DZ47ES2DHOGDLABXSQ3ONBCIA\"><span lang=\"ES\">Entrevista a Iv\u00e1n Palomo, acad\u00e9mico de la Facultad de Ciencias de la Salud.\u00a0<\/span><\/a><\/p><p class=\"x_MsoNormal\"><span lang=\"ES\">\u00a0<\/span><\/p><p class=\"x_MsoNormal\"><strong><span lang=\"ES\">RADIO COOPERATIVA\u00a0<\/span><\/strong><\/p><p class=\"x_MsoNormal\"><a href=\"https:\/\/www.litoralpress.cl\/sitio\/RadioTV_Detalles.cshtml?LPKey=TOB6XGNMMR5UD2ZELYYCQURJXHJCEX6QDR3QV45GLEQWNMB2Q5VW3NQYUSEWPI735YQT6FKGYPLXO\"><span lang=\"ES\">Minsal confirm\u00f3 el primer caso de viruela del mono en Chile. Se refiere Gonzalo Guti\u00e9rrez, acad\u00e9mico de la Escuela de Medicina.\u00a0<\/span><\/a><\/p><p class=\"x_MsoNormal\"><span lang=\"ES\">\u00a0<\/span><\/p><p class=\"x_MsoNormal\"><strong><span lang=\"ES\">RADIO COOPERATIVA. \u00a0<\/span><\/strong><\/p><p class=\"x_MsoNormal\"><a href=\"https:\/\/www.litoralpress.cl\/sitio\/RadioTV_Detalles.cshtml?LPKey=DUJFXW4VH4YW3E343EYZS5RXYXP5BOCDDXOVQPJD7KCF2CCNPA3ROF4VPWN2GO6QJMJNRUDKWMVGO\"><span lang=\"ES\">Minsal confirm\u00f3 segundo caso de viruela del mono en el pa\u00eds en La Araucan\u00eda. Se refiere Erika Retamal, directora del Departamento de Salud P\u00fablica.\u00a0<\/span><\/a><\/p><p class=\"x_MsoNormal\"><span lang=\"ES\">\u00a0<\/span><\/p><p class=\"x_MsoNormal\"><strong><span lang=\"ES\">VERITASCAPITUR.CL\u00a0<\/span><\/strong><\/p><p class=\"x_MsoNormal\"><a href=\"https:\/\/veritascapitur.cl\/academica-explica-como-cuidar-a-pacientes-con-viruela-del-mono-2\/\"><span lang=\"ES\">Acad\u00e9mica explica c\u00f3mo cuidar a pacientes con viruela del mono. Se refiere Mar\u00eda Ester Mu\u00f1oz, acad\u00e9mica de la Escuela de Enfermer\u00eda.\u00a0<\/span><\/a><\/p><p class=\"x_MsoNormal\"><span lang=\"ES\">\u00a0<\/span><\/p><p class=\"x_MsoNormal\"><strong><span lang=\"ES\">RADIO AMIGA\u00a0<\/span><\/strong><\/p><p class=\"x_MsoNormal\"><a href=\"https:\/\/www.litoralpress.cl\/sitio\/RadioTV_Detalles.cshtml?LPKey=2GERYF5R4LOACINFOZURRYJBI3DYHLXT52CXXR6QYGCSTGBBFZQ5LQVVMFK6JK26ZNRN7IS4HHGV6\"><span lang=\"ES\">Recomendaciones para evitar contagios de viruela del mono.<\/span><span lang=\"ES\">\u00a0<\/span><span lang=\"ES\">Se refiere Mar\u00eda Ester Mu\u00f1oz, acad\u00e9mica de la Escuela de Enfermer\u00eda.\u00a0<\/span><\/a><\/p><p class=\"x_MsoNormal\"><span lang=\"ES\">\u00a0<\/span><\/p><p class=\"x_MsoNormal\"><strong><span lang=\"ES\">ELMOSTRADOR.CL\u00a0<\/span><\/strong><\/p><p class=\"x_MsoNormal\"><a href=\"https:\/\/www.elmostrador.cl\/agenda-pais\/2022\/06\/20\/efectos-secundarios-de-vacunas-son-esperables-e-indican-una-reaccion-normal-del-sistema-inmunologico\/\"><span lang=\"ES\">Efectos secundarios de vacunas son esperables e indican una reacci\u00f3n normal del sistema inmunol\u00f3gico. Se refiere Sergio Wehinger, director del Mag\u00edster en Ciencias Biom\u00e9dicas.\u00a0<\/span><\/a><\/p><p class=\"x_MsoNormal\"><span lang=\"ES\">\u00a0<\/span><\/p><p class=\"x_MsoNormal\"><strong><span lang=\"ES\">ADPRENSA.CL\u00a0<\/span><\/strong><\/p><p class=\"x_MsoNormal\"><a href=\"https:\/\/www.adprensa.cl\/cronica\/efectos-secundarios-de-vacunas-son-esperables-e-indican-una-reaccion-normal-del-sistema-inmunologico\/\"><span lang=\"ES\">Efectos secundarios de vacunas son esperables e indican una reacci\u00f3n normal del sistema inmunol\u00f3gico. Se refiere Sergio Wehinger, director del Mag\u00edster en Ciencias Biom\u00e9dicas.\u00a0<\/span><\/a><\/p><p class=\"x_MsoNormal\"><span lang=\"ES\">\u00a0<\/span><\/p><p class=\"x_MsoNormal\"><strong><span lang=\"ES\">ATENTOS.CL\u00a0<\/span><\/strong><\/p><p class=\"x_MsoNormal\"><a href=\"https:\/\/www.atentos.cl\/efectos-secundarios-de-vacunas-son-esperables-e-indican-una-reaccion-normal-del-sistema-inmunologico\/\"><span lang=\"ES\">Efectos secundarios de vacunas son vacunas son esperables e indican una reacci\u00f3n normal del sistema inmunol\u00f3gico. Se refiere Sergio Wehinger, director del Mag\u00edster en Ciencias Biom\u00e9dicas.\u00a0<\/span><\/a><\/p><p class=\"x_MsoNormal\"><span lang=\"ES\">\u00a0<\/span><\/p><p class=\"x_MsoNormal\"><strong><span lang=\"ES\">VERITASCAPITUR.CL\u00a0<\/span><\/strong><\/p><p class=\"x_MsoNormal\"><a href=\"https:\/\/veritascapitur.cl\/reacciones-adversas-de-la-vacuna-moderna-contra-el-covid-19-cuando-debemos-preocuparnos\/\"><span lang=\"ES\">Reacciones adversas de la vacuna Moderna contra el Covid-19: \u00bfCu\u00e1ndo debemos preocuparnos? Se refiere Sergio Wehinger, director del Mag\u00edster en Ciencias Biom\u00e9dicas.\u00a0<\/span><\/a><\/p><p class=\"x_MsoNormal\"><span lang=\"ES\">\u00a0<\/span><\/p><p class=\"x_MsoNormal\"><strong><span lang=\"ES\">CANAL TV5 LINARES\u00a0<\/span><\/strong><\/p><p class=\"x_MsoNormal\"><a href=\"https:\/\/www.litoralpress.cl\/sitio\/RadioTV_Detalles.cshtml?LPKey=BOVGKT3SBIJ35B7GVQAHXYD7W56PFKPMUSPJ43K6BS7AW3WHLPFKTKIJQLSRCDAOB3K224DI4QULO\"><span lang=\"ES\">Comunidad de Linares manifiesta inquietud por alza de casos Covid.<\/span><span lang=\"ES\">\u00a0<\/span><span lang=\"ES\">Se refiere Sergio Wehinger, director del Mag\u00edster en Ciencias Biom\u00e9dicas.\u00a0<\/span><\/a><\/p><p class=\"x_MsoNormal\"><span lang=\"ES\">\u00a0<\/span><\/p><p class=\"x_MsoNormal\"><strong><span lang=\"ES\">RADIO AMIGA\u00a0<\/span><\/strong><\/p><p class=\"x_MsoNormal\"><a href=\"https:\/\/www.litoralpress.cl\/sitio\/RadioTV_Detalles.cshtml?LPKey=44CR3AEKD3EVP6GDQSODOB3BBTNAS255MLBS6BUU66Y2ZKYKTC2JUQ6Y6WHBJ666GPNJINO6PYQ2A\"><span lang=\"ES\">30% de los cuadros respiratorios se registran en ni\u00f1os menores de 4 a\u00f1os. Se refiere Daniel Jim\u00e9nez, director de Salud del Estudiante.\u00a0<\/span><\/a><\/p><p class=\"x_MsoNormal\"><span lang=\"ES\">\u00a0<\/span><\/p><p class=\"x_MsoNormal\"><strong><span lang=\"ES\">TVMAULE.CL\u00a0<\/span><\/strong><\/p><p class=\"x_MsoNormal\"><a href=\"https:\/\/www.tvmaule.cl\/efectos-secundarios-de-vacunas-indican-una-reaccion-normal-del-sistema-inmunologico\/\"><span lang=\"ES\">Efectos secundarios de vacunas indican una reacci\u00f3n normal del sistema inmunol\u00f3gico. Se refiere Sergio Wehinger, director del Mag\u00edster en Ciencias Biom\u00e9dicas.\u00a0<\/span><\/a><\/p><p class=\"x_MsoNormal\"><span lang=\"ES\">\u00a0<\/span><\/p><p class=\"x_MsoNormal\"><strong><span lang=\"ES\">G5NOTICIAS.CL\u00a0<\/span><\/strong><\/p><p class=\"x_MsoNormal\"><a href=\"https:\/\/g5noticias.cl\/2022\/06\/19\/efectos-secundarios-de-vacunas-son-esperables-e-indican-una-reaccion-normal-del-sistema-inmunologico\/\"><span lang=\"ES\">Efectos secundarios de vacunas son esperables e indican una reacci\u00f3n normal del sistema inmunol\u00f3gico.<\/span><span lang=\"ES\">\u00a0<\/span><span lang=\"ES\">Se refiere Sergio Wehinger, director del Mag\u00edster en Ciencias Biom\u00e9dicas.\u00a0<\/span><\/a><\/p><p class=\"x_MsoNormal\"><span lang=\"ES\">\u00a0<\/span><\/p><p class=\"x_MsoNormal\"><strong><span lang=\"ES\">ITVPATAGONIA.COM\u00a0<\/span><\/strong><\/p><p class=\"x_MsoNormal\"><a href=\"https:\/\/www.itvpatagonia.com\/salud\/mas-de-22-mil-personas-en-magallanes-siguen-sin-completar-su-esquema-de-vacunacion-covid-19\/2022\/06\/16\/62ab9b2b8e5396000a602db3\"><span lang=\"ES\">M\u00e1s de 22 mil personas en Magallanes siguen sin completar su esquema de vacunaci\u00f3n Covid-19. Se refiere Sergio Wehinger, director del Mag\u00edster en Ciencias Biom\u00e9dicas.\u00a0<\/span><\/a><\/p><p class=\"x_MsoNormal\"><span lang=\"ES\">\u00a0<\/span><\/p><p class=\"x_MsoNormal\"><strong><span lang=\"ES\">RADIO ADN\u00a0<\/span><\/strong><\/p><p class=\"x_MsoNormal\"><a href=\"https:\/\/www.litoralpress.cl\/sitio\/RadioTV_Detalles.cshtml?LPKey=JMZIVOGLAG2LXIRVY4KWNYCFD64Z5FU72MOTUAH3355VRS3KOXGCAK7H6CL6UGXDH26R5US75L3AS\"><span lang=\"ES\">Esta semana volver\u00e1n las lluvias a 11 regiones del pa\u00eds. Se refiere Patricio Gonz\u00e1lez, acad\u00e9mico del Centro de Investigaci\u00f3n y Transferencia en Riego y Agricultura (CITRA).\u00a0<\/span><\/a><\/p><p class=\"x_MsoNormal\"><span lang=\"ES\">\u00a0<\/span><\/p><p class=\"x_MsoNormal\"><strong><span lang=\"ES\">CANAL CONTIVISI\u00d3N\u00a0<\/span><\/strong><\/p><p class=\"x_MsoNormal\"><a href=\"https:\/\/www.litoralpress.cl\/sitio\/RadioTV_Detalles.cshtml?LPKey=2BM7UBSMX6W5BZOJZNEFRQ7OEPPL44LP3CHRRKGMONEZXCL3EAHG2KGYKFW7VUG4S4U4E4NP2ITMA\"><span lang=\"ES\">Expertos de la U. de Talca se\u00f1alaron que heladas se podr\u00edan repetir hasta agosto. Se refieren Patricio Gonz\u00e1lez, acad\u00e9mico del Centro de Investigaci\u00f3n y Transferencia en Riego y Agricultura (CITRA) y Roberto Jara, acad\u00e9mico de la Facultad de Ciencias Agrarias.\u00a0<\/span><\/a><\/p><p class=\"x_MsoNormal\"><span lang=\"ES\">\u00a0<\/span><\/p><p class=\"x_MsoNormal\"><strong><span lang=\"ES\">ENLINEAMAULE.CL\u00a0<\/span><\/strong><\/p><p class=\"x_MsoNormal\"><a href=\"https:\/\/www.litoralpress.cl\/sitio\/RadioTV_Detalles.cshtml?LPKey=JT37UZLLS6OZQR665PQDHAMPHOICBSJ7XQFTZCT4PPE6VEMLS5QGGUQBA6QJ67SXI6S3HLUUXFRLI\"><span lang=\"ES\">Entrevista a Patricio Gonz\u00e1lez, acad\u00e9mico del Centro de Investigaci\u00f3n y Transferencia en Riego y Agroclimatolog\u00eda (CITRA). \u00a0<\/span><\/a><\/p><p class=\"x_MsoNormal\"><span lang=\"ES\">\u00a0<\/span><\/p><p class=\"x_MsoNormal\"><strong><span lang=\"ES\">RADIO AMIGA\u00a0<\/span><\/strong><\/p><p class=\"x_MsoNormal\"><a href=\"https:\/\/www.litoralpress.cl\/sitio\/RadioTV_Detalles.cshtml?LPKey=GS7APYNNLA2C4PN4CRVXQ2SDNMRQO67JWUKD3H3FJ4BR5TOO5LHZQYR5ANMIBDIYLTU4J5XYGB4BG\"><span lang=\"ES\">Se pronostican lluvias para la zona central del pa\u00eds. Se refiere Patricio Gonz\u00e1lez, acad\u00e9mico del Centro de Investigaci\u00f3n y Transferencia en Riego y Agricultura (CITRA).\u00a0<\/span><\/a><\/p><p class=\"x_MsoNormal\"><span lang=\"ES\">\u00a0<\/span><\/p><p class=\"x_MsoNormal\"><strong><span lang=\"ES\">CANAL CONTIVISI\u00d3N\u00a0<\/span><\/strong><\/p><p class=\"x_MsoNormal\"><a href=\"https:\/\/www.litoralpress.cl\/sitio\/RadioTV_Detalles.cshtml?LPKey=A2W3LZK46QXJT6K7DCXDLIEU7H26S4ILIDLWCVLUNLXEB2S5ER3RNKVLV5YNFKCFGLPREMJOP7FCQ\"><span lang=\"ES\">La Oficina de Asuntos H\u00eddricos de Constituci\u00f3n desarroll\u00f3 importante seminario. Se refiere Roberto Pizarro, acad\u00e9mico de la Escuela de Ingenier\u00eda Forestal.\u00a0<\/span><\/a><\/p><p class=\"x_MsoNormal\"><span lang=\"ES\">\u00a0<\/span><\/p><p class=\"x_MsoNormal\"><strong><span lang=\"ES\">LAS \u00daLTIMAS NOTICIAS\u00a0<\/span><\/strong><\/p><p class=\"x_MsoNormal\"><a href=\"https:\/\/www.litoralpress.cl\/paginaconsultas\/Servicios_NClipSitio\/Get_Imagen_Nota.aspx?LPKey=AG2LS2H3SOJQL4KFBUQ6GACLOA233KD4GFTZCJF4ACXTQUE2SHNRU7X7DUMZOG2FAIKWWJ4TTP2MG\"><span lang=\"ES\">Estas islas flotantes limpian el agua de forma sustentable. Se menciona estudio de la UTalca.\u00a0<\/span><\/a><\/p><p class=\"x_MsoNormal\"><span lang=\"ES\">\u00a0<\/span><\/p><p class=\"x_MsoNormal\"><strong><span lang=\"ES\">ELMOSTRADOR.CL\u00a0<\/span><\/strong><\/p><p class=\"x_MsoNormal\"><a href=\"https:\/\/www.elmostrador.cl\/destacado\/2022\/06\/21\/estudio-revela-que-empleadores-son-los-que-mas-obstaculos-ponen-a-los-inmigrantes-en-su-proceso-de-inclusion\/\"><span lang=\"ES\">Estudio revela que empleadores son los que m\u00e1s obst\u00e1culos ponen a los inmigrantes en su proceso de inclusi\u00f3n. Se refiere Medardo Aguirre, director del Centro Nacional de Estudios Migratorios (CENEM).\u00a0<\/span><\/a><\/p><p class=\"x_MsoNormal\"><span lang=\"ES\">\u00a0<\/span><\/p><p class=\"x_MsoNormal\"><strong><span lang=\"ES\">PUBLIMETRO\u00a0<\/span><\/strong><\/p><p class=\"x_MsoNormal\"><a href=\"https:\/\/www.litoralpress.cl\/paginaconsultas\/Servicios_NClipSitio\/Get_Imagen_Nota.aspx?LPKey=2CQY2SC6T4DQNIJLP5FIKPK25OKYAXXEKDTBCWOXFDUPS5724W2LCSXS6ADCG46X4X5WGGMNLTOYG\"><span lang=\"ES\">La recesi\u00f3n no est\u00e1 lejos de Chile: c\u00f3mo afecta el bolsillo y c\u00f3mo prepararse. Se refiere Hern\u00e1n D\u00edaz, acad\u00e9mico de la Facultad de Econom\u00eda y Negocios (FEN).\u00a0<\/span><\/a><\/p><p class=\"x_MsoNormal\"><span lang=\"ES\">\u00a0<\/span><\/p><p class=\"x_MsoNormal\"><strong><span lang=\"ES\">PUBLIMETRO\u00a0<\/span><\/strong><\/p><p class=\"x_MsoNormal\"><a href=\"https:\/\/www.litoralpress.cl\/paginaconsultas\/Servicios_NClipSitio\/Get_Imagen_Nota.aspx?LPKey=RMFVGE646MJKD4PSURZHLET5GY77O23XEH7VGPXNSY77VW26HUOERI6KIORBTN5QNVJ7VNOJ23HNS\"><span lang=\"ES\">Es clave atraer, y con reglas claras, a la inversi\u00f3n extranjera. Se refiere Hern\u00e1n D\u00edaz, acad\u00e9mico de la Facultad de Econom\u00eda y Negocios (FEN).\u00a0<\/span><\/a><\/p><p class=\"x_MsoNormal\"><span lang=\"ES\">\u00a0<\/span><\/p><p class=\"x_MsoNormal\"><strong><span lang=\"ES\">PUBLIMETRO.CL\u00a0<\/span><\/strong><\/p><p class=\"x_MsoNormal\"><a href=\"https:\/\/www.publimetro.cl\/noticias\/2022\/06\/20\/recesion-como-lidiar-con-la-amenaza\/\"><span lang=\"ES\">Recesi\u00f3n: c\u00f3mo lidiar con la amenaza. Se refiere Hern\u00e1n D\u00edaz, acad\u00e9mico de la Facultad de Econom\u00eda y Negocios (FEN).\u00a0<\/span><\/a><\/p><p class=\"x_MsoNormal\"><span lang=\"ES\">\u00a0<\/span><\/p><p class=\"x_MsoNormal\"><strong><span lang=\"ES\">EMOL.COM\u00a0<\/span><\/strong><\/p><p class=\"x_MsoNormal\"><a href=\"https:\/\/www.emol.com\/noticias\/Economia\/2022\/06\/18\/1064438\/tratados-libre-comercio-crisis-alimentaria.html\"><span lang=\"ES\">&#8220;Un seguro&#8221;: An\u00e1lisis a la relevancia de los tratados comerciales para la seguridad alimentaria en Chile. Se refiere Juan Andr\u00e9s Riquelme, director del Mag\u00edster en Econom\u00eda.\u00a0<\/span><\/a><\/p><p class=\"x_MsoNormal\"><span lang=\"ES\">\u00a0<\/span><\/p><p class=\"x_MsoNormal\"><strong><span lang=\"ES\">RADIOAGRICULTURA.CL\u00a0<\/span><\/strong><\/p><p class=\"x_MsoNormal\"><a href=\"https:\/\/www.radioagricultura.cl\/elagro\/2022\/06\/20\/un-seguro-analisis-a-la-relevancia-de-los-tratados-comerciales-para-la-seguridad-alimentaria-en-chile\/\"><span lang=\"ES\">&#8220;Un seguro&#8221;: An\u00e1lisis a la relevancia de los tratados comerciales para la seguridad alimentaria en Chile. Se refiere Juan Andr\u00e9s Riquelme, director del Mag\u00edster en Econom\u00eda.\u00a0<\/span><\/a><\/p><p class=\"x_MsoNormal\"><span lang=\"ES\">\u00a0<\/span><\/p><p class=\"x_MsoNormal\"><strong><span lang=\"ES\">DIARIO LA PRENSA\u00a0<\/span><\/strong><\/p><p class=\"x_MsoNormal\"><a href=\"https:\/\/www.litoralpress.cl\/paginaconsultas\/Servicios_NClipSitio\/Get_Imagen_Nota.aspx?LPKey=D4OTVOXR5W2Z3YOPHXTQCLYXEGQLSVYSB6GCXJHONMOSCGG7WMSFM2C3QN5FAFECQSVMM4FCRPAKW\"><span lang=\"ES\">Desaf\u00edos del Maule. Se refiere Jorge Navarrete, director del Mag\u00edster en Gesti\u00f3n y Pol\u00edticas P\u00fablicas.\u00a0<\/span><\/a><\/p><p class=\"x_MsoNormal\"><span lang=\"ES\">\u00a0<\/span><\/p><p class=\"x_MsoNormal\"><strong><span lang=\"ES\">DIARIOTALCA.CL\u00a0<\/span><\/strong><\/p><p class=\"x_MsoNormal\"><a href=\"https:\/\/diariotalca.cl\/expertos-abordaron-desafios-de-la-descentralizacion-y-estados-regionales\/\"><span lang=\"ES\">Expertos abordaron desaf\u00edos de la descentralizaci\u00f3n y estados regionales. Se refiere Jorge Navarrete, director del Mag\u00edster en Gesti\u00f3n y Pol\u00edticas P\u00fablicas.\u00a0<\/span><\/a><\/p><p class=\"x_MsoNormal\"><span lang=\"ES\">\u00a0<\/span><\/p><p class=\"x_MsoNormal\"><strong><span lang=\"ES\">RADIO GUAYAC\u00c1N\u00a0<\/span><\/strong><\/p><p class=\"x_MsoNormal\"><a href=\"https:\/\/www.litoralpress.cl\/sitio\/RadioTV_Detalles.cshtml?LPKey=7ONTANMAN4PDYTQELY3VZFTZYOMBHRIK47IG2YHUYWN5NNC3Y2HBNCRMCQ6FKJCW2XWNMBQD3SZJG\"><span lang=\"ES\">Entrevista a Francisco Rivas, director de carrera de Ingenier\u00eda Civil de Minas.\u00a0<\/span><\/a><\/p><p class=\"x_MsoNormal\"><span lang=\"ES\">\u00a0<\/span><\/p><p class=\"x_MsoNormal\"><strong><span lang=\"ES\">ITVPATAGONIA.COM\u00a0<\/span><\/strong><\/p><p class=\"x_MsoNormal\"><a href=\"https:\/\/www.itvpatagonia.com\/salud\/conductores-violentos-un-problema-de-salud-mental\/2022\/06\/17\/62acc1242adc0f000a7c5357\"><span lang=\"ES\">Conductores violentos: un problema de salud mental. Se refiere Felipe Figueroa, psic\u00f3logo del Programa PACE UTalca.\u00a0<\/span><\/a><\/p><p class=\"x_MsoNormal\"><span lang=\"ES\">\u00a0<\/span><\/p><p class=\"x_MsoNormal\"><strong><span lang=\"ES\">CHVNOTICIAS.CL\u00a0<\/span><\/strong><\/p><p class=\"x_MsoNormal\"><a href=\"https:\/\/www.chvnoticias.cl\/chv-futuro\/solsticio-junio-noche-larga-ano-hemisferio-sur-planeta_20220620\/\"><span lang=\"ES\">Solsticio de junio: Este martes ser\u00e1 la noche m\u00e1s larga del a\u00f1o en el hemisferio sur del planeta. Se refiere Gustavo Orellana, cient\u00edfico del Instituto de Investigaci\u00f3n Interdisciplinaria.\u00a0<\/span><\/a><\/p><p class=\"x_MsoNormal\"><span lang=\"ES\">\u00a0<\/span><\/p><p class=\"x_MsoNormal\"><strong><span lang=\"ES\">COOPERATIVA.CL\u00a0<\/span><\/strong><\/p><p class=\"x_MsoNormal\"><a href=\"https:\/\/www.cooperativa.cl\/noticias\/pais\/tiempo\/la-noche-mas-larga-del-ano-el-solsticio-de-junio-le-da-la-bienvenida\/2022-06-20\/154708.html\"><span lang=\"ES\">&#8220;La noche m\u00e1s larga del a\u00f1o&#8221;: El solsticio de junio le da la bienvenida al invierno. Se refiere Gustavo Orellana, cient\u00edfico del Instituto de Investigaci\u00f3n Interdisciplinaria.\u00a0<\/span><\/a><\/p><p class=\"x_MsoNormal\"><span lang=\"ES\">\u00a0<\/span><\/p><p class=\"x_MsoNormal\"><strong><span lang=\"ES\">ELMOSTRADOR.CL\u00a0<\/span><\/strong><\/p><p class=\"x_MsoNormal\"><a href=\"https:\/\/www.elmostrador.cl\/agenda-pais\/2022\/06\/21\/solsticio-de-invierno-astrofisico-explica-este-fenomeno\/\"><span lang=\"ES\">Solsticio de invierno: astrof\u00edsico explica este fen\u00f3meno. Se refiere Gustavo Orellana, cient\u00edfico del Instituto de Investigaci\u00f3n Interdisciplinaria.\u00a0<\/span><\/a><\/p><p class=\"x_MsoNormal\"><span lang=\"ES\">\u00a0<\/span><\/p><p class=\"x_MsoNormal\"><strong><span lang=\"ES\">LA PRENSA\u00a0<\/span><\/strong><\/p><p class=\"x_MsoNormal\"><a href=\"https:\/\/www.litoralpress.cl\/paginaconsultas\/Servicios_NClipSitio\/Get_Imagen_Nota.aspx?LPKey=VU24BMQ6MPD4DVQJOEUBCFVNS2KJDLA7B4KZOHB62PZSCY4LETNLUX2SFUUFXTQO7CFWXBJ4WPRMM\"><span lang=\"ES\">El d\u00eda m\u00e1s corto y la noche m\u00e1s larga del a\u00f1o se vivir\u00e1n ma\u00f1ana. Se refiere Gustavo Orellana, cient\u00edfico del Instituto de Investigaci\u00f3n Interdisciplinaria.\u00a0<\/span><\/a><\/p><p class=\"x_MsoNormal\"><span lang=\"ES\">\u00a0<\/span><\/p><p class=\"x_MsoNormal\"><strong><span lang=\"ES\">EL LECTOR\u00a0<\/span><\/strong><\/p><p class=\"x_MsoNormal\"><a href=\"https:\/\/www.litoralpress.cl\/paginaconsultas\/Servicios_NClipSitio\/Get_Imagen_Nota.aspx?LPKey=3OLBQNSLFW7I2J2GTXKBSIHI3OJD3LE7Y6RLQAW2TKNHUH2WRKYDDSDPOL6ZJFNB4BHPOZKQUGVHG\"><span lang=\"ES\">Solsticio de Invierno: astrof\u00edsico explica este fen\u00f3meno. Se refiere Gustavo Orellana, cient\u00edfico del Instituto de Investigaci\u00f3n Interdisciplinaria.\u00a0<\/span><\/a><\/p><p class=\"x_MsoNormal\"><span lang=\"ES\">\u00a0<\/span><\/p><p class=\"x_MsoNormal\"><strong><span lang=\"ES\">ADPRENSA.CL\u00a0<\/span><\/strong><\/p><p class=\"x_MsoNormal\"><a href=\"https:\/\/www.adprensa.cl\/cronica\/solsticio-de-invierno-astrofisico-explica-este-fenomeno\/\"><span lang=\"ES\">Solsticio de Invierno: astrof\u00edsico explica este fen\u00f3meno. Se refiere Gustavo Orellana, cient\u00edfico del Instituto de Investigaci\u00f3n Interdisciplinaria.\u00a0<\/span><\/a><\/p><p class=\"x_MsoNormal\"><span lang=\"ES\">\u00a0<\/span><\/p><p class=\"x_MsoNormal\"><strong><span lang=\"ES\">DIARIOTALCA.CL\u00a0<\/span><\/strong><\/p><p class=\"x_MsoNormal\"><a href=\"https:\/\/diariotalca.cl\/astrofisico-explica-el-fenomeno-del-solsticio-de-invierno-este-21-de-junio\/\"><span lang=\"ES\">Astrof\u00edsico explica el fen\u00f3meno del solsticio de invierno este 21 de junio. Se refiere Gustavo Orellana, cient\u00edfico del Instituto de Investigaci\u00f3n Interdisciplinaria.\u00a0<\/span><\/a><\/p><p class=\"x_MsoNormal\"><span lang=\"ES\">\u00a0<\/span><\/p><p class=\"x_MsoNormal\"><strong><span lang=\"ES\">DIARIOLAPRENSA.CL\u00a0<\/span><\/strong><\/p><p class=\"x_MsoNormal\"><a href=\"https:\/\/new.diariolaprensa.cl\/index.php\/2022\/06\/20\/el-dia-mas-corto-y-la-noche-mas-larga-del-ano-se-viviran-manana\/\"><span lang=\"ES\">El d\u00eda m\u00e1s corto y la noche m\u00e1s larga del a\u00f1o se vivir\u00e1n ma\u00f1ana. Se refiere Gustavo Orellana, cient\u00edfico del Instituto de Investigaci\u00f3n Interdisciplinaria.\u00a0<\/span><\/a><\/p><p class=\"x_MsoNormal\"><span lang=\"ES\">\u00a0<\/span><\/p><p class=\"x_MsoNormal\"><strong><span lang=\"ES\">ELMAULEINFORMA.CL\u00a0<\/span><\/strong><\/p><p class=\"x_MsoNormal\"><a href=\"https:\/\/elmauleinforma.cl\/este-martes-21-de-junio-es-el-solsticio-de-invierno-astrofisico-explica-este-fenomeno\/\"><span lang=\"ES\">Este martes 21 de junio es el Solsticio de Invierno: Astrof\u00edsico explica este fen\u00f3meno. Se refiere Gustavo Orellana, cient\u00edfico del Instituto de Investigaci\u00f3n Interdisciplinaria.\u00a0<\/span><\/a><\/p><p class=\"x_MsoNormal\"><span lang=\"ES\">\u00a0<\/span><\/p><p class=\"x_MsoNormal\"><strong><span lang=\"ES\">RADIOPOLAR.COM\u00a0<\/span><\/strong><\/p><p class=\"x_MsoNormal\"><a href=\"https:\/\/radiopolar.com\/noticia_176986.html\"><span lang=\"ES\">Solsticio de invierno: Astrof\u00edsico explica este fen\u00f3meno. Se refiere Gustavo Orellana, cient\u00edfico del Instituto de Investigaci\u00f3n Interdisciplinaria. \u00a0<\/span><\/a><\/p><p class=\"x_MsoNormal\"><span lang=\"ES\">\u00a0<\/span><\/p><p class=\"x_MsoNormal\"><strong><span lang=\"ES\">ELCENTRO.CL\u00a0<\/span><\/strong><\/p><p class=\"x_MsoNormal\"><a href=\"https:\/\/elcentro.cl\/2022\/06\/19\/escuela-de-diseno-de-la-universidad-de-talca-creara-nuevas-etiquetas-para-tres-vinas-de-san-javier\/\"><span lang=\"ES\">Escuela de Dise\u00f1o de la Universidad de Talca crear\u00e1 nuevas etiquetas para tres vi\u00f1as de San Javier. Se menciona a la Escuela de Dise\u00f1o.\u00a0<\/span><\/a><\/p><p class=\"x_MsoNormal\"><span lang=\"ES\">\u00a0<\/span><\/p><p class=\"x_MsoNormal\"><strong><span lang=\"ES\">DIARIOTALCA.CL\u00a0<\/span><\/strong><\/p><p class=\"x_MsoNormal\"><a href=\"https:\/\/diariotalca.cl\/tres-vinas-de-san-javier-se-veran-beneficiadas-con-nuevos-disenos-de-sus-etiquetas\/\"><span lang=\"ES\">Tres vi\u00f1as de San Javier se ver\u00e1n beneficiadas con nuevos dise\u00f1os de sus etiquetas.<\/span><\/a><\/p><p class=\"x_MsoNormal\"><span lang=\"ES\">\u00a0<\/span><\/p><p class=\"x_MsoNormal\"><strong><span lang=\"ES\">TVMAULE.CL\u00a0<\/span><\/strong><\/p><p class=\"x_MsoNormal\"><a href=\"https:\/\/www.tvmaule.cl\/escuela-de-diseno-de-la-utalca-creara-nuevas-etiquetas-a-tres-vinas-de-san-javier\/\"><span lang=\"ES\">Escuela de Dise\u00f1o de la UTalca crear\u00e1 nuevas etiquetas a tres vi\u00f1as de San Javier. Se menciona a la Escuela de Dise\u00f1o.\u00a0<\/span><\/a><\/p><p class=\"x_MsoNormal\"><span lang=\"ES\">\u00a0<\/span><\/p><p class=\"x_MsoNormal\"><strong><span lang=\"ES\">CENTROSURNOTICIAS.CL\u00a0<\/span><\/strong><\/p><p class=\"x_MsoNormal\"><a href=\"https:\/\/centrosurnoticias.cl\/estudiantes-de-diseno-de-la-utalca-crearan-nuevas-etiquetas-para-tres-vinas-de-san-javier\/\"><span lang=\"ES\">Estudiantes de Dise\u00f1o de la UTalca crear\u00e1n nuevas etiquetas para tres vi\u00f1as de San Javier. Se menciona a la Escuela de Dise\u00f1o.\u00a0<\/span><\/a><\/p><p class=\"x_MsoNormal\"><span lang=\"ES\">\u00a0<\/span><\/p><p class=\"x_MsoNormal\"><strong><span lang=\"ES\">EL HERALDO\u00a0<\/span><\/strong><\/p><p class=\"x_MsoNormal\"><a href=\"https:\/\/www.litoralpress.cl\/paginaconsultas\/Servicios_NClipSitio\/Get_Imagen_Nota.aspx?LPKey=PZ6Q2H66ZEE5EPENICV4UZ3N4R7UDCTS3Y3LSWHT3MKCGUFX4WJPVEDCHZR2A7SOKLLQGLWWMOBFU\"><span lang=\"ES\">Presidenta de la Convenci\u00f3n Constitucional destaca propuesta sobre Sistema Nacional de Educaci\u00f3n. Se refiere Mar\u00eda Elisa Quinteros, presidenta de la Convenci\u00f3n y acad\u00e9mica de la Ciencias de la Salud.\u00a0<\/span><\/a><\/p><p class=\"x_MsoNormal\"><span lang=\"ES\">\u00a0<\/span><\/p><p class=\"x_MsoNormal\"><strong><span lang=\"ES\">EL MERCURIO\u00a0<\/span><\/strong><\/p><p class=\"x_MsoNormal\"><a href=\"https:\/\/www.litoralpress.cl\/paginaconsultas\/Servicios_NClipSitio\/Get_Imagen_Nota.aspx?LPKey=ZBK6UM43NA5UN66ODTL352ZZJX5OP3IKU7JDE2EZF7YSWDZVXGBJGGFVQP3H6WO34ORXFPBXTZFIA\"><span lang=\"ES\">El an\u00e1lisis a la estrategia desplegada por el Ejecutivo en el per\u00edodo de instalaci\u00f3n. Se refiere Mauricio Morales, director del Centro de An\u00e1lisis Pol\u00edtico (CAP).\u00a0<\/span><\/a><\/p><p class=\"x_MsoNormal\"><span lang=\"ES\">\u00a0<\/span><\/p><p class=\"x_MsoNormal\"><strong><span lang=\"ES\">CANAL MEGA\u00a0<\/span><\/strong><\/p><p class=\"x_MsoNormal\"><a href=\"https:\/\/www.litoralpress.cl\/sitio\/RadioTV_Detalles.cshtml?LPKey=D2372KIPE355JJ4VWZKJOSJ4HPQWZFKBNMRU73IRETX7T4TTMLNPVAAARSJSR3PSVCXX4BFRXJ5CC\"><span lang=\"ES\">Entrevista a Mauricio Morales, director del Centro de An\u00e1lisis Pol\u00edtico (CAP).\u00a0<\/span><\/a><\/p><p class=\"x_MsoNormal\"><span lang=\"ES\">\u00a0<\/span><\/p><p class=\"x_MsoNormal\"><strong><span lang=\"ES\">CANAL CHILEVISI\u00d3N\u00a0<\/span><\/strong><\/p><p class=\"x_MsoNormal\"><a href=\"https:\/\/www.litoralpress.cl\/sitio\/RadioTV_Detalles.cshtml?LPKey=7QY46IEFBZ3P6BGFXFLFJYW6YIWSBWZL7NOMBDGJJRNAKWJQSVAN3RKE2RODJA4W3SB37DINEENYU\"><span lang=\"ES\">Se cumplen los primeros 100 d\u00edas de la administraci\u00f3n Boric. Se refiere Mauricio Morales, director del Centro de An\u00e1lisis Pol\u00edtico (CAP).<\/span>\u00a0<\/a><\/p><p class=\"x_MsoNormal\"><span lang=\"ES\">\u00a0<\/span><\/p><p class=\"x_MsoNormal\"><strong><span lang=\"ES\">CANAL MEGA\u00a0<\/span><\/strong><\/p><p class=\"x_MsoNormal\"><a href=\"https:\/\/www.litoralpress.cl\/sitio\/RadioTV_Detalles.cshtml?LPKey=7R3P5FNR5DEGIM2DNYPUM7YAN35N2G7NVZBMU7P5CDKKIYEVMQ2VVMKJM3M6224XBTXZGXQYEV5U4\"><span lang=\"ES\">Expresidentes Bachelet y Pi\u00f1era no asistir\u00e1n a ceremonia de entrega del borrador de la nueva Constituci\u00f3n. Se refiere Mauricio Morales, director del Centro de An\u00e1lisis Pol\u00edtico (CAP).\u00a0<\/span><\/a><\/p><p class=\"x_MsoNormal\"><span lang=\"ES\">\u00a0<\/span><\/p><p class=\"x_MsoNormal\"><strong><span lang=\"ES\">CANAL MEGA\u00a0<\/span><\/strong><\/p><p class=\"x_MsoNormal\"><a href=\"https:\/\/www.litoralpress.cl\/sitio\/RadioTV_Detalles.cshtml?LPKey=GYVMOXGSO2OZILJCLDFV4ZBRU5RREM2WIKCTOX75H42E3ULTEDFOOHGDQMB6HYH6OG2JJ6GWYDYGA\"><span lang=\"ES\">Ninguno de los cuatro expresidentes asistir\u00e1 a la entrega de propuesta de nueva constituci\u00f3n. Se refiere Mauricio Morales, director del Centro de An\u00e1lisis Pol\u00edtico (CAP).\u00a0<\/span><\/a><\/p><p class=\"x_MsoNormal\"><span lang=\"ES\">\u00a0<\/span><\/p><p class=\"x_MsoNormal\"><strong><span lang=\"ES\">CANAL MEGA PLUS\u00a0<\/span><\/strong><\/p><p class=\"x_MsoNormal\"><a href=\"https:\/\/www.litoralpress.cl\/sitio\/RadioTV_Detalles.cshtml?LPKey=VSXXWE2DUX3MR7YKYQD67FDFCKPT6746PXRD6S3J2AMLITU5WFLOSICE6FPMGGIKUXSYE3ZHBVC7Y\"><span lang=\"ES\">Ning\u00fan exmandatario asistir\u00e1 a la ceremonia de cierre de la convenci\u00f3n constitucional. Se refiere Mauricio Morales, director del Centro de An\u00e1lisis Pol\u00edtico (CAP).\u00a0<\/span><\/a><\/p><p class=\"x_MsoNormal\"><span lang=\"ES\">\u00a0<\/span><\/p><p class=\"x_MsoNormal\"><strong><span lang=\"ES\">CANAL MEGA PLUS\u00a0<\/span><\/strong><\/p><p class=\"x_MsoNormal\"><a href=\"https:\/\/www.litoralpress.cl\/sitio\/RadioTV_Detalles.cshtml?LPKey=OA44W7SLWVCLDI42MEYCMFCM4SME2NICQPINHAEF72IS6KK52TGDDGX55KYKPAZJ5IMCZM43OXTIS\"><span lang=\"ES\">Seg\u00fan los resultados de la encuesta Cadem el rechazo se impone al apruebo. Se refiere Mauricio Morales, director del Centro de An\u00e1lisis Pol\u00edtico (CAP).\u00a0<\/span><\/a><\/p><p class=\"x_MsoNormal\"><span lang=\"ES\">\u00a0<\/span><\/p><p class=\"x_MsoNormal\"><strong><span lang=\"ES\">RADIO COOPERATIVA\u00a0<\/span><\/strong><\/p><p class=\"x_MsoNormal\"><a href=\"https:\/\/www.litoralpress.cl\/sitio\/RadioTV_Detalles.cshtml?LPKey=X7FTBFTEPXBTI5EYY4EN2MMW7YQEFLO5NFNS3VSTMBZFL6YRUGTMWUJ5CV2KAYL3QKSCARLQFW2Z6\"><span lang=\"ES\">Balances tras los primeros 100 d\u00edas de gobierno del presidente Boric.<\/span><span lang=\"ES\">\u00a0<\/span><span lang=\"ES\">Se refiere Mauricio Morales, director del Centro de An\u00e1lisis Pol\u00edtico (CAP).\u00a0<\/span><\/a><\/p><p class=\"x_MsoNormal\"><span lang=\"ES\">\u00a0<\/span><\/p><p class=\"x_MsoNormal\"><strong><span lang=\"ES\">RADIO INFINITA\u00a0<\/span><\/strong><\/p><p class=\"x_MsoNormal\"><a href=\"https:\/\/www.litoralpress.cl\/sitio\/RadioTV_Detalles.cshtml?LPKey=IQBX5F3KZV7FE55IF7AXK4ZAMPHJNKLQK3NKW5XJBX77BVA3VVY3P6RJWSYEWXTALKXOVN5AL6RK6\"><span lang=\"ES\">Comentario de Mauricio Morales, director del Centro de An\u00e1lisis Pol\u00edtico (CAP).\u00a0<\/span><\/a><\/p><p class=\"x_MsoNormal\"><span lang=\"ES\">\u00a0<\/span><\/p><p class=\"x_MsoNormal\"><strong><span lang=\"ES\">RADIO INFINITA\u00a0<\/span><\/strong><\/p><p class=\"x_MsoNormal\"><a href=\"https:\/\/www.litoralpress.cl\/sitio\/RadioTV_Detalles.cshtml?LPKey=66JFDHX36F2CDEBKTAWKSDK5S45LYETKQZQBWFSHBROWFBMIL6H4H6BDORPIXIRT2WPNTFVGE7E6M\"><span lang=\"ES\">Comentario de Mauricio Morales, director del Centro de An\u00e1lisis Pol\u00edtico (CAP).\u00a0<\/span><\/a><\/p><p class=\"x_MsoNormal\"><span lang=\"ES\">\u00a0<\/span><\/p><p class=\"x_MsoNormal\"><strong><span lang=\"ES\">EL MERCURIO DE VALPARA\u00cdSO\u00a0<\/span><\/strong><\/p><p class=\"x_MsoNormal\"><a href=\"https:\/\/www.litoralpress.cl\/sitio\/Prensa_PaginaCompleta.cshtml?LPKey=NUYNFDMBZSFR2EQNQE5IW57DACZHKJM26TKSCUWG5VTNIEIZUKIQ\"><span lang=\"ES\">Refer\u00e9ndum: rol de los indecisos y figura de Bachelet ante el despliegue por el Rechazo. Se refiere Mauricio Morales, director del Centro de An\u00e1lisis Pol\u00edtico (CAP).\u00a0<\/span><\/a><\/p><p class=\"x_MsoNormal\"><span lang=\"ES\">\u00a0<\/span><\/p><p class=\"x_MsoNormal\"><strong><span lang=\"ES\">UESTATALES.CL\u00a0<\/span><\/strong><\/p><p class=\"x_MsoNormal\"><a href=\"http:\/\/uestatales.cl\/cue\/?q=node\/9545\"><span lang=\"ES\">Tres universidades se unen para capacitar a los emprendedores nacionales a trav\u00e9s de programa. Se refiere Rodrigo Vergara, director ejecutivo MacroFacultad en la UTalca.\u00a0<\/span><\/a><\/p><p class=\"x_MsoNormal\"><span lang=\"ES\">\u00a0<\/span><\/p><p class=\"x_MsoNormal\"><strong><span lang=\"ES\">CR\u00d3NICA DE CHILL\u00c1N\u00a0<\/span><\/strong><\/p><p class=\"x_MsoNormal\"><a href=\"https:\/\/www.litoralpress.cl\/paginaconsultas\/Servicios_NClipSitio\/Get_Imagen_Nota.aspx?LPKey=S47OO26XYTROVC7POJDKYMGGYSBAHAW7PCYFSQCH72GSJLZOOZGZUJNWJZ2H6V4BMLQRRISRNB5Q2\"><span lang=\"ES\">UTalca, UBB y UFRO organizan congreso virtual para capacitar a trav\u00e9s de programa CORFO. Se refiere Rodrigo Vergara, director ejecutivo MacroFacultad en la UTalca.\u00a0<\/span><\/a><\/p><p class=\"x_MsoNormal\"><span lang=\"ES\">\u00a0<\/span><\/p><p class=\"x_MsoNormal\"><strong><span lang=\"ES\">EL AUSTRAL DE LA ARAUCAN\u00cdA \u00a0<\/span><\/strong><\/p><p class=\"x_MsoNormal\"><a href=\"https:\/\/www.litoralpress.cl\/paginaconsultas\/Servicios_NClipSitio\/Get_Imagen_Nota.aspx?LPKey=S2E7PQFAB5HOFQHSE3PLIFZ5CJ756LY457O3EH62E2O7KSZVYIFA2GFO4PWC7BGZJKTMDOQOOCIEY\"><span lang=\"ES\">Tres universidades se unen para capacitar a los emprendedores nacionales a trav\u00e9s de programa. Se refiere Rodrigo Vergara, director ejecutivo MacroFacultad en la UTalca.\u00a0<\/span><\/a><\/p><p class=\"x_MsoNormal\"><span lang=\"ES\">\u00a0<\/span><\/p><p class=\"x_MsoNormal\"><strong><span lang=\"ES\">LA PRENSA\u00a0<\/span><\/strong><\/p><p class=\"x_MsoNormal\"><a href=\"https:\/\/www.litoralpress.cl\/paginaconsultas\/Servicios_NClipSitio\/Get_Imagen_Nota.aspx?LPKey=74ZKA4VMYTVNPGCX6DXK625BOTVLDEBNP5ISG3BFKRVD2OEAMU7M73M2HARKEXC3E5UKM4SQVGEYW\"><span lang=\"ES\">Universidad de Talca presenta nueva edici\u00f3n de Festival de Cine Europeo. Se refiere Marcela Albornoz, directora de Extensi\u00f3n Cultural-Art\u00edstica.\u00a0<\/span><\/a><\/p><p class=\"x_MsoNormal\"><span lang=\"ES\">\u00a0<\/span><\/p><p class=\"x_MsoNormal\"><strong><span lang=\"ES\">DIARIOLAPRENSA.CL\u00a0<\/span><\/strong><\/p><p class=\"x_MsoNormal\"><a href=\"https:\/\/new.diariolaprensa.cl\/index.php\/2022\/06\/20\/universidad-de-talca-presenta-nueva-edicion-de-festival-de-cine-europeo\/\"><span lang=\"ES\">Universidad de Talca presenta nueva edici\u00f3n de Festival de Cine Europeo. Se refiere Marcela Albornoz, directora de Extensi\u00f3n Cultural-Art\u00edstica.\u00a0<\/span><\/a><\/p><p class=\"x_MsoNormal\"><span lang=\"ES\">\u00a0<\/span><\/p><p class=\"x_MsoNormal\"><strong><span lang=\"ES\">ELCENTRO.CL\u00a0<\/span><\/strong><\/p><p class=\"x_MsoNormal\"><a href=\"https:\/\/elcentro.cl\/2022\/06\/20\/utalca-sera-sede-de-la-vigesimo-cuarta-edicion-del-festival-de-cine-europeo\/\"><span lang=\"ES\">UTalca ser\u00e1 sede de la Vig\u00e9simo Cuarta Edici\u00f3n del Festival de Cine Europeo. Se refiere Marcela Albornoz, directora de Extensi\u00f3n Cultural-Art\u00edstica.\u00a0<\/span><\/a><\/p><p class=\"x_MsoNormal\">\u00a0<\/p>\t\t\t\t\t\t<\/div>\n\t\t\t\t<\/div>\n\t\t\t\t\t<\/div>\n\t\t<\/div>\n\t\t\t\t\t\t\t<\/div>\n\t\t<\/section>\n\t\t\t\t\t\t<\/div>\n\t\t\t\t\t<\/div>\n\t\t","protected":false},"excerpt":{"rendered":"<p>UESTATALES.CL\u00a0 Proyectos sociales de estudiantes son reconocidos por la UTalca.\u00a0 \u00a0 ADPRENSA.CL\u00a0 Proyectos sociales de estudiantes son reconocidos por la Universidad de Talca.\u00a0 \u00a0 DIARIOTALCA.CL\u00a0 Proyectos sociales de estudiantes son reconocidos por la Universidad de Talca.\u00a0 \u00a0 G5NOTICIAS.CL\u00a0 Proyectos sociales de estudiantes son reconocidos por la Universidad de Talca.\u00a0 \u00a0 RADIO COOPERATIVA\u00a0 Entrevista a Marco &hellip;<\/p>\n<p class=\"read-more\"> <a class=\"\" href=\"https:\/\/www.reportedeprensa.utalca.cl\/?p=4276\"> <span class=\"screen-reader-text\">22 de junio de 2022<\/span> Read More &raquo;<\/a><\/p>\n","protected":false},"author":1,"featured_media":0,"comment_status":"closed","ping_status":"open","sticky":false,"template":"","format":"standard","meta":{"_monsterinsights_skip_tracking":false,"_monsterinsights_sitenote_active":false,"_monsterinsights_sitenote_note":"","_monsterinsights_sitenote_category":0},"categories":[22],"tags":[],"_links":{"self":[{"href":"https:\/\/www.reportedeprensa.utalca.cl\/index.php?rest_route=\/wp\/v2\/posts\/4276"}],"collection":[{"href":"https:\/\/www.reportedeprensa.utalca.cl\/index.php?rest_route=\/wp\/v2\/posts"}],"about":[{"href":"https:\/\/www.reportedeprensa.utalca.cl\/index.php?rest_route=\/wp\/v2\/types\/post"}],"author":[{"embeddable":true,"href":"https:\/\/www.reportedeprensa.utalca.cl\/index.php?rest_route=\/wp\/v2\/users\/1"}],"replies":[{"embeddable":true,"href":"https:\/\/www.reportedeprensa.utalca.cl\/index.php?rest_route=%2Fwp%2Fv2%2Fcomments&post=4276"}],"version-history":[{"count":4,"href":"https:\/\/www.reportedeprensa.utalca.cl\/index.php?rest_route=\/wp\/v2\/posts\/4276\/revisions"}],"predecessor-version":[{"id":4280,"href":"https:\/\/www.reportedeprensa.utalca.cl\/index.php?rest_route=\/wp\/v2\/posts\/4276\/revisions\/4280"}],"wp:attachment":[{"href":"https:\/\/www.reportedeprensa.utalca.cl\/index.php?rest_route=%2Fwp%2Fv2%2Fmedia&parent=4276"}],"wp:term":[{"taxonomy":"category","embeddable":true,"href":"https:\/\/www.reportedeprensa.utalca.cl\/index.php?rest_route=%2Fwp%2Fv2%2Fcategories&post=4276"},{"taxonomy":"post_tag","embeddable":true,"href":"https:\/\/www.reportedeprensa.utalca.cl\/index.php?rest_route=%2Fwp%2Fv2%2Ftags&post=4276"}],"curies":[{"name":"wp","href":"https:\/\/api.w.org\/{rel}","templated":true}]}}