{"id":4288,"date":"2022-06-23T10:01:41","date_gmt":"2022-06-23T13:01:41","guid":{"rendered":"https:\/\/www.reportedeprensa.utalca.cl\/?p=4288"},"modified":"2022-06-23T10:07:42","modified_gmt":"2022-06-23T13:07:42","slug":"23-de-junio-de-2022","status":"publish","type":"post","link":"https:\/\/www.reportedeprensa.utalca.cl\/?p=4288","title":{"rendered":"23 de junio de 2022"},"content":{"rendered":"\t\t<div data-elementor-type=\"wp-post\" data-elementor-id=\"4288\" class=\"elementor elementor-4288\" data-elementor-settings=\"[]\">\n\t\t\t\t\t\t\t<div class=\"elementor-section-wrap\">\n\t\t\t\t\t\t\t<section class=\"elementor-section elementor-top-section elementor-element elementor-element-436e596a elementor-section-boxed elementor-section-height-default elementor-section-height-default\" data-id=\"436e596a\" data-element_type=\"section\">\n\t\t\t\t\t\t<div class=\"elementor-container elementor-column-gap-default\">\n\t\t\t\t\t<div class=\"elementor-column elementor-col-100 elementor-top-column elementor-element elementor-element-46bd6e88\" data-id=\"46bd6e88\" data-element_type=\"column\">\n\t\t\t<div class=\"elementor-widget-wrap elementor-element-populated\">\n\t\t\t\t\t\t\t\t<div class=\"elementor-element elementor-element-10e3ba9a elementor-widget elementor-widget-text-editor\" data-id=\"10e3ba9a\" data-element_type=\"widget\" data-widget_type=\"text-editor.default\">\n\t\t\t\t<div class=\"elementor-widget-container\">\n\t\t\t\t\t\t\t\t<p class=\"x_MsoNormal\"><strong>EMOL.COM\u00a0<\/strong><\/p><p class=\"x_MsoNormal\"><a href=\"https:\/\/www.emol.com\/noticias\/Nacional\/2022\/06\/22\/1064796\/rectores-de-chile-cruch.html\">Rosa Dev\u00e9s se convirti\u00f3 en una de las cuatro mujeres: Qui\u00e9nes son las 30 autoridades educacionales que integran el CRUCH. Se menciona a Carlos Torres, rector de la UTalca.\u00a0<\/a><\/p><p class=\"x_MsoNormal\">\u00a0<\/p><p class=\"x_MsoNormal\"><strong>RADIO COOPERATIVA\u00a0<\/strong><\/p><p class=\"x_MsoNormal\"><a href=\"https:\/\/www.litoralpress.cl\/sitio\/RadioTV_Detalles.cshtml?LPKey=M5CFEKZZXB7NX46KVPKBNUSZCM44QH6GTQC73OLODEVPC2KREBJDU43RUPZUYEQTBJL3UR4ETDKOW\">El virus respiratorio sincicial es el predominante en la circulaci\u00f3n viral en Chile con un 50% del total de casos. Se refiere Omar Fuentes, acad\u00e9mico de la Escuela de Enfermer\u00eda.\u00a0<\/a><\/p><p class=\"x_MsoNormal\">\u00a0<\/p><p class=\"x_MsoNormal\"><strong>CANAL CONTIVISI\u00d3N\u00a0<\/strong><\/p><p class=\"x_MsoNormal\"><a href=\"https:\/\/www.litoralpress.cl\/sitio\/RadioTV_Detalles.cshtml?LPKey=5AQSBWV3QVIK2E2GJ7XO5MVKAUWSMTAQMW2WOU6E4KZJ7CKZO5SHB3AMEHQ5UUIY2ERP2NGQQZL5K\">Expertos refuerzan el llamado a vacunarse contra el Covid-19. Se refiere Sergio Wehinger, director del Mag\u00edster en Ciencias Biom\u00e9dicas.\u00a0<\/a><\/p><p class=\"x_MsoNormal\"><span class=\"x_MsoHyperlink\">\u00a0<\/span><\/p><p class=\"x_MsoNormal\"><strong><span class=\"x_MsoHyperlink\">CANAL TVR<\/span><span class=\"x_MsoHyperlink\">\u00a0<\/span><\/strong><\/p><p class=\"x_MsoNormal\"><a href=\"https:\/\/www.litoralpress.cl\/sitio\/RadioTV_Detalles.cshtml?LPKey=UNMCSDE3KEY7I6J5R3K33YPPK7G2Q7JAYDPMRFJF45SOT2QSMVQUA3V3OJZU7Q4DJBMPSBJUWAAJ2\">Expertos atribuyen a una falsa sensaci\u00f3n de inmunidad aumento de contagios con Covid-19 en el Maule. Se refiere Sergio Wehinger, director del Mag\u00edster en Ciencias Biom\u00e9dicas.\u00a0<\/a><\/p><p class=\"x_MsoNormal\">\u00a0<\/p><p class=\"x_MsoNormal\"><strong>CHINA XINHUA ESPA\u00d1OL TV\u00a0<\/strong><\/p><p class=\"x_MsoNormal\"><a href=\"https:\/\/www.litoralpress.cl\/sitio\/RadioTV_Detalles.cshtml?LPKey=DLEI6FMO2ZTHJCAOTBP727BSBHIUUEGUWSBBXWZLLG2ZEWLRNGKZTBRACIKPW5IHQZN7P2JAOCGMM\">Chile enfrenta quinta ola de contagios COVID 19 con red de salud presionada.<\/a><\/p><p class=\"x_MsoNormal\">\u00a0<\/p><p class=\"x_MsoNormal\"><strong>SPANISH.NEWS.CN\u00a0<\/strong><\/p><p class=\"x_MsoNormal\"><a href=\"https:\/\/www.litoralpress.cl\/paginaconsultas\/Servicios_NClipSitio\/Get_Imagen_Nota.aspx?LPKey=T6MLY55EZ7RBBGIN7NTRZ7LSSRHQMYWZ5X5FR6TYTEB7UPOL4WZW4QVGIF3IN7QTS3RHBUSKDQL5K\">Chile enfrenta quinta ola de contagios COVID-19 con red de salud presionada. Se refiere \u00c9rika Retamal, directora del Departamento de Salud P\u00fablica.\u00a0<\/a><\/p><p class=\"x_MsoNormal\">\u00a0<\/p><p class=\"x_MsoNormal\"><strong>DF.CL\u00a0<\/strong><\/p><p class=\"x_MsoNormal\"><a href=\"https:\/\/www.df.cl\/roldelafedyeconomachinalosfactoresquemantendrnalcobreenus4lalibraesteao\">Rol de la FED y Econom\u00eda China: Los factores que mantendr\u00e1n al cobre en US$ 4 la libra este a\u00f1o. Se refiere Rodrigo Saens, acad\u00e9mico de la Facultad de Econom\u00eda y Negocios (FEN).\u00a0<\/a><\/p><p class=\"x_MsoNormal\">\u00a0<\/p><p class=\"x_MsoNormal\"><strong>CANAL CONTIVISI\u00d3N\u00a0<\/strong><\/p><p class=\"x_MsoNormal\"><a href=\"https:\/\/www.litoralpress.cl\/sitio\/RadioTV_Detalles.cshtml?LPKey=FYEMBYAMXIRH4TQ64RRJ7OBUMJV7KUFT4XFN6NAOY4LUCQ764HH63IUCGRQET2AAKU24PP6KCCENU\">Emitieron Alerta Temprana Preventiva por precipitaciones y vientos en la Regi\u00f3n del Maule. Se refiere Patricio Gonz\u00e1lez, acad\u00e9mico del Centro de Investigaci\u00f3n y Transferencia en Riego y Agroclimatolog\u00eda. \u00a0<\/a><\/p><p class=\"x_MsoNormal\">\u00a0<\/p><p class=\"x_MsoNormal\"><strong>CANAL ANTOFAGASTA TELEVISI\u00d3N\u00a0<\/strong><\/p><p class=\"x_MsoNormal\"><a href=\"https:\/\/www.litoralpress.cl\/sitio\/RadioTV_Detalles.cshtml?LPKey=JC5WOX75MUXF6KZSYYZBP5DMKI4SV4UHAZJOKYV46IHFUKQGVARAEHKSECNNYJJRME7GRTOSIWOCC\">Seminario sobre el cuidado del agua de la Oficina de Asuntos H\u00eddricos en Constituci\u00f3n. Se refiere Roberto Pizarro, acad\u00e9mico de la Escuela de Ingenier\u00eda Forestal.\u00a0\u00a0\u00a0<\/a><\/p><p class=\"x_MsoNormal\">\u00a0<\/p><p class=\"x_MsoNormal\"><strong>DIARIOSENRED.COM\u00a0<\/strong><\/p><p class=\"x_MsoNormal\"><a href=\"https:\/\/diariosenred.com\/regional\/estudiante-de-utalca-desarrolla-dispositivo-para-recrear-temblores-y\">Estudiante de UTalca desarrolla dispositivo para recrear temblores y analizar comportamiento de estructuras. Se refieren Marco Alsina, acad\u00e9mico de la Facultad de Ingenier\u00eda y Mat\u00edas Soto, estudiante de Ingenier\u00eda Civil en Obras Civiles.\u00a0<\/a><\/p><p class=\"x_MsoNormal\">\u00a0<\/p><p class=\"x_MsoNormal\"><strong>REDMAULE.COM\u00a0<\/strong><\/p><p class=\"x_MsoNormal\"><a href=\"https:\/\/www.redmaule.com\/regional\/estudiante-de-utalca-desarrolla-dispositivo-para-recrear-temblores-y\">Estudiante de UTalca desarrolla dispositivo para recrear temblores y analizar comportamiento de estructuras. Se refieren Marco Alsina, acad\u00e9mico de la Facultad de Ingenier\u00eda y Mat\u00edas Soto, estudiante de Ingenier\u00eda Civil en Obras Civiles.\u00a0<\/a><\/p><p class=\"x_MsoNormal\">\u00a0<\/p><p class=\"x_MsoNormal\"><strong>ELMAULEINFORMA.CL\u00a0<\/strong><\/p><p class=\"x_MsoNormal\"><a href=\"https:\/\/elmauleinforma.cl\/estudiante-utalca-desarrolla-dispositivo-que-recrea-temblores-y-sus-intensidades\/\">Estudiante UTalca desarrolla dispositivo que recrea temblores y sus intensidades. Se refieren Marco Alsina, acad\u00e9mico de la Facultad de Ingenier\u00eda y Mat\u00edas Soto, estudiante de Ingenier\u00eda Civil en Obras Civiles.\u00a0<\/a><\/p><p class=\"x_MsoNormal\">\u00a0<\/p><p class=\"x_MsoNormal\"><strong>ENLINEAMAULE.CL\u00a0<\/strong><\/p><p class=\"x_MsoNormal\"><a href=\"https:\/\/enlineamaule.cl\/archivo\/48749\">Plataforma s\u00edsmica permite conocer c\u00f3mo se comportan las estructuras, la cual fue dise\u00f1ada por un estudiante de la UTalca. Se menciona a la Escuela de Ingenier\u00eda Civil en Obras Civiles. \u00a0<\/a><\/p><p class=\"x_MsoNormal\" aria-hidden=\"true\">\u00a0<\/p><p class=\"x_MsoNormal\"><strong>EL LECTOR\u00a0<\/strong><\/p><p class=\"x_MsoNormal\"><a href=\"https:\/\/www.litoralpress.cl\/paginaconsultas\/Servicios_NClipSitio\/Get_Imagen_Nota.aspx?LPKey=XZB3Y5OOOTDGJ63ZO2EST46XSXXYX2KQWQ4AVDPIFHWVBIKHIPBIZW3GQJISPH7HORDLA5YLOTB7U\">Escuela de Dise\u00f1o de la UTalca crear\u00e1 nuevas etiquetas a 3 vi\u00f1as de San Javier. \u00a0<\/a><\/p><p class=\"x_MsoNormal\">\u00a0<\/p><p class=\"x_MsoNormal\"><strong>CANAL MEGA PLUS\u00a0<\/strong><\/p><p class=\"x_MsoNormal\"><a href=\"https:\/\/www.litoralpress.cl\/sitio\/RadioTV_Detalles.cshtml?LPKey=QSURY3SCEODXOQ2TWK24N5VV7EMFSRSFWMLTRZU2ATTTSNXBPT2FM6HGZT7QUKLBRKDJQW2T3BN3A\">Entrevista a Mauricio Morales, director del Centro de An\u00e1lisis Pol\u00edtico (CAP).\u00a0<\/a><\/p><p class=\"x_MsoNormal\">\u00a0<\/p><p class=\"x_MsoNormal\"><strong>PUBLIMETRO\u00a0<\/strong><\/p><p class=\"x_MsoNormal\"><a href=\"https:\/\/www.litoralpress.cl\/paginaconsultas\/Servicios_NClipSitio\/Get_Imagen_Nota.aspx?LPKey=7JARSUGZWDC2MAXE5RUNCIRTDNCCDFPZA6NW4MIBRAXXOIY7YFI3V6CUXJAYMPNFOX4CG3USPOMQO\">La Convenci\u00f3n, en tierra derecha: Pre\u00e1mbulo y Armonizaci\u00f3n van al Pleno. Se refiere Mauricio Morales, director del Centro de An\u00e1lisis Pol\u00edtico (CAP).\u00a0<\/a><\/p><p class=\"x_MsoNormal\">\u00a0<\/p><p class=\"x_MsoNormal\"><strong>LAS \u00daLTIMAS NOTICIAS\u00a0<\/strong><\/p><p class=\"x_MsoNormal\"><a href=\"https:\/\/www.litoralpress.cl\/paginaconsultas\/Servicios_NClipSitio\/Get_Imagen_Nota.aspx?LPKey=BOWFACAAGM7LT2X5FCFBSVOVIIUSBUCXSC62SBMGTDHDEHYGRWLPWH366PLDVWKYESXVO3D53XMJY\">Meme niego a que me digan primera dama. Se refiere Mauricio Morales, director del Centro de An\u00e1lisis Pol\u00edtico (CAP).\u00a0<\/a><\/p><p class=\"x_MsoNormal\">\u00a0<\/p><p class=\"x_MsoNormal\"><strong>RADIO INFINITA\u00a0<\/strong><\/p><p class=\"x_MsoNormal\"><a href=\"https:\/\/www.litoralpress.cl\/sitio\/RadioTV_Detalles.cshtml?LPKey=B4TYBDP4QNG7IRGYNFYAC5M3SMOIEPMSHRUVOEXQEF6LZDPE3D6FHZSTVQCB5CXPY77IPGAKOXAZC\">Comentario de Mauricio Morales, director del Centro de An\u00e1lisis Pol\u00edtico (CAP).\u00a0<\/a><\/p><p class=\"x_MsoNormal\">\u00a0<\/p><p class=\"x_MsoNormal\"><strong>CHINA XINHUA ESPA\u00d1OL TV\u00a0<\/strong><\/p><p class=\"x_MsoNormal\"><a href=\"https:\/\/www.litoralpress.cl\/sitio\/RadioTV_Detalles.cshtml?LPKey=JGJ2C3SOCV3U67DUWLEQARQEYVDRM77MRQXJVPYLQH6BGFDSKQ6L4MMJP46QXWTNAL4LHJTBMZ46Y\">Boric cumple 100 d\u00edas en la presidencia chilena con altas expectativas y flancos abiertos. Se refiere Fabi\u00e1n Belmar, investigador del Centro de An\u00e1lisis Pol\u00edtico (CAP).\u00a0<\/a><\/p><p class=\"x_MsoNormal\">\u00a0<\/p><p class=\"x_MsoNormal\"><strong>SPANISH.NEWS.CN\u00a0<\/strong><\/p><p class=\"x_MsoNormal\"><a href=\"https:\/\/www.litoralpress.cl\/paginaconsultas\/Servicios_NClipSitio\/Get_Imagen_Nota.aspx?LPKey=33S4J75RQXMMO22IGA4ZTBUZ4FQIL5OJBYH2CJXVOEUMNYWU7HOQJBGAO5BYXFXDEYCE2R7AS2MKO\">Especial: Boric cumple 100 d\u00edas en la presidencia chilena con altas expectativas y flancos abiertos. Se refiere Fabi\u00e1n Belmar, investigador del Centro de An\u00e1lisis Pol\u00edtico (CAP).\u00a0<\/a><\/p><p class=\"x_MsoNormal\">\u00a0<\/p><p class=\"x_MsoNormal\"><strong>ADPRENSA.CL\u00a0<\/strong><\/p><p class=\"x_MsoNormal\"><a href=\"https:\/\/www.adprensa.cl\/cronica\/jovenes-seran-clave-en-la-definicion-de-nueva-carta-fundamental\/\">J\u00f3venes ser\u00e1n clave en la definici\u00f3n de Nueva Carta Fundamental. Se refiere Mario Herrera, acad\u00e9mico del Centro de An\u00e1lisis Pol\u00edtico (CAP).\u00a0<\/a><\/p><p class=\"x_MsoNormal\">\u00a0<\/p><p class=\"x_MsoNormal\"><strong>CANAL CONTIVISI\u00d3N\u00a0<\/strong><\/p><p class=\"x_MsoNormal\"><a href=\"https:\/\/www.litoralpress.cl\/sitio\/RadioTV_Detalles.cshtml?LPKey=PUQQPYKH2WRIZNOTDXWVB7N7OMADJC3BLH7AFU2332A4F3DKNMRPTEFW7WNGT4WBKPZFDRUOCAWHW\">Acad\u00e9micos plantearon incertidumbre sobre voto de los j\u00f3venes en el Plebiscito de Salida. Se refiere Mario Herrera, acad\u00e9mico del Centro de An\u00e1lisis Pol\u00edtico (CAP).\u00a0<\/a><\/p><p class=\"x_MsoNormal\">\u00a0<\/p><p class=\"x_MsoNormal\"><strong>TVMAULE.CL\u00a0<\/strong><\/p><p class=\"x_MsoNormal\"><a href=\"https:\/\/www.tvmaule.cl\/nueva-constitucion-jovenes-seran-clave-en-su-definicion\/\">Nueva Constituci\u00f3n: J\u00f3venes ser\u00e1n clave en su definici\u00f3n. Se refiere Mario Herrera, acad\u00e9mico del Centro de An\u00e1lisis Pol\u00edtico (CAP).\u00a0<\/a><\/p><p class=\"x_MsoNormal\" aria-hidden=\"true\">\u00a0<\/p><p class=\"x_MsoNormal\"><strong>LADIRECTALONGAVIANA.CL\u00a0<\/strong><\/p><p class=\"x_MsoNormal\"><a href=\"https:\/\/www.ladirectalongaviana.cl\/2022\/06\/22\/jovenes-seran-clave-en-la-definicion-de-nueva-carta-fundamental\/\">J\u00f3venes ser\u00e1n clave en la definici\u00f3n de Nueva Carta Fundamental. Se refiere Mario Herrera, acad\u00e9mico del Centro de An\u00e1lisis Pol\u00edtico (CAP).\u00a0<\/a><\/p><p class=\"x_MsoNormal\" aria-hidden=\"true\">\u00a0<\/p><p class=\"x_MsoNormal\"><strong>EL HERALDO\u00a0<\/strong><\/p><p class=\"x_MsoNormal\"><a href=\"https:\/\/www.litoralpress.cl\/paginaconsultas\/Servicios_NClipSitio\/Get_Imagen_Nota.aspx?LPKey=6WIXIVCGACE2MDZS5NTXUQP2XM2AN33YHZAGXSDPL3VABDCUYJEW2WDSO7GBH43G6AXH54KDJBAQY\">UTalca ser\u00e1 parte del Festival de Cine Europeo. Se refiere Marcela Albornoz, directora de Extensi\u00f3n Cultural-Art\u00edstica.\u00a0<\/a><\/p><p class=\"x_MsoNormal\" aria-hidden=\"true\">\u00a0<\/p><p class=\"x_MsoNormal\"><strong>DIARIOELHERALDO.CL\u00a0<\/strong><\/p><p class=\"x_MsoNormal\"><a href=\"http:\/\/www.diarioelheraldo.cl\/noticia\/utalca-sera-parte-del-festival-de-cine-europeo-\">UTalca ser\u00e1 parte del Festival de Cine Europeo. Se refiere Marcela Albornoz, directora de Extensi\u00f3n Cultural-Art\u00edstica.\u00a0<\/a><\/p><p class=\"x_MsoNormal\">\u00a0<\/p>\t\t\t\t\t\t<\/div>\n\t\t\t\t<\/div>\n\t\t\t\t\t<\/div>\n\t\t<\/div>\n\t\t\t\t\t\t\t<\/div>\n\t\t<\/section>\n\t\t\t\t\t\t<\/div>\n\t\t\t\t\t<\/div>\n\t\t","protected":false},"excerpt":{"rendered":"<p>EMOL.COM\u00a0 Rosa Dev\u00e9s se convirti\u00f3 en una de las cuatro mujeres: Qui\u00e9nes son las 30 autoridades educacionales que integran el CRUCH. Se menciona a Carlos Torres, rector de la UTalca.\u00a0 \u00a0 RADIO COOPERATIVA\u00a0 El virus respiratorio sincicial es el predominante en la circulaci\u00f3n viral en Chile con un 50% del total de casos. Se refiere &hellip;<\/p>\n<p class=\"read-more\"> <a class=\"\" href=\"https:\/\/www.reportedeprensa.utalca.cl\/?p=4288\"> <span class=\"screen-reader-text\">23 de junio de 2022<\/span> Read More &raquo;<\/a><\/p>\n","protected":false},"author":1,"featured_media":0,"comment_status":"closed","ping_status":"open","sticky":false,"template":"","format":"standard","meta":{"_monsterinsights_skip_tracking":false,"_monsterinsights_sitenote_active":false,"_monsterinsights_sitenote_note":"","_monsterinsights_sitenote_category":0},"categories":[22],"tags":[],"_links":{"self":[{"href":"https:\/\/www.reportedeprensa.utalca.cl\/index.php?rest_route=\/wp\/v2\/posts\/4288"}],"collection":[{"href":"https:\/\/www.reportedeprensa.utalca.cl\/index.php?rest_route=\/wp\/v2\/posts"}],"about":[{"href":"https:\/\/www.reportedeprensa.utalca.cl\/index.php?rest_route=\/wp\/v2\/types\/post"}],"author":[{"embeddable":true,"href":"https:\/\/www.reportedeprensa.utalca.cl\/index.php?rest_route=\/wp\/v2\/users\/1"}],"replies":[{"embeddable":true,"href":"https:\/\/www.reportedeprensa.utalca.cl\/index.php?rest_route=%2Fwp%2Fv2%2Fcomments&post=4288"}],"version-history":[{"count":4,"href":"https:\/\/www.reportedeprensa.utalca.cl\/index.php?rest_route=\/wp\/v2\/posts\/4288\/revisions"}],"predecessor-version":[{"id":4292,"href":"https:\/\/www.reportedeprensa.utalca.cl\/index.php?rest_route=\/wp\/v2\/posts\/4288\/revisions\/4292"}],"wp:attachment":[{"href":"https:\/\/www.reportedeprensa.utalca.cl\/index.php?rest_route=%2Fwp%2Fv2%2Fmedia&parent=4288"}],"wp:term":[{"taxonomy":"category","embeddable":true,"href":"https:\/\/www.reportedeprensa.utalca.cl\/index.php?rest_route=%2Fwp%2Fv2%2Fcategories&post=4288"},{"taxonomy":"post_tag","embeddable":true,"href":"https:\/\/www.reportedeprensa.utalca.cl\/index.php?rest_route=%2Fwp%2Fv2%2Ftags&post=4288"}],"curies":[{"name":"wp","href":"https:\/\/api.w.org\/{rel}","templated":true}]}}