{"id":4301,"date":"2022-06-24T09:51:13","date_gmt":"2022-06-24T12:51:13","guid":{"rendered":"https:\/\/www.reportedeprensa.utalca.cl\/?p=4301"},"modified":"2022-06-24T09:55:09","modified_gmt":"2022-06-24T12:55:09","slug":"24-de-junio-de-2022","status":"publish","type":"post","link":"https:\/\/www.reportedeprensa.utalca.cl\/?p=4301","title":{"rendered":"24 de junio de 2022"},"content":{"rendered":"\t\t<div data-elementor-type=\"wp-post\" data-elementor-id=\"4301\" class=\"elementor elementor-4301\" data-elementor-settings=\"[]\">\n\t\t\t\t\t\t\t<div class=\"elementor-section-wrap\">\n\t\t\t\t\t\t\t<section class=\"elementor-section elementor-top-section elementor-element elementor-element-436e596a elementor-section-boxed elementor-section-height-default elementor-section-height-default\" data-id=\"436e596a\" data-element_type=\"section\">\n\t\t\t\t\t\t<div class=\"elementor-container elementor-column-gap-default\">\n\t\t\t\t\t<div class=\"elementor-column elementor-col-100 elementor-top-column elementor-element elementor-element-46bd6e88\" data-id=\"46bd6e88\" data-element_type=\"column\">\n\t\t\t<div class=\"elementor-widget-wrap elementor-element-populated\">\n\t\t\t\t\t\t\t\t<div class=\"elementor-element elementor-element-10e3ba9a elementor-widget elementor-widget-text-editor\" data-id=\"10e3ba9a\" data-element_type=\"widget\" data-widget_type=\"text-editor.default\">\n\t\t\t\t<div class=\"elementor-widget-container\">\n\t\t\t\t\t\t\t\t<p class=\"x_MsoNormal\"><strong>DIARIOELHERALDO.CL\u00a0<\/strong><\/p><p class=\"x_MsoNormal\"><a href=\"http:\/\/www.diarioelheraldo.cl\/noticia\/destacan-confianza-ciudadana-en-las-universidades-\">Destacan confianza ciudadana en las universidades.\u00a0<\/a><\/p><p class=\"x_MsoNormal\">\u00a0<\/p><p class=\"x_MsoNormal\"><strong>LAS \u00daLTIMAS NOTICIAS\u00a0<\/strong><\/p><p class=\"x_MsoNormal\"><a href=\"https:\/\/www.litoralpress.cl\/paginaconsultas\/Servicios_NClipSitio\/Get_Imagen_Nota.aspx?LPKey=UOYMY4G3JN5G4SFXTTYIQOEDXJIHII6L5SENRSBTJQUDVTKE4ZP6WKYHV22FKC5F6EXQOI46YTE6W\">Cu\u00e1nto ganan los egresados de los mejores MBA de Latinoam\u00e9rica. Se refiere Felipe Arenas, director del MBA UTalca.\u00a0<\/a><\/p><p class=\"x_MsoNormal\">\u00a0<\/p><p class=\"x_MsoNormal\"><strong>RADIO COOPERATIVA\u00a0<\/strong><\/p><p class=\"x_MsoNormal\"><a href=\"https:\/\/www.litoralpress.cl\/sitio\/RadioTV_Detalles.cshtml?LPKey=U6MYXAMIP656XKGZCJS2RNC6YWYMVBRJ4CG4VKHYOZLTNYXNS55EC6EB5R5OGZUCUINQ244SOLQOG\">Alta circulaci\u00f3n de virus respiratorios. Se refiere Omar Fuentes, acad\u00e9mico de la Escuela de Enfermer\u00eda. \u00a0<\/a><\/p><p class=\"x_MsoNormal\">\u00a0<\/p><p class=\"x_MsoNormal\"><strong>COOPERATIVA.CL\u00a0<\/strong><\/p><p class=\"x_MsoNormal\"><a href=\"https:\/\/www.cooperativa.cl\/noticias\/sociedad\/salud\/coronavirus\/minsal-reporto-8-759-contagios-de-covid-19-y-38-170-casos-activos\/2022-06-22\/111812.html?region=654\">Minsal report\u00f3 8.759 contagios de Covid-19 y 38.170 casos activos. Se refiere Omar Fuentes, acad\u00e9mico de la Escuela de Enfermer\u00eda.\u00a0<\/a><\/p><p class=\"x_MsoNormal\">\u00a0<\/p><p class=\"x_MsoNormal\"><strong>CANAL UCHILE TV\u00a0<\/strong><\/p><p class=\"x_MsoNormal\"><a href=\"https:\/\/www.litoralpress.cl\/sitio\/RadioTV_Detalles.cshtml?LPKey=GIRBTFWMAR4EESODNPUYB6GIAYHG4DFEQZUPD4QOOEEDGCMNHJR5YHVNNUMXCMFBSMAKRCE4I5WXK\">Entrevista a Sergio Wehinger, director del Mag\u00edster en Ciencias Biom\u00e9dicas.\u00a0<\/a><\/p><p class=\"x_MsoNormal\">\u00a0<\/p><p class=\"x_MsoNormal\"><strong>CANAL TVN RED MAULE\u00a0<\/strong><\/p><p class=\"x_MsoNormal\"><a href=\"https:\/\/www.litoralpress.cl\/sitio\/RadioTV_Detalles.cshtml?LPKey=JJ7OPXUOEV7ZF6NCE7QVORYY3NLUMWSS4OHEWK4ZCYN4BU2OWYU2C4QZZ6AYDOLSEFLXECN4GG7DS\">Covid-19: Provincia de Talca retrocede a &#8220;medio impacto sanitario&#8221;. Se refiere \u00c9rika Retamal, directora del Departamento de Salud P\u00fablica. \u00a0<\/a><\/p><p class=\"x_MsoNormal\">\u00a0<\/p><p class=\"x_MsoNormal\"><strong>RADIO AMIGA\u00a0<\/strong><\/p><p class=\"x_MsoNormal\"><a href=\"https:\/\/www.litoralpress.cl\/sitio\/RadioTV_Detalles.cshtml?LPKey=LQF34UHF3K62IYGIZ5UTLJHCNTROQWV2DUFTKF7OKL3IQ2BNTBQOD3TGGT7C2KWR5VUCHMCXHONO2\">Recomendaciones para evitar contagios de viruela del mono. Se refiere Mar\u00eda Ester Mu\u00f1oz, acad\u00e9mica de la Escuela de Enfermer\u00eda.\u00a0<\/a><\/p><p class=\"x_MsoNormal\">\u00a0<\/p><p class=\"x_MsoNormal\"><strong>CANAL TV5 LINARES\u00a0<\/strong><\/p><p class=\"x_MsoNormal\"><a href=\"https:\/\/www.litoralpress.cl\/sitio\/RadioTV_Detalles.cshtml?LPKey=VUHXM46R4MEGM7VZLEP3LYPCYGNUDABILMNAD7SUZOL54LL335KZFUZOHMUQXABPES66DXXFDZ4XW\">Colegio de Concepci\u00f3n Linares y Universidad de Talca realiza panel. Se refiere Carolina Iturra, decana de la Facultad de Ciencias de la Educaci\u00f3n.\u00a0<\/a><\/p><p class=\"x_MsoNormal\">\u00a0<\/p><p class=\"x_MsoNormal\"><strong>CANAL TVR\u00a0<\/strong><\/p><p class=\"x_MsoNormal\"><a href=\"https:\/\/www.litoralpress.cl\/sitio\/RadioTV_Detalles.cshtml?LPKey=XH443M6ALUDWE6BQXTY654RWZHK3IOPTEET2J7NGECSLMJ4HVKFO2E52AXBRY3Y2DWTKP66D3ZY54\">Proyectan aumento de precios de hortalizas por la sequ\u00eda. Se refieren Patricio Gonz\u00e1lez, acad\u00e9mico del Centro de Investigaci\u00f3n y Transferencia en Riego y Agroclimatolog\u00eda (CITRA) y Roberto Jara, acad\u00e9mico de la Facultad de Ciencias Agrarias.\u00a0<\/a><\/p><p class=\"x_MsoNormal\">\u00a0<\/p><p class=\"x_MsoNormal\"><strong>RADIO AMIGA\u00a0<\/strong><\/p><p class=\"x_MsoNormal\"><a href=\"https:\/\/www.litoralpress.cl\/sitio\/RadioTV_Detalles.cshtml?LPKey=QFVVHCTEDMPXWBVRO4RGNU3IL2LPU7DMIM4PRZEFY6O4AAFXFVKNA2RLPBSZ6ECKJ6PDFPNNIOSY6\">Actualmente hay m\u00e1s de 2 mil millones de personas que tienen problemas de escasez de agua. Se refieren Patricio Gonz\u00e1lez, acad\u00e9mico del Centro de Investigaci\u00f3n y Transferencia en Riego y Agroclimatolog\u00eda (CITRA) y Roberto Jara, acad\u00e9mico de la Facultad de Ciencias Agrarias.\u00a0<\/a><\/p><p class=\"x_MsoNormal\">\u00a0<\/p><p class=\"x_MsoNormal\"><strong>EL TIP\u00d3GRAFO\u00a0<\/strong><\/p><p class=\"x_MsoNormal\"><a href=\"https:\/\/www.litoralpress.cl\/paginaconsultas\/Servicios_NClipSitio\/Get_Imagen_Nota.aspx?LPKey=PYG3W74WCQBCRAONRDSRNLTNL2JLQZFWKLLBXXFL3RGEJFSNC27FWFQRBYMUF6OKEUXM52NA3FF3I\">El an\u00e1lisis t\u00e9cnico- econ\u00f3mico del conflicto. Se refiere Francisco Rivas, director de la Escuela de Ingenier\u00eda Civil de Minas.\u00a0<\/a><\/p><p class=\"x_MsoNormal\">\u00a0<\/p><p class=\"x_MsoNormal\"><strong>ELTIPOGRAFO.CL\u00a0<\/strong><\/p><p class=\"x_MsoNormal\"><a href=\"https:\/\/eltipografo.cl\/2022\/06\/el-analisis-tecnico-economico-del-conflicto-en-codelco\">El an\u00e1lisis t\u00e9cnico- econ\u00f3mico del conflicto en Codelco. Se refiere Francisco Rivas, director de la Escuela de Ingenier\u00eda Civil de Minas.\u00a0<\/a><\/p><p class=\"x_MsoNormal\">\u00a0<\/p><p class=\"x_MsoNormal\"><strong>ADPRENSA.CL\u00a0<\/strong><\/p><p class=\"x_MsoNormal\"><a href=\"https:\/\/www.adprensa.cl\/cronica\/nuevo-evento-astronomico-alineacion-de-ocho-cuerpos-celestes-se-observa-desde-chile\/\">Nuevo evento astron\u00f3mico: alineaci\u00f3n de ocho cuerpos celestes se observa desde Chile. Se refiere Daniela Olave, acad\u00e9mica de la Facultad de Ingenier\u00eda.\u00a0<\/a><\/p><p class=\"x_MsoNormal\">\u00a0<\/p><p class=\"x_MsoNormal\"><strong>RADIO LAUTARO\u00a0<\/strong><\/p><p class=\"x_MsoNormal\"><a href=\"https:\/\/www.litoralpress.cl\/sitio\/RadioTV_Detalles.cshtml?LPKey=KBGKOWVCGFTE2EHSDFWAVK4DEOMG6NZWH6SHH6FPJYIDWENTWJR6IXZ53L7BPLGRJX6IXMK5UGYUI\">Entrevista a Daniela Olave, acad\u00e9mica de la Facultad de Ingenier\u00eda.\u00a0<\/a><\/p><p class=\"x_MsoNormal\">\u00a0<\/p><p class=\"x_MsoNormal\"><strong>RADIOPOLAR.COM\u00a0<\/strong><\/p><p class=\"x_MsoNormal\"><a href=\"https:\/\/radiopolar.com\/noticia_177127.html\">Alineaci\u00f3n de ocho cuerpos celestes se observa en Chile. Se refiere Daniela Olave, acad\u00e9mica de la Facultad de Ingenier\u00eda.\u00a0<\/a><\/p><p class=\"x_MsoNormal\">\u00a0<\/p><p class=\"x_MsoNormal\"><strong>EL LECTOR\u00a0<\/strong><\/p><p class=\"x_MsoNormal\"><a href=\"https:\/\/www.litoralpress.cl\/paginaconsultas\/Servicios_NClipSitio\/Get_Imagen_Nota.aspx?LPKey=DAJKQ36AYI5KUHXCMV7XYVEIC6ZM23XU6O6AQ6EBX7LCDN2VXHH3OSS3WOSUQGF722EBOD5NITU6Y\">Estudiante UTalca desarrolla dispositivo que recrea temblores y sus intensidades. Se refieren Marco Alsina, acad\u00e9mico de la Facultad de Ingenier\u00eda y Mat\u00edas Soto, estudiante de Ingenier\u00eda Civil en Obras Civiles.\u00a0<\/a><\/p><p class=\"x_MsoNormal\">\u00a0<\/p><p class=\"x_MsoNormal\"><strong>EMOL.COM\u00a0<\/strong><\/p><p class=\"x_MsoNormal\"><a href=\"https:\/\/www.emol.com\/noticias\/Nacional\/2022\/06\/23\/1064865\/analistaspoliticos-y-efectos-gabinete-irinakaramanos.html\">&#8220;Gabinete Irina Karamanos&#8221;: Efectos del &#8220;error administrativo&#8221; para el Gobierno, el Presidente y para la propia involucrada. Se refiere Mauricio Morales, director del Centro de An\u00e1lisis Pol\u00edtico (CAP).\u00a0<\/a><\/p><p class=\"x_MsoNormal\">\u00a0<\/p><p class=\"x_MsoNormal\"><strong>LA PRENSA\u00a0<\/strong><\/p><p class=\"x_MsoNormal\"><a href=\"https:\/\/www.litoralpress.cl\/sitio\/Prensa_Detalles.cshtml?LPKey=75XTNP7BOE4SHALZ6KZJAWBOZEFGPURK5LSAK7A3DETFUC6MTRMA\">Portada: Voto de j\u00f3venes ser\u00e1 fundamental en definici\u00f3n de nueva Constituci\u00f3n.\u00a0<\/a><\/p><p class=\"x_MsoNormal\">\u00a0<\/p><p class=\"x_MsoNormal\"><strong>LA PRENSA\u00a0<\/strong><\/p><p class=\"x_MsoNormal\"><a href=\"https:\/\/www.litoralpress.cl\/paginaconsultas\/Servicios_NClipSitio\/Get_Imagen_Nota.aspx?LPKey=LLWDGRTTUJI4TPG5P2JQILUFTRPGRVWMQ5VJM72ZJTHYVBRHNZLUDN3522TUWBZ54TSXQZ5WL5B4M\">J\u00f3venes ser\u00e1n fundamentales en la definici\u00f3n de la Nueva Carta Magna. Se refiere Mario Herrera, acad\u00e9mico del Centro de An\u00e1lisis Pol\u00edtico (CAP).\u00a0<\/a><\/p><p class=\"x_MsoNormal\">\u00a0<\/p><p class=\"x_MsoNormal\"><strong>EL HERALDO\u00a0<\/strong><\/p><p class=\"x_MsoNormal\"><a href=\"https:\/\/www.litoralpress.cl\/paginaconsultas\/Servicios_NClipSitio\/Get_Imagen_Nota.aspx?LPKey=R7FQB4YM7UALWDOITRMJYBK5H7A3QAWS42SV6XJEA5PHYLVVYTWZAHRCTEOEVAQ3NW4Y3RNY2VC4W\">An\u00e1lisis UTalca: J\u00f3venes ser\u00e1n clave en la definici\u00f3n de nueva carta fundamental. Se refiere Mario Herrera, acad\u00e9mico del Centro de An\u00e1lisis Pol\u00edtico (CAP).\u00a0<\/a><\/p><p class=\"x_MsoNormal\">\u00a0<\/p><p class=\"x_MsoNormal\"><strong>DIARIOLAPRENSA.CL\u00a0<\/strong><\/p><p class=\"x_MsoNormal\"><a href=\"https:\/\/new.diariolaprensa.cl\/index.php\/2022\/06\/23\/jovenes-seran-fundamentales-en-la-definicion-de-la-nueva-carta-magna\/\">J\u00f3venes ser\u00e1n fundamentales en la definici\u00f3n de la Nueva Carta Magna. Se refiere Mario Herrera, acad\u00e9mico del Centro de An\u00e1lisis Pol\u00edtico (CAP).\u00a0<\/a><\/p><p class=\"x_MsoNormal\">\u00a0<\/p><p class=\"x_MsoNormal\"><strong>G5NOTICIAS.CL\u00a0<\/strong><\/p><p class=\"x_MsoNormal\"><a href=\"https:\/\/g5noticias.cl\/2022\/06\/23\/jovenes-seran-clave-en-la-definicion-de-nueva-carta-fundamental\/\">J\u00f3venes ser\u00e1n clave en la definici\u00f3n de Nueva Carta Fundamental. Se refiere Mario Herrera, acad\u00e9mico del Centro de An\u00e1lisis Pol\u00edtico (CAP).\u00a0<\/a><\/p><p class=\"x_MsoNormal\">\u00a0<\/p><p class=\"x_MsoNormal\"><strong>CANAL TVN RED MAULE\u00a0<\/strong><\/p><p class=\"x_MsoNormal\"><a href=\"https:\/\/www.litoralpress.cl\/sitio\/RadioTV_Detalles.cshtml?LPKey=4YK4FWBY2RARBSQSYHFNTDRQVCYEL76OHEXI2ZGGB257EMUMU5P5GAJHGGFLCRK5LM5WJ4XGTJHXA\">Festival de Cine Europeo en la U. de Talca.\u00a0<\/a><\/p><p class=\"x_MsoNormal\">\u00a0<\/p>\t\t\t\t\t\t<\/div>\n\t\t\t\t<\/div>\n\t\t\t\t\t<\/div>\n\t\t<\/div>\n\t\t\t\t\t\t\t<\/div>\n\t\t<\/section>\n\t\t\t\t\t\t<\/div>\n\t\t\t\t\t<\/div>\n\t\t","protected":false},"excerpt":{"rendered":"<p>DIARIOELHERALDO.CL\u00a0 Destacan confianza ciudadana en las universidades.\u00a0 \u00a0 LAS \u00daLTIMAS NOTICIAS\u00a0 Cu\u00e1nto ganan los egresados de los mejores MBA de Latinoam\u00e9rica. Se refiere Felipe Arenas, director del MBA UTalca.\u00a0 \u00a0 RADIO COOPERATIVA\u00a0 Alta circulaci\u00f3n de virus respiratorios. Se refiere Omar Fuentes, acad\u00e9mico de la Escuela de Enfermer\u00eda. \u00a0 \u00a0 COOPERATIVA.CL\u00a0 Minsal report\u00f3 8.759 contagios de &hellip;<\/p>\n<p class=\"read-more\"> <a class=\"\" href=\"https:\/\/www.reportedeprensa.utalca.cl\/?p=4301\"> <span class=\"screen-reader-text\">24 de junio de 2022<\/span> Read More &raquo;<\/a><\/p>\n","protected":false},"author":1,"featured_media":0,"comment_status":"closed","ping_status":"open","sticky":false,"template":"","format":"standard","meta":{"_monsterinsights_skip_tracking":false,"_monsterinsights_sitenote_active":false,"_monsterinsights_sitenote_note":"","_monsterinsights_sitenote_category":0},"categories":[22],"tags":[],"_links":{"self":[{"href":"https:\/\/www.reportedeprensa.utalca.cl\/index.php?rest_route=\/wp\/v2\/posts\/4301"}],"collection":[{"href":"https:\/\/www.reportedeprensa.utalca.cl\/index.php?rest_route=\/wp\/v2\/posts"}],"about":[{"href":"https:\/\/www.reportedeprensa.utalca.cl\/index.php?rest_route=\/wp\/v2\/types\/post"}],"author":[{"embeddable":true,"href":"https:\/\/www.reportedeprensa.utalca.cl\/index.php?rest_route=\/wp\/v2\/users\/1"}],"replies":[{"embeddable":true,"href":"https:\/\/www.reportedeprensa.utalca.cl\/index.php?rest_route=%2Fwp%2Fv2%2Fcomments&post=4301"}],"version-history":[{"count":4,"href":"https:\/\/www.reportedeprensa.utalca.cl\/index.php?rest_route=\/wp\/v2\/posts\/4301\/revisions"}],"predecessor-version":[{"id":4308,"href":"https:\/\/www.reportedeprensa.utalca.cl\/index.php?rest_route=\/wp\/v2\/posts\/4301\/revisions\/4308"}],"wp:attachment":[{"href":"https:\/\/www.reportedeprensa.utalca.cl\/index.php?rest_route=%2Fwp%2Fv2%2Fmedia&parent=4301"}],"wp:term":[{"taxonomy":"category","embeddable":true,"href":"https:\/\/www.reportedeprensa.utalca.cl\/index.php?rest_route=%2Fwp%2Fv2%2Fcategories&post=4301"},{"taxonomy":"post_tag","embeddable":true,"href":"https:\/\/www.reportedeprensa.utalca.cl\/index.php?rest_route=%2Fwp%2Fv2%2Ftags&post=4301"}],"curies":[{"name":"wp","href":"https:\/\/api.w.org\/{rel}","templated":true}]}}