{"id":4313,"date":"2022-06-28T10:05:17","date_gmt":"2022-06-28T13:05:17","guid":{"rendered":"https:\/\/www.reportedeprensa.utalca.cl\/?p=4313"},"modified":"2022-06-28T10:16:09","modified_gmt":"2022-06-28T13:16:09","slug":"28-de-junio-de-2022","status":"publish","type":"post","link":"https:\/\/www.reportedeprensa.utalca.cl\/?p=4313","title":{"rendered":"28 de junio de 2022"},"content":{"rendered":"\t\t<div data-elementor-type=\"wp-post\" data-elementor-id=\"4313\" class=\"elementor elementor-4313\" data-elementor-settings=\"[]\">\n\t\t\t\t\t\t\t<div class=\"elementor-section-wrap\">\n\t\t\t\t\t\t\t<section class=\"elementor-section elementor-top-section elementor-element elementor-element-436e596a elementor-section-boxed elementor-section-height-default elementor-section-height-default\" data-id=\"436e596a\" data-element_type=\"section\">\n\t\t\t\t\t\t<div class=\"elementor-container elementor-column-gap-default\">\n\t\t\t\t\t<div class=\"elementor-column elementor-col-100 elementor-top-column elementor-element elementor-element-46bd6e88\" data-id=\"46bd6e88\" data-element_type=\"column\">\n\t\t\t<div class=\"elementor-widget-wrap elementor-element-populated\">\n\t\t\t\t\t\t\t\t<div class=\"elementor-element elementor-element-10e3ba9a elementor-widget elementor-widget-text-editor\" data-id=\"10e3ba9a\" data-element_type=\"widget\" data-widget_type=\"text-editor.default\">\n\t\t\t\t<div class=\"elementor-widget-container\">\n\t\t\t\t\t\t\t\t<p class=\"x_MsoNormal\"><strong>LA PRENSA\u00a0<\/strong><\/p><p class=\"x_MsoNormal\"><a href=\"https:\/\/www.litoralpress.cl\/paginaconsultas\/Servicios_NClipSitio\/Get_Imagen_Nota.aspx?LPKey=YQH22YFFEQ76ZQII3ESZRJKRFLZLPNU2IYQJLZQQ7IE3KP76B4PNXNIPI6MVE37ARJSOV57GPHC2Q\">Destacan confianza ciudadana en las Universidades.\u00a0<\/a><\/p><p class=\"x_MsoNormal\">\u00a0<\/p><p class=\"x_MsoNormal\"><strong>EL HERALDO\u00a0<\/strong><\/p><p class=\"x_MsoNormal\"><a href=\"https:\/\/www.litoralpress.cl\/paginaconsultas\/Servicios_NClipSitio\/Get_Imagen_Nota.aspx?LPKey=EEGB4I2RG4Y4YO77K4X3RXPJEJPCXTJMF7XFR4TW6PLISRRLCRDVXFKNBLPAW5UP33WSOWYTL6IBK\">Destacan confianza ciudadana en las universidades.\u00a0<\/a><\/p><p class=\"x_MsoNormal\">\u00a0<\/p><p class=\"x_MsoNormal\"><strong>DIARIOTALCA.CL\u00a0<\/strong><\/p><p class=\"x_MsoNormal\"><a href=\"https:\/\/diariotalca.cl\/innovacion-en-la-region-utalca-destaca-por-su-aporte-en-diversas-areas-del-conocimiento\/\">Innovaci\u00f3n en la regi\u00f3n: UTalca destaca por su aporte en diversas \u00e1reas del conocimiento. Se refiere Ariela Vergara, vicerrectora de Innovaci\u00f3n. \u00a0<\/a><\/p><p class=\"x_MsoNormal\">\u00a0<\/p><p class=\"x_MsoNormal\"><strong>ELCENTRO.CL\u00a0<\/strong><\/p><p class=\"x_MsoNormal\"><a href=\"https:\/\/elcentro.cl\/2022\/06\/26\/innovacion-en-la-region-universidad-de-talca-destaca-por-su-aporte-en-diversas-areas-del-conocimiento\/\">Innovaci\u00f3n en la regi\u00f3n: UTalca destaca por su aporte en diversas \u00e1reas del conocimiento. Se refiere Ariela Vergara, vicerrectora de Innovaci\u00f3n.\u00a0<\/a><\/p><p class=\"x_MsoNormal\">\u00a0<\/p><p class=\"x_MsoNormal\"><strong>EL MERCURIO\u00a0<\/strong><\/p><p class=\"x_MsoNormal\"><a href=\"https:\/\/www.litoralpress.cl\/paginaconsultas\/Servicios_NClipSitio\/Get_Imagen_Nota.aspx?LPKey=R2N5WMSU2LKCNNXVASC4G3KQCZXKSXBHPBQA7VGUPPCZ3NJCZSQ3TXTW3RHSEM7ATQLUWDHE25OMC\">Universitarios hacen clases de matem\u00e1ticas a poblaci\u00f3n juvenil de centro penitenciario. Se refieren Marlene Guti\u00e9rrez, directora del Programa de Formaci\u00f3n Fundamental y Crist\u00f3bal Toledo, estudiante de Ingenier\u00eda Civil Industrial. \u00a0<\/a><\/p><p class=\"x_MsoNormal\">\u00a0<\/p><p class=\"x_MsoNormal\"><strong>LA PRENSA\u00a0<\/strong><\/p><p class=\"x_MsoNormal\"><a href=\"https:\/\/www.litoralpress.cl\/paginaconsultas\/Servicios_NClipSitio\/Get_Imagen_Nota.aspx?LPKey=MUBRQ4VPNTTO2BJMYCXF3AEIV77UL7KDOLVMSLE25OP3QHXUX4C5QPWFGER7XW2VHRDR44TLRD2L6\">UTalca participa en proyecto para fortalecer v\u00ednculos con organizaciones de la sociedad. Se refiere Karin Saavedra, directora de Vinculaci\u00f3n con el Medio.\u00a0<\/a><\/p><p class=\"x_MsoNormal\">\u00a0<\/p><p class=\"x_MsoNormal\"><strong>EL HERALDO\u00a0<\/strong><\/p><p class=\"x_MsoNormal\"><a href=\"https:\/\/www.litoralpress.cl\/paginaconsultas\/Servicios_NClipSitio\/Get_Imagen_Nota.aspx?LPKey=V33BCXKXUN6PWTIAAOCNX33GJIN7EJT7SMTGLPIV2TL44P6GNQUC5GBDASZY5MQFQWYJ6XNW3QUCS\">UTalca participa en importante proyecto de Vinculaci\u00f3n con el Medio. Se refiere Karin Saavedra, directora de Vinculaci\u00f3n con el Medio.\u00a0<\/a><\/p><p class=\"x_MsoNormal\">\u00a0<\/p><p class=\"x_MsoNormal\"><strong>DIARIOELHERALDO.CL\u00a0<\/strong><\/p><p class=\"x_MsoNormal\"><a href=\"http:\/\/www.diarioelheraldo.cl\/noticia\/utalca-participa-en-importante-proyecto-de-vinculacion-con-el-medio-\">UTalca participa en importante proyecto de Vinculaci\u00f3n con el Medio. Se refiere Karin Saavedra, directora de Vinculaci\u00f3n con el Medio.\u00a0<\/a><\/p><p class=\"x_MsoNormal\" aria-hidden=\"true\">\u00a0<\/p><p class=\"x_MsoNormal\"><strong>EL HERALDO\u00a0<\/strong><\/p><p class=\"x_MsoNormal\"><a href=\"https:\/\/www.litoralpress.cl\/paginaconsultas\/Servicios_NClipSitio\/Get_Imagen_Nota.aspx?LPKey=RJVKE3RYTMNLHXLGN42CFPXW2XQ6SMNN4B5HN6WGFJ5SS3OSAD6ZA5A3YTEGDBLYWUKR4632H732C\">Defensor\u00eda y Universidad de Talca promueven desarrollo conjunto de investigaciones y capacitaciones. \u00a0<\/a><\/p><p class=\"x_MsoNormal\">\u00a0<\/p><p class=\"x_MsoNormal\"><strong>RADIO BIOB\u00cdO\u00a0<\/strong><\/p><p class=\"x_MsoNormal\"><a href=\"https:\/\/www.litoralpress.cl\/sitio\/RadioTV_Detalles.cshtml?LPKey=27PRCHJJNN2Y4EGD2FQBFCIFQL2EBWSWUMVOLXO4TRTNWKGMKRPB2WOPXNNNMWKWW4MDMGILTFZ7Y\">Por cuarto d\u00eda consecutivo los nuevos contagios de Covid19 superaron los 10 mil casos. Se refiere \u00c9rika Retamal, directora del Departamento de Salud P\u00fablica.\u00a0<\/a><\/p><p class=\"x_MsoNormal\">\u00a0<\/p><p class=\"x_MsoNormal\"><strong>RADIO COOPERATIVA\u00a0<\/strong><\/p><p class=\"x_MsoNormal\"><a href=\"https:\/\/www.litoralpress.cl\/sitio\/RadioTV_Detalles.cshtml?LPKey=G5V6S2GGA7U27BJT4NK3QVM5MCPERPVYN7QFNURBD6UKFAGWE3YHIIDIOAX5DMWNCTNI3JOZDOE7W\">Ministerio de Salud: RM concentra la mayor\u00eda de los infectados de viruela del mono. Se refiere \u00c9rika Retamal, directora del Departamento de Salud P\u00fablica.\u00a0<\/a><\/p><p class=\"x_MsoNormal\">\u00a0<\/p><p class=\"x_MsoNormal\"><strong>RADIO COOPERATIVA\u00a0<\/strong><\/p><p class=\"x_MsoNormal\"><a href=\"https:\/\/www.litoralpress.cl\/sitio\/RadioTV_Detalles.cshtml?LPKey=Z2ODGIJACBVNZSTOXHHW5Z3O2MPOUMJKTQAZVOUD3D47A55PJ6DOMXD5KAT7HRASUSBEFFIZL4N5I\">Expertos llaman a la calma por aumento de casos de la Viruela del Mono en el pa\u00eds. Se refiere Mar\u00eda Ester Mu\u00f1oz, acad\u00e9mica de la Escuela de Enfermer\u00eda.\u00a0<\/a><\/p><p class=\"x_MsoNormal\">\u00a0<\/p><p class=\"x_MsoNormal\"><strong>ADPRENSA.CL\u00a0<\/strong><\/p><p class=\"x_MsoNormal\"><a href=\"https:\/\/www.adprensa.cl\/cronica\/virus-respiratorios-cuales-son-los-mas-frecuentes-hoy-en-el-pais\/\">Virus respiratorios: \u00bfCu\u00e1les son los m\u00e1s frecuentes hoy en el pa\u00eds? Se refieren \u00c9rika Retamal, directora del Departamento de Salud P\u00fablica, Mar\u00eda Ester Mu\u00f1oz, acad\u00e9mica de la Escuela de Enfermer\u00eda y Gonzalo Guti\u00e9rrez, acad\u00e9mico de la Escuela de Medicina. \u00a0<\/a><\/p><p class=\"x_MsoNormal\">\u00a0<\/p><p class=\"x_MsoNormal\"><strong>EL LECTOR\u00a0<\/strong><\/p><p class=\"x_MsoNormal\"><a href=\"https:\/\/www.litoralpress.cl\/paginaconsultas\/Servicios_NClipSitio\/Get_Imagen_Nota.aspx?LPKey=P76FVBAS3HLDDQZ4BVXK43HPP7JPQQ27TA4IE2D3ERXS4AJGVAP5SKMLZAVX226HUQ65GTZ74NLZW\">Virus respiratorios: \u00bfCu\u00e1les son los m\u00e1s frecuentes hoy en el pa\u00eds? Se refieren \u00c9rika Retamal, directora del Departamento de Salud P\u00fablica, Mar\u00eda Ester Mu\u00f1oz, acad\u00e9mica de la Escuela de Enfermer\u00eda y Gonzalo Guti\u00e9rrez, acad\u00e9mico de la Escuela de Medicina.\u00a0<\/a><\/p><p class=\"x_MsoNormal\">\u00a0<\/p><p class=\"x_MsoNormal\"><strong>G5NOTICIAS.CL\u00a0<\/strong><\/p><p class=\"x_MsoNormal\"><a href=\"https:\/\/g5noticias.cl\/2022\/06\/25\/virus-respiratorios-cuales-son-los-mas-frecuentes-hoy-en-el-pais\/\">Virus respiratorios: \u00bfCu\u00e1les son los m\u00e1s frecuentes hoy en el pa\u00eds? Se refieren \u00c9rika Retamal, directora del Departamento de Salud P\u00fablica, Mar\u00eda Ester Mu\u00f1oz, acad\u00e9mica de la Escuela de Enfermer\u00eda y Gonzalo Guti\u00e9rrez, acad\u00e9mico de la Escuela de Medicina.\u00a0<\/a><\/p><p class=\"x_MsoNormal\" aria-hidden=\"true\">\u00a0<\/p><p class=\"x_MsoNormal\"><strong>ELMAULEINFORMA.CL\u00a0<\/strong><\/p><p class=\"x_MsoNormal\"><a href=\"https:\/\/elmauleinforma.cl\/virus-respiratorios-cuales-son-los-mas-frecuentes-hoy-en-el-pais\/\">Virus respiratorios: \u00bfCu\u00e1les son los m\u00e1s frecuentes hoy en el pa\u00eds? Se refieren \u00c9rika Retamal, directora del Departamento de Salud P\u00fablica, Mar\u00eda Ester Mu\u00f1oz, acad\u00e9mica de la Escuela de Enfermer\u00eda y Gonzalo Guti\u00e9rrez, acad\u00e9mico de la Escuela de Medicina.\u00a0<\/a><\/p><p class=\"x_MsoNormal\" aria-hidden=\"true\">\u00a0<\/p><p class=\"x_MsoNormal\"><strong>SEPTIMAPAGINANOTICIAS.CL\u00a0<\/strong><\/p><p class=\"x_MsoNormal\"><a href=\"https:\/\/www.septimapaginanoticias.cl\/virus-respiratorios-cuales-son-los-mas-frecuentes-hoy-en-el-pais\">Virus respiratorios: \u00bfCu\u00e1les son los m\u00e1s frecuentes hoy en el pa\u00eds? Se refieren \u00c9rika Retamal, directora del Departamento de Salud P\u00fablica, Mar\u00eda Ester Mu\u00f1oz, acad\u00e9mica de la Escuela de Enfermer\u00eda y Gonzalo Guti\u00e9rrez, acad\u00e9mico de la Escuela de Medicina.<\/a><\/p><p class=\"x_MsoNormal\" aria-hidden=\"true\">\u00a0<\/p><p class=\"x_MsoNormal\"><strong>CANAL MEGA\u00a0<\/strong><\/p><p class=\"x_MsoNormal\"><a href=\"https:\/\/www.litoralpress.cl\/sitio\/RadioTV_Detalles.cshtml?LPKey=PYZMVFSJYMEEYJPO65L2CBZDZDYR6U7NK5QCEWAKLQHXY5DZZLQCZZPUIJWRCCSVIZH3DHMI4UC5Q\">Las peores lluvias de la d\u00e9cada en China. Se refiere Samuel Ortega, director del Centro de Investigaci\u00f3n y Transferencia en Riego y Agroclimatolog\u00eda (CITRA).\u00a0<\/a><\/p><p class=\"x_MsoNormal\">\u00a0<\/p><p class=\"x_MsoNormal\"><strong>EL MERCURIO\u00a0<\/strong><\/p><p class=\"x_MsoNormal\"><a href=\"https:\/\/www.litoralpress.cl\/paginaconsultas\/Servicios_NClipSitio\/Get_Imagen_Nota.aspx?LPKey=YCZD26B53DJUDOZP5YZJWMDFBSPEEDWT42RXMXDO4Q76HDOPK4JWSPFHZTHOE3HIY4VXBZWYUQKB6\">El avance de los controladores biol\u00f3gicos en Chile. Se refiere Blas Lavandero, acad\u00e9mico del Instituto de Ciencias Biol\u00f3gicas. \u00a0<\/a><\/p><p class=\"x_MsoNormal\">\u00a0<\/p><p class=\"x_MsoNormal\"><strong>CANAL ANTOFAGASTA TV\u00a0<\/strong><\/p><p class=\"x_MsoNormal\"><a href=\"https:\/\/www.litoralpress.cl\/sitio\/RadioTV_Detalles.cshtml?LPKey=YIDXS3J2ZTYNC4T2ZAMUMWNC6SW36RBCTVLKT5W7YA4FBK2Y5NTHMR2IB7XZQWSFAVDZ7ZUCJKCGM\">Ventilaci\u00f3n de las salas de clases es una de las medidas sanitarias que ayudan a disminuir los contagios con enfermedades respiratorias. Se refieren Mar\u00eda Luisa del Campo, directora del Centro Tecnol\u00f3gico Kipus y Daniel Jim\u00e9nez, director de Salud del Estudiante. \u00a0<\/a><\/p><p class=\"x_MsoNormal\">\u00a0<\/p><p class=\"x_MsoNormal\"><strong>ELPERIODISTA.CL\u00a0<\/strong><\/p><p class=\"x_MsoNormal\"><a href=\"https:\/\/www.elperiodista.cl\/2022\/06\/sindrome-de-la-cara-vacia-el-efecto-que-dejo-la-pandemia-en-los-estudiantes\/\">S\u00edndrome de la Cara Vac\u00eda: El efecto que dej\u00f3 la pandemia en los estudiantes. Se refieren Clara Lorca y Felipe Figueroa, profesionales del Programa PACE UTalca.\u00a0<\/a><\/p><p class=\"x_MsoNormal\">\u00a0<\/p><p class=\"x_MsoNormal\"><strong>ADPRENSA.CL\u00a0<\/strong><\/p><p class=\"x_MsoNormal\"><a href=\"https:\/\/www.adprensa.cl\/cronica\/sindrome-de-la-cara-vacia-el-efecto-que-dejo-la-pandemia-en-los-estudiantes\/\">S\u00edndrome de la Cara Vac\u00eda: El efecto que dej\u00f3 la pandemia en los estudiantes. Se refieren Clara Lorca y Felipe Figueroa, profesionales del Programa PACE UTalca.\u00a0<\/a><\/p><p class=\"x_MsoNormal\">\u00a0<\/p><p class=\"x_MsoNormal\"><strong>ELMAULEINFORMA.CL\u00a0<\/strong><\/p><p class=\"x_MsoNormal\"><a href=\"https:\/\/elmauleinforma.cl\/sindrome-de-la-cara-vacia-el-impensado-efecto-que-dejo-la-pandemia-en-los-estudiantes\/\">S\u00edndrome de la Cara Vac\u00eda: El impensado efecto que dej\u00f3 la pandemia en los estudiantes. Se refieren Clara Lorca y Felipe Figueroa, profesionales del Programa PACE UTalca.\u00a0<\/a><\/p><p class=\"x_MsoNormal\">\u00a0<\/p><p class=\"x_MsoNormal\"><strong>ELMOSTRADOR.CL\u00a0<\/strong><\/p><p class=\"x_MsoNormal\"><a href=\"https:\/\/www.elmostrador.cl\/agenda-pais\/2022\/06\/24\/nuevo-evento-astronomico-alineacion-de-ocho-cuerpos-celestes-se-observa-desde-chile\/\">Nuevo evento astron\u00f3mico: alineaci\u00f3n de ocho cuerpos celestes se observa desde Chile. Se refiere Daniela Olave, acad\u00e9mica de la Facultad de Ingenier\u00eda.\u00a0<\/a><\/p><p class=\"x_MsoNormal\">\u00a0<\/p><p class=\"x_MsoNormal\"><strong>RADIO DE CARABINEROS DE CHILE\u00a0<\/strong><\/p><p class=\"x_MsoNormal\"><a href=\"https:\/\/www.litoralpress.cl\/sitio\/RadioTV_Detalles.cshtml?LPKey=IHSQ7AKEK33RI5C66K3GS6UWKQ2UINVHNKIWWAYU6FEDJ74H3Y6PBSGKLM54CUGTLJN7OFEHEKSVM\">Entrevista a Daniela Olave, acad\u00e9mica de la Facultad de Ingenier\u00eda. \u00a0<\/a><\/p><p class=\"x_MsoNormal\">\u00a0<\/p><p class=\"x_MsoNormal\"><strong>ELAMAULE.CL\u00a0<\/strong><\/p><p class=\"x_MsoNormal\"><a href=\"https:\/\/www.elamaule.cl\/noticia\/sociedad\/raro-y-maravilloso-experta-de-la-universidad-de-talca-explica-nuevo-fenomeno-astron\">&#8220;Raro y maravilloso&#8221;: Experta de la Universidad de Talca explica nuevo fen\u00f3meno astron\u00f3mico. Se refiere Daniela Olave, acad\u00e9mica de la Facultad de Ingenier\u00eda.\u00a0<\/a><\/p><p class=\"x_MsoNormal\" aria-hidden=\"true\">\u00a0<\/p><p class=\"x_MsoNormal\"><strong>G5NOTICIAS.CL\u00a0<\/strong><\/p><p class=\"x_MsoNormal\"><a href=\"https:\/\/g5noticias.cl\/2022\/06\/24\/nuevo-evento-astronomico-alineacion-de-ocho-cuerpos-celestes-se-observa-desde-chile\/\">Nuevo evento astron\u00f3mico: alineaci\u00f3n de ocho cuerpos celestes se observa desde Chile. Se refiere Daniela Olave, acad\u00e9mica de la Facultad de Ingenier\u00eda.\u00a0<\/a><\/p><p class=\"x_MsoNormal\" aria-hidden=\"true\">\u00a0<\/p><p class=\"x_MsoNormal\"><strong>EMOL.COM\u00a0<\/strong><\/p><p class=\"x_MsoNormal\"><a href=\"https:\/\/www.emol.com\/noticias\/Nacional\/2022\/06\/24\/1064886\/codelco-ventanas-instalar-nueva-fundicion.html\">Cierre de fundici\u00f3n Ventanas: El intrincado debate por d\u00f3nde instalar una nueva planta y los costos asociados. Se refiere Francisco Rivas, director de Ingenier\u00eda Civil de Minas. \u00a0<\/a><\/p><p class=\"x_MsoNormal\">\u00a0<\/p><p class=\"x_MsoNormal\"><strong>LATERCERA.COM\u00a0<\/strong><\/p><p class=\"x_MsoNormal\"><a href=\"https:\/\/www.latercera.com\/la-tercera-sabado\/noticia\/los-mil-y-un-trabajos-de-venezolanos-en-chile\/3SNLQIUU3VGUFE2OXGWASTX6A4\/\">Los mil y un trabajos de venezolanos en Chile. Se menciona al Centro de Estudios Migratorios.\u00a0<\/a><\/p><p class=\"x_MsoNormal\">\u00a0<\/p><p class=\"x_MsoNormal\"><strong>RADIO BIOB\u00cdO\u00a0<\/strong><\/p><p class=\"x_MsoNormal\"><a href=\"https:\/\/www.litoralpress.cl\/sitio\/RadioTV_Detalles.cshtml?LPKey=O5MK6V7DMFJTQAMRSV5UROKDIT5PKPRFSBHAQQKL65R5CWEU3UACWL5VIFJP75PLQQ7ZQ7OIWIV2U\">Entrevista a Hern\u00e1n D\u00edaz, acad\u00e9mico de la Facultad de Econom\u00eda y Negocios (FEN).\u00a0<\/a><\/p><p class=\"x_MsoNormal\">\u00a0<\/p><p class=\"x_MsoNormal\"><strong>RADIO BIOB\u00cdO\u00a0<\/strong><\/p><p class=\"x_MsoNormal\"><a href=\"https:\/\/www.litoralpress.cl\/sitio\/RadioTV_Detalles.cshtml?LPKey=JXMFJX6LCW5G2VGMHNJ4XN75JFNPH2JGWCIXGI4JT5RMR7SKRYKUX3FKMWLFGOMALGDT6MTVDKAK2\">Precio del d\u00f3lar volvi\u00f3 a superar sus m\u00e1ximos hist\u00f3ricos hoy. Se refiere Arcadio Cerda, acad\u00e9mico de la Facultad de Econom\u00eda y Negocios (FEN). \u00a0<\/a><\/p><p class=\"x_MsoNormal\">\u00a0<\/p><p class=\"x_MsoNormal\"><strong>ELDESCONCIERTO.CL\u00a0<\/strong><\/p><p class=\"x_MsoNormal\"><a href=\"https:\/\/www.eldesconcierto.cl\/economia\/2022\/06\/24\/dolar-registra-nuevo-record-experto-advierte-que-hay-que-acostumbrarse-a-un-piso-de-900.html\">D\u00f3lar registra r\u00e9cord: Experto advierte que hay que acostumbrarse a un piso de $900. Se refiere Rodrigo Saens, acad\u00e9mico de la Facultad de Econom\u00eda y Negocios (FEN).\u00a0<\/a><\/p><p class=\"x_MsoNormal\">\u00a0<\/p><p class=\"x_MsoNormal\"><strong>EL TIP\u00d3GRAFO\u00a0<\/strong><\/p><p class=\"x_MsoNormal\"><a href=\"https:\/\/www.litoralpress.cl\/paginaconsultas\/Servicios_NClipSitio\/Get_Imagen_Nota.aspx?LPKey=JW3KGSXPF3GS66LVTYWHROYG4VLS3CGAGTW5GMRH73X5ZSRLMIIAJTCSFC3ILWGSIOAD7TXS6GK5C\">Cierre de Divisi\u00f3n Ventanas, una decisi\u00f3n apresurada. Se refiere Hern\u00e1n D\u00edaz, acad\u00e9mico de la Facultad de Econom\u00eda y Negocios (FEN). \u00a0<\/a><\/p><p class=\"x_MsoNormal\">\u00a0<\/p><p class=\"x_MsoNormal\"><strong>SPANISH.NEWS.CN\u00a0<\/strong><\/p><p class=\"x_MsoNormal\"><a href=\"https:\/\/www.litoralpress.cl\/paginaconsultas\/Servicios_NClipSitio\/Get_Imagen_Nota.aspx?LPKey=7UYYDL2I37NDTH7C4PQTH64YA4DNJJWS4FHDSARDN4HWB6XPVJMFFZT5QQBNEFOEC4DQS5MWA7GL4\">Aumento de tasa de inter\u00e9s y pol\u00edtica fiscal menos expansiva empujar\u00e1n desaceleraci\u00f3n en Latinoam\u00e9rica, alerta experto chileno. Se refiere Rodrigo Saens, acad\u00e9mico de la Facultad de Econom\u00eda y Negocios (FEN).\u00a0<\/a><\/p><p class=\"x_MsoNormal\">\u00a0<\/p><p class=\"x_MsoNormal\"><strong>DIARIOSENRED.COM\u00a0<\/strong><\/p><p class=\"x_MsoNormal\"><a href=\"https:\/\/www.diariosenred.com\/regional\/estudiante-de-utalca-desarrolla-dispositivo-para-recrear-temblores-y\">Estudiante de UTalca desarrolla dispositivo para recrear temblores y analizar comportamiento de estructuras. Se refieren Mat\u00edas Soto, estudiante de Ingenier\u00eda Civil en Obras Civiles y Marco Alsina, acad\u00e9mico de la Facultad de Ingenier\u00eda. \u00a0<\/a><\/p><p class=\"x_MsoNormal\">\u00a0<\/p><p class=\"x_MsoNormal\"><strong>CANAL 13\u00a0<\/strong><\/p><p class=\"x_MsoNormal\"><a href=\"https:\/\/www.litoralpress.cl\/sitio\/RadioTV_Detalles.cshtml?LPKey=UOPWBXGA5IO5C4YC4US7YE3VEOA6JSKLS7BBJPJCI3UN3HSA73GMY26BQLARCEXSQBPGT6S72O5RM\">Encuesta Pulso Ciudadano: Sube desaprobaci\u00f3n al Gobierno y a la Convenci\u00f3n. Se refiere Mauricio Morales, director del Centro de An\u00e1lisis Pol\u00edtico (CAP).\u00a0<\/a><\/p><p class=\"x_MsoNormal\">\u00a0<\/p><p class=\"x_MsoNormal\"><strong>CANAL MEGA\u00a0<\/strong><\/p><p class=\"x_MsoNormal\"><a href=\"https:\/\/www.litoralpress.cl\/sitio\/RadioTV_Detalles.cshtml?LPKey=J65ZRUCBWGU4EZ76OPHPPPUFK2BASPKQUXPRGQT6OHMLQ52MZZ5MOPAPZMJ2E5NU6NMNNVK5J3CVG\">Encuesta Cadem: El 51% de los encuestados votar\u00e1 rechazo a la nueva Constituci\u00f3n y el 33% la aprueba. Se refiere Mauricio Morales, director del Centro de An\u00e1lisis Pol\u00edtico (CAP).\u00a0<\/a><\/p><p class=\"x_MsoNormal\">\u00a0<\/p><p class=\"x_MsoNormal\"><strong>CANAL CHILEVISI\u00d3N\u00a0<\/strong><\/p><p class=\"x_MsoNormal\"><a href=\"https:\/\/www.litoralpress.cl\/sitio\/RadioTV_Detalles.cshtml?LPKey=TE3P5Q2JBNGGQKN75ABFWG72QL3ONW2IRCQYVLSODJAXNBHQ2LAIXQQ3YSYYAL5C46EXV3YU42CFK\">Cadem: Crece el Rechazo y cae la Aprobaci\u00f3n de Boric. Se refiere Mauricio Morales, director del Centro de An\u00e1lisis Pol\u00edtico (CAP).\u00a0<\/a><\/p><p class=\"x_MsoNormal\">\u00a0<\/p><p class=\"x_MsoNormal\"><strong>EMOL.COM\u00a0<\/strong><\/p><p class=\"x_MsoNormal\"><a href=\"https:\/\/www.emol.com\/noticias\/Nacional\/2022\/06\/27\/1065236\/presidente-baja-aprobacion-analistas.html\">Presidente anota su aprobaci\u00f3n m\u00e1s baja desde que asumi\u00f3: Analistas apuntan a &#8220;Irinazo&#8221; y mayor inseguridad. Se refiere Mauricio Morales, director del Centro de An\u00e1lisis Pol\u00edtico (CAP).\u00a0<\/a><\/p><p class=\"x_MsoNormal\">\u00a0<\/p><p class=\"x_MsoNormal\"><strong>ELDIARIODESANTIAGO.CL\u00a0<\/strong><\/p><p class=\"x_MsoNormal\"><a href=\"https:\/\/eldiariodesantiago.cl\/archivo\/112067\">Efectos del \u201cGabinete Irina Karamanos\u201d para el Gobierno, el Presidente y para la propia involucrada. Se refiere Mauricio Morales, director del Centro de An\u00e1lisis Pol\u00edtico (CAP). \u00a0<\/a><\/p><p class=\"x_MsoNormal\" aria-hidden=\"true\">\u00a0<\/p><p class=\"x_MsoNormal\"><strong>TALCACAPITAL.CL\u00a0<\/strong><\/p><p class=\"x_MsoNormal\"><a href=\"https:\/\/talcacapital.cl\/jovenes-seran-clave-en-la-definicion-de-nueva-carta-fundamental\/\">J\u00f3venes ser\u00e1n clave en la definici\u00f3n de Nueva Carta Fundamental. Se refiere Mario Herrera, acad\u00e9mico del Centro de An\u00e1lisis Pol\u00edtico (CAP).\u00a0<\/a><\/p><p class=\"x_MsoNormal\" aria-hidden=\"true\">\u00a0<\/p><p class=\"x_MsoNormal\"><strong>ELALFA.CL\u00a0<\/strong><\/p><p class=\"x_MsoNormal\"><a href=\"https:\/\/elalfa.cl\/index.php\/2022\/06\/22\/jovenes-seran-clave-en-la-definicion-de-nueva-carta-fundamental\/\">J\u00f3venes ser\u00e1n clave en la definici\u00f3n de Nueva Carta Fundamental. Se refiere Mario Herrera, acad\u00e9mico del Centro de An\u00e1lisis Pol\u00edtico (CAP).\u00a0<\/a><\/p><p class=\"x_MsoNormal\" aria-hidden=\"true\">\u00a0<\/p><p class=\"x_MsoNormal\"><strong>RADIO M\u00c1GICA\u00a0<\/strong><\/p><p class=\"x_MsoNormal\"><a href=\"https:\/\/www.litoralpress.cl\/sitio\/RadioTV_Detalles.cshtml?LPKey=IPS2TZOFWOJ2EJAXGFXPRPJDF63TF2D37SUI2FUCG7O7B43KJAVOO6NZUSXALBJI3NEYU42V5E5ES\">Panel de pol\u00edtica y actualidad. Se refiere Mario Herrera, acad\u00e9mico del Centro de An\u00e1lisis Pol\u00edtico (CAP).\u00a0<\/a><\/p><p class=\"x_MsoNormal\" aria-hidden=\"true\">\u00a0<\/p><p class=\"x_MsoNormal\"><strong>RADIO ADN\u00a0<\/strong><\/p><p class=\"x_MsoNormal\"><a href=\"https:\/\/www.litoralpress.cl\/sitio\/RadioTV_Detalles.cshtml?LPKey=DPAS6THYSSLIOY3BYXBPNEHI3QZZ64K7NTYCLVUP7J4HAAE5ATUSJZ5IVVVLUDTD7RP4YSLNYVDYA\">La selecci\u00f3n chilena femenina jugar\u00e1 ante Venezuela en Curic\u00f3. Se menciona a la Tuna de la UTalca.\u00a0<\/a><\/p><p class=\"x_MsoNormal\" aria-hidden=\"true\">\u00a0<\/p><p class=\"x_MsoNormal\"><strong>CANAL TVN RED MAULE\u00a0<\/strong><\/p><p class=\"x_MsoNormal\"><a href=\"https:\/\/www.litoralpress.cl\/sitio\/RadioTV_Detalles.cshtml?LPKey=DJY7XEM4UDZEHXQRGO6X53SI7X6JWDX6IQ67I4IXKDLWDIPS6ELLV32YU2MT36HG26MWSI6FDPUOC\">Panoramas. Se menciona a la UTalca.<\/a><\/p>\t\t\t\t\t\t<\/div>\n\t\t\t\t<\/div>\n\t\t\t\t\t<\/div>\n\t\t<\/div>\n\t\t\t\t\t\t\t<\/div>\n\t\t<\/section>\n\t\t\t\t\t\t<\/div>\n\t\t\t\t\t<\/div>\n\t\t","protected":false},"excerpt":{"rendered":"<p>LA PRENSA\u00a0 Destacan confianza ciudadana en las Universidades.\u00a0 \u00a0 EL HERALDO\u00a0 Destacan confianza ciudadana en las universidades.\u00a0 \u00a0 DIARIOTALCA.CL\u00a0 Innovaci\u00f3n en la regi\u00f3n: UTalca destaca por su aporte en diversas \u00e1reas del conocimiento. Se refiere Ariela Vergara, vicerrectora de Innovaci\u00f3n. \u00a0 \u00a0 ELCENTRO.CL\u00a0 Innovaci\u00f3n en la regi\u00f3n: UTalca destaca por su aporte en diversas \u00e1reas &hellip;<\/p>\n<p class=\"read-more\"> <a class=\"\" href=\"https:\/\/www.reportedeprensa.utalca.cl\/?p=4313\"> <span class=\"screen-reader-text\">28 de junio de 2022<\/span> Read More &raquo;<\/a><\/p>\n","protected":false},"author":1,"featured_media":0,"comment_status":"closed","ping_status":"open","sticky":false,"template":"","format":"standard","meta":{"_monsterinsights_skip_tracking":false,"_monsterinsights_sitenote_active":false,"_monsterinsights_sitenote_note":"","_monsterinsights_sitenote_category":0},"categories":[22],"tags":[],"_links":{"self":[{"href":"https:\/\/www.reportedeprensa.utalca.cl\/index.php?rest_route=\/wp\/v2\/posts\/4313"}],"collection":[{"href":"https:\/\/www.reportedeprensa.utalca.cl\/index.php?rest_route=\/wp\/v2\/posts"}],"about":[{"href":"https:\/\/www.reportedeprensa.utalca.cl\/index.php?rest_route=\/wp\/v2\/types\/post"}],"author":[{"embeddable":true,"href":"https:\/\/www.reportedeprensa.utalca.cl\/index.php?rest_route=\/wp\/v2\/users\/1"}],"replies":[{"embeddable":true,"href":"https:\/\/www.reportedeprensa.utalca.cl\/index.php?rest_route=%2Fwp%2Fv2%2Fcomments&post=4313"}],"version-history":[{"count":4,"href":"https:\/\/www.reportedeprensa.utalca.cl\/index.php?rest_route=\/wp\/v2\/posts\/4313\/revisions"}],"predecessor-version":[{"id":4320,"href":"https:\/\/www.reportedeprensa.utalca.cl\/index.php?rest_route=\/wp\/v2\/posts\/4313\/revisions\/4320"}],"wp:attachment":[{"href":"https:\/\/www.reportedeprensa.utalca.cl\/index.php?rest_route=%2Fwp%2Fv2%2Fmedia&parent=4313"}],"wp:term":[{"taxonomy":"category","embeddable":true,"href":"https:\/\/www.reportedeprensa.utalca.cl\/index.php?rest_route=%2Fwp%2Fv2%2Fcategories&post=4313"},{"taxonomy":"post_tag","embeddable":true,"href":"https:\/\/www.reportedeprensa.utalca.cl\/index.php?rest_route=%2Fwp%2Fv2%2Ftags&post=4313"}],"curies":[{"name":"wp","href":"https:\/\/api.w.org\/{rel}","templated":true}]}}