{"id":4328,"date":"2022-06-29T11:17:45","date_gmt":"2022-06-29T14:17:45","guid":{"rendered":"https:\/\/www.reportedeprensa.utalca.cl\/?p=4328"},"modified":"2022-06-29T11:21:07","modified_gmt":"2022-06-29T14:21:07","slug":"29-de-junio-de-2022","status":"publish","type":"post","link":"https:\/\/www.reportedeprensa.utalca.cl\/?p=4328","title":{"rendered":"29 de junio de 2022"},"content":{"rendered":"\t\t<div data-elementor-type=\"wp-post\" data-elementor-id=\"4328\" class=\"elementor elementor-4328\" data-elementor-settings=\"[]\">\n\t\t\t\t\t\t\t<div class=\"elementor-section-wrap\">\n\t\t\t\t\t\t\t<section class=\"elementor-section elementor-top-section elementor-element elementor-element-436e596a elementor-section-boxed elementor-section-height-default elementor-section-height-default\" data-id=\"436e596a\" data-element_type=\"section\">\n\t\t\t\t\t\t<div class=\"elementor-container elementor-column-gap-default\">\n\t\t\t\t\t<div class=\"elementor-column elementor-col-100 elementor-top-column elementor-element elementor-element-46bd6e88\" data-id=\"46bd6e88\" data-element_type=\"column\">\n\t\t\t<div class=\"elementor-widget-wrap elementor-element-populated\">\n\t\t\t\t\t\t\t\t<div class=\"elementor-element elementor-element-10e3ba9a elementor-widget elementor-widget-text-editor\" data-id=\"10e3ba9a\" data-element_type=\"widget\" data-widget_type=\"text-editor.default\">\n\t\t\t\t<div class=\"elementor-widget-container\">\n\t\t\t\t\t\t\t\t<p class=\"x_MsoNormal\"><strong>ELMOSTRADOR.CL\u00a0<\/strong><\/p><p class=\"x_MsoNormal\"><a href=\"https:\/\/www.elmostrador.cl\/braga\/2022\/06\/29\/te-pagan-lo-que-deberian-o-es-menos-solo-por-ser-mujer-universidades-lanzan-plataforma-que-permite-calcular-tu-brecha-salarial-de-genero\/\">\u00bfTe pagan lo que deber\u00edan o es menos solo por ser mujer?: universidades lanzan plataforma que permite calcular tu brecha salarial de g\u00e9nero. Se refiere Andrea Bentancor, acad\u00e9mica de la Facultad de Econom\u00eda y Negocios (FEN).\u00a0<\/a><\/p><p class=\"x_MsoNormal\">\u00a0<\/p><p class=\"x_MsoNormal\"><strong>ADPRENSA.CL\u00a0<\/strong><\/p><p class=\"x_MsoNormal\"><a href=\"https:\/\/www.adprensa.cl\/cronica\/estudio-utalca-regularizacion-migratoria-es-la-principal-barrera-para-integracion-laboral-de-extranjeros\/\">Estudio UTalca: Regularizaci\u00f3n migratoria es la principal barrera para integraci\u00f3n laboral de extranjeros. Se refiere Medardo Aguirre, director del Centro de Estudios Migratorios (CENEM).\u00a0<\/a><\/p><p class=\"x_MsoNormal\">\u00a0<\/p><p class=\"x_MsoNormal\"><strong>ATENTOS.CL\u00a0<\/strong><\/p><p class=\"x_MsoNormal\"><a href=\"https:\/\/www.atentos.cl\/estudio-utalca-regularizacion-migratoria-es-la-principal-barrera-para-integracion-laboral-de-extranjeros\/\">Estudio UTalca: Regularizaci\u00f3n migratoria es la principal barrera para integraci\u00f3n laboral de extranjeros. Se refiere Medardo Aguirre, director del Centro de Estudios Migratorios (CENEM). \u00a0<\/a><\/p><p class=\"x_MsoNormal\">\u00a0<\/p><p class=\"x_MsoNormal\"><strong>ELCENTRO.CL\u00a0<\/strong><\/p><p class=\"x_MsoNormal\"><a href=\"https:\/\/elcentro.cl\/2022\/06\/28\/estudio-de-la-universidad-de-talca-revela-que-la-regularizacion-migratoria-es-la-principal-barrera-para-integracion-laboral-de-extranjeros\/\">Estudio de la Universidad de Talca revela que la regularizaci\u00f3n migratoria es la principal barrera para integraci\u00f3n laboral de extranjeros. Se refiere Medardo Aguirre, director del Centro de Estudios Migratorios (CENEM).\u00a0<\/a><\/p><p class=\"x_MsoNormal\">\u00a0<\/p><p class=\"x_MsoNormal\"><strong>DIARIOELHERALDO.CL\u00a0<\/strong><\/p><p class=\"x_MsoNormal\"><a href=\"http:\/\/www.diarioelheraldo.cl\/noticia\/estudio-utalca-regularizacion-migratoria-es-la-principal-barrera-para-integracion-laboral-de-extranjeros-\">Estudio UTalca: Regularizaci\u00f3n migratoria es la principal barrera para integraci\u00f3n laboral de extranjeros. Se refiere Medardo Aguirre, director del Centro de Estudios Migratorios (CENEM).\u00a0<\/a><\/p><p class=\"x_MsoNormal\">\u00a0<\/p><p class=\"x_MsoNormal\"><strong>CANAL ANTOFAGASTA TV\u00a0<\/strong><\/p><p class=\"x_MsoNormal\"><a href=\"https:\/\/www.litoralpress.cl\/sitio\/RadioTV_Detalles.cshtml?LPKey=BVCF5RXU7IUI6LNJDKARE6XB5FJE7D4ENAGSNEQEQ56VJQG5IV66R6AFTVUQLRRPGRZQUQJBMGPXE\">Covid-19: Casi 900 mil personas no se han inoculado por efectos secundarios de las vacunas. Se refiere Sergio Wehinger, director del Mag\u00edster en Ciencias Biom\u00e9dicas.\u00a0<\/a><\/p><p class=\"x_MsoNormal\">\u00a0<\/p><p class=\"x_MsoNormal\"><strong>CANAL 30 DE SAN JAVIER\u00a0<\/strong><\/p><p class=\"x_MsoNormal\"><a href=\"https:\/\/www.litoralpress.cl\/sitio\/RadioTV_Detalles.cshtml?LPKey=J2PNU64CO7AOLGC6PWIWLY4MOLDLGZHWDJJM3N52CUTGXRRIR6WNJMWWSKQK7FPEBOBB6A2SN2W3G\">Enfermedades respiratorias. Se refieren Mar\u00eda Ester Mu\u00f1oz y Claudia Centeno, acad\u00e9micas de la Escuela de Enfermer\u00eda.<\/a><\/p><p class=\"x_MsoNormal\">\u00a0<\/p><p class=\"x_MsoNormal\"><strong>LA PRENSA\u00a0<\/strong><\/p><p class=\"x_MsoNormal\"><a href=\"https:\/\/www.litoralpress.cl\/paginaconsultas\/Servicios_NClipSitio\/Get_Imagen_Nota.aspx?LPKey=KJM2WZDH32NIWYCFXRZDWMSJIIFNII75Y3GX6OZO2TSHQNEJZCXZPCMTCOCK472XHHOJIMBBF26PO\">Las implicancias del S\u00edndrome de la Cara Vac\u00eda en estudiantes. Se refieren Clara Lorca y Felipe Figueroa, psic\u00f3logos del programa PACE UTalca.\u00a0<\/a><\/p><p class=\"x_MsoNormal\">\u00a0<\/p><p class=\"x_MsoNormal\"><strong>EL HERALDO\u00a0<\/strong><\/p><p class=\"x_MsoNormal\"><a href=\"https:\/\/www.litoralpress.cl\/paginaconsultas\/Servicios_NClipSitio\/Get_Imagen_Nota.aspx?LPKey=MJDE3WM3TH34VSJCZAJLZQQ3LWOPVUQP5S4WACELKZXCKWV5FW3FQNO6OV26QQQ6NLEQLOTR7KLU2\">S\u00edndrome de la Cara Vac\u00eda: El efecto que dej\u00f3 la pandemia en los estudiantes. Se refieren Clara Lorca y Felipe Figueroa, psic\u00f3logos del programa PACE UTalca.\u00a0<\/a><\/p><p class=\"x_MsoNormal\">\u00a0<\/p><p class=\"x_MsoNormal\"><strong>EL LECTOR\u00a0<\/strong><\/p><p class=\"x_MsoNormal\"><a href=\"https:\/\/www.litoralpress.cl\/paginaconsultas\/Servicios_NClipSitio\/Get_Imagen_Nota.aspx?LPKey=VUSFSOGPMELYWHFV5FQ7QONBZRMY5RXXVVLJZ62HASA5IBPYDT4O6EP6O6Q7C77M4MQN4LHD5X2CA\">S\u00edndrome de la Cara Vac\u00eda: El efecto que dej\u00f3 la pandemia en los estudiantes. Se refieren Clara Lorca y Felipe Figueroa, psic\u00f3logos del programa PACE UTalca.\u00a0<\/a><\/p><p class=\"x_MsoNormal\">\u00a0<\/p><p class=\"x_MsoNormal\"><strong>LAS \u00daLTIMAS NOTICIAS\u00a0<\/strong><\/p><p class=\"x_MsoNormal\"><a href=\"https:\/\/www.litoralpress.cl\/paginaconsultas\/Servicios_NClipSitio\/Get_Imagen_Nota.aspx?LPKey=GUGQENJYQUQZMZAOAMTU34ULKLXH3FNH7UAVUZ6XXZVNKMRVOWXRNHGNPPPQA7CVXW3DSFW7VKZK6\">Carga r\u00e1pida y sistema de refrigeraci\u00f3n: razones por las que un tel\u00e9fono gamer es mejor que uno tradicional. Se refiere Marco Gonz\u00e1lez, acad\u00e9mico de la Facultad de Ingenier\u00eda. \u00a0<\/a><\/p><p class=\"x_MsoNormal\">\u00a0<\/p><p class=\"x_MsoNormal\"><strong>ELMERCURIO.COM\u00a0<\/strong><\/p><p class=\"x_MsoNormal\"><a href=\"https:\/\/www.litoralpress.cl\/paginaconsultas\/Documentos\/Get_Imagen.aspx?lpkey=DTY4CNQLUZYUEIX2MEEXPVFZ4B7UROXQ5VO7JPZZUVUQNTI7UI7XPYKZ3X6SPBVWAPT6KYJ53XRT4\">Estanflaci\u00f3n made in Ucrania. Se refiere Rodrigo Saens, acad\u00e9mico de la Facultad de Econom\u00eda y Negocios (FEN).\u00a0\u00a0\u00a0<\/a><\/p><p class=\"x_MsoNormal\">\u00a0<\/p><p class=\"x_MsoNormal\"><strong>RADIO INICIA\u00a0<\/strong><\/p><p class=\"x_MsoNormal\"><a href=\"https:\/\/www.litoralpress.cl\/sitio\/RadioTV_Detalles.cshtml?LPKey=R4KJSQZQW4CUSWZKS2BL76SZSGDQQRDBT42NULMZJDGJBAIO7AEUYXWDK2Z26N2RNP4YSM76TAIGC\">An\u00e1lisis del precio del d\u00f3lar. Se refiere Hern\u00e1n D\u00edaz, acad\u00e9mico de la Facultad de Econom\u00eda Y Negocios (FEN).\u00a0<\/a><\/p><p class=\"x_MsoNormal\">\u00a0<\/p><p class=\"x_MsoNormal\"><strong>VERITASCAPITUR.CL\u00a0<\/strong><\/p><p class=\"x_MsoNormal\"><a href=\"https:\/\/veritascapitur.cl\/cobre-anota-alza-mientras-economistas-advierten-que-fantasma-de-recesion-podria-reducir-la-demanda\/\">Cobre anota alza mientras economistas advierten que fantasma de recesi\u00f3n podr\u00eda reducir la demanda. Se refiere Hern\u00e1n D\u00edaz, acad\u00e9mico de la Facultad de Econom\u00eda Y Negocios (FEN).\u00a0<\/a><\/p><p class=\"x_MsoNormal\">\u00a0<\/p><p class=\"x_MsoNormal\"><strong>CANAL MEGA\u00a0<\/strong><\/p><p class=\"x_MsoNormal\"><a href=\"https:\/\/www.litoralpress.cl\/sitio\/RadioTV_Detalles.cshtml?LPKey=BU7HMNUZ6HAUV2IH6MYEUBBPDVLMBZNFZETDY626NVFLZWJULCETRPDUH6MNBLEZ4POY6NJP4V356\">Entrevista a Mario Herrera, acad\u00e9mico del Centro de An\u00e1lisis Pol\u00edtico (CAP).\u00a0<\/a><\/p><p class=\"x_MsoNormal\">\u00a0<\/p><p class=\"x_MsoNormal\"><strong>CANAL MEGA PLUS\u00a0<\/strong><\/p><p class=\"x_MsoNormal\"><a href=\"https:\/\/www.litoralpress.cl\/sitio\/RadioTV_Detalles.cshtml?LPKey=4GSMC4MLW7VBGGBPKN4XQGX5A7Q3DC6J4KGZWB6HFFHIQY56Z4H6XANSAXB4KCMLSWXT6T7F5FF7G\">Comentario de Mauricio Morales, director del Centro de An\u00e1lisis Pol\u00edtico (CAP).\u00a0<\/a><\/p><p class=\"x_MsoNormal\">\u00a0<\/p><p class=\"x_MsoNormal\"><strong>RADIO INFINITA\u00a0<\/strong><\/p><p class=\"x_MsoNormal\"><a href=\"https:\/\/www.litoralpress.cl\/sitio\/RadioTV_Detalles.cshtml?LPKey=JSYCLNXJ6RXZ5O7NKWB4ZK2BCPOIB5U7SPHLDGMMTYSY3SJBXLXJCYD72NAGVEQB3GCG6LEDQ7AUM\">Comentario de Mauricio Morales, director del Centro de An\u00e1lisis Pol\u00edtico (CAP).\u00a0<\/a><\/p><p class=\"x_MsoNormal\">\u00a0<\/p><p class=\"x_MsoNormal\"><strong>NUEVOPODER.CL\u00a0<\/strong><\/p><p class=\"x_MsoNormal\"><a href=\"https:\/\/www.nuevopoder.cl\/caida-de-apoyo-a-boric-analistas-apuntan-a-efecto-irina-e-inseguridad\/\">Ca\u00edda de apoyo a Boric: analistas apuntan a efecto \u00abIrina\u00bb e inseguridad. Se refiere Mauricio Morales, director del Centro de An\u00e1lisis Pol\u00edtico (CAP).\u00a0<\/a><\/p><p class=\"x_MsoNormal\">\u00a0<\/p><p class=\"x_MsoNormal\"><strong>RADIO GUAYAC\u00c1N\u00a0<\/strong><\/p><p class=\"x_MsoNormal\"><a href=\"https:\/\/www.litoralpress.cl\/sitio\/RadioTV_Detalles.cshtml?LPKey=RLWMXYGP6SSMYOINQDWRORUH2ZB7RSQAHEXJ4FVZ6TFUT3ETRKCVVOZGWMGVY56FWTYTRTVTPZ2CE\">Entrevista a Mario Herrera, profesor del Centro de An\u00e1lisis Pol\u00edtico (CAP).\u00a0<\/a><\/p><p class=\"x_MsoNormal\">\u00a0<\/p><p class=\"x_MsoNormal\"><strong>ELMAULEINFORMA.CL\u00a0<\/strong><\/p><p class=\"x_MsoNormal\"><a href=\"https:\/\/elmauleinforma.cl\/destacan-aporte-turistico-de-proyecto-construido-junto-al-rio-maul-een-curtiduria\/\">Destacan aporte tur\u00edstico de proyecto construido junto al R\u00edo Maule en Curtidur\u00eda. Se menciona a Camila Gonz\u00e1lez, estudiante de Arquitectura.\u00a0<\/a><\/p><p class=\"x_MsoNormal\">\u00a0<\/p>\t\t\t\t\t\t<\/div>\n\t\t\t\t<\/div>\n\t\t\t\t\t<\/div>\n\t\t<\/div>\n\t\t\t\t\t\t\t<\/div>\n\t\t<\/section>\n\t\t\t\t\t\t<\/div>\n\t\t\t\t\t<\/div>\n\t\t","protected":false},"excerpt":{"rendered":"<p>ELMOSTRADOR.CL\u00a0 \u00bfTe pagan lo que deber\u00edan o es menos solo por ser mujer?: universidades lanzan plataforma que permite calcular tu brecha salarial de g\u00e9nero. Se refiere Andrea Bentancor, acad\u00e9mica de la Facultad de Econom\u00eda y Negocios (FEN).\u00a0 \u00a0 ADPRENSA.CL\u00a0 Estudio UTalca: Regularizaci\u00f3n migratoria es la principal barrera para integraci\u00f3n laboral de extranjeros. Se refiere Medardo &hellip;<\/p>\n<p class=\"read-more\"> <a class=\"\" href=\"https:\/\/www.reportedeprensa.utalca.cl\/?p=4328\"> <span class=\"screen-reader-text\">29 de junio de 2022<\/span> Read More &raquo;<\/a><\/p>\n","protected":false},"author":1,"featured_media":0,"comment_status":"closed","ping_status":"open","sticky":false,"template":"","format":"standard","meta":{"_monsterinsights_skip_tracking":false,"_monsterinsights_sitenote_active":false,"_monsterinsights_sitenote_note":"","_monsterinsights_sitenote_category":0},"categories":[22],"tags":[],"_links":{"self":[{"href":"https:\/\/www.reportedeprensa.utalca.cl\/index.php?rest_route=\/wp\/v2\/posts\/4328"}],"collection":[{"href":"https:\/\/www.reportedeprensa.utalca.cl\/index.php?rest_route=\/wp\/v2\/posts"}],"about":[{"href":"https:\/\/www.reportedeprensa.utalca.cl\/index.php?rest_route=\/wp\/v2\/types\/post"}],"author":[{"embeddable":true,"href":"https:\/\/www.reportedeprensa.utalca.cl\/index.php?rest_route=\/wp\/v2\/users\/1"}],"replies":[{"embeddable":true,"href":"https:\/\/www.reportedeprensa.utalca.cl\/index.php?rest_route=%2Fwp%2Fv2%2Fcomments&post=4328"}],"version-history":[{"count":4,"href":"https:\/\/www.reportedeprensa.utalca.cl\/index.php?rest_route=\/wp\/v2\/posts\/4328\/revisions"}],"predecessor-version":[{"id":4332,"href":"https:\/\/www.reportedeprensa.utalca.cl\/index.php?rest_route=\/wp\/v2\/posts\/4328\/revisions\/4332"}],"wp:attachment":[{"href":"https:\/\/www.reportedeprensa.utalca.cl\/index.php?rest_route=%2Fwp%2Fv2%2Fmedia&parent=4328"}],"wp:term":[{"taxonomy":"category","embeddable":true,"href":"https:\/\/www.reportedeprensa.utalca.cl\/index.php?rest_route=%2Fwp%2Fv2%2Fcategories&post=4328"},{"taxonomy":"post_tag","embeddable":true,"href":"https:\/\/www.reportedeprensa.utalca.cl\/index.php?rest_route=%2Fwp%2Fv2%2Ftags&post=4328"}],"curies":[{"name":"wp","href":"https:\/\/api.w.org\/{rel}","templated":true}]}}