{"id":4340,"date":"2022-06-30T09:54:19","date_gmt":"2022-06-30T12:54:19","guid":{"rendered":"https:\/\/www.reportedeprensa.utalca.cl\/?p=4340"},"modified":"2022-06-30T09:58:34","modified_gmt":"2022-06-30T12:58:34","slug":"30-de-junio-de-2022","status":"publish","type":"post","link":"https:\/\/www.reportedeprensa.utalca.cl\/?p=4340","title":{"rendered":"30 de junio de 2022"},"content":{"rendered":"\t\t<div data-elementor-type=\"wp-post\" data-elementor-id=\"4340\" class=\"elementor elementor-4340\" data-elementor-settings=\"[]\">\n\t\t\t\t\t\t\t<div class=\"elementor-section-wrap\">\n\t\t\t\t\t\t\t<section class=\"elementor-section elementor-top-section elementor-element elementor-element-436e596a elementor-section-boxed elementor-section-height-default elementor-section-height-default\" data-id=\"436e596a\" data-element_type=\"section\">\n\t\t\t\t\t\t<div class=\"elementor-container elementor-column-gap-default\">\n\t\t\t\t\t<div class=\"elementor-column elementor-col-100 elementor-top-column elementor-element elementor-element-46bd6e88\" data-id=\"46bd6e88\" data-element_type=\"column\">\n\t\t\t<div class=\"elementor-widget-wrap elementor-element-populated\">\n\t\t\t\t\t\t\t\t<div class=\"elementor-element elementor-element-10e3ba9a elementor-widget elementor-widget-text-editor\" data-id=\"10e3ba9a\" data-element_type=\"widget\" data-widget_type=\"text-editor.default\">\n\t\t\t\t<div class=\"elementor-widget-container\">\n\t\t\t\t\t\t\t\t<p class=\"x_MsoNormal\"><strong>CANAL CONTIVISI\u00d3N\u00a0<\/strong><\/p><p class=\"x_MsoNormal\"><a href=\"https:\/\/www.litoralpress.cl\/sitio\/RadioTV_Detalles.cshtml?LPKey=7DGG4BX2RQC4VTJDJQQFDQBIZERT2XKDWDDLSBX74VZBFCRZG4RM4SFFKSZFHIYV735AWAOVWT626\">U. de Talca destaca por aportes en el conocimiento. Se refiere Ariela Vergara, vicerrectora de Innovaci\u00f3n. \u00a0<\/a><\/p><p class=\"x_MsoNormal\">\u00a0<\/p><p class=\"x_MsoNormal\"><strong>LA PRENSA\u00a0<\/strong><\/p><p class=\"x_MsoNormal\"><a href=\"https:\/\/www.litoralpress.cl\/paginaconsultas\/Servicios_NClipSitio\/Get_Imagen_Nota.aspx?LPKey=ZUNNTD72SDNNZRFMZDN4YB6FHV32Q52WFCDRGHVIYE5RDDQLSFGDIT7LZ7XF3WZEP66CAZFDNNNYW\">UTalca aporta a la innovaci\u00f3n. Se refiere Ariela Vergara, vicerrectora de Innovaci\u00f3n.\u00a0\u00a0\u00a0<\/a><\/p><p class=\"x_MsoNormal\">\u00a0<\/p><p class=\"x_MsoNormal\"><strong>RADIO UNIVERSO\u00a0<\/strong><\/p><p class=\"x_MsoNormal\"><a href=\"https:\/\/www.litoralpress.cl\/sitio\/RadioTV_Detalles.cshtml?LPKey=RW46AAGXELCYPF77VUOU6ZQWXRONIY6RRR2522VLIZEX4Y6RDLFFYZXIVGOZVJCIHTVQMXO7KX7DS\">Entrevista a Andrea Bentancor, acad\u00e9mica de la Facultad de Econom\u00eda y Negocios (FEN).\u00a0<\/a><\/p><p class=\"x_MsoNormal\">\u00a0<\/p><p class=\"x_MsoNormal\"><strong>T13.CL\u00a0<\/strong><\/p><p class=\"x_MsoNormal\"><a href=\"https:\/\/www.t13.cl\/noticia\/negocios\/lanzan-herramienta-medir-brecha-salarial-genero-29-06-2022\">Brecha salarial de g\u00e9nero: Prueba esta herramienta que permite comparar tu sueldo. Se refiere Andrea Bentancor, acad\u00e9mica de la Facultad de Econom\u00eda y Negocios (FEN).\u00a0<\/a><\/p><p class=\"x_MsoNormal\">\u00a0<\/p><p class=\"x_MsoNormal\"><strong>ROMANTICA.CL\u00a0<\/strong><\/p><p class=\"x_MsoNormal\"><a href=\"https:\/\/www.romantica.cl\/noticias\/2022\/06\/29\/ni-mas-ni-menos-universidades-lanzaron-la-primera-calculadora-en-linea-de-brecha-salarial.html\">\u201cNi M\u00e1s Ni Menos\u201d: Universidades lanzaron la primera calculadora en l\u00ednea de brecha salarial. Se refiere Andrea Bentancor, acad\u00e9mica de la Facultad de Econom\u00eda y Negocios (FEN).\u00a0<\/a><\/p><p class=\"x_MsoNormal\" aria-hidden=\"true\">\u00a0<\/p><p class=\"x_MsoNormal\"><strong>ADPRENSA.CL\u00a0<\/strong><\/p><p class=\"x_MsoNormal\"><a href=\"https:\/\/www.adprensa.cl\/cronica\/proyecto-fondef-utalca-y-uai-lanzan-herramienta-para-medir-brecha-salarial-de-genero\/\">Proyecto FONDEF: UTalca y UAI lanzan herramienta para medir brecha salarial de g\u00e9nero. Se refiere Andrea Bentancor, acad\u00e9mica de la Facultad de Econom\u00eda y Negocios (FEN).\u00a0<\/a><\/p><p class=\"x_MsoNormal\" aria-hidden=\"true\">\u00a0<\/p><p class=\"x_MsoNormal\"><strong>MEDIABANCO.COM\u00a0<\/strong><\/p><p class=\"x_MsoNormal\"><a href=\"https:\/\/www.mediabanco.com\/utalca-y-uai-lanzan-herramienta-para-medir-brecha-salarial-de-genero\/\">UTalca y UAI lanzan herramienta para medir brecha salarial de g\u00e9nero. Se refiere Andrea Bentancor, acad\u00e9mica de la Facultad de Econom\u00eda y Negocios (FEN).\u00a0<\/a><\/p><p class=\"x_MsoNormal\" aria-hidden=\"true\">\u00a0<\/p><p class=\"x_MsoNormal\"><strong>EL HERALDO\u00a0<\/strong><\/p><p class=\"x_MsoNormal\"><a href=\"https:\/\/www.litoralpress.cl\/paginaconsultas\/Servicios_NClipSitio\/Get_Imagen_Nota.aspx?LPKey=LYGD6CD75GOOY53ARFVNJTGU5M56M4CXY43VSVJFGEOCPKXN2Q7INFTQTUJH2JNLXFGBA545J2GLS\">Estudio UTalca: Regularizaci\u00f3n migratoria es la principal barrera para integraci\u00f3n laboral de extranjeros. Se refiere Medardo Aguirre, director del Centro de Estudios Migratorios (CENEM).\u00a0<\/a><\/p><p class=\"x_MsoNormal\">\u00a0<\/p><p class=\"x_MsoNormal\"><strong>DIARIOELHERALDO.CL\u00a0<\/strong><\/p><p class=\"x_MsoNormal\"><a href=\"http:\/\/www.diarioelheraldo.cl\/noticia\/estudio-utalca-regularizacion-migratoria-es-la-principal-barrera-para-integracion-laboral-de-extranjeros-\">Estudio UTalca: Regularizaci\u00f3n migratoria es la principal barrera para integraci\u00f3n laboral de extranjeros. Se refiere Medardo Aguirre, director del Centro de Estudios Migratorios (CENEM).\u00a0<\/a><\/p><p class=\"x_MsoNormal\">\u00a0<\/p><p class=\"x_MsoNormal\"><strong>G5NOTICIAS.CL\u00a0<\/strong><\/p><p class=\"x_MsoNormal\"><a href=\"https:\/\/g5noticias.cl\/2022\/06\/29\/estudio-utalca-regularizacion-migratoria-es-la-principal-barrera-para-integracion-laboral-de-extranjeros\/\">Estudio UTalca: Regularizaci\u00f3n migratoria es la principal barrera para integraci\u00f3n laboral de extranjeros. Se refiere Medardo Aguirre, director del Centro de Estudios Migratorios (CENEM).\u00a0<\/a><\/p><p class=\"x_MsoNormal\">\u00a0<\/p><p class=\"x_MsoNormal\"><strong>REVISTA EL CENTRO\u00a0<\/strong><\/p><p class=\"x_MsoNormal\"><a href=\"https:\/\/www.litoralpress.cl\/paginaconsultas\/Servicios_NClipSitio\/Get_Imagen_Nota.aspx?LPKey=T7OPMDSN5MPHWR4NZMACVPDSXWLBN4OJY4E6BUQVWWCOG7ZCQVPQASFFDWIMK56Q7W3CC7BFCIDYE\">Cient\u00edficos chilenos crean \u201cs\u00faper huevos\u201d a partir de nuevo alimento para gallinas. Se refieren H\u00e9ctor Quinteros, director del Departamento de Tecnolog\u00edas Industriales y Di\u00f3genes Hern\u00e1ndez, acad\u00e9mico del Instituto de Qu\u00edmica de Recursos Naturales.\u00a0\u00a0\u00a0<\/a><\/p><p class=\"x_MsoNormal\">\u00a0<\/p><p class=\"x_MsoNormal\"><strong>TVMAULE.CL\u00a0<\/strong><\/p><p class=\"x_MsoNormal\"><a href=\"https:\/\/www.tvmaule.cl\/cuales-son-los-virus-respiratorios-mas-frecuentes-hoy-en-el-pais\/\">\u00bfCu\u00e1les son los virus respiratorios m\u00e1s frecuentes hoy en el pa\u00eds? Se refieren \u00c9rika Retamal, directora del Departamento de Salud P\u00fablica, Mar\u00eda Ester Mu\u00f1oz, acad\u00e9mica de la Escuela de Enfermer\u00eda y Gonzalo Guti\u00e9rrez, acad\u00e9mico de la Escuela de Medicina. \u00a0<\/a><\/p><p class=\"x_MsoNormal\">\u00a0<\/p><p class=\"x_MsoNormal\"><strong>ATENTOSCHILE.CL\u00a0<\/strong><\/p><p class=\"x_MsoNormal\"><a href=\"https:\/\/www.litoralpress.cl\/sitio\/RadioTV_Detalles.cshtml?LPKey=WYSEPF2XDTEEBSS37K52W3VYDOJOFW5HKAMNSTJORJRSXZRNBFHS5NEN44XYCYAMGFLN2AN7M6EMW\">Entrevista a Omar Fuentes, acad\u00e9mico de la Escuela de Enfermer\u00eda.\u00a0<\/a><\/p><p class=\"x_MsoNormal\">\u00a0<\/p><p class=\"x_MsoNormal\"><strong>ELCENTRO.CL\u00a0<\/strong><\/p><p class=\"x_MsoNormal\"><a href=\"https:\/\/elcentro.cl\/2022\/06\/28\/pluton-nunca-te-olvidaremos\/\">Plut\u00f3n, nunca te olvidaremos. Se refiere Gustavo Quinteros, cient\u00edfico del Instituto de Investigaci\u00f3n Interdisciplinario. \u00a0<\/a><\/p><p class=\"x_MsoNormal\">\u00a0<\/p><p class=\"x_MsoNormal\"><strong>SPANISH.NEWS.CN\u00a0<\/strong><\/p><p class=\"x_MsoNormal\"><a href=\"https:\/\/www.litoralpress.cl\/paginaconsultas\/Servicios_NClipSitio\/Get_Imagen_Nota.aspx?LPKey=FTXRNGMD3NWQY72HG3LVIJJ5Y4LXU7GGUI2QTQ3FXNOTJ25YAWE3OGIDYOOIMN3C7RMSPH2ZN7VDS\">Am\u00e9rica Latina sortea aumentos en tasas de inter\u00e9s en EEUU con temores de desaceleraci\u00f3n. Se refiere Rodrigo Saens, acad\u00e9mico de la Facultad de Econom\u00eda y Negocios (FEN).\u00a0<\/a><\/p><p class=\"x_MsoNormal\">\u00a0<\/p><p class=\"x_MsoNormal\"><strong>EL INFORMADOR\u00a0<\/strong><\/p><p class=\"x_MsoNormal\"><a href=\"https:\/\/www.litoralpress.cl\/paginaconsultas\/Servicios_NClipSitio\/Get_Imagen_Nota.aspx?LPKey=ELYQSJJUFBB2GKEYGJLLAH2XRYB7KV6HWTPL6QEHDO6J6M4DQTE3JIF5R7YKK5ZDFBGBGCRWEZDDO\">UFRO, UTalca y UBB y se unen para capacitar a emprendedores nacionales a trav\u00e9s de programa CORFO. Se refiere Rodrigo Vergara, director ejecutivo de MacroFacultad UTalca.\u00a0<\/a><\/p><p class=\"x_MsoNormal\">\u00a0<\/p><p class=\"x_MsoNormal\"><strong>PUBLIMETRO\u00a0<\/strong><\/p><p class=\"x_MsoNormal\"><a href=\"https:\/\/www.litoralpress.cl\/paginaconsultas\/Servicios_NClipSitio\/Get_Imagen_Nota.aspx?LPKey=Z4NVOXZQV6QHYPUNYP33VSQCDPRR7XULLZX65OXP2YMIS2VOLGCLKZUM3SWJ3AOHKBO6WQBM22XOI\">Juicio al qu\u00f3rum para reformar la nueva Constituci\u00f3n: \u00bfTiene \u201ccerrojos&#8221; o no? Se refiere Mar\u00eda Ignacia Sandoval, acad\u00e9mica del Centro de Estudios Constitucionales de Chile (CECOCH).\u00a0<\/a><\/p><p class=\"x_MsoNormal\">\u00a0<\/p><p class=\"x_MsoNormal\"><strong>RADIO ADN\u00a0<\/strong><\/p><p class=\"x_MsoNormal\"><a href=\"https:\/\/www.litoralpress.cl\/sitio\/RadioTV_Detalles.cshtml?LPKey=TWCIIQFHG43FNTAS22PPMHOZFK4GCJAFZZ72ZXA5UVXFRHA7ITRQICNYJUATOAPC3ULNRZZETEUUI\">Entrevista a Mar\u00eda Elisa Quinteros, presidenta de la Convenci\u00f3n Constitucional y acad\u00e9mica de la Facultad de Ciencias de la Salud. \u00a0<\/a><\/p><p class=\"x_MsoNormal\">\u00a0<\/p><p class=\"x_MsoNormal\"><strong>REVISTA EL CENTRO\u00a0<\/strong><\/p><p class=\"x_MsoNormal\"><a href=\"https:\/\/www.litoralpress.cl\/paginaconsultas\/Servicios_NClipSitio\/Get_Imagen_Nota.aspx?LPKey=OACC3JLIML5N73KRLFEXX4HA32XN3SVTTIWP2ZZFLEXPHOMGK6WZYXXDWZ52Q5BNKOPPADBOTN6EK\">\u00bfConoces a las y los convencionales que representan al Maule? \u00a0<\/a><\/p><p class=\"x_MsoNormal\">\u00a0<\/p><p class=\"x_MsoNormal\"><strong>REVISTA EL CENTRO\u00a0<\/strong><\/p><p class=\"x_MsoNormal\"><a href=\"https:\/\/www.litoralpress.cl\/paginaconsultas\/Servicios_NClipSitio\/Get_Imagen_Nota.aspx?LPKey=OZICDRVALLVFPBKLN6Y3X3EU3UOIKQS2KTGSY37ND3ZGVFGJEMQO3TBGWOPAVPOHTHQVN45HCOPE2\">Comisi\u00f3n de armonizaci\u00f3n: el \u00faltimo filtro de la nueva Constituci\u00f3n. Se refiere Luis Acevedo, Investigador del Centro de Estudios Constitucionales de Chile (CECOCH).\u00a0<\/a><\/p><p class=\"x_MsoNormal\">\u00a0<\/p><p class=\"x_MsoNormal\"><strong>LA SEGUNDA\u00a0<\/strong><\/p><p class=\"x_MsoNormal\"><a href=\"https:\/\/www.litoralpress.cl\/sitio\/Prensa_PaginaCompleta.cshtml?LPKey=Y7EDP2Z25WAMOLV4R66KH7ESBML277OPI7DJHKFOOYMPF7EMGXWA\">Ante desfavorable escenario, Boric se abre al Apruebo para reformar. Se refiere Mauricio Morales, director del Centro de An\u00e1lisis Pol\u00edtico (CAP).\u00a0<\/a><\/p><p class=\"x_MsoNormal\">\u00a0<\/p><p class=\"x_MsoNormal\"><strong>CANAL CNN CHILE\u00a0<\/strong><\/p><p class=\"x_MsoNormal\"><a href=\"https:\/\/www.litoralpress.cl\/sitio\/RadioTV_Detalles.cshtml?LPKey=ZHQ2S36TLBS4R3OSGXVJLTBLUCTZ27PN25LNPZCTTPIJ5MQT5JIJLDRIAEEZJE7J7KBL76ZAU2AC6\">El Presidente Boric respondi\u00f3 a voces oficialistas que sugieren un cambio de gabinete. Se refiere Mauricio Morales, director del Centro de An\u00e1lisis Pol\u00edtico (CAP).\u00a0<\/a><\/p><p class=\"x_MsoNormal\">\u00a0<\/p><p class=\"x_MsoNormal\"><strong>CANAL MEGA PLUS\u00a0<\/strong><\/p><p class=\"x_MsoNormal\"><a href=\"https:\/\/www.litoralpress.cl\/sitio\/RadioTV_Detalles.cshtml?LPKey=BLPOUCXNJ4UHMQ5JASOT2HYNYGM7AHJETTX6FLI54S3DXHQKMJO75N444YDJHY64OGLGUNPIL27NU\">Entrevista a Mauricio Morales, director del Centro de An\u00e1lisis Pol\u00edtico (CAP).\u00a0<\/a><\/p><p class=\"x_MsoNormal\">\u00a0<\/p><p class=\"x_MsoNormal\"><strong>RADIO AMIGA\u00a0<\/strong><\/p><p class=\"x_MsoNormal\"><a href=\"https:\/\/www.litoralpress.cl\/sitio\/RadioTV_Detalles.cshtml?LPKey=ONZXGZ2HVQUAENO3AFKTM67OBN4LC437ITIUIWWNLBDBSWWDU3U3LQBQSZV2DUUEJLXDJJ7KFSSGC\">Instalan embarcadero que busca convertirse en un punto de atracci\u00f3n en Pencahue. \u00a0<\/a><\/p><p class=\"x_MsoNormal\">\u00a0<\/p>\t\t\t\t\t\t<\/div>\n\t\t\t\t<\/div>\n\t\t\t\t\t<\/div>\n\t\t<\/div>\n\t\t\t\t\t\t\t<\/div>\n\t\t<\/section>\n\t\t\t\t\t\t<\/div>\n\t\t\t\t\t<\/div>\n\t\t","protected":false},"excerpt":{"rendered":"<p>CANAL CONTIVISI\u00d3N\u00a0 U. de Talca destaca por aportes en el conocimiento. Se refiere Ariela Vergara, vicerrectora de Innovaci\u00f3n. \u00a0 \u00a0 LA PRENSA\u00a0 UTalca aporta a la innovaci\u00f3n. Se refiere Ariela Vergara, vicerrectora de Innovaci\u00f3n.\u00a0\u00a0\u00a0 \u00a0 RADIO UNIVERSO\u00a0 Entrevista a Andrea Bentancor, acad\u00e9mica de la Facultad de Econom\u00eda y Negocios (FEN).\u00a0 \u00a0 T13.CL\u00a0 Brecha salarial de &hellip;<\/p>\n<p class=\"read-more\"> <a class=\"\" href=\"https:\/\/www.reportedeprensa.utalca.cl\/?p=4340\"> <span class=\"screen-reader-text\">30 de junio de 2022<\/span> Read More &raquo;<\/a><\/p>\n","protected":false},"author":1,"featured_media":0,"comment_status":"closed","ping_status":"open","sticky":false,"template":"","format":"standard","meta":{"_monsterinsights_skip_tracking":false,"_monsterinsights_sitenote_active":false,"_monsterinsights_sitenote_note":"","_monsterinsights_sitenote_category":0},"categories":[22],"tags":[],"_links":{"self":[{"href":"https:\/\/www.reportedeprensa.utalca.cl\/index.php?rest_route=\/wp\/v2\/posts\/4340"}],"collection":[{"href":"https:\/\/www.reportedeprensa.utalca.cl\/index.php?rest_route=\/wp\/v2\/posts"}],"about":[{"href":"https:\/\/www.reportedeprensa.utalca.cl\/index.php?rest_route=\/wp\/v2\/types\/post"}],"author":[{"embeddable":true,"href":"https:\/\/www.reportedeprensa.utalca.cl\/index.php?rest_route=\/wp\/v2\/users\/1"}],"replies":[{"embeddable":true,"href":"https:\/\/www.reportedeprensa.utalca.cl\/index.php?rest_route=%2Fwp%2Fv2%2Fcomments&post=4340"}],"version-history":[{"count":4,"href":"https:\/\/www.reportedeprensa.utalca.cl\/index.php?rest_route=\/wp\/v2\/posts\/4340\/revisions"}],"predecessor-version":[{"id":4347,"href":"https:\/\/www.reportedeprensa.utalca.cl\/index.php?rest_route=\/wp\/v2\/posts\/4340\/revisions\/4347"}],"wp:attachment":[{"href":"https:\/\/www.reportedeprensa.utalca.cl\/index.php?rest_route=%2Fwp%2Fv2%2Fmedia&parent=4340"}],"wp:term":[{"taxonomy":"category","embeddable":true,"href":"https:\/\/www.reportedeprensa.utalca.cl\/index.php?rest_route=%2Fwp%2Fv2%2Fcategories&post=4340"},{"taxonomy":"post_tag","embeddable":true,"href":"https:\/\/www.reportedeprensa.utalca.cl\/index.php?rest_route=%2Fwp%2Fv2%2Ftags&post=4340"}],"curies":[{"name":"wp","href":"https:\/\/api.w.org\/{rel}","templated":true}]}}