{"id":4352,"date":"2022-07-01T10:02:15","date_gmt":"2022-07-01T13:02:15","guid":{"rendered":"https:\/\/www.reportedeprensa.utalca.cl\/?p=4352"},"modified":"2022-07-01T10:06:16","modified_gmt":"2022-07-01T13:06:16","slug":"01-de-julio-de-2022","status":"publish","type":"post","link":"https:\/\/www.reportedeprensa.utalca.cl\/?p=4352","title":{"rendered":"01 de julio de 2022"},"content":{"rendered":"\t\t<div data-elementor-type=\"wp-post\" data-elementor-id=\"4352\" class=\"elementor elementor-4352\" data-elementor-settings=\"[]\">\n\t\t\t\t\t\t\t<div class=\"elementor-section-wrap\">\n\t\t\t\t\t\t\t<section class=\"elementor-section elementor-top-section elementor-element elementor-element-436e596a elementor-section-boxed elementor-section-height-default elementor-section-height-default\" data-id=\"436e596a\" data-element_type=\"section\">\n\t\t\t\t\t\t<div class=\"elementor-container elementor-column-gap-default\">\n\t\t\t\t\t<div class=\"elementor-column elementor-col-100 elementor-top-column elementor-element elementor-element-46bd6e88\" data-id=\"46bd6e88\" data-element_type=\"column\">\n\t\t\t<div class=\"elementor-widget-wrap elementor-element-populated\">\n\t\t\t\t\t\t\t\t<div class=\"elementor-element elementor-element-10e3ba9a elementor-widget elementor-widget-text-editor\" data-id=\"10e3ba9a\" data-element_type=\"widget\" data-widget_type=\"text-editor.default\">\n\t\t\t\t<div class=\"elementor-widget-container\">\n\t\t\t\t\t\t\t\t<p class=\"x_MsoNormal\"><strong>ELMOSTRADOR.CL\u00a0<\/strong><\/p><p class=\"x_MsoNormal\"><a href=\"https:\/\/www.elmostrador.cl\/agenda-pais\/2022\/06\/30\/dictan-talleres-de-alfabetizacion-digital-para-personas-de-tercera-edad\/\">Dictan talleres de alfabetizaci\u00f3n digital para personas de tercera edad. Se refiere Patricia Rodr\u00edguez, directora del Campus Santiago.\u00a0<\/a><\/p><p class=\"x_MsoNormal\">\u00a0<\/p><p class=\"x_MsoNormal\"><strong>LA TERCERA\u00a0<\/strong><\/p><p class=\"x_MsoNormal\"><a href=\"https:\/\/www.litoralpress.cl\/sitio\/Prensa_PaginaCompleta.cshtml?LPKey=HO6ATJ27CM3KISSMRUCHCJA3PG6X25GE24SLYGC6HG7MVZRK6EXA\">Chile es el tercer pa\u00eds de la OCDE con mayor equidad de g\u00e9nero en patente. Se refiere Silvana Herrera, acad\u00e9mica de la Escuela de Dise\u00f1o.\u00a0<\/a><\/p><p class=\"x_MsoNormal\">\u00a0<\/p><p class=\"x_MsoNormal\"><strong>LATERCERA.COM\u00a0<\/strong><\/p><p class=\"x_MsoNormal\"><a href=\"https:\/\/www.latercera.com\/que-pasa\/noticia\/inventoras-chilenas-cada-vez-son-mas-y-posicionan-a-chile-como-el-tercero-de-la-ocde-con-mayor-equidad-de-genero-en-patentes\/CHJES3SBVRFPDDXTHE2ITENUYM\/\">Inventoras chilenas: cada vez son m\u00e1s y posicionan a Chile como el tercero de la OCDE con mayor equidad de g\u00e9nero en patentes. Se refiere Silvana Herrera, acad\u00e9mica de la Escuela de Dise\u00f1o.\u00a0<\/a><\/p><p class=\"x_MsoNormal\">\u00a0<\/p><p class=\"x_MsoNormal\"><strong>CHILENOTICIA.COM\u00a0<\/strong><\/p><p class=\"x_MsoNormal\"><a href=\"https:\/\/chileesnoticia.com\/inventoras-chilenas-cada-vez-son-mas-y-posicionan-a-chile-como-el-tercero-de-la-ocde-con-mayor-equidad-de-genero-en-patentes\/\">Inventoras chilenas: cada vez son m\u00e1s y posicionan a Chile como el tercero de la OCDE con mayor equidad de g\u00e9nero en patentes. Se refiere Silvana Herrera, acad\u00e9mica de la Escuela de Dise\u00f1o.\u00a0<\/a><\/p><p class=\"x_MsoNormal\">\u00a0<\/p><p class=\"x_MsoNormal\"><strong>PORTALEDUCACION.CL\u00a0<\/strong><\/p><p class=\"x_MsoNormal\"><a href=\"https:\/\/portaleducacion.cl\/index.php\/2022\/06\/30\/proyecto-fondef-utalca-y-uai-lanzan-herramienta-para-medir-brecha-salarial-de-genero\/\">Proyecto FONDEF: UTalca y UAI lanzan herramienta para medir brecha salarial de g\u00e9nero. Se refiere Andrea Bentancor, acad\u00e9mica de la Facultad de Econom\u00eda y Negocios (FEN).\u00a0<\/a><\/p><p class=\"x_MsoNormal\">\u00a0<\/p><p class=\"x_MsoNormal\"><strong>ELDESCONCIERTO.CL\u00a0<\/strong><\/p><p class=\"x_MsoNormal\"><a href=\"https:\/\/www.eldesconcierto.cl\/economia\/2022\/06\/30\/a-igual-trabajo-mismo-pago-lanzan-calculadora-para-medir-brecha-salarial-de-genero.html\">A igual trabajo, mismo pago: Lanzan calculadora para medir brecha salarial de g\u00e9nero. Se refiere Andrea Bentancor, acad\u00e9mica de la Facultad de Econom\u00eda y Negocios (FEN).\u00a0<\/a><\/p><p class=\"x_MsoNormal\">\u00a0<\/p><p class=\"x_MsoNormal\"><strong>LATRIBUNA.CL\u00a0<\/strong><\/p><p class=\"x_MsoNormal\"><a href=\"https:\/\/www.latribuna.cl\/equidad-de-genero\/2022\/06\/30\/nimasnimenos-la-herramienta-digital-para-medir-brecha-salarial-de-genero.html\">NiM\u00e1sNiMenos: La herramienta digital para medir brecha salarial de g\u00e9nero. Se refiere Andrea Bentancor, acad\u00e9mica de la Facultad de Econom\u00eda y Negocios (FEN).\u00a0<\/a><\/p><p class=\"x_MsoNormal\">\u00a0<\/p><p class=\"x_MsoNormal\"><strong>MUSICAYNOTICIAS.CL\u00a0<\/strong><\/p><p class=\"x_MsoNormal\"><a href=\"https:\/\/www.musicaynoticias.cl\/tecnologia\/crean-plataforma-para-calcular-diferencia-de-remuneracion-que-obtiene-un-trabajador-o-trabajadora\">Crean plataforma para calcular diferencia de remuneraci\u00f3n que obtiene un trabajador o trabajadora. Se refiere Andrea Bentancor, acad\u00e9mica de la Facultad de Econom\u00eda y Negocios (FEN).\u00a0<\/a><\/p><p class=\"x_MsoNormal\" aria-hidden=\"true\">\u00a0<\/p><p class=\"x_MsoNormal\"><strong>EL LECTOR\u00a0<\/strong><\/p><p class=\"x_MsoNormal\"><a href=\"https:\/\/www.litoralpress.cl\/paginaconsultas\/Servicios_NClipSitio\/Get_Imagen_Nota.aspx?LPKey=KKRTVJUH4N4IR4HSRG55SNXTACLCCOCZBQSBUD6RSRWSUYTG5N376D2SMTWPPI2BGZDIXFUGDZWQK\">Estudio UTalca: Regularizaci\u00f3n migratoria es la principal barrera para integraci\u00f3n laboral de extranjeros. Se refiere Medardo Aguirre, director del Centro de Estudios Migratorios (CENEM).\u00a0<\/a><\/p><p class=\"x_MsoNormal\">\u00a0<\/p><p class=\"x_MsoNormal\"><strong>LADIRECTALONGAVIANA.CL\u00a0<\/strong><\/p><p class=\"x_MsoNormal\"><a href=\"https:\/\/www.ladirectalongaviana.cl\/2022\/06\/30\/investigan-veneno-de-escorpion-azul-para-tratar-el-cancer\/\">Investigan veneno de escorpi\u00f3n azul para tratar el c\u00e1ncer. Se refiere Wendy Gonz\u00e1lez, directora del Centro de Bioinform\u00e1tica, Simulaci\u00f3n y Modelado (CBSM).\u00a0<\/a><\/p><p class=\"x_MsoNormal\">\u00a0<\/p><p class=\"x_MsoNormal\"><strong>CANAL TVN RED MAULE\u00a0<\/strong><\/p><p class=\"x_MsoNormal\"><a href=\"https:\/\/www.litoralpress.cl\/sitio\/RadioTV_Detalles.cshtml?LPKey=EMTIWYITFHFABEFW3CRAV2X6WB4FF5VROTXPNXXK3HXEPUDKPQBXVYAE7RX4UPQUUKJWFXMRVH2F2\">Puerto Natales: Caso sospechoso de viruela del mono. Se refiere Mar\u00eda Ester Mu\u00f1oz, acad\u00e9mica de la Escuela de Enfermer\u00eda.\u00a0<\/a><\/p><p class=\"x_MsoNormal\">\u00a0<\/p><p class=\"x_MsoNormal\"><strong>ITVPATAGONIA.COM\u00a0<\/strong><\/p><p class=\"x_MsoNormal\"><a href=\"https:\/\/www.itvpatagonia.com\/salud\/falta-de-luz-y-depresion-como-enfrentar-un-invierno-con-buena-salud-mental\/2022\/06\/30\/62bde41b14a4db0009b80db0\">Falta de luz y depresi\u00f3n: \u00bfC\u00f3mo enfrentar un invierno con buena salud mental? Se refiere Nadia Ramos, acad\u00e9mica de la facultad de Psicolog\u00eda.\u00a0<\/a><\/p><p class=\"x_MsoNormal\">\u00a0<\/p><p class=\"x_MsoNormal\"><strong>EMOL.COM\u00a0<\/strong><\/p><p class=\"x_MsoNormal\"><a href=\"https:\/\/comentarista.emol.com\/2294117\/22406179\/Emol-Social-Facts.html\">\u00bfCompra estrat\u00e9gica de fertilizantes y trigo? La crisis alimentaria que podr\u00eda perjudicar a Chile. Se refiere Patricio Gonz\u00e1lez, acad\u00e9mico del Centro de Investigaci\u00f3n y Transferencia en Riego y Agroclimatolog\u00eda (CITRA).\u00a0<\/a><\/p><p class=\"x_MsoNormal\">\u00a0<\/p><p class=\"x_MsoNormal\"><strong>CANAL TV5 LINARES\u00a0<\/strong><\/p><p class=\"x_MsoNormal\"><a href=\"https:\/\/www.litoralpress.cl\/sitio\/RadioTV_Detalles.cshtml?LPKey=7L4RKRGQK655HYSGEIRNDAGCQP75FB5EPAIGAFYEQICPHUQQ3QU5SYP3M4NWPQ7NUWTUSAHZPG2P4\">Crisis econ\u00f3mica. Se refiere Rodrigo Saens, acad\u00e9mico de la Facultad de Econom\u00eda y Negocios (FEN).\u00a0\u00a0<\/a><\/p><p class=\"x_MsoNormal\" aria-hidden=\"true\">\u00a0<\/p><p class=\"x_MsoNormal\"><strong>EL AUSTRAL DE LA ARAUCAN\u00cdA\u00a0<\/strong><\/p><p class=\"x_MsoNormal\"><a href=\"https:\/\/www.litoralpress.cl\/paginaconsultas\/Servicios_NClipSitio\/Get_Imagen_Nota.aspx?LPKey=TABODER24FR2XJPDSXV434Q53NVOY2FJLNZWDIJAZFJ3GHNBQP3GSQ3GEMEUURJKPP7GELRWPONAA\">Universidades estatales promueven la reactivaci\u00f3n econ\u00f3mica capacitando a de todo el pa\u00eds. Se refiere Rodrigo Vergara, director ejecutivo de MacroFacultad UTalca.\u00a0<\/a><\/p><p class=\"x_MsoNormal\">\u00a0<\/p><p class=\"x_MsoNormal\"><strong>DCONSTRUCCION.CL\u00a0<\/strong><\/p><p class=\"x_MsoNormal\"><a href=\"http:\/\/www.dconstruccion.cl\/?p=38496\">Intervenciones temporales en madera hechas en Chile: un ejercicio creativo para innovar en la construcci\u00f3n con el material. Se menciona a proyecto de Arquitectura.\u00a0<\/a><\/p><p class=\"x_MsoNormal\">\u00a0<\/p><p class=\"x_MsoNormal\"><strong>LANOTICIA.CL\u00a0<\/strong><\/p><p class=\"x_MsoNormal\"><a href=\"https:\/\/lanoticia.cl\/municipalidad-de-pencahue-destaca-aporte-turistico-de-proyecto-construido-junto-al-rio-maule-en-curtiduria\/\">Municipalidad de Pencahue destaca aporte tur\u00edstico de proyecto construido junto al r\u00edo Maule en Curtidur\u00eda. Se menciona a Camila Gonz\u00e1lez, estudiante de Arquitectura.\u00a0<\/a><\/p><p class=\"x_MsoNormal\">\u00a0<\/p><p class=\"x_MsoNormal\"><strong>PUBLIMETRO.CL\u00a0<\/strong><\/p><p class=\"x_MsoNormal\"><a href=\"https:\/\/www.publimetro.cl\/noticias\/2022\/06\/30\/quorum-para-reformar-la-nueva-constitucion-tiene-cerrojos-o-no\/\">Qu\u00f3rum para reformar la nueva Constituci\u00f3n: \u00bfTiene \u201ccerrojos\u201d o no? Se refiere Mar\u00eda Ignacia Sandoval, acad\u00e9mica del Centro de Estudios Constitucionales de Chile (CECOCH).\u00a0<\/a><\/p><p class=\"x_MsoNormal\">\u00a0<\/p><p class=\"x_MsoNormal\"><strong>LATERCERA.COM\u00a0<\/strong><\/p><p class=\"x_MsoNormal\"><a href=\"https:\/\/www.latercera.com\/earlyaccess\/noticia\/el-dilema-de-los-convencionales-independientes-para-hacer-campana-para-el-plebiscito\/OTH2S6HHZVELPC4276LUG7N6PA\/\">El dilema de los convencionales independientes para hacer campa\u00f1a para el plebiscito. Se menciona a Mar\u00eda Elisa Quinteros, presidenta de la Convenci\u00f3n Constitucional y acad\u00e9mica de la Facultad de Ciencias de la Salud. \u00a0<\/a><\/p><p class=\"x_MsoNormal\">\u00a0<\/p><p class=\"x_MsoNormal\"><strong>LA SEGUNDA\u00a0<\/strong><\/p><p class=\"x_MsoNormal\"><a href=\"https:\/\/www.litoralpress.cl\/sitio\/Prensa_PaginaCompleta.cshtml?LPKey=7YLDWIGU4W5J3J53TL4S4XDLYCDUIEG5ET4434AN2Q5YH6NORU4A\">Debate constitucional: Congreso gana protagonismo y Jackson en la encrucijada. Se refiere Mauricio Morales, director del Centro de An\u00e1lisis Pol\u00edtico (CAP).\u00a0<\/a><\/p><p class=\"x_MsoNormal\">\u00a0<\/p><p class=\"x_MsoNormal\"><strong>RADIO INFINITA\u00a0<\/strong><\/p><p class=\"x_MsoNormal\"><a href=\"https:\/\/www.litoralpress.cl\/sitio\/RadioTV_Detalles.cshtml?LPKey=JN3AF3VX3SKJUCW6U4FR75NFZESDSWPGOJ3U2BWJ3IGXMX5I4ZSRWB73YSF4CVEUFWDOUQ2E3O7UK\">Comentario de Mauricio Morales, director del Centro de An\u00e1lisis Pol\u00edtico (CAP).\u00a0<\/a><\/p><p class=\"x_MsoNormal\">\u00a0<\/p>\t\t\t\t\t\t<\/div>\n\t\t\t\t<\/div>\n\t\t\t\t\t<\/div>\n\t\t<\/div>\n\t\t\t\t\t\t\t<\/div>\n\t\t<\/section>\n\t\t\t\t\t\t<\/div>\n\t\t\t\t\t<\/div>\n\t\t","protected":false},"excerpt":{"rendered":"<p>ELMOSTRADOR.CL\u00a0 Dictan talleres de alfabetizaci\u00f3n digital para personas de tercera edad. Se refiere Patricia Rodr\u00edguez, directora del Campus Santiago.\u00a0 \u00a0 LA TERCERA\u00a0 Chile es el tercer pa\u00eds de la OCDE con mayor equidad de g\u00e9nero en patente. Se refiere Silvana Herrera, acad\u00e9mica de la Escuela de Dise\u00f1o.\u00a0 \u00a0 LATERCERA.COM\u00a0 Inventoras chilenas: cada vez son m\u00e1s &hellip;<\/p>\n<p class=\"read-more\"> <a class=\"\" href=\"https:\/\/www.reportedeprensa.utalca.cl\/?p=4352\"> <span class=\"screen-reader-text\">01 de julio de 2022<\/span> Read More &raquo;<\/a><\/p>\n","protected":false},"author":1,"featured_media":0,"comment_status":"closed","ping_status":"open","sticky":false,"template":"","format":"standard","meta":{"_monsterinsights_skip_tracking":false,"_monsterinsights_sitenote_active":false,"_monsterinsights_sitenote_note":"","_monsterinsights_sitenote_category":0},"categories":[23],"tags":[],"_links":{"self":[{"href":"https:\/\/www.reportedeprensa.utalca.cl\/index.php?rest_route=\/wp\/v2\/posts\/4352"}],"collection":[{"href":"https:\/\/www.reportedeprensa.utalca.cl\/index.php?rest_route=\/wp\/v2\/posts"}],"about":[{"href":"https:\/\/www.reportedeprensa.utalca.cl\/index.php?rest_route=\/wp\/v2\/types\/post"}],"author":[{"embeddable":true,"href":"https:\/\/www.reportedeprensa.utalca.cl\/index.php?rest_route=\/wp\/v2\/users\/1"}],"replies":[{"embeddable":true,"href":"https:\/\/www.reportedeprensa.utalca.cl\/index.php?rest_route=%2Fwp%2Fv2%2Fcomments&post=4352"}],"version-history":[{"count":4,"href":"https:\/\/www.reportedeprensa.utalca.cl\/index.php?rest_route=\/wp\/v2\/posts\/4352\/revisions"}],"predecessor-version":[{"id":4356,"href":"https:\/\/www.reportedeprensa.utalca.cl\/index.php?rest_route=\/wp\/v2\/posts\/4352\/revisions\/4356"}],"wp:attachment":[{"href":"https:\/\/www.reportedeprensa.utalca.cl\/index.php?rest_route=%2Fwp%2Fv2%2Fmedia&parent=4352"}],"wp:term":[{"taxonomy":"category","embeddable":true,"href":"https:\/\/www.reportedeprensa.utalca.cl\/index.php?rest_route=%2Fwp%2Fv2%2Fcategories&post=4352"},{"taxonomy":"post_tag","embeddable":true,"href":"https:\/\/www.reportedeprensa.utalca.cl\/index.php?rest_route=%2Fwp%2Fv2%2Ftags&post=4352"}],"curies":[{"name":"wp","href":"https:\/\/api.w.org\/{rel}","templated":true}]}}