{"id":4365,"date":"2022-07-04T10:31:29","date_gmt":"2022-07-04T13:31:29","guid":{"rendered":"https:\/\/www.reportedeprensa.utalca.cl\/?p=4365"},"modified":"2022-07-04T10:38:21","modified_gmt":"2022-07-04T13:38:21","slug":"04-de-julio-de-2022","status":"publish","type":"post","link":"https:\/\/www.reportedeprensa.utalca.cl\/?p=4365","title":{"rendered":"04 de julio de 2022"},"content":{"rendered":"\t\t<div data-elementor-type=\"wp-post\" data-elementor-id=\"4365\" class=\"elementor elementor-4365\" data-elementor-settings=\"[]\">\n\t\t\t\t\t\t\t<div class=\"elementor-section-wrap\">\n\t\t\t\t\t\t\t<section class=\"elementor-section elementor-top-section elementor-element elementor-element-436e596a elementor-section-boxed elementor-section-height-default elementor-section-height-default\" data-id=\"436e596a\" data-element_type=\"section\">\n\t\t\t\t\t\t<div class=\"elementor-container elementor-column-gap-default\">\n\t\t\t\t\t<div class=\"elementor-column elementor-col-100 elementor-top-column elementor-element elementor-element-46bd6e88\" data-id=\"46bd6e88\" data-element_type=\"column\">\n\t\t\t<div class=\"elementor-widget-wrap elementor-element-populated\">\n\t\t\t\t\t\t\t\t<div class=\"elementor-element elementor-element-10e3ba9a elementor-widget elementor-widget-text-editor\" data-id=\"10e3ba9a\" data-element_type=\"widget\" data-widget_type=\"text-editor.default\">\n\t\t\t\t<div class=\"elementor-widget-container\">\n\t\t\t\t\t\t\t\t<p class=\"x_MsoNormal\"><strong><span lang=\"ES\">LA TERCERA\u00a0<\/span><\/strong><\/p><p class=\"x_MsoNormal\"><a href=\"https:\/\/www.litoralpress.cl\/sitio\/Prensa_PaginaCompleta.cshtml?LPKey=5CCXF7ZZADIZN7Z5IQQW4HU4NNX5JXZLBIYNL7OZSFXRJ2KAAYFA\"><span lang=\"ES\">Las mejores universidades de Chile, seg\u00fan QS.\u00a0<\/span><\/a><\/p><p class=\"x_MsoNormal\"><span class=\"x_MsoHyperlink\"><span lang=\"ES\">\u00a0<\/span><\/span><\/p><p class=\"x_MsoNormal\"><strong><span class=\"x_MsoHyperlink\"><span lang=\"ES\">ELMAULEINFORMA.CL<\/span><span lang=\"ES\">\u00a0<\/span><\/span><\/strong><\/p><p class=\"x_MsoNormal\"><a href=\"https:\/\/elmauleinforma.cl\/utalca-lanza-nueva-guia-del-buen-trato-para-la-diversidad\/\"><span class=\"x_MsoHyperlink\"><span lang=\"ES\">UTalca lanza nueva Gu\u00eda del Buen Trato para la Diversidad.<\/span><span lang=\"ES\">\u00a0<\/span><\/span><\/a><\/p><p class=\"x_MsoNormal\"><span lang=\"ES\">\u00a0<\/span><\/p><p class=\"x_MsoNormal\"><strong><span lang=\"ES\">ADPRENSA.CL\u00a0<\/span><\/strong><\/p><p class=\"x_MsoNormal\"><a href=\"https:\/\/www.adprensa.cl\/cronica\/utalca-realizo-conversatorio-sobre-derechos-de-las-mujeres\/\"><span lang=\"ES\">UTalca realiz\u00f3 conversatorio sobre Derechos de las Mujeres. Se refieren Mar\u00eda Soledad Jofr\u00e9, directora de Derecho del Campus Santiago y Patricia Rodr\u00edguez, directora del Campus Santiago.\u00a0<\/span><\/a><\/p><p class=\"x_MsoNormal\"><span lang=\"ES\">\u00a0<\/span><\/p><p class=\"x_MsoNormal\"><strong><span lang=\"ES\">ELMAULEINFORMA.CL\u00a0<\/span><\/strong><\/p><p class=\"x_MsoNormal\"><a href=\"https:\/\/elmauleinforma.cl\/utalca-realizo-conversatorio-sobre-derechos-de-las-mujeres\/\"><span lang=\"ES\">UTalca realiz\u00f3 conversatorio sobre Derechos de las Mujeres. Se refieren Mar\u00eda Soledad Jofr\u00e9, directora de Derecho del Campus Santiago y Patricia Rodr\u00edguez, directora del Campus Santiago.\u00a0<\/span><\/a><\/p><p class=\"x_MsoNormal\"><span lang=\"ES\">\u00a0<\/span><\/p><p class=\"x_MsoNormal\"><strong><span lang=\"ES\">LAS \u00daLTIMAS NOTICIAS\u00a0<\/span><\/strong><\/p><p class=\"x_MsoNormal\"><a href=\"https:\/\/www.litoralpress.cl\/paginaconsultas\/Servicios_NClipSitio\/Get_Imagen_Nota.aspx?LPKey=DNZ7KIG75ADSUBSDXRTCCCNL7CYE2NS4HPQL2LUV6GTKZPIUCSXI5RYXUUSMZP3KVHIJR4YRFSDSW\"><span lang=\"ES\">Denuncian que turistas dejaron pelados 29 viejos alerces en Los R\u00edos. Se refiere Fernando Carrasco, acad\u00e9mico del Instituto de Ciencias Biol\u00f3gicas.\u00a0\u00a0\u00a0<\/span><\/a><\/p><p>\u00a0<\/p><p class=\"x_MsoNormal\"><strong><span lang=\"ES\">CANAL MEGA\u00a0<\/span><\/strong><\/p><p class=\"x_MsoNormal\"><a href=\"https:\/\/www.litoralpress.cl\/sitio\/RadioTV_Detalles.cshtml?LPKey=45AC7GYXDVQUOGARQTIP4SX4EW4ZNTPVFVRCNBPUSWAWZEGYLQDG3C5H7SGVNX7XINC2X3MQDGM4I\"><span lang=\"ES\">Entrevista a Arcadio Cerda, acad\u00e9mico de la Facultad de Econom\u00eda y Negocios. \u00a0<\/span><\/a><\/p><p class=\"x_MsoNormal\"><span lang=\"ES\">\u00a0<\/span><\/p><p class=\"x_MsoNormal\"><strong><span lang=\"ES\">RADIO COOPERATIVA\u00a0<\/span><\/strong><\/p><p class=\"x_MsoNormal\"><a href=\"https:\/\/www.litoralpress.cl\/sitio\/RadioTV_Detalles.cshtml?LPKey=SDMZIRQVMMMXCABQ3WFV4WEL527T7G5TXE5UGWPUKPCQUEUEFWMCN6RE6FVFRAN7GIE346FZQWBLU\"><span lang=\"ES\">Minsal entreg\u00f3 su balance Covid. Se refiere \u00c9rika Retamal, directora del Departamento de Salud P\u00fablica.\u00a0<\/span><\/a><\/p><p class=\"x_MsoNormal\"><span lang=\"ES\">\u00a0<\/span><\/p><p class=\"x_MsoNormal\"><strong><span lang=\"ES\">RADIO BIOB\u00cdO\u00a0<\/span><\/strong><\/p><p class=\"x_MsoNormal\"><a href=\"https:\/\/www.litoralpress.cl\/sitio\/RadioTV_Detalles.cshtml?LPKey=HI3FHUYCGPXMN6MHJQCA67UQDZVYPVIEXKMIKACYNIE7H73XEXHVS3L2DCC7EB3F7I2AKEM6JHNE2\"><span lang=\"ES\">Minsal informa sobre el Covid. Se refiere \u00c9rika Retamal, directora del Departamento de Salud P\u00fablica. \u00a0<\/span><\/a><\/p><p class=\"x_MsoNormal\"><span lang=\"ES\">\u00a0<\/span><\/p><p class=\"x_MsoNormal\"><strong><span lang=\"ES\">BIOBIOCHILE.CL\u00a0<\/span><\/strong><\/p><p class=\"x_MsoNormal\"><a href=\"https:\/\/www.biobiochile.cl\/noticias\/nacional\/chile\/2022\/07\/02\/ministerio-de-salud-confirma-ocho-casos-de-viruela-del-mono-en-el-pais.shtml\"><span lang=\"ES\">Ministerio de Salud confirma ocho casos de viruela del mono en el pa\u00eds. Se refiere Mar\u00eda Ester Mu\u00f1oz, acad\u00e9mica de la Escuela de Enfermer\u00eda.\u00a0<\/span><\/a><\/p><p class=\"x_MsoNormal\"><span lang=\"ES\">\u00a0<\/span><\/p><p class=\"x_MsoNormal\"><strong><span lang=\"ES\">RADIOCOQUIMBO.CL\u00a0<\/span><\/strong><\/p><p class=\"x_MsoNormal\"><a href=\"https:\/\/www.radiocoquimbo.cl\/2022\/07\/02\/pais\/salud-pais\/ministerio-de-salud-confirma-ocho-casos-de-viruela-del-mono-en-el-pais\/\"><span lang=\"ES\">Ministerio de Salud confirma ocho casos de viruela del mono en el pa\u00eds. Se refiere Mar\u00eda Ester Mu\u00f1oz, acad\u00e9mica de la Escuela de Enfermer\u00eda.\u00a0<\/span><\/a><\/p><p class=\"x_MsoNormal\"><span lang=\"ES\">\u00a0<\/span><\/p><p class=\"x_MsoNormal\"><strong><span lang=\"ES\">CANAL 13\u00a0<\/span><\/strong><\/p><p class=\"x_MsoNormal\"><a href=\"https:\/\/www.litoralpress.cl\/sitio\/RadioTV_Detalles.cshtml?LPKey=UF74O5HVMFA55TIF2YAX77RABZWFQ57GXDOFTHYYHQLYRD5BZECVBCAGF2UAZRHY4NKLBP4SQRRCY\"><span lang=\"ES\">Dos universidades lanzaron una plataforma que busca sensibilizar respecto a la brecha salarial de g\u00e9nero.\u00a0<\/span><\/a><\/p><p class=\"x_MsoNormal\"><span lang=\"ES\">\u00a0<\/span><\/p><p class=\"x_MsoNormal\"><strong><span lang=\"ES\">LATERCERA.COM\u00a0<\/span><\/strong><\/p><p class=\"x_MsoNormal\"><a href=\"https:\/\/www.latercera.com\/pulso\/noticia\/nimasnimenos-nueva-plataforma-digital-para-medir-brecha-salarial-de-genero\/TBJESBGMTBHV3DJEKZDFK4QVHY\/\"><span lang=\"ES\">NiMasNiMenos, nueva plataforma digital para medir brecha salarial de g\u00e9nero. Se refiere Andrea Bentancor, acad\u00e9mica de la Facultad de Econom\u00eda y Negocios (FEN).\u00a0<\/span><\/a><\/p><p class=\"x_MsoNormal\"><span lang=\"ES\">\u00a0<\/span><\/p><p class=\"x_MsoNormal\"><strong><span lang=\"ES\">ADNRADIO.CL\u00a0<\/span><\/strong><\/p><p class=\"x_MsoNormal\"><a href=\"https:\/\/www.adnradio.cl\/nacional\/2022\/07\/02\/uai-y-utalca-habilitan-sitio-web-para-medir-brecha-salarial-de-genero.html\"><span lang=\"ES\">UAI y UTalca habilitan sitio web para medir brecha salarial de g\u00e9nero. Se refiere Andrea Bentancor, acad\u00e9mica de la Facultad de Econom\u00eda y Negocios (FEN).\u00a0<\/span><\/a><\/p><p class=\"x_MsoNormal\"><span lang=\"ES\">\u00a0<\/span><\/p><p class=\"x_MsoNormal\"><strong><span lang=\"ES\">LA PRENSA\u00a0<\/span><\/strong><\/p><p class=\"x_MsoNormal\"><a href=\"https:\/\/www.litoralpress.cl\/paginaconsultas\/Servicios_NClipSitio\/Get_Imagen_Nota.aspx?LPKey=JUPJQUMZPGTBCTYTYURRIN5COOVEM2RLLVA427ML4DRBWMY2AWRQ26AQXE3VXYVM7ZR2NCOX5GJGC\"><span lang=\"ES\">UTalca lanza herramienta para medir brecha salarial de g\u00e9nero. Se refiere Andrea Bentancor, acad\u00e9mica de la Facultad de Econom\u00eda y Negocios (FEN).\u00a0<\/span><\/a><\/p><p class=\"x_MsoNormal\"><span lang=\"ES\">\u00a0<\/span><\/p><p class=\"x_MsoNormal\"><strong><span lang=\"ES\">G5NOTICIAS.CL\u00a0<\/span><\/strong><\/p><p class=\"x_MsoNormal\"><a href=\"https:\/\/g5noticias.cl\/2022\/07\/01\/lanzan-herramienta-para-medir-brecha-salarial-de-genero\/\"><span lang=\"ES\">Lanzan herramienta para medir brecha salarial de g\u00e9nero. Se refiere Andrea Bentancor, acad\u00e9mica de la Facultad de Econom\u00eda y Negocios (FEN).\u00a0<\/span><\/a><\/p><p class=\"x_MsoNormal\"><span lang=\"ES\">\u00a0<\/span><\/p><p class=\"x_MsoNormal\"><strong><span lang=\"ES\">RADIO AMIGA\u00a0<\/span><\/strong><\/p><p class=\"x_MsoNormal\"><a href=\"https:\/\/www.litoralpress.cl\/sitio\/RadioTV_Detalles.cshtml?LPKey=ATJ4BYANQVDOSZGXDZT5JPM4LHID5IJTR2TDYYK2N24ZY4ZQ74BIN2UUX2YXYCNFPYMLILX4UUBF4\"><span lang=\"ES\">Desarrollan proyecto &#8220;Ni m\u00e1s ni menos&#8221;. Se refiere Andrea Bentancor, acad\u00e9mica de la Facultad de Econom\u00eda y Negocios (FEN).\u00a0<\/span><\/a><\/p><p class=\"x_MsoNormal\"><span lang=\"ES\">\u00a0<\/span><\/p><p class=\"x_MsoNormal\"><strong><span lang=\"ES\">RADIO AMIGA\u00a0<\/span><\/strong><\/p><p class=\"x_MsoNormal\"><a href=\"https:\/\/www.litoralpress.cl\/sitio\/RadioTV_Detalles.cshtml?LPKey=YQKNC5OYLJZ3VVYKEQRKU2PS4VERBLDKKKAT3CDKMLNNITMNKJJ3IDN7FU7LKSEAZFYVEF56BODVA\"><span lang=\"ES\">Entrevista a Rodrigo Saens, acad\u00e9mico de la Facultad de Econom\u00eda y Negocios (FEN).\u00a0<\/span><\/a><\/p><p class=\"x_MsoNormal\"><span lang=\"ES\">\u00a0<\/span><\/p><p class=\"x_MsoNormal\"><strong><span lang=\"ES\">CANAL TV5 LINARES\u00a0<\/span><\/strong><\/p><p class=\"x_MsoNormal\"><a href=\"https:\/\/www.litoralpress.cl\/sitio\/RadioTV_Detalles.cshtml?LPKey=EA4G6R5N5TSWPFUTTGQPFCRTTUA775IOGLLBFMP3CKUCICU3XN6D4P6C7FEQL7K5PMB4DEHC4HPNO\"><span lang=\"ES\">Fuertes lluvias causaron anegamientos y aumento de caudales de los r\u00edos. Se refiere Patricio Gonz\u00e1lez, acad\u00e9mico del Centro de Investigaci\u00f3n y Transferencia en Riego Y Agroclimatolog\u00eda.\u00a0<\/span><\/a><\/p><p class=\"x_MsoNormal\"><span lang=\"ES\">\u00a0<\/span><\/p><p class=\"x_MsoNormal\"><strong><span lang=\"ES\">CANAL TVN RED MAULE\u00a0<\/span><\/strong><\/p><p class=\"x_MsoNormal\"><a href=\"https:\/\/www.litoralpress.cl\/sitio\/RadioTV_Detalles.cshtml?LPKey=RO6LFRU3EHYUUQPYB2TZ4TYFPI62JTT7U5JB23NMQ3LE7EDFS66NQV5HDCWI2IH4CJ3T47A6JB5DU\"><span lang=\"ES\">Cauquenes. Comenz\u00f3 operativo de retiro de cables en desuso. Se refiere Javier Mu\u00f1oz, decano de la Facultad de Ingenier\u00eda. \u00a0<\/span><\/a><\/p><p class=\"x_MsoNormal\"><span lang=\"ES\">\u00a0<\/span><\/p><p class=\"x_MsoNormal\"><strong><span lang=\"ES\">ADPRENSA.CL\u00a0<\/span><\/strong><\/p><p class=\"x_MsoNormal\"><a href=\"https:\/\/www.adprensa.cl\/cronica\/ingenieros-de-la-utalca-se-capacitan-en-el-centro-de-investigacion-geomecanica-de-la-universidad-de-toronto\/\"><span lang=\"ES\">Ingenieros de la UTalca se capacitan en el Centro de Investigaci\u00f3n Geomec\u00e1nica de la Universidad de Toronto. Se refieren Javier Mu\u00f1oz, decano de la Facultad de Ingenier\u00eda, Carolina Saavedra y \u00c1lvaro Opazo, estudiantes del Mag\u00edster de Ingenier\u00eda Mec\u00e1nica.\u00a0<\/span><\/a><\/p><p class=\"x_MsoNormal\"><span lang=\"ES\">\u00a0<\/span><\/p><p class=\"x_MsoNormal\"><strong><span lang=\"ES\">MEDIABANCO.COM\u00a0<\/span><\/strong><\/p><p class=\"x_MsoNormal\"><a href=\"https:\/\/www.mediabanco.com\/ingenieros-de-la-utalca-se-capacitan-en-el-centro-de-investigacion-geomecanica-de-la-universidad-de-toronto\/\"><span lang=\"ES\">Ingenieros de la UTalca se capacitan en el Centro de Investigaci\u00f3n Geomec\u00e1nica de la Universidad de Toronto. Se refieren Javier Mu\u00f1oz, decano de la Facultad de Ingenier\u00eda, Carolina Saavedra y \u00c1lvaro Opazo, estudiantes del Mag\u00edster de Ingenier\u00eda Mec\u00e1nica.\u00a0<\/span><\/a><\/p><p class=\"x_MsoNormal\"><span lang=\"ES\">\u00a0<\/span><\/p><p class=\"x_MsoNormal\"><strong><span lang=\"ES\">ELMAULEINFORMA.CL\u00a0<\/span><\/strong><\/p><p class=\"x_MsoNormal\"><a href=\"https:\/\/elmauleinforma.cl\/ingenieros-de-la-utalca-se-capacitan-en-el-centro-de-investigacion-geomecanica-de-la-universidad-de-toronto\/\"><span lang=\"ES\">Ingenieros de la UTalca se capacitan en el Centro de Investigaci\u00f3n Geomec\u00e1nica de la Universidad de Toronto. Se refieren Javier Mu\u00f1oz, decano de la Facultad de Ingenier\u00eda, Carolina Saavedra y \u00c1lvaro Opazo, estudiantes del Mag\u00edster de Ingenier\u00eda Mec\u00e1nica.\u00a0<\/span><\/a><\/p><p class=\"x_MsoNormal\"><span lang=\"ES\">\u00a0<\/span><\/p><p class=\"x_MsoNormal\"><strong><span lang=\"ES\">CR\u00d3NICA DE CHILL\u00c1N\u00a0<\/span><\/strong><\/p><p class=\"x_MsoNormal\"><a href=\"https:\/\/www.litoralpress.cl\/paginaconsultas\/Servicios_NClipSitio\/Get_Imagen_Nota.aspx?LPKey=MRYB7P45LH6PBRGK7ZR2IT2G6W4VJ6A7TGWKGCRSQGOA5TPCDLQA6YMPLHPJHWYQGHOAR5XGBTD64\"><span lang=\"ES\">Universidades estatales promueven la reactivaci\u00f3n econ\u00f3mica capacitando a emprendedor@s de todo el pa\u00eds. Se refiere Rodrigo Vergara, director ejecutivo de MacroFacultad UTalca.\u00a0<\/span><\/a><\/p><p class=\"x_MsoNormal\"><span lang=\"ES\">\u00a0<\/span><\/p><p class=\"x_MsoNormal\"><strong><span lang=\"ES\">LA ESTRELLA DE CONCEPCI\u00d3N\u00a0<\/span><\/strong><\/p><p class=\"x_MsoNormal\"><a href=\"https:\/\/www.litoralpress.cl\/paginaconsultas\/Servicios_NClipSitio\/Get_Imagen_Nota.aspx?LPKey=BWXF2K5Y67Z35BT7PGL4U7X6CRNBDFXBFFODMGKP5NX5OFN6FQ6JPEAP6XSVARVKZYG6VOFR5DRIM\"><span lang=\"ES\">Universidades estatales promueven la reactivaci\u00f3n econ\u00f3mica capacitando a emprendedor@s de todo el pa\u00eds. Se refiere Rodrigo Vergara, director ejecutivo de MacroFacultad UTalca.\u00a0<\/span><\/a><\/p><p class=\"x_MsoNormal\"><span lang=\"ES\">\u00a0<\/span><\/p><p class=\"x_MsoNormal\"><strong>EL LECTOR\u00a0<\/strong><\/p><p class=\"x_MsoNormal\"><a href=\"https:\/\/www.litoralpress.cl\/paginaconsultas\/Servicios_NClipSitio\/Get_Imagen_Nota.aspx?LPKey=GMUBGOM3YYMW7C5FBZLD57OKNPFKIAFZG4ROCHYJLNQ53SFTD3RH3J4OTC7BNYDGR45CJ4KXMQBMQ\">Instruyen sobre Sistemas de Informaci\u00f3n Geogr\u00e1fica (SIG) a pymes agr\u00edcolas. Se menciona al programa ThinkAgro de la Facultad de Ingenier\u00eda.\u00a0<\/a><\/p><p class=\"x_MsoNormal\"><span lang=\"ES\">\u00a0<\/span><\/p><p class=\"x_MsoNormal\"><strong><span lang=\"ES\">DIARIOSENRED.COM\u00a0<\/span><\/strong><\/p><p class=\"x_MsoNormal\"><a href=\"https:\/\/diariosenred.com\/nacional\/experta-de-la-utalca-explica-los-derechos-de-salud-que-se-proponen-en-la\"><span lang=\"ES\">Experta de la UTalca explica los derechos de salud que se proponen en la nueva Constituci\u00f3n. Se refieren Dominnique Luan, investigadora del Centro de Estudios Constitucionales de Chile (CECOCH) y \u00c9rika Retamal, directora del Departamento de Salud P\u00fablica.\u00a0<\/span><\/a><\/p><p class=\"x_MsoNormal\"><span lang=\"ES\">\u00a0<\/span><\/p><p class=\"x_MsoNormal\"><strong><span lang=\"ES\">REDMAULE.COM\u00a0<\/span><\/strong><\/p><p class=\"x_MsoNormal\"><a href=\"https:\/\/www.redmaule.com\/nacional\/experta-de-la-utalca-explica-los-derechos-de-salud-que-se-proponen-en-la\"><span lang=\"ES\">Experta de la UTalca explica los derechos de salud que se proponen en la nueva Constituci\u00f3n. Se refieren Dominnique Luan, investigadora del Centro de Estudios Constitucionales de Chile (CECOCH) y \u00c9rika Retamal, directora del Departamento de Salud P\u00fablica.\u00a0<\/span><\/a><\/p><p class=\"x_MsoNormal\"><span lang=\"ES\">\u00a0<\/span><\/p><p class=\"x_MsoNormal\"><strong><span lang=\"ES\">G5NOTICIAS.CL\u00a0<\/span><\/strong><\/p><p class=\"x_MsoNormal\"><a href=\"https:\/\/g5noticias.cl\/2022\/07\/02\/explican-derechos-en-salud-que-propone-nueva-constitucion\/\"><span lang=\"ES\">Explican derechos en Salud que propone Nueva Constituci\u00f3n. Se refieren Dominnique Luan, investigadora del Centro de Estudios Constitucionales de Chile (CECOCH) y \u00c9rika Retamal, directora del Departamento de Salud P\u00fablica.\u00a0<\/span><\/a><\/p><p class=\"x_MsoNormal\"><span lang=\"ES\">\u00a0<\/span><\/p><p class=\"x_MsoNormal\"><strong><span lang=\"ES\">DIARIO FINANCIERO\u00a0<\/span><\/strong><\/p><p class=\"x_MsoNormal\"><a href=\"https:\/\/www.litoralpress.cl\/paginaconsultas\/Servicios_NClipSitio\/Get_Imagen_Nota.aspx?LPKey=F7MJYA3WVTABIDSEAHV4CIJZAR4SEVILBVK6AQTTYQHUM6ASQNXRCEM5DHKELCKHODPNVOKAHCVQO\"><span lang=\"ES\">\u00bfQu\u00e9 har\u00e1n ahora? Se refiere Mar\u00eda Elisa Quinteros, presidenta de la Convenci\u00f3n Constitucional y acad\u00e9mica de la Facultad de Ciencias de la Salud.\u00a0<\/span><\/a><\/p><p class=\"x_MsoNormal\"><span lang=\"ES\">\u00a0<\/span><\/p><p class=\"x_MsoNormal\"><strong><span lang=\"ES\">DF.CL\u00a0<\/span><\/strong><\/p><p class=\"x_MsoNormal\"><a href=\"https:\/\/www.litoralpress.cl\/paginaconsultas\/Documentos\/Get_Imagen.aspx?lpkey=S7LJCG4YCV7SFXOPPOZIDITBHLP2HE5ON4IN2ARRBYTTIM5KO3BZ3O2PIFBSPQLWYZCEV5DOODZIU\"><span lang=\"ES\">\u00bfQu\u00e9 har\u00e1n ahora los convencionales constituyentes?<\/span><span lang=\"ES\">\u00a0<\/span><span lang=\"ES\">Se refiere Mar\u00eda Elisa Quinteros, presidenta de la Convenci\u00f3n Constitucional y acad\u00e9mica de la Facultad de Ciencias de la Salud.\u00a0<\/span><\/a><\/p><p class=\"x_MsoNormal\"><span lang=\"ES\">\u00a0<\/span><\/p><p class=\"x_MsoNormal\"><strong><span lang=\"ES\">EXANTE.CL\u00a0<\/span><\/strong><\/p><p class=\"x_MsoNormal\"><a href=\"https:\/\/www.ex-ante.cl\/perfil-maria-elisa-quinteros-la-doctora-que-encabezo-la-redaccion-del-borrador-y-disolvera-la-convencion-en-su-peor-momento\/\"><span lang=\"ES\">Perfil: Mar\u00eda Elisa Quinteros, la doctora que encabez\u00f3 la redacci\u00f3n del borrador y disolver\u00e1 la Convenci\u00f3n en su peor momento. Se refiere Mar\u00eda Elisa Quinteros, presidenta de la Convenci\u00f3n Constitucional y acad\u00e9mica de la Facultad de Ciencias de la Salud.\u00a0<\/span><\/a><\/p><p class=\"x_MsoNormal\"><span lang=\"ES\">\u00a0<\/span><\/p><p class=\"x_MsoNormal\"><strong><span lang=\"ES\">LA TERCERA\u00a0<\/span><\/strong><\/p><p class=\"x_MsoNormal\"><a href=\"https:\/\/www.litoralpress.cl\/sitio\/Prensa_PaginaCompleta.cshtml?LPKey=LGGCUZS6QDCLWEWJR3IWKZR4SSL3MGO5ZRGYDHJV3A7G7EIJ5G7A\"><span lang=\"ES\">Matrimonio por (in)conveniencia. Se refiere Mauricio Morales, director del Centro de An\u00e1lisis Pol\u00edtico (CAP).\u00a0<\/span><\/a><\/p><p class=\"x_MsoNormal\"><span lang=\"ES\">\u00a0<\/span><\/p><p class=\"x_MsoNormal\"><strong><span lang=\"ES\">LA TERCERA\u00a0<\/span><\/strong><\/p><p class=\"x_MsoNormal\"><a href=\"https:\/\/www.litoralpress.cl\/paginaconsultas\/Servicios_NClipSitio\/Get_Imagen_Nota.aspx?LPKey=5GIST54RY5SN4LP6O7GLHI2T3GHO2CR2E4FC5NQFN3DD3KWI2333HPFUH7466DGVDQDVSSOXM5NCS\"><span lang=\"ES\">\u00bfCumpli\u00f3 la Convenci\u00f3n con los objetivos que se plantearon en el acuerdo de noviembre de 2019? Se refiere Mauricio Morales, director del Centro de An\u00e1lisis Pol\u00edtico (CAP).\u00a0<\/span><\/a><\/p><p class=\"x_MsoNormal\"><span lang=\"ES\">\u00a0<\/span><\/p><p class=\"x_MsoNormal\"><strong><span lang=\"ES\">LATERCERA.COM\u00a0<\/span><\/strong><\/p><p class=\"x_MsoNormal\"><a href=\"https:\/\/www.latercera.com\/opinion\/noticia\/columna-de-mauricio-morales-reprobados\/QTTQIE3TOBG7XKQIMZDBGLGETI\/\"><span lang=\"ES\">Reprobados. Se refiere Mauricio Morales, director del Centro de An\u00e1lisis Pol\u00edtico (CAP).\u00a0<\/span><\/a><span lang=\"ES\">\u00a0\u00a0<\/span><\/p><p class=\"x_MsoNormal\"><span lang=\"ES\">\u00a0<\/span><\/p><p class=\"x_MsoNormal\"><strong><span lang=\"ES\">CANAL TVN RED MAULE\u00a0<\/span><\/strong><\/p><p class=\"x_MsoNormal\"><a href=\"https:\/\/www.litoralpress.cl\/sitio\/RadioTV_Detalles.cshtml?LPKey=CPJONGCL4EAXEPOC6TJJ7B6NB7HBUMFRUCMRR5ULASPZSNX5EM7M5V33CDN244UDA3NPW23IPVMIS\"><span lang=\"ES\">Proyecto de estudiante de la U. de Talca que levant\u00f3 un embarcadero en la zona. Se menciona a Camila Gonz\u00e1lez, estudiante de Arquitectura.\u00a0<\/span><\/a><\/p><p class=\"x_MsoNormal\">\u00a0<\/p>\t\t\t\t\t\t<\/div>\n\t\t\t\t<\/div>\n\t\t\t\t\t<\/div>\n\t\t<\/div>\n\t\t\t\t\t\t\t<\/div>\n\t\t<\/section>\n\t\t\t\t\t\t<\/div>\n\t\t\t\t\t<\/div>\n\t\t","protected":false},"excerpt":{"rendered":"<p>LA TERCERA\u00a0 Las mejores universidades de Chile, seg\u00fan QS.\u00a0 \u00a0 ELMAULEINFORMA.CL\u00a0 UTalca lanza nueva Gu\u00eda del Buen Trato para la Diversidad.\u00a0 \u00a0 ADPRENSA.CL\u00a0 UTalca realiz\u00f3 conversatorio sobre Derechos de las Mujeres. Se refieren Mar\u00eda Soledad Jofr\u00e9, directora de Derecho del Campus Santiago y Patricia Rodr\u00edguez, directora del Campus Santiago.\u00a0 \u00a0 ELMAULEINFORMA.CL\u00a0 UTalca realiz\u00f3 conversatorio sobre &hellip;<\/p>\n<p class=\"read-more\"> <a class=\"\" href=\"https:\/\/www.reportedeprensa.utalca.cl\/?p=4365\"> <span class=\"screen-reader-text\">04 de julio de 2022<\/span> Read More &raquo;<\/a><\/p>\n","protected":false},"author":1,"featured_media":0,"comment_status":"closed","ping_status":"open","sticky":false,"template":"","format":"standard","meta":{"_monsterinsights_skip_tracking":false,"_monsterinsights_sitenote_active":false,"_monsterinsights_sitenote_note":"","_monsterinsights_sitenote_category":0},"categories":[23],"tags":[],"_links":{"self":[{"href":"https:\/\/www.reportedeprensa.utalca.cl\/index.php?rest_route=\/wp\/v2\/posts\/4365"}],"collection":[{"href":"https:\/\/www.reportedeprensa.utalca.cl\/index.php?rest_route=\/wp\/v2\/posts"}],"about":[{"href":"https:\/\/www.reportedeprensa.utalca.cl\/index.php?rest_route=\/wp\/v2\/types\/post"}],"author":[{"embeddable":true,"href":"https:\/\/www.reportedeprensa.utalca.cl\/index.php?rest_route=\/wp\/v2\/users\/1"}],"replies":[{"embeddable":true,"href":"https:\/\/www.reportedeprensa.utalca.cl\/index.php?rest_route=%2Fwp%2Fv2%2Fcomments&post=4365"}],"version-history":[{"count":4,"href":"https:\/\/www.reportedeprensa.utalca.cl\/index.php?rest_route=\/wp\/v2\/posts\/4365\/revisions"}],"predecessor-version":[{"id":4372,"href":"https:\/\/www.reportedeprensa.utalca.cl\/index.php?rest_route=\/wp\/v2\/posts\/4365\/revisions\/4372"}],"wp:attachment":[{"href":"https:\/\/www.reportedeprensa.utalca.cl\/index.php?rest_route=%2Fwp%2Fv2%2Fmedia&parent=4365"}],"wp:term":[{"taxonomy":"category","embeddable":true,"href":"https:\/\/www.reportedeprensa.utalca.cl\/index.php?rest_route=%2Fwp%2Fv2%2Fcategories&post=4365"},{"taxonomy":"post_tag","embeddable":true,"href":"https:\/\/www.reportedeprensa.utalca.cl\/index.php?rest_route=%2Fwp%2Fv2%2Ftags&post=4365"}],"curies":[{"name":"wp","href":"https:\/\/api.w.org\/{rel}","templated":true}]}}