{"id":4380,"date":"2022-07-05T10:02:43","date_gmt":"2022-07-05T13:02:43","guid":{"rendered":"https:\/\/www.reportedeprensa.utalca.cl\/?p=4380"},"modified":"2022-07-05T10:06:12","modified_gmt":"2022-07-05T13:06:12","slug":"05-de-julio-de-2022","status":"publish","type":"post","link":"https:\/\/www.reportedeprensa.utalca.cl\/?p=4380","title":{"rendered":"05 de julio de 2022"},"content":{"rendered":"\t\t<div data-elementor-type=\"wp-post\" data-elementor-id=\"4380\" class=\"elementor elementor-4380\" data-elementor-settings=\"[]\">\n\t\t\t\t\t\t\t<div class=\"elementor-section-wrap\">\n\t\t\t\t\t\t\t<section class=\"elementor-section elementor-top-section elementor-element elementor-element-436e596a elementor-section-boxed elementor-section-height-default elementor-section-height-default\" data-id=\"436e596a\" data-element_type=\"section\">\n\t\t\t\t\t\t<div class=\"elementor-container elementor-column-gap-default\">\n\t\t\t\t\t<div class=\"elementor-column elementor-col-100 elementor-top-column elementor-element elementor-element-46bd6e88\" data-id=\"46bd6e88\" data-element_type=\"column\">\n\t\t\t<div class=\"elementor-widget-wrap elementor-element-populated\">\n\t\t\t\t\t\t\t\t<div class=\"elementor-element elementor-element-10e3ba9a elementor-widget elementor-widget-text-editor\" data-id=\"10e3ba9a\" data-element_type=\"widget\" data-widget_type=\"text-editor.default\">\n\t\t\t\t<div class=\"elementor-widget-container\">\n\t\t\t\t\t\t\t\t<p class=\"x_MsoNormal\"><strong>PORTALEDUCACION.CL\u00a0<\/strong><\/p><p class=\"x_MsoNormal\"><a href=\"https:\/\/portaleducacion.cl\/index.php\/2022\/07\/04\/utalca-lanza-nueva-guia-del-buen-trato-para-la-diversidad\/\">UTalca lanza nueva Gu\u00eda del Buen trato para la Diversidad.\u00a0<\/a><\/p><p class=\"x_MsoNormal\">\u00a0<\/p><p class=\"x_MsoNormal\"><strong>G5NOTICIAS.CL\u00a0<\/strong><\/p><p class=\"x_MsoNormal\"><a href=\"https:\/\/g5noticias.cl\/2022\/07\/03\/utalca-participa-en-importante-proyecto-de-vinculacion-con-el-medio\/\">UTalca participa en importante proyecto de Vinculaci\u00f3n con el Medio. Se refiere Karin Saavedra, directora de Vinculaci\u00f3n con el Medio. \u00a0<\/a><\/p><p class=\"x_MsoNormal\">\u00a0<\/p><p class=\"x_MsoNormal\"><strong>DIARIOELHERALDO.CL\u00a0<\/strong><\/p><p class=\"x_MsoNormal\"><a href=\"http:\/\/www.diarioelheraldo.cl\/noticia\/gobierno-regional-participa-en-mesa-que-promovera-el-emprendimiento-innovador-\">Gobierno Regional participa en mesa que promover\u00e1 el emprendimiento innovador. Se refiere Nadia Rojas, director de innovaci\u00f3n y transferencia. \u00a0<\/a><\/p><p class=\"x_MsoNormal\">\u00a0<\/p><p class=\"x_MsoNormal\"><strong>ELMAULEINFORMA.CL\u00a0<\/strong><\/p><p class=\"x_MsoNormal\"><a href=\"https:\/\/elmauleinforma.cl\/gobierno-regional-participa-en-mesa-que-promovera-la-cultura-de-innovacion-y-el-emprendimiento\/\">Gobierno Regional participa en mesa que promover\u00e1 la cultura de innovaci\u00f3n y el emprendimiento. Se refiere Nadia Rojas, director de innovaci\u00f3n y transferencia.\u00a0<\/a><\/p><p class=\"x_MsoNormal\">\u00a0<\/p><p class=\"x_MsoNormal\"><strong>ELPERIODISTA.CL\u00a0<\/strong><\/p><p class=\"x_MsoNormal\"><a href=\"https:\/\/www.elperiodista.cl\/2022\/07\/estudio-revela-cifras-sobre-sindrome-de-fragilidad-en-adultos-mayores\/\">Estudio revela cifras sobre S\u00edndrome de Fragilidad en adultos mayores. Se refiere Iv\u00e1n Palomo, acad\u00e9mico de la Facultad de Ciencias de la Salud.\u00a0<\/a><\/p><p class=\"x_MsoNormal\">\u00a0<\/p><p class=\"x_MsoNormal\"><strong>ADPRENSA.CL\u00a0<\/strong><\/p><p class=\"x_MsoNormal\"><a href=\"https:\/\/www.adprensa.cl\/cronica\/estudio-revela-cifras-sobre-sindrome-de-fragilidad-en-adultos-mayores\/\">Estudio revela cifras sobre S\u00edndrome de Fragilidad en adultos mayores. Se refiere Iv\u00e1n Palomo, acad\u00e9mico de la Facultad de Ciencias de la Salud.\u00a0<\/a><\/p><p class=\"x_MsoNormal\">\u00a0<\/p><p class=\"x_MsoNormal\"><strong>ELCENTRO.CL\u00a0<\/strong><\/p><p class=\"x_MsoNormal\"><a href=\"https:\/\/elcentro.cl\/2022\/07\/04\/estudio-utalca-revela-cifras-sobre-sindrome-de-fragilidad-en-adultos-mayores\/\">Estudio revela cifras sobre S\u00edndrome de Fragilidad en adultos mayores. Se refiere Iv\u00e1n Palomo, acad\u00e9mico de la Facultad de Ciencias de la Salud.\u00a0<\/a><\/p><p class=\"x_MsoNormal\">\u00a0<\/p><p class=\"x_MsoNormal\"><strong>ELMAULEINFORMA.CL\u00a0<\/strong><\/p><p class=\"x_MsoNormal\"><a href=\"https:\/\/elmauleinforma.cl\/estudio-revela-cifras-sobre-sindrome-de-fragilidad-en-adultos-mayores\/\">Estudio revela cifras sobre S\u00edndrome de Fragilidad en adultos mayores. Se refiere Iv\u00e1n Palomo, acad\u00e9mico de la Facultad de Ciencias de la Salud.\u00a0<\/a><\/p><p class=\"x_MsoNormal\">\u00a0<\/p><p class=\"x_MsoNormal\"><strong>RADIO COOPERATIVA\u00a0<\/strong><\/p><p class=\"x_MsoNormal\"><a href=\"https:\/\/www.litoralpress.cl\/sitio\/RadioTV_Detalles.cshtml?LPKey=NZ32ZSMEA4NU5FKJP45BV52AHXIO2GMT4265B6CL3LGJNRLOSUA6CMXA4L2YMI2V2BNWPYEA7O2UG\">Covid19: Casos activos se mantienen por sobre los 40 mil. Se refiere \u00c9rika Retamal, directora del Departamento de Salud P\u00fablica. \u00a0<\/a><\/p><p class=\"x_MsoNormal\">\u00a0<\/p><p class=\"x_MsoNormal\"><strong>LA PRENSA\u00a0<\/strong><\/p><p class=\"x_MsoNormal\"><a href=\"https:\/\/www.litoralpress.cl\/paginaconsultas\/Servicios_NClipSitio\/Get_Imagen_Nota.aspx?LPKey=3G6EZJQE3S7JQIWVR2PER2V5XNTUYSW5FCOW5JYNQAQBI4Z6FAAS445DXI5BC4EJ4J26Q6MCBCG7O\">Ingenieros de la Universidad de Talca se capacitan en Canad\u00e1 gracias a beca. Se refiere Javier Mu\u00f1oz, decano de la Facultad de Ingenier\u00eda, Carolina Saavedra y \u00c1lvaro Opazo, estudiantes del Mag\u00edster en Ingenier\u00eda Mec\u00e1nica. \u00a0<\/a><\/p><p class=\"x_MsoNormal\">\u00a0<\/p><p class=\"x_MsoNormal\"><strong>LANOTICIA.CL\u00a0<\/strong><\/p><p class=\"x_MsoNormal\"><a href=\"https:\/\/lanoticia.cl\/ingenieros-de-la-utalca-se-capacitan-en-el-centro-de-investigacion-geomecanica-de-la-universidad-de-toronto\/\">Ingenieros de la UTalca se capacitan en el Centro de Investigaci\u00f3n Geomec\u00e1nica de la Universidad de Toronto. Se refiere Javier Mu\u00f1oz, decano de la Facultad de Ingenier\u00eda, Carolina Saavedra y \u00c1lvaro Opazo, estudiantes del Mag\u00edster en Ingenier\u00eda Mec\u00e1nica.\u00a0<\/a><\/p><p class=\"x_MsoNormal\">\u00a0<\/p><p class=\"x_MsoNormal\"><strong>ELMAULEINFORMA.CL\u00a0<\/strong><\/p><p class=\"x_MsoNormal\"><a href=\"https:\/\/elmauleinforma.cl\/universidades-estales-promueven-reactivacion-economica-capacitando-a-emprendedores\/\">Universidades estales promueven reactivaci\u00f3n econ\u00f3mica capacitando a emprendedores. Se refieren Javier Mu\u00f1oz, decano de la Facultad de Ingenier\u00eda y Rodrigo Vergara, director ejecutivo de MacroFacultad UTalca.\u00a0<\/a><\/p><p class=\"x_MsoNormal\">\u00a0<\/p><p class=\"x_MsoNormal\"><strong>ATENTOSCHILE.CL\u00a0<\/strong><\/p><p class=\"x_MsoNormal\"><a href=\"https:\/\/www.litoralpress.cl\/sitio\/RadioTV_Detalles.cshtml?LPKey=Y5NI7TSGWLR3NW5ZUVLU5H643B5MKCKTSHIHOR4IF465RQE3MHG34BSXOZQH2JL5S55NGWIMUK7IG\">Entrevista a Dominique Luan, investigadora del Centro de Estudios Constitucionales de Chile (CECOCH).\u00a0<\/a><\/p><p class=\"x_MsoNormal\">\u00a0<\/p><p class=\"x_MsoNormal\"><strong>RADIO GUAYAC\u00c1N\u00a0<\/strong><\/p><p class=\"x_MsoNormal\"><a href=\"https:\/\/www.litoralpress.cl\/sitio\/RadioTV_Detalles.cshtml?LPKey=4YG6Q5KY7JBQJP564NH4VCZLSZYWSILMVAQG5WWEP6WP2GSNNLMKH3QWFAYEJXT5KLUKQQF7FFZHC\">Entrevista a Dominique Luan, investigadora del Centro de Estudios Constitucionales de Chile (CECOCH).\u00a0<\/a><\/p><p class=\"x_MsoNormal\">\u00a0<\/p><p class=\"x_MsoNormal\"><strong>LA SEGUNDA\u00a0<\/strong><\/p><p class=\"x_MsoNormal\"><a href=\"https:\/\/www.litoralpress.cl\/sitio\/Prensa_PaginaCompleta.cshtml?LPKey=K5OG5PXJ3S37KZ2SXAUHR64TPDJ6EQUBHH37KE3N4MGSH75O32LQ\">\u201cEl plebiscito no es un juicio al Gobierno, es el destino de Chile para las pr\u00f3ximas cuatro d\u00e9cadas\u201d. Se refiere Mauricio Morales, director del Centro de An\u00e1lisis Pol\u00edtico (CAP).\u00a0<\/a><\/p><p class=\"x_MsoNormal\">\u00a0<\/p><p class=\"x_MsoNormal\"><strong>CANAL TVN\u00a0<\/strong><\/p><p class=\"x_MsoNormal\"><a href=\"https:\/\/www.litoralpress.cl\/sitio\/RadioTV_Detalles.cshtml?LPKey=M42RRT2UFT262RNUBQY5ORSR6OANIIC3ZWRKQ3XMXARB57EVMRUGQEPFKCT43KTKWMMS7B6S2DKUQ\">Revisamos los detalles de la propuesta constitucional. Se refiere Mauricio Morales, director del Centro de An\u00e1lisis Pol\u00edtico (CAP).\u00a0<\/a><\/p><p class=\"x_MsoNormal\">\u00a0<\/p><p class=\"x_MsoNormal\"><strong>CANAL 24 HORAS\u00a0<\/strong><\/p><p class=\"x_MsoNormal\"><a href=\"https:\/\/www.litoralpress.cl\/sitio\/RadioTV_Detalles.cshtml?LPKey=5SVILRIKITFSTMLTXCCPJENUOHKVD725WLZG36MJOXSBPSNT3X2ECBRRJXBRCGSPWMQQJ546IPIN6\">Revisamos los detalles de la propuesta constitucional. Se refiere Mauricio Morales, director del Centro de An\u00e1lisis Pol\u00edtico (CAP).\u00a0<\/a><\/p><p class=\"x_MsoNormal\">\u00a0<\/p><p class=\"x_MsoNormal\"><strong>CANAL MEGA\u00a0<\/strong><\/p><p class=\"x_MsoNormal\"><a href=\"https:\/\/www.litoralpress.cl\/sitio\/RadioTV_Detalles.cshtml?LPKey=DTODTC2GBR2477XWOBY22Y7IS3SAMPZQBIXJ7URI2WRD3GH3SFL7YG3HA37KO2RBTPPICM5H2QMJW\">Comentario de Mauricio Morales, director del Centro de An\u00e1lisis Pol\u00edtico (CAP).\u00a0<\/a><\/p><p class=\"x_MsoNormal\">\u00a0<\/p><p class=\"x_MsoNormal\"><strong>CANAL MEGA\u00a0<\/strong><\/p><p class=\"x_MsoNormal\"><a href=\"https:\/\/www.litoralpress.cl\/sitio\/RadioTV_Detalles.cshtml?LPKey=5OQL3RC7GJZZVSH5CWO25SFPBELW322C3MANCJSGRGCCHTX77PTNNUR4JL2KG5QG2US7I7JIBP6G2\">Convencionales e invitados comienzan a llegar a la ceremonia. Se refiere Mauricio Morales, director del Centro de An\u00e1lisis Pol\u00edtico (CAP).\u00a0<\/a><\/p><p class=\"x_MsoNormal\">\u00a0<\/p><p class=\"x_MsoNormal\"><strong>CANAL MEGA\u00a0<\/strong><\/p><p class=\"x_MsoNormal\"><a href=\"https:\/\/www.litoralpress.cl\/sitio\/RadioTV_Detalles.cshtml?LPKey=Y2XS6DM5AJEQZFZT65BTU3BH4D4LPRTLBMI3MVNJPX766R7FGUQJQVLEWZ47KR6VBJSB7AO4BDWUC\">Ceremonia de cierre de la Convenci\u00f3n Constitucional. Se refiere Mauricio Morales, director del Centro de An\u00e1lisis Pol\u00edtico (CAP).\u00a0<\/a><\/p><p class=\"x_MsoNormal\">\u00a0<\/p><p class=\"x_MsoNormal\"><strong>CANAL MEGA\u00a0<\/strong><\/p><p class=\"x_MsoNormal\"><a href=\"https:\/\/www.litoralpress.cl\/sitio\/RadioTV_Detalles.cshtml?LPKey=6AW4BTTM5U5CBTAB2RWHC7DFCUIM4NHBY2O2SQXSG2OTTNOIOBBJVFTJVSQDYG2Y4USRGUQK6VZRG\">Listos los ejemplares de la nueva Constituci\u00f3n. Se refiere Mauricio Morales, director del Centro de An\u00e1lisis Pol\u00edtico (CAP).\u00a0<\/a><\/p><p class=\"x_MsoNormal\">\u00a0<\/p><p class=\"x_MsoNormal\"><strong>CANAL MEGA\u00a0<\/strong><\/p><p class=\"x_MsoNormal\"><a href=\"https:\/\/www.litoralpress.cl\/sitio\/RadioTV_Detalles.cshtml?LPKey=YEVKPMGQQLA2EPUQOLAXTXSZ6NHED2SEGI52AQABBWBYGHWRYRAARJNB7UKGKMRFCUOUG2FXQEC34\">Reacciones tras la entrega oficial de la nueva Constituci\u00f3n. Se refiere Mauricio Morales, director del Centro de An\u00e1lisis Pol\u00edtico (CAP).\u00a0<\/a><\/p><p class=\"x_MsoNormal\">\u00a0<\/p><p class=\"x_MsoNormal\"><strong>CANAL MEGA\u00a0<\/strong><\/p><p class=\"x_MsoNormal\"><a href=\"https:\/\/www.litoralpress.cl\/sitio\/RadioTV_Detalles.cshtml?LPKey=KRGEYXYBWMNLM5QPV75FHM3EBZ6REVJ5FOXHPNAP7ISMD373XAHA5VX3IWJJ7RENUTFIDS6T7AGUW\">An\u00e1lisis tras la entrega oficial de la nueva Constituci\u00f3n. Se refiere Mauricio Morales, director del Centro de An\u00e1lisis Pol\u00edtico (CAP).\u00a0<\/a><\/p><p class=\"x_MsoNormal\">\u00a0<\/p><p class=\"x_MsoNormal\"><strong>CANAL MEGA PLUS\u00a0<\/strong><\/p><p class=\"x_MsoNormal\"><a href=\"https:\/\/www.litoralpress.cl\/sitio\/RadioTV_Detalles.cshtml?LPKey=GCNYCH7LRM4RXDF3M2RXAPOMEG3W3LQFGBBMVZYLXU4OCYXWM7AJBQSBKCYEKCNVXJR5PJQ4QPR2W\">Entrevista a Mauricio Morales, director del Centro de An\u00e1lisis Pol\u00edtico (CAP).\u00a0<\/a><\/p><p class=\"x_MsoNormal\">\u00a0<\/p><p class=\"x_MsoNormal\"><strong>RADIO INFINITA\u00a0<\/strong><\/p><p class=\"x_MsoNormal\"><a href=\"https:\/\/www.litoralpress.cl\/sitio\/RadioTV_Detalles.cshtml?LPKey=XNKZCNYSPJ55PUF5FZJHS43GRMS345PMFWVQHAW365WKYHMFA4G3NPWNAHDLMOSGVXF3V22OK4E4G\">Comentario de Mauricio Morales, director del Centro de An\u00e1lisis Pol\u00edtico (CAP).\u00a0<\/a><\/p><p class=\"x_MsoNormal\">\u00a0<\/p><p class=\"x_MsoNormal\"><strong>ELMAULEINFORMA.CL\u00a0<\/strong><\/p><p class=\"x_MsoNormal\"><a href=\"https:\/\/elmauleinforma.cl\/alumnos-de-odontologia-de-la-universidad-de-talca-brindaran-atencion-gratuita-a-de-cauquenes\/\">Alumnos de Odontolog\u00eda de la Universidad de Talca brindar\u00e1n atenci\u00f3n gratuita a pacientes de Cauquenes. Se menciona al Grupo Odontol\u00f3gico Preventivo (GOP) de estudiantes de Odontolog\u00eda.\u00a0<\/a><\/p><p class=\"x_MsoNormal\">\u00a0<\/p>\t\t\t\t\t\t<\/div>\n\t\t\t\t<\/div>\n\t\t\t\t\t<\/div>\n\t\t<\/div>\n\t\t\t\t\t\t\t<\/div>\n\t\t<\/section>\n\t\t\t\t\t\t<\/div>\n\t\t\t\t\t<\/div>\n\t\t","protected":false},"excerpt":{"rendered":"<p>PORTALEDUCACION.CL\u00a0 UTalca lanza nueva Gu\u00eda del Buen trato para la Diversidad.\u00a0 \u00a0 G5NOTICIAS.CL\u00a0 UTalca participa en importante proyecto de Vinculaci\u00f3n con el Medio. Se refiere Karin Saavedra, directora de Vinculaci\u00f3n con el Medio. \u00a0 \u00a0 DIARIOELHERALDO.CL\u00a0 Gobierno Regional participa en mesa que promover\u00e1 el emprendimiento innovador. Se refiere Nadia Rojas, director de innovaci\u00f3n y transferencia. &hellip;<\/p>\n<p class=\"read-more\"> <a class=\"\" href=\"https:\/\/www.reportedeprensa.utalca.cl\/?p=4380\"> <span class=\"screen-reader-text\">05 de julio de 2022<\/span> Read More &raquo;<\/a><\/p>\n","protected":false},"author":1,"featured_media":0,"comment_status":"closed","ping_status":"open","sticky":false,"template":"","format":"standard","meta":{"_monsterinsights_skip_tracking":false,"_monsterinsights_sitenote_active":false,"_monsterinsights_sitenote_note":"","_monsterinsights_sitenote_category":0},"categories":[23],"tags":[],"_links":{"self":[{"href":"https:\/\/www.reportedeprensa.utalca.cl\/index.php?rest_route=\/wp\/v2\/posts\/4380"}],"collection":[{"href":"https:\/\/www.reportedeprensa.utalca.cl\/index.php?rest_route=\/wp\/v2\/posts"}],"about":[{"href":"https:\/\/www.reportedeprensa.utalca.cl\/index.php?rest_route=\/wp\/v2\/types\/post"}],"author":[{"embeddable":true,"href":"https:\/\/www.reportedeprensa.utalca.cl\/index.php?rest_route=\/wp\/v2\/users\/1"}],"replies":[{"embeddable":true,"href":"https:\/\/www.reportedeprensa.utalca.cl\/index.php?rest_route=%2Fwp%2Fv2%2Fcomments&post=4380"}],"version-history":[{"count":4,"href":"https:\/\/www.reportedeprensa.utalca.cl\/index.php?rest_route=\/wp\/v2\/posts\/4380\/revisions"}],"predecessor-version":[{"id":4384,"href":"https:\/\/www.reportedeprensa.utalca.cl\/index.php?rest_route=\/wp\/v2\/posts\/4380\/revisions\/4384"}],"wp:attachment":[{"href":"https:\/\/www.reportedeprensa.utalca.cl\/index.php?rest_route=%2Fwp%2Fv2%2Fmedia&parent=4380"}],"wp:term":[{"taxonomy":"category","embeddable":true,"href":"https:\/\/www.reportedeprensa.utalca.cl\/index.php?rest_route=%2Fwp%2Fv2%2Fcategories&post=4380"},{"taxonomy":"post_tag","embeddable":true,"href":"https:\/\/www.reportedeprensa.utalca.cl\/index.php?rest_route=%2Fwp%2Fv2%2Ftags&post=4380"}],"curies":[{"name":"wp","href":"https:\/\/api.w.org\/{rel}","templated":true}]}}