{"id":4395,"date":"2022-07-06T10:14:15","date_gmt":"2022-07-06T13:14:15","guid":{"rendered":"https:\/\/www.reportedeprensa.utalca.cl\/?p=4395"},"modified":"2022-07-06T10:17:08","modified_gmt":"2022-07-06T13:17:08","slug":"06-de-julio-de-2022","status":"publish","type":"post","link":"https:\/\/www.reportedeprensa.utalca.cl\/?p=4395","title":{"rendered":"06 de julio de 2022"},"content":{"rendered":"\t\t<div data-elementor-type=\"wp-post\" data-elementor-id=\"4395\" class=\"elementor elementor-4395\" data-elementor-settings=\"[]\">\n\t\t\t\t\t\t\t<div class=\"elementor-section-wrap\">\n\t\t\t\t\t\t\t<section class=\"elementor-section elementor-top-section elementor-element elementor-element-436e596a elementor-section-boxed elementor-section-height-default elementor-section-height-default\" data-id=\"436e596a\" data-element_type=\"section\">\n\t\t\t\t\t\t<div class=\"elementor-container elementor-column-gap-default\">\n\t\t\t\t\t<div class=\"elementor-column elementor-col-100 elementor-top-column elementor-element elementor-element-46bd6e88\" data-id=\"46bd6e88\" data-element_type=\"column\">\n\t\t\t<div class=\"elementor-widget-wrap elementor-element-populated\">\n\t\t\t\t\t\t\t\t<div class=\"elementor-element elementor-element-10e3ba9a elementor-widget elementor-widget-text-editor\" data-id=\"10e3ba9a\" data-element_type=\"widget\" data-widget_type=\"text-editor.default\">\n\t\t\t\t<div class=\"elementor-widget-container\">\n\t\t\t\t\t\t\t\t<p class=\"x_MsoNormal\"><strong>CANAL CONTIVISI\u00d3N\u00a0<\/strong><\/p><p class=\"x_MsoNormal\"><a href=\"https:\/\/www.litoralpress.cl\/sitio\/RadioTV_Detalles.cshtml?LPKey=DCYVTZGKVAAROAC5FUKD3POPLOTZHH2QWXGGAVN24Y5YYLLXEPJTDUTHAKFKF2ELUR5TBYUCDFGZY\">La Universidad de Talca lanz\u00f3 nueva edici\u00f3n de la Gu\u00eda del Buen Trato para la Diversidad.\u00a0<\/a><\/p><p class=\"x_MsoNormal\">\u00a0<\/p><p class=\"x_MsoNormal\"><strong>ELMOSTRADOR.CL\u00a0<\/strong><\/p><p class=\"x_MsoNormal\"><a href=\"https:\/\/www.elmostrador.cl\/braga\/2022\/07\/05\/dialogo-u-talca-sobre-derechos-de-las-mujeres-no-quiero-que-a-mis-hijas-y-mis-nietas-les-suceda-lo-que-me-paso-a-mi\/\">Di\u00e1logo U Talca sobre derechos de las mujeres: &#8220;No quiero que a mis hijas y mis nietas les suceda lo que me pas\u00f3 a m\u00ed&#8221;. \u00a0<\/a><\/p><p class=\"x_MsoNormal\">\u00a0<\/p><p class=\"x_MsoNormal\"><strong>DIARIOSENRED.COM\u00a0<\/strong><\/p><p class=\"x_MsoNormal\"><a href=\"https:\/\/diariosenred.com\/regional\/utalca-ofrecera-diversos-panoramas-durante-las-vacaciones-de-invierno\">UTalca ofrecer\u00e1 diversos panoramas durante las vacaciones de invierno. \u00a0<\/a><\/p><p class=\"x_MsoNormal\">\u00a0<\/p><p class=\"x_MsoNormal\"><strong>REDMAULE.COM\u00a0<\/strong><\/p><p class=\"x_MsoNormal\"><a href=\"https:\/\/www.redmaule.com\/regional\/utalca-ofrecera-diversos-panoramas-durante-las-vacaciones-de-invierno\">UTalca ofrecer\u00e1 diversos panoramas durante las vacaciones de invierno.\u00a0<\/a><\/p><p class=\"x_MsoNormal\">\u00a0<\/p><p class=\"x_MsoNormal\"><strong>EL HERALDO\u00a0<\/strong><\/p><p class=\"x_MsoNormal\"><a href=\"https:\/\/www.litoralpress.cl\/paginaconsultas\/Servicios_NClipSitio\/Get_Imagen_Nota.aspx?LPKey=T7EJR75XFDBHQR55B47QFVIXUCQ2BNO5NXQU3YY3MV664KWT5YFIWF4NIOZSV3EQV5IQHWODE6WLO\">Gobierno Regional participa en mesa que promover\u00e1 el emprendimiento innovador. Se refiere Nadia Rojas, directora de Innovaci\u00f3n y Transferencia.\u00a0<\/a><\/p><p class=\"x_MsoNormal\">\u00a0<\/p><p class=\"x_MsoNormal\"><strong>EL LECTOR\u00a0<\/strong><\/p><p class=\"x_MsoNormal\"><a href=\"https:\/\/www.litoralpress.cl\/paginaconsultas\/Servicios_NClipSitio\/Get_Imagen_Nota.aspx?LPKey=H2SEJM5XPJBDERPY4ETKL4SQKQLY4QJT5WSV3EGQFUKFDJR6U7BT3Z5R7A4KSWGLI46RRPUV3ZYZS\">Gobierno Regional participa en mesa que promover\u00e1 la cultura de innovaci\u00f3n y el emprendimiento innovador. Se refiere Nadia Rojas, directora de Innovaci\u00f3n y Transferencia.\u00a0<\/a><\/p><p class=\"x_MsoNormal\">\u00a0<\/p><p class=\"x_MsoNormal\"><strong>CANAL CONTIVISI\u00d3N\u00a0<\/strong><\/p><p class=\"x_MsoNormal\"><a href=\"https:\/\/www.litoralpress.cl\/sitio\/RadioTV_Detalles.cshtml?LPKey=DMPYTMFBZ7EUDXR4DOOEATX4OVZI22O7A42BNTXTHIKHZWHMVSCR63FE4QSEIR5QIC46OFKKFFA56\">Entablan mesa Maule+I para la innovaci\u00f3n en la regi\u00f3n. Se refiere Nadia Rojas, directora de Innovaci\u00f3n y Transferencia. \u00a0<\/a><\/p><p class=\"x_MsoNormal\">\u00a0<\/p><p class=\"x_MsoNormal\"><strong>LANOTICIA.CL\u00a0<\/strong><\/p><p class=\"x_MsoNormal\"><a href=\"https:\/\/lanoticia.cl\/gobierno-regional-participa-en-mesa-que-promovera-la-cultura-de-innovacion-y-el-emprendimiento-innovador\/\">Gobierno regional participa en mesa que promover\u00e1 la cultura de innovaci\u00f3n y el emprendimiento innovador. Se refiere Nadia Rojas, directora de Innovaci\u00f3n y Transferencia.\u00a0<\/a><\/p><p class=\"x_MsoNormal\" aria-hidden=\"true\">\u00a0<\/p><p class=\"x_MsoNormal\"><strong>NOVACIENCIA.ES\u00a0<\/strong><\/p><p class=\"x_MsoNormal\"><a href=\"https:\/\/www.litoralpress.cl\/sitio\/Prensa_PaginaCompleta.cshtml?LPKey=72MHCCQWV7Z37YTJWG2VE3DB333LSIPVHRFXPGRZUEI3QNSVRGHA\">El Parque de las Ciencias de Granada y la Universidad de Talca comparten c\u00f3mo hacer m\u00e1s accesible la divulgaci\u00f3n cient\u00edfica a la sociedad. Se menciona a la UTalca.\u00a0<\/a><\/p><p class=\"x_MsoNormal\">\u00a0<\/p><p class=\"x_MsoNormal\"><strong>EL LECTOR\u00a0<\/strong><\/p><p class=\"x_MsoNormal\"><a href=\"https:\/\/www.litoralpress.cl\/paginaconsultas\/Servicios_NClipSitio\/Get_Imagen_Nota.aspx?LPKey=KVD4KFJN2J2DFAQTU735AGOLYKZRP6LFWV77AHH2NH3AYG5ZAAEV2AF2OTKD6WBQYKXL3CQ6XFZAU\">Estudio revela cifras sobre S\u00edndrome de Fragilidad en adultos mayores. Se refiere Iv\u00e1n Palomo, acad\u00e9mico de la Facultad de Ciencias de la Salud. \u00a0<\/a><\/p><p class=\"x_MsoNormal\">\u00a0<\/p><p class=\"x_MsoNormal\"><strong>G5NOTICIAS.CL\u00a0<\/strong><\/p><p class=\"x_MsoNormal\"><a href=\"https:\/\/g5noticias.cl\/2022\/07\/05\/estudio-revela-cifras-sobre-sindrome-de-fragilidad-en-adultos-mayores\/\">Estudio revela cifras sobre S\u00edndrome de Fragilidad en adultos mayores. Se refiere Iv\u00e1n Palomo, acad\u00e9mico de la Facultad de Ciencias de la Salud.\u00a0<\/a><\/p><p class=\"x_MsoNormal\">\u00a0<\/p><p class=\"x_MsoNormal\"><strong>CANAL CONTIVISI\u00d3N\u00a0<\/strong><\/p><p class=\"x_MsoNormal\"><a href=\"https:\/\/www.litoralpress.cl\/sitio\/RadioTV_Detalles.cshtml?LPKey=LNTEPGAIDCKE7IDES6KGJ7MN4ZGQB34PVHFV7IMPLE4N535D3CUOA3GRBEALQZMWS6BVODYDIV5EK\">Padres se organizan en vacaciones de invierno de escolares. Se refiere Pablo L\u00f3pez, director de la Escuela de Terapia Ocupacional.\u00a0\u00a0\u00a0<\/a><\/p><p class=\"x_MsoNormal\">\u00a0<\/p><p class=\"x_MsoNormal\"><strong>THECLINIC.CL\u00a0<\/strong><\/p><p class=\"x_MsoNormal\"><a href=\"https:\/\/www.theclinic.cl\/2022\/07\/05\/conflicto-agrupacion-mapuche-penaflor\/\">M\u00e1s all\u00e1 de la Araucan\u00eda: cr\u00f3nica de un conflicto mapuche en plena Regi\u00f3n Metropolitana. Se refiere Mar\u00eda Ignacia Sandoval, acad\u00e9mica del Centro de Estudios Constitucionales de Chile (CECOCH).\u00a0<\/a><\/p><p class=\"x_MsoNormal\">\u00a0<\/p><p class=\"x_MsoNormal\"><strong>CANAL TVN RED MAULE\u00a0<\/strong><\/p><p class=\"x_MsoNormal\"><a href=\"https:\/\/www.litoralpress.cl\/sitio\/RadioTV_Detalles.cshtml?LPKey=Y6LLNAVHG3WULRL4GHPEHRGKTMBZLKXFG7VOKLDV5APOKH7IZJMV5XXKPBNE74PY4H6MAT6BQNYN6\">Se registraron manifestaciones por alza en precios de los combustibles. Se refiere Arcadio Cerda, acad\u00e9mico de la Facultad de Econom\u00eda y Negocios (FEN).\u00a0<\/a><\/p><p class=\"x_MsoNormal\">\u00a0<\/p><p class=\"x_MsoNormal\"><strong>ITVPATAGONIA.COM\u00a0<\/strong><\/p><p class=\"x_MsoNormal\"><a href=\"https:\/\/www.itvpatagonia.com\/nacional\/reforma-tributaria-cuales-son-las-medidas-que-busca-aprobar-el-gobierno\/2022\/07\/03\/62c1e762d31e4d000a985eec\">Reforma Tributaria: \u00bfCu\u00e1les son las medidas que busca aprobar el Gobierno? Se refiere Juan Romagosa, acad\u00e9mico de la Facultad de Econom\u00eda y Negocios (FEN).\u00a0<\/a><\/p><p class=\"x_MsoNormal\">\u00a0<\/p><p class=\"x_MsoNormal\"><strong>UESTATALES.CL\u00a0<\/strong><\/p><p class=\"x_MsoNormal\"><a href=\"http:\/\/uestatales.cl\/cue\/?q=node\/9564\">Universidades estales promueven reactivaci\u00f3n econ\u00f3mica capacitando a emprendedores. Se refiere Javier Mu\u00f1oz, decano de la Facultad de Ingenier\u00eda y Rodrigo Vergara, director ejecutivo de MacroFacultad en la UTalca.\u00a0<\/a><\/p><p class=\"x_MsoNormal\">\u00a0<\/p><p class=\"x_MsoNormal\"><strong>CANAL MEGA PLUS\u00a0<\/strong><\/p><p class=\"x_MsoNormal\"><a href=\"https:\/\/www.litoralpress.cl\/sitio\/RadioTV_Detalles.cshtml?LPKey=BQ3GKTFVUDR5CMEAMLXN6GCDXDD7GRMBNFDHR4LERN6NL6NNHIRZRMQM3SVAVKMDLS6KLZMTWGKZQ\">Entrevista a Mar\u00eda Elisa Quinteros, expresidenta de la Convenci\u00f3n Constitucional y acad\u00e9mica de la Facultad de Ciencias de la Salud.\u00a0\u00a0\u00a0<\/a><\/p><p class=\"x_MsoNormal\">\u00a0<\/p><p class=\"x_MsoNormal\"><strong>CANAL MEGA\u00a0<\/strong><\/p><p class=\"x_MsoNormal\"><a href=\"https:\/\/www.litoralpress.cl\/sitio\/RadioTV_Detalles.cshtml?LPKey=SPGLXFQJZBR5KLDG6SMF374JQ6J7A3HWQGBC3UL67WC2ZN2C4WODGID4DGQUHADHPZEE6ESCBF6L2\">Este mi\u00e9rcoles comienzan las campa\u00f1as por el Apruebo y Rechazo para el plebiscito. Se refiere Mauricio Morales, director del Centro de An\u00e1lisis Pol\u00edtico (CAP).\u00a0<\/a><\/p><p class=\"x_MsoNormal\">\u00a0<\/p><p class=\"x_MsoNormal\"><strong>CANAL MEGA\u00a0<\/strong><\/p><p class=\"x_MsoNormal\"><a href=\"https:\/\/www.litoralpress.cl\/sitio\/RadioTV_Detalles.cshtml?LPKey=HZAIHUQ4PHIISZMKNG2NUDDAXDWY4KPKY7AEH6SPQUMSIFLXJPCIXZKRZ5LGVD3D6N5QHOFPGREAY\">Este mi\u00e9rcoles arranca campa\u00f1a por el Apruebo o Rechazo para el plebiscito. Se refiere Mauricio Morales, director del Centro de An\u00e1lisis Pol\u00edtico (CAP).\u00a0<\/a><\/p><p class=\"x_MsoNormal\">\u00a0<\/p><p class=\"x_MsoNormal\"><strong>RADIO INFINITA\u00a0<\/strong><\/p><p class=\"x_MsoNormal\"><a href=\"https:\/\/www.litoralpress.cl\/sitio\/RadioTV_Detalles.cshtml?LPKey=BWV7OL7E4CE3JFBNS4XRTTV2N3QQWTH2JPRLXRGDDJA4NAF42UWELJTGFZ4NNRPR4IJ2RUXQ3JVXC\">Comentario de Mauricio Morales, director del Centro de An\u00e1lisis Pol\u00edtico (CAP). \u00a0<\/a><\/p><p class=\"x_MsoNormal\">\u00a0<\/p>\t\t\t\t\t\t<\/div>\n\t\t\t\t<\/div>\n\t\t\t\t\t<\/div>\n\t\t<\/div>\n\t\t\t\t\t\t\t<\/div>\n\t\t<\/section>\n\t\t\t\t\t\t<\/div>\n\t\t\t\t\t<\/div>\n\t\t","protected":false},"excerpt":{"rendered":"<p>CANAL CONTIVISI\u00d3N\u00a0 La Universidad de Talca lanz\u00f3 nueva edici\u00f3n de la Gu\u00eda del Buen Trato para la Diversidad.\u00a0 \u00a0 ELMOSTRADOR.CL\u00a0 Di\u00e1logo U Talca sobre derechos de las mujeres: &#8220;No quiero que a mis hijas y mis nietas les suceda lo que me pas\u00f3 a m\u00ed&#8221;. \u00a0 \u00a0 DIARIOSENRED.COM\u00a0 UTalca ofrecer\u00e1 diversos panoramas durante las vacaciones &hellip;<\/p>\n<p class=\"read-more\"> <a class=\"\" href=\"https:\/\/www.reportedeprensa.utalca.cl\/?p=4395\"> <span class=\"screen-reader-text\">06 de julio de 2022<\/span> Read More &raquo;<\/a><\/p>\n","protected":false},"author":1,"featured_media":0,"comment_status":"closed","ping_status":"open","sticky":false,"template":"","format":"standard","meta":{"_monsterinsights_skip_tracking":false,"_monsterinsights_sitenote_active":false,"_monsterinsights_sitenote_note":"","_monsterinsights_sitenote_category":0},"categories":[23],"tags":[],"_links":{"self":[{"href":"https:\/\/www.reportedeprensa.utalca.cl\/index.php?rest_route=\/wp\/v2\/posts\/4395"}],"collection":[{"href":"https:\/\/www.reportedeprensa.utalca.cl\/index.php?rest_route=\/wp\/v2\/posts"}],"about":[{"href":"https:\/\/www.reportedeprensa.utalca.cl\/index.php?rest_route=\/wp\/v2\/types\/post"}],"author":[{"embeddable":true,"href":"https:\/\/www.reportedeprensa.utalca.cl\/index.php?rest_route=\/wp\/v2\/users\/1"}],"replies":[{"embeddable":true,"href":"https:\/\/www.reportedeprensa.utalca.cl\/index.php?rest_route=%2Fwp%2Fv2%2Fcomments&post=4395"}],"version-history":[{"count":4,"href":"https:\/\/www.reportedeprensa.utalca.cl\/index.php?rest_route=\/wp\/v2\/posts\/4395\/revisions"}],"predecessor-version":[{"id":4399,"href":"https:\/\/www.reportedeprensa.utalca.cl\/index.php?rest_route=\/wp\/v2\/posts\/4395\/revisions\/4399"}],"wp:attachment":[{"href":"https:\/\/www.reportedeprensa.utalca.cl\/index.php?rest_route=%2Fwp%2Fv2%2Fmedia&parent=4395"}],"wp:term":[{"taxonomy":"category","embeddable":true,"href":"https:\/\/www.reportedeprensa.utalca.cl\/index.php?rest_route=%2Fwp%2Fv2%2Fcategories&post=4395"},{"taxonomy":"post_tag","embeddable":true,"href":"https:\/\/www.reportedeprensa.utalca.cl\/index.php?rest_route=%2Fwp%2Fv2%2Ftags&post=4395"}],"curies":[{"name":"wp","href":"https:\/\/api.w.org\/{rel}","templated":true}]}}