{"id":4416,"date":"2022-07-07T10:49:56","date_gmt":"2022-07-07T13:49:56","guid":{"rendered":"https:\/\/www.reportedeprensa.utalca.cl\/?p=4416"},"modified":"2022-07-07T10:50:25","modified_gmt":"2022-07-07T13:50:25","slug":"07-de-julio-de-2022","status":"publish","type":"post","link":"https:\/\/www.reportedeprensa.utalca.cl\/?p=4416","title":{"rendered":"07 de julio de 2022"},"content":{"rendered":"\t\t<div data-elementor-type=\"wp-post\" data-elementor-id=\"4416\" class=\"elementor elementor-4416\" data-elementor-settings=\"[]\">\n\t\t\t\t\t\t\t<div class=\"elementor-section-wrap\">\n\t\t\t\t\t\t\t<section class=\"elementor-section elementor-top-section elementor-element elementor-element-3fd2c4a6 elementor-section-boxed elementor-section-height-default elementor-section-height-default\" data-id=\"3fd2c4a6\" data-element_type=\"section\">\n\t\t\t\t\t\t<div class=\"elementor-container elementor-column-gap-default\">\n\t\t\t\t\t<div class=\"elementor-column elementor-col-100 elementor-top-column elementor-element elementor-element-13c98baf\" data-id=\"13c98baf\" data-element_type=\"column\">\n\t\t\t<div class=\"elementor-widget-wrap elementor-element-populated\">\n\t\t\t\t\t\t\t\t<div class=\"elementor-element elementor-element-569a881e elementor-widget elementor-widget-text-editor\" data-id=\"569a881e\" data-element_type=\"widget\" data-widget_type=\"text-editor.default\">\n\t\t\t\t<div class=\"elementor-widget-container\">\n\t\t\t\t\t\t\t\t<p class=\"x_MsoNormal\"><strong>LANOTICIA.CL\u00a0<\/strong><\/p><p class=\"x_MsoNormal\"><a href=\"https:\/\/lanoticia.cl\/utalca-lanza-nueva-guia-del-buen-trato-para-la-diversidad\/\">UTalca lanza nueva gu\u00eda del buen trato para la diversidad. \u00a0<\/a><\/p><p class=\"x_MsoNormal\">\u00a0<\/p><p class=\"x_MsoNormal\"><strong>CANAL CONTIVISI\u00d3N\u00a0<\/strong><\/p><p class=\"x_MsoNormal\"><a href=\"https:\/\/www.litoralpress.cl\/sitio\/RadioTV_Detalles.cshtml?LPKey=DMPYTMFBZ7EUDXR4DOOEATX4OVZI22O7A42BNTXTHIKHZWHMVSCR63FE4QSEIR5QIC46OFKKFFA56\">Entablan mesa Maule+I para la innovaci\u00f3n en la regi\u00f3n. Se refiere Nadia Rojas, directora de Innovaci\u00f3n y Transferencia. \u00a0<\/a><\/p><p class=\"x_MsoNormal\">\u00a0<\/p><p class=\"x_MsoNormal\"><strong>RADIO AMIGA\u00a0<\/strong><\/p><p class=\"x_MsoNormal\"><a href=\"https:\/\/www.litoralpress.cl\/sitio\/RadioTV_Detalles.cshtml?LPKey=X637UURYOM46YYDQ3PAZ3CC6KDONQ26HA2KFDTIMXOY5XGZE24AKAYYDY5D5QYA6O4MMRWNULCXUO\">Conforman Mesa Maule+i. Se refiere Nadia Rojas, directora de Innovaci\u00f3n y Transferencia.\u00a0<\/a><\/p><p class=\"x_MsoNormal\">\u00a0<\/p><p class=\"x_MsoNormal\"><strong>CANAL TVN RED MAULE\u00a0<\/strong><\/p><p class=\"x_MsoNormal\"><a href=\"https:\/\/www.litoralpress.cl\/sitio\/RadioTV_Detalles.cshtml?LPKey=ZK4S3LWXWEXVGWCQQVYZUL2WQ63KXTKXWYYTK7YOE5YVVF2BTIQ6SDST7K3FBVYT7EZYVT32E6MXA\">Talca: Realizan mesa intersectorial por la agricultura para mejorar calidad de productos locales. Se menciona al Centro de Inocuidad Alimentaria.\u00a0<\/a><\/p><p class=\"x_MsoNormal\">\u00a0<\/p><p class=\"x_MsoNormal\"><strong>DIARIOELHERALDO.CL\u00a0<\/strong><\/p><p class=\"x_MsoNormal\"><a href=\"http:\/\/www.diarioelheraldo.cl\/noticia\/reactivan-presencialidad-en-comision-sobre-inocuidad-alimentaria-en-el-maule\">Reactivan presencialidad en comisi\u00f3n sobre inocuidad alimentaria en el Maule. Se menciona a Ana Karina Peralta, directora del Centro de Inocuidad Alimentaria.\u00a0<\/a><\/p><p class=\"x_MsoNormal\" aria-hidden=\"true\">\u00a0<\/p><p class=\"x_MsoNormal\"><strong>LANOTICIA.CL\u00a0<\/strong><\/p><p class=\"x_MsoNormal\"><a href=\"https:\/\/lanoticia.cl\/reactivan-presencialidad-en-comision-sobre-inocuidad-alimentaria-en-el-maule\/\">Reactivan presencialidad en Comisi\u00f3n sobre Inocuidad Alimentaria en el Maule. Se menciona a Ana Karina Peralta, directora del Centro de Inocuidad Alimentaria.\u00a0<\/a><\/p><p class=\"x_MsoNormal\" aria-hidden=\"true\">\u00a0<\/p><p class=\"x_MsoNormal\"><strong>EXPLORA.CL\u00a0<\/strong><\/p><p class=\"x_MsoNormal\"><a href=\"https:\/\/www.explora.cl\/maule\/karin-saavedra-asume-direccion-de-explora-maule\/\">Acad\u00e9mica Karin Saavedra asume direcci\u00f3n de Explora Maule. \u00a0<\/a><\/p><p class=\"x_MsoNormal\">\u00a0<\/p><p class=\"x_MsoNormal\"><strong>DIARIOELHERALDO.CL\u00a0<\/strong><\/p><p class=\"x_MsoNormal\"><a href=\"http:\/\/www.diarioelheraldo.cl\/noticia\/ingenieros-de-la-utalca-se-capacitan-en-el-centro-de-investigacion-geomecanica-de-la-universidad-de-toronto-\">Ingenieros de la UTalca se capacitan en el Centro de Investigaci\u00f3n Geomec\u00e1nica de la Universidad de Toronto. Se refieren Javier Mu\u00f1oz, decano de la Facultad de Ingenier\u00eda, Carolina Saavedra y \u00c1lvaro Opazo, estudiantes del Magister en Ingenier\u00eda Mec\u00e1nica.\u00a0<\/a><\/p><p class=\"x_MsoNormal\">\u00a0<\/p><p class=\"x_MsoNormal\"><strong>DIARIOTALCA.CL\u00a0<\/strong><\/p><p class=\"x_MsoNormal\"><a href=\"https:\/\/diariotalca.cl\/lanzan-herramienta-con-aplicacion-online-para-medir-brecha-salarial-de-genero\/\">Lanzan herramienta con aplicaci\u00f3n online para medir brecha salarial de g\u00e9nero. Se refiere Andrea Bentancor, acad\u00e9mica de la Facultad de Econom\u00eda y Negocios (FEN).\u00a0<\/a><\/p><p class=\"x_MsoNormal\">\u00a0<\/p><p class=\"x_MsoNormal\"><strong>PRESERVAR.CL\u00a0<\/strong><\/p><p class=\"x_MsoNormal\"><a href=\"https:\/\/www.preservar.cl\/estudio-revela-cifras-sobre-sindrome-de-fragilidad-en-adultos-mayores\/\">Estudio revela cifras sobre S\u00edndrome de Fragilidad en adultos mayores. Se refiere Iv\u00e1n Palomo, acad\u00e9mico de la Facultad de Ciencias de la Salud. \u00a0<\/a><\/p><p class=\"x_MsoNormal\">\u00a0<\/p><p class=\"x_MsoNormal\"><strong>RADIO COOPERATIVA\u00a0<\/strong><\/p><p class=\"x_MsoNormal\"><a href=\"https:\/\/www.litoralpress.cl\/sitio\/RadioTV_Detalles.cshtml?LPKey=MVJC7BRQD5AZ762BAAWMTGRS6YZHLZOUOGR3UI2I5JUJJCLQ4TIY3CZVINFJKOACBDTEDKSSPYYGY\">Entrevista a Patricio Gonz\u00e1lez, acad\u00e9mico del Centro de Investigaci\u00f3n y Transferencia en Riego y Agroclimatolog\u00eda (CITRA).\u00a0<\/a><\/p><p class=\"x_MsoNormal\">\u00a0<\/p><p class=\"x_MsoNormal\"><strong>RADIO COOPERATIVA\u00a0<\/strong><\/p><p class=\"x_MsoNormal\"><a href=\"https:\/\/www.litoralpress.cl\/sitio\/RadioTV_Detalles.cshtml?LPKey=2T6ZKRJSQNG6JDS2SEJCEH63GBHJXNPZ4USZMZVCOY2FBQB6SFAN5WRZJUTMHKIEOC6N27K5GI7BW\">Un intenso sistema frontal afecta a la zona centro y sur del pa\u00eds. Se refiere Patricio Gonz\u00e1lez, acad\u00e9mico del Centro de Investigaci\u00f3n y Transferencia en Riego y Agroclimatolog\u00eda (CITRA).\u00a0<\/a><\/p><p class=\"x_MsoNormal\">\u00a0<\/p><p class=\"x_MsoNormal\"><strong>COOPERATIVA.CL\u00a0<\/strong><\/p><p class=\"x_MsoNormal\"><a href=\"https:\/\/www.cooperativa.cl\/noticias\/pais\/tiempo\/agroclimatologo-no-esta-lloviendo-a-la-antigua-va-un-10-o-15-menos\/2022-07-06\/131656.html\">Agroclimat\u00f3logo: No est\u00e1 lloviendo &#8220;a la antigua&#8221;, va un 10 o 15% menos que el a\u00f1o pasado. Se refiere Patricio Gonz\u00e1lez, acad\u00e9mico del Centro de Investigaci\u00f3n y Transferencia en Riego y Agroclimatolog\u00eda (CITRA).\u00a0<\/a><\/p><p class=\"x_MsoNormal\">\u00a0<\/p><p class=\"x_MsoNormal\"><strong>COOPERATIVA.CL\u00a0<\/strong><\/p><p class=\"x_MsoNormal\"><a href=\"https:\/\/www.cooperativa.cl\/noticias\/pais\/desastres-naturales\/sequia\/agricultores-ver-pasar-esta-agua-en-invierno-para-llorar-en-el-verano\/2022-07-06\/141315.html\">Agricultores: &#8220;Ver pasar esta agua en invierno para llorar en el verano es un contrasentido&#8221;. Se refiere Patricio Gonz\u00e1lez, acad\u00e9mico del Centro de Investigaci\u00f3n y Transferencia en Riego y Agroclimatolog\u00eda (CITRA).\u00a0<\/a><\/p><p class=\"x_MsoNormal\">\u00a0<\/p><p class=\"x_MsoNormal\"><strong>CANAL TVN RED MAULE\u00a0<\/strong><\/p><p class=\"x_MsoNormal\"><a href=\"https:\/\/www.litoralpress.cl\/sitio\/RadioTV_Detalles.cshtml?LPKey=3FESWNMQBDKDWEOVMHD6RHNKOJC5RJIFYIL3R54C3M3L5JC4CTON5EOB5GXEPJZ5NN5SKG4QQWDDY\">Talca: Piden eliminar restricci\u00f3n a actividades deportivas durante preemergencia ambiental. Se refiere Felipe Varas, acad\u00e9mico de la Facultad de Ingenier\u00eda. \u00a0<\/a><\/p><p class=\"x_MsoNormal\">\u00a0<\/p><p class=\"x_MsoNormal\"><strong>RADIO COOPERATIVA\u00a0<\/strong><\/p><p class=\"x_MsoNormal\"><a href=\"https:\/\/www.litoralpress.cl\/sitio\/RadioTV_Detalles.cshtml?LPKey=OZANAAKSXLZU7VMJ7AR35UPGMGHB5T3WIF6AC32BALJLNOIOVF4IYEU6ZODE5YOQUVQNLQ7BSIPNU\">El precio del d\u00f3lar alcanz\u00f3 hoy por primera vez los mil pesos. Se refiere Arcadio Cerda, acad\u00e9mico de la Facultad de Econom\u00eda y Negocios (FEN).\u00a0<\/a><\/p><p class=\"x_MsoNormal\" aria-hidden=\"true\">\u00a0<\/p><p class=\"x_MsoNormal\"><strong>CANALSURPATAGONIA.CL\u00a0<\/strong><\/p><p class=\"x_MsoNormal\"><a href=\"https:\/\/www.canalsurpatagonia.cl\/historico-el-dolar-llego-a-luca\/\">Hist\u00f3rico: El d\u00f3lar lleg\u00f3 a \u201cluca\u201d.\u00a0\u00a0Se refiere Arcadio Cerda, acad\u00e9mico de la Facultad de Econom\u00eda y Negocios (FEN).\u00a0<\/a><\/p><p class=\"x_MsoNormal\" aria-hidden=\"true\">\u00a0<\/p><p class=\"x_MsoNormal\"><strong>ADPRENSA.CL\u00a0<\/strong><\/p><p class=\"x_MsoNormal\"><a href=\"https:\/\/www.adprensa.cl\/cronica\/economista-de-la-utalca-el-dolar-seguira-buscando-el-techo-de-los-mil-pesos-y-podria-pasar-esa-barrera\/\">Economista de la UTalca: \u201cEl d\u00f3lar seguir\u00e1 buscando el techo de los mil pesos y podr\u00eda pasar esa barrera\u201d. Se refiere Hern\u00e1n D\u00edaz, acad\u00e9mico de la Facultad de Econom\u00eda y Negocios (FEN).\u00a0<\/a><\/p><p class=\"x_MsoNormal\">\u00a0<\/p><p class=\"x_MsoNormal\"><strong>G5NOTICIAS.CL\u00a0<\/strong><\/p><p class=\"x_MsoNormal\"><a href=\"https:\/\/g5noticias.cl\/2022\/07\/06\/economista-de-la-utalca-el-dolar-seguira-buscando-el-techo-de-los-mil-pesos-y-podria-pasar-esa-barrera\/\">Economista de la UTalca: \u201cEl d\u00f3lar seguir\u00e1 buscando el techo de los mil pesos y podr\u00eda pasar esa barrera\u201d. Se refiere Hern\u00e1n D\u00edaz, acad\u00e9mico de la Facultad de Econom\u00eda y Negocios (FEN).\u00a0<\/a><\/p><p class=\"x_MsoNormal\" aria-hidden=\"true\">\u00a0<\/p><p class=\"x_MsoNormal\"><strong>ELMOSTRADOR.CL\u00a0<\/strong><\/p><p class=\"x_MsoNormal\"><a href=\"https:\/\/www.elmostrador.cl\/agenda-pais\/2022\/07\/06\/ninos-y-ninas-en-casa-expertos-recomiendan-que-hacer-durante-las-vacaciones-de-invierno\/\">Ni\u00f1os y ni\u00f1as en casa: expertos recomiendan qu\u00e9 hacer durante las vacaciones de invierno. Se refieren Carolina Correa, acad\u00e9mica de la Facultad de Ciencias de la Educaci\u00f3n y Pablo L\u00f3pez, director de la Escuela de Terapia Ocupacional.\u00a0<\/a><\/p><p class=\"x_MsoNormal\">\u00a0<\/p><p class=\"x_MsoNormal\"><strong>ADPRENSA.CL\u00a0<\/strong><\/p><p class=\"x_MsoNormal\"><a href=\"https:\/\/www.adprensa.cl\/cronica\/ninos-en-casa-expertos-recomiendan-que-hacer-durante-las-vacaciones-de-invierno\/\">Ni\u00f1os en casa: expertos recomiendan qu\u00e9 hacer durante las vacaciones de invierno. Se refieren Carolina Correa, acad\u00e9mica de la Facultad de Ciencias de la Educaci\u00f3n y Pablo L\u00f3pez, director de la Escuela de Terapia Ocupacional. \u00a0<\/a><\/p><p class=\"x_MsoNormal\">\u00a0<\/p><p class=\"x_MsoNormal\"><strong>CANAL CONTIVISI\u00d3N\u00a0<\/strong><\/p><p class=\"x_MsoNormal\"><a href=\"https:\/\/www.litoralpress.cl\/sitio\/RadioTV_Detalles.cshtml?LPKey=LNTEPGAIDCKE7IDES6KGJ7MN4ZGQB34PVHFV7IMPLE4N535D3CUOA3GRBEALQZMWS6BVODYDIV5EK\">Padres se organizan en vacaciones de invierno de escolares. Se refiere Pablo L\u00f3pez, director de la Escuela de Terapia Ocupacional.\u00a0<\/a><\/p><p class=\"x_MsoNormal\">\u00a0<\/p><p class=\"x_MsoNormal\"><strong>ELMAULEINFORMA.CL\u00a0<\/strong><\/p><p class=\"x_MsoNormal\"><a href=\"https:\/\/elmauleinforma.cl\/ninos-en-casa-expertos-recomiendan-que-hacer-durante-las-vacaciones-de-invierno\/\">Ni\u00f1os en casa: expertos recomiendan qu\u00e9 hacer durante las vacaciones de invierno. Se refieren Carolina Correa, acad\u00e9mica de la Facultad de Ciencias de la Educaci\u00f3n y Pablo L\u00f3pez, director de la Escuela de Terapia Ocupacional.\u00a0<\/a><\/p><p class=\"x_MsoNormal\" aria-hidden=\"true\">\u00a0<\/p><p class=\"x_MsoNormal\"><strong>DIARIOTALCA.CL\u00a0<\/strong><\/p><p class=\"x_MsoNormal\"><a href=\"https:\/\/diariotalca.cl\/vas-a-pasar-vacaciones-de-invierno-sin-salir-de-talca-aqui-datos-entretenidos\/\">\u00bfVas a pasar vacaciones de invierno sin salir de Talca? Aqu\u00ed datos entretenidos. \u00a0<\/a><\/p><p class=\"x_MsoNormal\">\u00a0<\/p><p class=\"x_MsoNormal\"><strong>RADIO AMIGA\u00a0<\/strong><\/p><p class=\"x_MsoNormal\"><a href=\"https:\/\/www.litoralpress.cl\/sitio\/RadioTV_Detalles.cshtml?LPKey=UZ6HVMHQ6BEEFMLMOYRQWVNVIKQDVJ2JRTWXGGX7TZ43AFMBSN3WBCEUFU6ZPPKVZGB4RCLKUDFQU\">Alternativas para la recreaci\u00f3n de menores durante las vacaciones de invierno. Se refiere Pablo L\u00f3pez, director de la Escuela de Terapia Ocupacional.\u00a0<\/a><\/p><p class=\"x_MsoNormal\" aria-hidden=\"true\">\u00a0<\/p><p class=\"x_MsoNormal\"><strong>CANAL MEGA\u00a0<\/strong><\/p><p class=\"x_MsoNormal\"><a href=\"https:\/\/www.litoralpress.cl\/sitio\/RadioTV_Detalles.cshtml?LPKey=GLD6I423CDFL4G4H6MA5K2TETG5HZZXW4YVYO4OUBXW5GXQGCO3BZ22RLOHT52JT7MEMWQITUNFPC\">Hoy comienza per\u00edodo de campa\u00f1a y propaganda de cara al plebiscito. Se refiere Mauricio Morales, director del Centro de An\u00e1lisis Pol\u00edtico (CAP). \u00a0<\/a><\/p><p class=\"x_MsoNormal\">\u00a0<\/p><p class=\"x_MsoNormal\"><strong>RADIO INFINITA\u00a0<\/strong><\/p><p class=\"x_MsoNormal\"><a href=\"https:\/\/www.litoralpress.cl\/sitio\/RadioTV_Detalles.cshtml?LPKey=SPPHODGLKBJZAARDCX7ZOJPPTDGIBOVGHEUOBJCVO2YCUTDOKDMCVFSWMRKU5S2V6GYD34JGVE2T2\">Comentario de Mauricio Morales, director del Centro de An\u00e1lisis Pol\u00edtico (CAP).\u00a0<\/a><\/p><p class=\"x_MsoNormal\">\u00a0<\/p><p class=\"x_MsoNormal\"><strong>CANAL TV5 LINARES\u00a0<\/strong><\/p><p class=\"x_MsoNormal\"><a href=\"https:\/\/www.litoralpress.cl\/sitio\/RadioTV_Detalles.cshtml?LPKey=YFKJZWO5GDQYS7LJEG4XOXRABSKNNPG2CDNWLDVUP5EK6UFYS7W7UCD2AEVOY36BVZFS5CIU65O3A\">Plebiscito del 4 de septiembre. Se refiere Mario Herrera, acad\u00e9mico del Centro de An\u00e1lisis Pol\u00edtico (CAP).\u00a0<\/a><\/p><p class=\"x_MsoNormal\">\u00a0<\/p><p class=\"x_MsoNormal\"><strong>RADIO RTL DE CURIC\u00d3\u00a0<\/strong><\/p><p class=\"x_MsoNormal\"><a href=\"https:\/\/www.litoralpress.cl\/sitio\/RadioTV_Detalles.cshtml?LPKey=JNB23T5GOAWOXEZQ3VD2IR7YXZABCAPZZ3R5JLFEWGN363IEQZU73EC2TXO7XMVJR4Z3IQRW5IWSU\">Entrevista a Mario Herrera, acad\u00e9mico del Centro de An\u00e1lisis Pol\u00edtico (CAP).\u00a0<\/a><\/p><p class=\"x_MsoNormal\" aria-hidden=\"true\">\u00a0<\/p><p class=\"x_MsoNormal\"><strong>CANAL TVN RED MAULE\u00a0<\/strong><\/p><p class=\"x_MsoNormal\"><a href=\"https:\/\/www.litoralpress.cl\/sitio\/RadioTV_Detalles.cshtml?LPKey=N4YJV2WL4I3UHWIZP4JY46V2LYV64WYCOFNYJ6WZEKLLTLKFFS52DJQA5YHC2RMEX5DYBRCSTTCXE\">Talca: Ma\u00f1ana se estrenar\u00e1 el documental a la escultura homenaje a Rub\u00e9n Dar\u00edo.\u00a0<\/a><\/p><p class=\"x_MsoNormal\">\u00a0<\/p>\t\t\t\t\t\t<\/div>\n\t\t\t\t<\/div>\n\t\t\t\t\t<\/div>\n\t\t<\/div>\n\t\t\t\t\t\t\t<\/div>\n\t\t<\/section>\n\t\t\t\t\t\t<\/div>\n\t\t\t\t\t<\/div>\n\t\t","protected":false},"excerpt":{"rendered":"<p>LANOTICIA.CL\u00a0 UTalca lanza nueva gu\u00eda del buen trato para la diversidad. \u00a0 \u00a0 CANAL CONTIVISI\u00d3N\u00a0 Entablan mesa Maule+I para la innovaci\u00f3n en la regi\u00f3n. Se refiere Nadia Rojas, directora de Innovaci\u00f3n y Transferencia. \u00a0 \u00a0 RADIO AMIGA\u00a0 Conforman Mesa Maule+i. Se refiere Nadia Rojas, directora de Innovaci\u00f3n y Transferencia.\u00a0 \u00a0 CANAL TVN RED MAULE\u00a0 Talca: &hellip;<\/p>\n<p class=\"read-more\"> <a class=\"\" href=\"https:\/\/www.reportedeprensa.utalca.cl\/?p=4416\"> <span class=\"screen-reader-text\">07 de julio de 2022<\/span> Read More &raquo;<\/a><\/p>\n","protected":false},"author":1,"featured_media":0,"comment_status":"closed","ping_status":"open","sticky":false,"template":"","format":"standard","meta":{"_monsterinsights_skip_tracking":false,"_monsterinsights_sitenote_active":false,"_monsterinsights_sitenote_note":"","_monsterinsights_sitenote_category":0},"categories":[23],"tags":[],"_links":{"self":[{"href":"https:\/\/www.reportedeprensa.utalca.cl\/index.php?rest_route=\/wp\/v2\/posts\/4416"}],"collection":[{"href":"https:\/\/www.reportedeprensa.utalca.cl\/index.php?rest_route=\/wp\/v2\/posts"}],"about":[{"href":"https:\/\/www.reportedeprensa.utalca.cl\/index.php?rest_route=\/wp\/v2\/types\/post"}],"author":[{"embeddable":true,"href":"https:\/\/www.reportedeprensa.utalca.cl\/index.php?rest_route=\/wp\/v2\/users\/1"}],"replies":[{"embeddable":true,"href":"https:\/\/www.reportedeprensa.utalca.cl\/index.php?rest_route=%2Fwp%2Fv2%2Fcomments&post=4416"}],"version-history":[{"count":4,"href":"https:\/\/www.reportedeprensa.utalca.cl\/index.php?rest_route=\/wp\/v2\/posts\/4416\/revisions"}],"predecessor-version":[{"id":4420,"href":"https:\/\/www.reportedeprensa.utalca.cl\/index.php?rest_route=\/wp\/v2\/posts\/4416\/revisions\/4420"}],"wp:attachment":[{"href":"https:\/\/www.reportedeprensa.utalca.cl\/index.php?rest_route=%2Fwp%2Fv2%2Fmedia&parent=4416"}],"wp:term":[{"taxonomy":"category","embeddable":true,"href":"https:\/\/www.reportedeprensa.utalca.cl\/index.php?rest_route=%2Fwp%2Fv2%2Fcategories&post=4416"},{"taxonomy":"post_tag","embeddable":true,"href":"https:\/\/www.reportedeprensa.utalca.cl\/index.php?rest_route=%2Fwp%2Fv2%2Ftags&post=4416"}],"curies":[{"name":"wp","href":"https:\/\/api.w.org\/{rel}","templated":true}]}}