{"id":4433,"date":"2022-07-08T10:14:40","date_gmt":"2022-07-08T13:14:40","guid":{"rendered":"https:\/\/www.reportedeprensa.utalca.cl\/?p=4433"},"modified":"2022-07-08T10:15:50","modified_gmt":"2022-07-08T13:15:50","slug":"08-de-julio-de-2022","status":"publish","type":"post","link":"https:\/\/www.reportedeprensa.utalca.cl\/?p=4433","title":{"rendered":"08 de julio de 2022"},"content":{"rendered":"\t\t<div data-elementor-type=\"wp-post\" data-elementor-id=\"4433\" class=\"elementor elementor-4433\" data-elementor-settings=\"[]\">\n\t\t\t\t\t\t\t<div class=\"elementor-section-wrap\">\n\t\t\t\t\t\t\t<section class=\"elementor-section elementor-top-section elementor-element elementor-element-416796f elementor-section-boxed elementor-section-height-default elementor-section-height-default\" data-id=\"416796f\" data-element_type=\"section\">\n\t\t\t\t\t\t<div class=\"elementor-container elementor-column-gap-default\">\n\t\t\t\t\t<div class=\"elementor-column elementor-col-100 elementor-top-column elementor-element elementor-element-934a04e\" data-id=\"934a04e\" data-element_type=\"column\">\n\t\t\t<div class=\"elementor-widget-wrap elementor-element-populated\">\n\t\t\t\t\t\t\t\t<div class=\"elementor-element elementor-element-1015ec63 elementor-widget elementor-widget-text-editor\" data-id=\"1015ec63\" data-element_type=\"widget\" data-widget_type=\"text-editor.default\">\n\t\t\t\t<div class=\"elementor-widget-container\">\n\t\t\t\t\t\t\t\t<p class=\"x_MsoNormal\"><strong>LA TERCERA\u00a0<\/strong><\/p><p class=\"x_MsoNormal\"><a href=\"https:\/\/www.litoralpress.cl\/sitio\/Prensa_PaginaCompleta.cshtml?LPKey=4XANYNNFUSFL7PXRIZP2OOQRZXFOANADMBBGWHSZA4CJBHTWSY6Q\">Casi 40 universidades se unen para crear la mayor instituci\u00f3n de an\u00e1lisis de datos.\u00a0<\/a><\/p><p>\u00a0<\/p><p class=\"x_MsoNormal\"><strong>ELMOSTRADOR.CL\u00a0<\/strong><\/p><p class=\"x_MsoNormal\"><a href=\"https:\/\/www.elmostrador.cl\/cultura\/2022\/07\/07\/mas-de-cuarenta-instituciones-cientificas-y-academicas-se-unen-para-crear-el-laboratorio-nacional-de-supercomputacion\/\">M\u00e1s de cuarenta instituciones cient\u00edficas y acad\u00e9micas se unen para crear el Laboratorio Nacional de Supercomputaci\u00f3n. \u00a0<\/a><\/p><p>\u00a0<\/p><p class=\"x_MsoNormal\"><strong>CANAL 13\u00a0<\/strong><\/p><p class=\"x_MsoNormal\"><a href=\"https:\/\/www.litoralpress.cl\/sitio\/RadioTV_Detalles.cshtml?LPKey=UPXZYYX2J7O367BHC7P4AKHWZS624DIS7SW5EVBCYAOWVCXUI7EK7JTHBEPGMPLCZMU532S7IOP7I\">Meteoro ilumino la noche en el centro del pa\u00eds. Se refiere Daniela Olave, acad\u00e9mica de la Facultad de Ingenier\u00eda. \u00a0<\/a><\/p><p>\u00a0<\/p><p class=\"x_MsoNormal\"><strong>ELCENTRO.CL\u00a0<\/strong><\/p><p class=\"x_MsoNormal\"><a href=\"https:\/\/elcentro.cl\/2022\/07\/07\/proyecto-de-la-utalca-busca-incentivar-disminucion-de-contaminantes-en-el-aire\/\">Proyecto de la UTalca busca incentivar disminuci\u00f3n de contaminantes en el aire. Se refiere Felipe Varas, acad\u00e9mico de la Facultad de Ingenier\u00eda. <\/a><\/p><p class=\"x_MsoNormal\">\u00a0<\/p><p class=\"x_MsoNormal\"><strong>ELMAULEINFORMA.CL\u00a0<\/strong><\/p><p class=\"x_MsoNormal\"><a href=\"https:\/\/elmauleinforma.cl\/proyecto-de-la-utalca-busca-incentivar-disminucion-de-contaminantes-en-el-aire\/\">Proyecto de la UTalca busca incentivar disminuci\u00f3n de contaminantes en el aire. Se refiere Felipe Varas, acad\u00e9mico de la Facultad de Ingenier\u00eda.\u00a0<\/a><\/p><p>\u00a0<\/p><p class=\"x_MsoNormal\"><strong>LA PRENSA\u00a0<\/strong><\/p><p class=\"x_MsoNormal\"><a href=\"https:\/\/www.litoralpress.cl\/paginaconsultas\/Servicios_NClipSitio\/Get_Imagen_Nota.aspx?LPKey=IJFBFLUTYD2HDFDQPGDMPWAK7JGECXCA4PQZNGZRVVVYUW2KJ7PYY2DZNXE2W56BSLYEY7B3JSYXM\">Reconocida docente Karin Saavedra asume la direcci\u00f3n de Explora Maule.\u00a0<\/a><\/p><p>\u00a0<\/p><p class=\"x_MsoNormal\"><strong>EL LECTOR<\/strong>\u00a0<\/p><p class=\"x_MsoNormal\"><a href=\"https:\/\/www.litoralpress.cl\/paginaconsultas\/Servicios_NClipSitio\/Get_Imagen_Nota.aspx?LPKey=SNNDB4DI7MJCY4F367RJPADC6IC4D3QC65757C74OV5IFSQG4RZHFVOAUOCVSBF7KH5AJALIUBIA2\">Reactivan presencialidad en comisi\u00f3n sobre inocuidad alimentaria en el Maule. Se menciona al Centro de Inocuidad Alimentaria.\u00a0<\/a><\/p><p>\u00a0<\/p><p class=\"x_MsoNormal\"><strong>RADIO AMIGA\u00a0<\/strong><\/p><p class=\"x_MsoNormal\"><a href=\"https:\/\/www.litoralpress.cl\/sitio\/RadioTV_Detalles.cshtml?LPKey=7XKKAR2FN4RIR72VJOWWTRQJUHYD36NFI5VNT5C73PNJN4HRWUGSSC2UQMZRBZ64CLSKYIMG7HONM\">Talca: Comisi\u00f3n Asesora Regional de Inocuidad Alimentaria del Maule retom\u00f3 las actividades presenciales. Se menciona al Centro de Inocuidad Alimentaria. \u00a0<\/a><\/p><p>\u00a0<\/p><p class=\"x_MsoNormal\"><strong>RADIO DE CARABINEROS DE CHILE\u00a0<\/strong><\/p><p class=\"x_MsoNormal\"><a href=\"https:\/\/www.litoralpress.cl\/sitio\/RadioTV_Detalles.cshtml?LPKey=PCESE2TQB7NR3OOX5MJRQQV5HYQ6DWFX4CKJZRLAKI77UZAFEPDBZ6LMP4WTD2VZXSQXZ2WH7QIGE\">Entrevista a Omar Fuentes, profesor de la Escuela de Enfermer\u00eda. \u00a0<\/a><\/p><p>\u00a0<\/p><p class=\"x_MsoNormal\"><strong>EL HERALDO\u00a0<\/strong><\/p><p class=\"x_MsoNormal\"><a href=\"https:\/\/www.litoralpress.cl\/paginaconsultas\/Servicios_NClipSitio\/Get_Imagen_Nota.aspx?LPKey=KCKMWCGV6MHU2257PQMGQSPUJ75JAPUSK3EMVFHZZWA6WAETOZMZD3PTF46QEK2YQGMEBE2K5QQBS\">Ingenieros de la UTalca se capacitan en el Centro de Investigaci\u00f3n Geomec\u00e1nica de la Universidad de Toronto. Se refiere Javier Mu\u00f1oz, decano de la Facultad de Ingenier\u00eda, Carolina Saavedra y \u00c1lvaro Opazo, estudiantes del Mag\u00edster en Ingenier\u00eda Mec\u00e1nica.\u00a0<\/a><\/p><p>\u00a0<\/p><p class=\"x_MsoNormal\"><strong>DIARIO FINANCIERO\u00a0<\/strong><\/p><p class=\"x_MsoNormal\"><a href=\"https:\/\/www.litoralpress.cl\/sitio\/Prensa_PaginaCompleta.cshtml?LPKey=TMRMUIZOFEPRIFABD4EXVQ4KOKHWPZW7DE5FR44TBIM6NIKH5TQQ\">Se queda corto peak de 13%: Vuelven a subir pron\u00f3sticos para la inflaci\u00f3n a la espera de que el BC rompa el silencio. Se refiere Hern\u00e1n D\u00edaz, acad\u00e9mico de la Facultad de Econom\u00eda y Negocios (FEN).\u00a0<\/a><\/p><p>\u00a0<\/p><p class=\"x_MsoNormal\"><strong>DF.CL\u00a0<\/strong><\/p><p class=\"x_MsoNormal\"><a href=\"https:\/\/www.litoralpress.cl\/paginaconsultas\/Documentos\/Get_Imagen.aspx?lpkey=5BO62AC7XJVXIER7CG4FKEXCBIGAIIOM2TKAG3W6ISBYMIAZZBS3A2ZETWLYZVTRJCU4AFGN7F6HY\">Se queda corto peak de 13%: Vuelven a subir pron\u00f3sticos para la inflaci\u00f3n a la espera de que el BC rompa el silencio.\u00a0Se refiere Hern\u00e1n D\u00edaz, acad\u00e9mico de la Facultad de Econom\u00eda y Negocios (FEN).\u00a0<\/a><\/p><p>\u00a0<\/p><p class=\"x_MsoNormal\"><strong>LA DISCUSI\u00d3N\u00a0<\/strong><\/p><p class=\"x_MsoNormal\"><a href=\"https:\/\/www.litoralpress.cl\/paginaconsultas\/Servicios_NClipSitio\/Get_Imagen_Nota.aspx?LPKey=TOM4G6TODRZM22ZD7Y5EDATG5RJIL4OQ2ZRLH7EFPFC3UZQGK6QVLXESGNMRW2RMVGS67HGYAAUVE\">D\u00f3lar lleg\u00f3 a $1. 000 para m\u00e1s tarde quedar en $965 a las 14.00 horas de ayer. Se refiere Arcadio Cerda, acad\u00e9mico de la Facultad de Econom\u00eda y Negocios (FEN).\u00a0<\/a><\/p><p>\u00a0<\/p><p class=\"x_MsoNormal\"><strong>LA PRENSA\u00a0<\/strong><\/p><p class=\"x_MsoNormal\"><a href=\"https:\/\/www.litoralpress.cl\/paginaconsultas\/Servicios_NClipSitio\/Get_Imagen_Nota.aspx?LPKey=HC6PCH2GAA6ZZ7RRNTHWUEG4QJ2ADM5ZLY6HYBASLZEXQAXHY2752GXH5FOR2FXNBEEWGOIL7OH5G\">\u201cEl d\u00f3lar seguir\u00e1 buscando el techo de los mil pesos y podr\u00eda pasar esa barrera\u201d. Se refiere Hern\u00e1n D\u00edaz, acad\u00e9mico de la Facultad de Econom\u00eda y Negocios (FEN).\u00a0<\/a><\/p><p>\u00a0<\/p><p class=\"x_MsoNormal\"><strong>ELCENTRO.CL\u00a0<\/strong><\/p><p class=\"x_MsoNormal\"><a href=\"https:\/\/elcentro.cl\/2022\/07\/07\/economista-de-la-utalca-el-dolar-seguira-buscando-el-techo-de-los-mil-pesos-y-podria-pasar-esa-barrera\/\">Economista de la UTalca: \u201cEl d\u00f3lar seguir\u00e1 buscando el techo de los mil pesos y podr\u00eda pasar esa barrera\u201d. Se refiere Hern\u00e1n D\u00edaz, acad\u00e9mico de la Facultad de Econom\u00eda y Negocios (FEN).\u00a0<\/a><\/p><p>\u00a0<\/p><p class=\"x_MsoNormal\"><strong>RADIO AMIGA\u00a0<\/strong><\/p><p class=\"x_MsoNormal\"><a href=\"https:\/\/www.litoralpress.cl\/sitio\/RadioTV_Detalles.cshtml?LPKey=4726Z24ICGCUUAGHAWFZ5QCYJIHQ54JIZRP6IZKVDAIYR4P7S7RGTGEZQISDBP6IC6BIM27XMSFL2\">El precio del d\u00f3lar alcanza cifras hist\u00f3ricas en medio de la incertidumbre pol\u00edtica en Chile. Se refiere Hern\u00e1n D\u00edaz, acad\u00e9mico de la Facultad de Econom\u00eda y Negocios (FEN).\u00a0<\/a><\/p><p>\u00a0<\/p><p class=\"x_MsoNormal\"><strong>LA PRENSA\u00a0<\/strong><\/p><p class=\"x_MsoNormal\"><a href=\"https:\/\/www.litoralpress.cl\/paginaconsultas\/Servicios_NClipSitio\/Get_Imagen_Nota.aspx?LPKey=YTNGG2CHHGP3ITT6BSUMVNWHTTR42OAYAK5DZLBXPU46ZH7L72Z4BJ56XPAD3PCEA7EETG7HXA77S\">Ni\u00f1os en casa: expertos recomiendan qu\u00e9 hacer durante las vacaciones de invierno. Se refieren Carolina Correa, acad\u00e9mica de la Facultad de Ciencias de la Educaci\u00f3n y Pablo L\u00f3pez, director de la Escuela de Terapia Ocupacional.\u00a0\u00a0\u00a0<\/a><\/p><p>\u00a0<\/p><p class=\"x_MsoNormal\"><strong>CANAL TVN RED MAULE\u00a0<\/strong><\/p><p class=\"x_MsoNormal\"><a href=\"https:\/\/www.litoralpress.cl\/sitio\/RadioTV_Detalles.cshtml?LPKey=4WKT26UNRPQLB4KYTFBQMZOIISFWDDSSKGX5FTFVJIV5NRHGIOO5YCTLK6V6JKKOD7M2W3HRK2PGI\">Alternativas de panoramas para vacaciones de invierno. Se refiere Pablo L\u00f3pez, director de la Escuela de Terapia Ocupacional. \u00a0<\/a><\/p><p>\u00a0<\/p><p class=\"x_MsoNormal\"><strong>PORTALEDUCACION.CL\u00a0<\/strong><\/p><p class=\"x_MsoNormal\"><a href=\"https:\/\/portaleducacion.cl\/index.php\/2022\/07\/07\/ninos-en-casa-expertos-recomiendan-que-hacer-durante-las-vacaciones-de-invierno\/\">Ni\u00f1os en casa: expertos recomiendan qu\u00e9 hacer durante las vacaciones de invierno. Se refieren Carolina Correa, acad\u00e9mica de la Facultad de Ciencias de la Educaci\u00f3n y Pablo L\u00f3pez, director de la Escuela de Terapia Ocupacional.\u00a0\u00a0\u00a0\u00a0<\/a><\/p><p>\u00a0<\/p><p class=\"x_MsoNormal\"><strong>DIARIOTALCA.CL\u00a0<\/strong><\/p><p class=\"x_MsoNormal\"><a href=\"https:\/\/diariotalca.cl\/ninos-en-casa-expertos-recomiendan-que-hacer-durante-las-vacaciones-de-invierno\/\">Ni\u00f1os en casa: expertos recomiendan qu\u00e9 hacer durante las vacaciones de invierno. Se refieren Carolina Correa, acad\u00e9mica de la Facultad de Ciencias de la Educaci\u00f3n y Pablo L\u00f3pez, director de la Escuela de Terapia Ocupacional.\u00a0\u00a0\u00a0\u00a0<\/a><\/p><p>\u00a0<\/p><p class=\"x_MsoNormal\"><strong>DIARIOLAPRENSA.CL\u00a0<\/strong><\/p><p class=\"x_MsoNormal\"><a href=\"https:\/\/new.diariolaprensa.cl\/index.php\/2022\/07\/07\/ninos-en-casa-expertos-recomiendan-que-hacer-durante-las-vacaciones-de-invierno\/\">Ni\u00f1os en casa: expertos recomiendan qu\u00e9 hacer durante las vacaciones de invierno. Se refieren Carolina Correa, acad\u00e9mica de la Facultad de Ciencias de la Educaci\u00f3n y Pablo L\u00f3pez, director de la Escuela de Terapia Ocupacional.\u00a0\u00a0\u00a0\u00a0<\/a><\/p><p>\u00a0<\/p><p class=\"x_MsoNormal\"><strong>G5NOTICIAS.CL\u00a0<\/strong><\/p><p class=\"x_MsoNormal\"><a href=\"https:\/\/g5noticias.cl\/2022\/07\/07\/ninos-en-casa-expertos-recomiendan-que-hacer-durante-las-vacaciones-de-invierno\/\">Ni\u00f1os en casa: expertos recomiendan qu\u00e9 hacer durante las vacaciones de invierno. Se refieren Carolina Correa, acad\u00e9mica de la Facultad de Ciencias de la Educaci\u00f3n y Pablo L\u00f3pez, director de la Escuela de Terapia Ocupacional.\u00a0\u00a0\u00a0\u00a0<\/a><\/p><p>\u00a0<\/p><p class=\"x_MsoNormal\"><strong>RADIO AMIGA\u00a0<\/strong><\/p><p class=\"x_MsoNormal\"><a href=\"https:\/\/www.litoralpress.cl\/sitio\/RadioTV_Detalles.cshtml?LPKey=2W76BLE3D6ANK6JX4LQVSISXWUDWOIPD274OQ44YDZYENHWYGZUHALYK6XFKDX77CF6TZZZE2DFOY\">Expertos aconsejan rutinas para ni\u00f1os en vacaciones. Se refiere Pablo L\u00f3pez, director de la Escuela de Terapia Ocupacional. \u00a0<\/a><\/p><p>\u00a0<\/p><p class=\"x_MsoNormal\"><strong>LA REGI\u00d3N\u00a0<\/strong><\/p><p class=\"x_MsoNormal\"><a href=\"https:\/\/www.litoralpress.cl\/paginaconsultas\/Servicios_NClipSitio\/Get_Imagen_Nota.aspx?LPKey=IMG4JMDR6V7VKWBCECXC2GQKSLJ3IL6WKIO4CA57VVOQAK236U5IG3JTZBFJXAQA2AKKPCFVTS3LE\">\u00abCumplimos con un mandato para escribir la propuesta, ahora depende de la gente votar informada\u00bb Se refiere Mar\u00eda Elisa Quinteros, ex presidenta de la Convenci\u00f3n Constitucional y acad\u00e9mica de la Facultad de Ciencias de la Salud.\u00a0<\/a><\/p><p>\u00a0<\/p><p class=\"x_MsoNormal\"><strong>RADIO INFINITA\u00a0<\/strong><\/p><p class=\"x_MsoNormal\"><a href=\"https:\/\/www.litoralpress.cl\/sitio\/RadioTV_Detalles.cshtml?LPKey=DO6ET3IRTV7EXJ565UGSHQMEHYX5B2CEAGPSZ4HKLX35FIM6S3VUH4MM4JIWR4SQASKX7ZI2LH5SU\">Comentario de Mauricio Morales, director del Centro de An\u00e1lisis Pol\u00edtico (CAP).\u00a0<\/a><\/p><p>\u00a0<\/p><p class=\"x_MsoNormal\"><strong>CANAL TVN RED MAULE\u00a0<\/strong><\/p><p class=\"x_MsoNormal\"><a href=\"https:\/\/www.litoralpress.cl\/sitio\/RadioTV_Detalles.cshtml?LPKey=DRU2KUKXLC336ODJUPIN4WR6LZPJHP7YQ5QBREIMHMWQN3OB3YXRAPNPQZLMB5R5FV72BQ34AEH4I\">Panoramas. Se menciona el Centro de Extensi\u00f3n de la UTalca.\u00a0<\/a><\/p>\t\t\t\t\t\t<\/div>\n\t\t\t\t<\/div>\n\t\t\t\t\t<\/div>\n\t\t<\/div>\n\t\t\t\t\t\t\t<\/div>\n\t\t<\/section>\n\t\t\t\t\t\t<\/div>\n\t\t\t\t\t<\/div>\n\t\t","protected":false},"excerpt":{"rendered":"<p>LA TERCERA\u00a0 Casi 40 universidades se unen para crear la mayor instituci\u00f3n de an\u00e1lisis de datos.\u00a0 \u00a0 ELMOSTRADOR.CL\u00a0 M\u00e1s de cuarenta instituciones cient\u00edficas y acad\u00e9micas se unen para crear el Laboratorio Nacional de Supercomputaci\u00f3n. \u00a0 \u00a0 CANAL 13\u00a0 Meteoro ilumino la noche en el centro del pa\u00eds. Se refiere Daniela Olave, acad\u00e9mica de la Facultad &hellip;<\/p>\n<p class=\"read-more\"> <a class=\"\" href=\"https:\/\/www.reportedeprensa.utalca.cl\/?p=4433\"> <span class=\"screen-reader-text\">08 de julio de 2022<\/span> Read More &raquo;<\/a><\/p>\n","protected":false},"author":1,"featured_media":0,"comment_status":"closed","ping_status":"open","sticky":false,"template":"","format":"standard","meta":{"_monsterinsights_skip_tracking":false,"_monsterinsights_sitenote_active":false,"_monsterinsights_sitenote_note":"","_monsterinsights_sitenote_category":0},"categories":[23],"tags":[],"_links":{"self":[{"href":"https:\/\/www.reportedeprensa.utalca.cl\/index.php?rest_route=\/wp\/v2\/posts\/4433"}],"collection":[{"href":"https:\/\/www.reportedeprensa.utalca.cl\/index.php?rest_route=\/wp\/v2\/posts"}],"about":[{"href":"https:\/\/www.reportedeprensa.utalca.cl\/index.php?rest_route=\/wp\/v2\/types\/post"}],"author":[{"embeddable":true,"href":"https:\/\/www.reportedeprensa.utalca.cl\/index.php?rest_route=\/wp\/v2\/users\/1"}],"replies":[{"embeddable":true,"href":"https:\/\/www.reportedeprensa.utalca.cl\/index.php?rest_route=%2Fwp%2Fv2%2Fcomments&post=4433"}],"version-history":[{"count":4,"href":"https:\/\/www.reportedeprensa.utalca.cl\/index.php?rest_route=\/wp\/v2\/posts\/4433\/revisions"}],"predecessor-version":[{"id":4437,"href":"https:\/\/www.reportedeprensa.utalca.cl\/index.php?rest_route=\/wp\/v2\/posts\/4433\/revisions\/4437"}],"wp:attachment":[{"href":"https:\/\/www.reportedeprensa.utalca.cl\/index.php?rest_route=%2Fwp%2Fv2%2Fmedia&parent=4433"}],"wp:term":[{"taxonomy":"category","embeddable":true,"href":"https:\/\/www.reportedeprensa.utalca.cl\/index.php?rest_route=%2Fwp%2Fv2%2Fcategories&post=4433"},{"taxonomy":"post_tag","embeddable":true,"href":"https:\/\/www.reportedeprensa.utalca.cl\/index.php?rest_route=%2Fwp%2Fv2%2Ftags&post=4433"}],"curies":[{"name":"wp","href":"https:\/\/api.w.org\/{rel}","templated":true}]}}