{"id":4444,"date":"2022-07-11T10:40:12","date_gmt":"2022-07-11T13:40:12","guid":{"rendered":"https:\/\/www.reportedeprensa.utalca.cl\/?p=4444"},"modified":"2022-07-11T10:42:41","modified_gmt":"2022-07-11T13:42:41","slug":"11-de-julio-de-2022","status":"publish","type":"post","link":"https:\/\/www.reportedeprensa.utalca.cl\/?p=4444","title":{"rendered":"11 de julio de 2022"},"content":{"rendered":"\t\t<div data-elementor-type=\"wp-post\" data-elementor-id=\"4444\" class=\"elementor elementor-4444\" data-elementor-settings=\"[]\">\n\t\t\t\t\t\t\t<div class=\"elementor-section-wrap\">\n\t\t\t\t\t\t\t<section class=\"elementor-section elementor-top-section elementor-element elementor-element-44052ab7 elementor-section-boxed elementor-section-height-default elementor-section-height-default\" data-id=\"44052ab7\" data-element_type=\"section\">\n\t\t\t\t\t\t<div class=\"elementor-container elementor-column-gap-default\">\n\t\t\t\t\t<div class=\"elementor-column elementor-col-100 elementor-top-column elementor-element elementor-element-5b002d83\" data-id=\"5b002d83\" data-element_type=\"column\">\n\t\t\t<div class=\"elementor-widget-wrap elementor-element-populated\">\n\t\t\t\t\t\t\t\t<div class=\"elementor-element elementor-element-477998b8 elementor-widget elementor-widget-text-editor\" data-id=\"477998b8\" data-element_type=\"widget\" data-widget_type=\"text-editor.default\">\n\t\t\t\t<div class=\"elementor-widget-container\">\n\t\t\t\t\t\t\t\t<p class=\"x_MsoNormal\"><strong>EL LECTOR\u00a0<\/strong><\/p><p class=\"x_MsoNormal\"><a href=\"https:\/\/www.litoralpress.cl\/paginaconsultas\/Servicios_NClipSitio\/Get_Imagen_Nota.aspx?LPKey=2EBS3NTTBSJFLLXA73NCP5N7FMVLZEXIRHD7AK5IB75C2LTS5AVTW3MEATZBRTDDYBGS72V3C37YA\">Universidad de Talca forma parte del Laboratorio Nacional de Supercomputaci\u00f3n. \u00a0<\/a><\/p><p>\u00a0<\/p><p class=\"x_MsoNormal\"><strong>EL MERCURIO\u00a0<\/strong><\/p><p class=\"x_MsoNormal\"><a href=\"https:\/\/www.litoralpress.cl\/paginaconsultas\/Servicios_NClipSitio\/Get_Imagen_Nota.aspx?LPKey=GUEFJZDL6PJU5JJJQZBIKULHA6LXZGPA54573SAAVZB5PYN2P5AU6JR6FUT4UXPTVEKUNLFJX4NPE\">M\u00e1s de la mitad de los universitarios viven con estr\u00e9s y un tercio de ellos sufren de insomnio.<\/a><\/p><p>\u00a0<\/p><p class=\"x_MsoNormal\"><strong>RADIO COOPERATIVA\u00a0<\/strong><\/p><p class=\"x_MsoNormal\"><a href=\"https:\/\/www.litoralpress.cl\/sitio\/RadioTV_Detalles.cshtml?LPKey=KXY76GRPDWSASWF5UDLT6ATXNUBYBTMWZYCPRRJW77GOS6B6KWTJLFWPJNNFSVQUJWOD7NV4NJHSI\">La mitad de la poblaci\u00f3n entre los 18 y 44 a\u00f1os a\u00fan no recibe la cuarta dosis de vacuna contra el Covid-19. Se refiere \u00c9rika Retamal, directora del Departamento de Salud P\u00fablica.\u00a0<\/a><\/p><p>\u00a0<\/p><p class=\"x_MsoNormal\"><strong>RADIO AGRICULTURA\u00a0<\/strong><\/p><p class=\"x_MsoNormal\"><a href=\"https:\/\/www.litoralpress.cl\/sitio\/RadioTV_Detalles.cshtml?LPKey=NCJ5LHZI6AE54IB65SKET5GJUCZLN7YEZBBS5XXF77H7CIBKD4VXHLWQN3VTTJ3SA5XC5HNZSYNUG\">Minsal inform\u00f3 de una baja en la circulaci\u00f3n de las enfermedades respiratorias pedi\u00e1tricas. Se refiere \u00c9rika Retamal, directora del Departamento de Salud P\u00fablica.\u00a0<\/a><\/p><p>\u00a0<\/p><p class=\"x_MsoNormal\"><strong>BIOBIOCHILE.CL\u00a0<\/strong><\/p><p class=\"x_MsoNormal\"><a href=\"https:\/\/www.biobiochile.cl\/noticias\/nacional\/chile\/2022\/07\/10\/se-necesita-una-quinta-dosis-especialista-u-de-talca-por-alza-en-casos-de-covid-19.shtml\">&#8220;Se necesita una quinta dosis&#8221;: especialista U. de Talca por alza en casos de covid-19. Se refieren \u00c9rika Retamal, directora del Departamento de Salud P\u00fablica y Marcelo Alarc\u00f3n, acad\u00e9mico del Departamento de Bioqu\u00edmica Cl\u00ednica e Inmunohematolog\u00eda.\u00a0<\/a><\/p><p>\u00a0<\/p><p class=\"x_MsoNormal\"><strong>ADPRENSA.CL\u00a0<\/strong><\/p><p class=\"x_MsoNormal\"><a href=\"https:\/\/www.adprensa.cl\/cronica\/especialista-recomienda-quinta-dosis-de-vacunas-contra-el-covid-19\/\">Especialista recomienda quinta dosis de vacunas contra el Covid-19. Se refieren \u00c9rika Retamal, directora del Departamento de Salud P\u00fablica y Marcelo Alarc\u00f3n, acad\u00e9mico del Departamento de Bioqu\u00edmica Cl\u00ednica e Inmunohematolog\u00eda.\u00a0<\/a><\/p><p>\u00a0<\/p><p class=\"x_MsoNormal\"><strong>LA PRENSA\u00a0<\/strong><\/p><p class=\"x_MsoNormal\"><a href=\"https:\/\/www.litoralpress.cl\/paginaconsultas\/Servicios_NClipSitio\/Get_Imagen_Nota.aspx?LPKey=3SWWBA4BJZHL55DL6ZXYT6SX7VQQQ3OZTXWIUGKRAOT2IXMSCNQ52ZB6XJ4PDCQWX6Y3EWJHOMVVI\">Proponen quinta dosis contra el Covid-19. Se refiere Marcelo Alarc\u00f3n, acad\u00e9mico del Departamento de Bioqu\u00edmica Cl\u00ednica e Inmunohematolog\u00eda.\u00a0<\/a><\/p><p>\u00a0<\/p><p class=\"x_MsoNormal\"><strong>DIARIOTALCA.CL\u00a0<\/strong><\/p><p class=\"x_MsoNormal\"><a href=\"https:\/\/diariotalca.cl\/especialista-recomienda-quinta-dosis-de-vacunas-contra-el-covid-19\/\">Especialista recomienda quinta dosis de vacunas contra el Covid-19. Se refieren \u00c9rika Retamal, directora del Departamento de Salud P\u00fablica y Marcelo Alarc\u00f3n, acad\u00e9mico del Departamento de Bioqu\u00edmica Cl\u00ednica e Inmunohematolog\u00eda.\u00a0<\/a><\/p><p>\u00a0<\/p><p class=\"x_MsoNormal\"><strong>LANOTICIA.CL\u00a0<\/strong><\/p><p class=\"x_MsoNormal\"><a href=\"https:\/\/lanoticia.cl\/especialista-recomienda-quinta-dosis-de-vacunas-contra-el-covid-19\/\">Especialista recomienda quinta dosis de vacunas contra el Covid-19. Se refieren \u00c9rika Retamal, directora del Departamento de Salud P\u00fablica y Marcelo Alarc\u00f3n, acad\u00e9mico del Departamento de Bioqu\u00edmica Cl\u00ednica e Inmunohematolog\u00eda.\u00a0<\/a><\/p><p>\u00a0<\/p><p class=\"x_MsoNormal\"><strong>ELMAULEINFORMA.CL\u00a0<\/strong><\/p><p class=\"x_MsoNormal\"><a href=\"https:\/\/elmauleinforma.cl\/especialista-recomienda-quinta-dosis-de-vacunas-contra-el-covid-19\/\">Especialista recomienda quinta dosis de vacunas contra el Covid-19. Se refieren \u00c9rika Retamal, directora del Departamento de Salud P\u00fablica y Marcelo Alarc\u00f3n, acad\u00e9mico del Departamento de Bioqu\u00edmica Cl\u00ednica e Inmunohematolog\u00eda.\u00a0<\/a><\/p><p>\u00a0<\/p><p class=\"x_MsoNormal\"><strong>SEPTIMAPAGINANOTICIAS.CL\u00a0<\/strong><\/p><p class=\"x_MsoNormal\"><a href=\"https:\/\/www.septimapaginanoticias.cl\/especialista-recomienda-quinta-dosis-de-vacunas-contra-el-covid-19\">Especialista recomienda quinta dosis de vacunas contra el Covid-19. Se refieren \u00c9rika Retamal, directora de Salud P\u00fablica y Marcelo Alarc\u00f3n, acad\u00e9mico del Departamento de Bioqu\u00edmica Cl\u00ednica e Inmunohematolog\u00eda. \u00a0<\/a><\/p><p>\u00a0<\/p><p class=\"x_MsoNormal\"><strong>G5NOTICIAS.CL\u00a0<\/strong><\/p><p class=\"x_MsoNormal\"><a href=\"https:\/\/g5noticias.cl\/2022\/07\/09\/especialista-recomienda-quinta-dosis-de-vacunas-contra-el-covid-19\/\">Especialista recomienda quinta dosis de vacunas contra el Covid-19. Se refieren \u00c9rika Retamal, directora de Salud P\u00fablica y Marcelo Alarc\u00f3n, acad\u00e9mico del Departamento de Bioqu\u00edmica Cl\u00ednica e Inmunohematolog\u00eda.\u00a0<\/a><\/p><p>\u00a0<\/p><p class=\"x_MsoNormal\"><strong>EL HERALDO\u00a0<\/strong><\/p><p class=\"x_MsoNormal\"><a href=\"https:\/\/www.litoralpress.cl\/paginaconsultas\/Servicios_NClipSitio\/Get_Imagen_Nota.aspx?LPKey=7GX3EIQXPN4FOCUNL4XBZ6WRLMLHPLB7EK3JDUT6F5HEDOZCODDQHR3WTIJ3RYUHVNGBDENXYEJIO\">Acad\u00e9mica Karin Saavedra asume direcci\u00f3n de Explora Maule.\u00a0<\/a><\/p><p>\u00a0<\/p><p class=\"x_MsoNormal\"><strong>EL LECTOR\u00a0<\/strong><\/p><p class=\"x_MsoNormal\"><a href=\"https:\/\/www.litoralpress.cl\/paginaconsultas\/Servicios_NClipSitio\/Get_Imagen_Nota.aspx?LPKey=H24MZDOFJLCJZR6LMKGW3HF7L4TKNGFKE2WAC3C7CXOJ7YGS5O5LEL4I2HP52WJVMTMLNS5ATMKF6\">Con renovado foco asume nueva direcci\u00f3n de Explora Maule. Se refiere Karin Saavedra, directora de Vinculaci\u00f3n con el Medio. \u00a0<\/a><\/p><p>\u00a0<\/p><p class=\"x_MsoNormal\"><strong>DIARIOELHERALDO.CL\u00a0<\/strong><\/p><p class=\"x_MsoNormal\"><a href=\"http:\/\/www.diarioelheraldo.cl\/noticia\/academica-karin-saavedra-asume-direccion-de-explora-maule\">Acad\u00e9mica Karin Saavedra asume direcci\u00f3n de Explora Maule.\u00a0<\/a><\/p><p class=\"x_MsoNormal\"><strong>SEPTIMAPAGINANOTICIAS.CL\u00a0<\/strong><\/p><p class=\"x_MsoNormal\"><a href=\"https:\/\/www.septimapaginanoticias.cl\/con-renovado-foco-asume-nueva-direccion-de-explora-maule\">Con renovado foco asume nueva direcci\u00f3n de Explora Maule. Se refiere Karin Saavedra, directora de Vinculaci\u00f3n con el Medio.\u00a0<\/a><\/p><p>\u00a0<\/p><p class=\"x_MsoNormal\"><strong>EXTRANOTICIAS.CL\u00a0<\/strong><\/p><p class=\"x_MsoNormal\"><a href=\"https:\/\/www.extranoticias.cl\/el-maule-implementa-cultura-de-innovacion-y-emprendimiento\/\">El Maule implementa cultura de innovaci\u00f3n y emprendimiento. Se refiere Nadia Rojas, directora de Innovaci\u00f3n y Transferencia.\u00a0<\/a><\/p><p>\u00a0<\/p><p class=\"x_MsoNormal\"><strong>EL MERCURIO\u00a0<\/strong><\/p><p class=\"x_MsoNormal\"><a href=\"https:\/\/www.litoralpress.cl\/paginaconsultas\/Servicios_NClipSitio\/Get_Imagen_Nota.aspx?LPKey=4IOFVXC3U46K5SSN5KVQIOCLDE3GJ5A22TY34P3GV4TGSM33HL7QFUQVROSRUJVKD4VPDZKGZTEH2\">La norma que complica a los floricultores. Se menciona a la UTalca.\u00a0<\/a><\/p><p>\u00a0<\/p><p class=\"x_MsoNormal\"><strong>LA PRENSA\u00a0<\/strong><\/p><p class=\"x_MsoNormal\"><a href=\"https:\/\/www.litoralpress.cl\/paginaconsultas\/Servicios_NClipSitio\/Get_Imagen_Nota.aspx?LPKey=WJ3S7WSYA2O5KLKELSVPRDN4PYOHCUBFWOMMG5MSKOD4DO5L4BOQ6AZUSH4IKGR6VISB4JWNS2CFW\">Instituciones miden sus niveles de contaminaci\u00f3n. Se refiere Felipe Varas, acad\u00e9mico de la Facultad de Ingenier\u00eda. \u00a0<\/a><\/p><p>\u00a0<\/p><p class=\"x_MsoNormal\"><strong>EMOL.COM\u00a0<\/strong><\/p><p class=\"x_MsoNormal\"><a href=\"https:\/\/www.emol.com\/noticias\/Economia\/2022\/07\/10\/1066448\/expertos-cobre-verde-medidas-codelco.html\">&#8220;Cobre verde&#8221;: Expertos abordan su importancia para mercados internacionales y las metas fijadas por Codelco para impulsarlo. Se refiere Francisco Rivas, director de la Escuela de Ingenier\u00eda Civil de Minas. \u00a0<\/a><\/p><p>\u00a0<\/p><p class=\"x_MsoNormal\"><strong>ELMAULEINFORMA.CL\u00a0<\/strong><\/p><p class=\"x_MsoNormal\"><a href=\"https:\/\/elmauleinforma.cl\/editorial-utalca-presenta-nueva-version-gratuita-de-libro-academico-sobre-hematologia\/\">Editorial UTalca presenta nueva versi\u00f3n gratuita de libro acad\u00e9mico sobre hematolog\u00eda.\u00a0<\/a><\/p><p>\u00a0<\/p><p class=\"x_MsoNormal\"><strong>ELDIARIODEMAULE.CL\u00a0<\/strong><\/p><p class=\"x_MsoNormal\"><a href=\"https:\/\/eldiariodemaule.cl\/editorial-utalca-presenta-nueva-version-gratuita-de-libro-academico-sobre-hematologia\/\">Editorial UTalca presenta nueva versi\u00f3n gratuita de libro acad\u00e9mico sobre hematolog\u00eda.\u00a0<\/a><\/p><p>\u00a0<\/p><p class=\"x_MsoNormal\"><strong>CANAL TVN RED MAULE\u00a0<\/strong><\/p><p class=\"x_MsoNormal\"><a href=\"https:\/\/www.litoralpress.cl\/sitio\/RadioTV_Detalles.cshtml?LPKey=2G4TSRS2ETXBEH3IODNSKEU66PS5LUYLKOMSATRUGFVE62P2RMHQSNE3VRRRQZGBF6DT5IZZQQO62\">Dos maulinos arrasan en las redes sociales. Se refiere Laura Rodr\u00edguez, acad\u00e9mica de la Escuela de Terapia Ocupacional. \u00a0<\/a><\/p><p>\u00a0<\/p><p class=\"x_MsoNormal\"><strong>CANAL ANTOFAGASTA TV\u00a0<\/strong><\/p><p class=\"x_MsoNormal\"><a href=\"https:\/\/www.litoralpress.cl\/sitio\/RadioTV_Detalles.cshtml?LPKey=SFVBUQJDWSMOQ22CMZWRDYHUAPTDQAMDCQOBAV76EEJ7PG7PHJDTNMNKIITZDVZUA527ISD3BGM5A\">Especialistas recomendaron actividades para vacaciones de invierno de los escolares. Se refiere Pablo L\u00f3pez, director de la Escuela de Terapia Ocupacional.\u00a0<\/a><\/p><p>\u00a0<\/p><p class=\"x_MsoNormal\"><strong>CANAL 30 LINARES TV\u00a0<\/strong><\/p><p class=\"x_MsoNormal\"><a href=\"https:\/\/www.litoralpress.cl\/sitio\/RadioTV_Detalles.cshtml?LPKey=KTJAMC4XLSZBM353IQV5YOQGX5UJZNUMTTMDWQPFPOLTPX67PDEEDBUTKK7KS7OKD2Q73PB4X6UC2\">Entrevista a Marianella Flores, acad\u00e9mica de la Facultad de Ciencias de la Educaci\u00f3n.\u00a0<\/a><\/p><p>\u00a0<\/p><p class=\"x_MsoNormal\"><strong>DIARIOTALCA.CL\u00a0<\/strong><\/p><p class=\"x_MsoNormal\"><a href=\"https:\/\/diariotalca.cl\/economista-anticipa-que-el-dolar-seguira-buscando-el-techo-de-los-mil-pesos\/\">Economista anticipa que el d\u00f3lar \u201cseguir\u00e1 buscando el techo de los mil pesos\u201d.\u00a0\u00a0Se refiere Hern\u00e1n D\u00edaz, acad\u00e9mico de la Facultad de Econom\u00eda y Negocios (FEN).\u00a0<\/a><\/p><p>\u00a0<\/p><p class=\"x_MsoNormal\"><strong>RADIO AMIGA\u00a0<\/strong><\/p><p class=\"x_MsoNormal\"><a href=\"https:\/\/www.litoralpress.cl\/sitio\/RadioTV_Detalles.cshtml?LPKey=RJCQDYSVX7KHNZFUMMLCTLKGVHBSH7SMEEOIGXNAEF2YJRTBB7QGHTTOOYQOC6PBIAEP67KACMWHS\">Un registro hist\u00f3rico alcanz\u00f3 el d\u00f3lar. Se refiere Hern\u00e1n D\u00edaz, acad\u00e9mico de la Facultad de Econom\u00eda y Negocios (FEN).\u00a0<\/a><\/p><p>\u00a0<\/p><p class=\"x_MsoNormal\"><strong>RADIO LAUTARO\u00a0<\/strong><\/p><p class=\"x_MsoNormal\"><a href=\"https:\/\/www.litoralpress.cl\/sitio\/RadioTV_Detalles.cshtml?LPKey=NJ3WOKUT7GUPQGIWOPL3523NTPNBZU6ESBZQGKWEYGTNVK6XI7P7ZE4K77KXTH5VFTXGAIP2NBNXU\">Entrevista a Isaac Ravetllat, acad\u00e9mico de la Facultad de Ciencias Jur\u00eddicas y Sociales. \u00a0<\/a><\/p><p>\u00a0<\/p><p class=\"x_MsoNormal\"><strong>CANAL MEGA\u00a0<\/strong><\/p><p class=\"x_MsoNormal\"><a href=\"https:\/\/www.litoralpress.cl\/sitio\/RadioTV_Detalles.cshtml?LPKey=IUVNYX3WJ6H4FQTK6GLN44P3G3F7FHY6U3PPDE6QX5ZW63ZVMRTBLF5C2U55EUOO4VJCUJY6QWCSC\">Chile Vamos promete una nueva Constituci\u00f3n con 10 compromisos si gana el Rechazo. Se refiere Mauricio Morales, director del Centro de An\u00e1lisis Pol\u00edtico (CAP).\u00a0<\/a><\/p><p>\u00a0<\/p><p class=\"x_MsoNormal\"><strong>RADIO INFINITA\u00a0<\/strong><\/p><p class=\"x_MsoNormal\"><a href=\"https:\/\/www.litoralpress.cl\/sitio\/RadioTV_Detalles.cshtml?LPKey=23PLC6VSFN4RLYW43OVQDZMECSMMD5HFWEAOFC3BVXME5UJFM36GCGWXJ7ZEUD7JH3RIYIJSVQWZA\">Comentario de Mauricio Morales, director del Centro de An\u00e1lisis Pol\u00edtico (CAP).\u00a0<\/a><\/p><p>\u00a0<\/p><p class=\"x_MsoNormal\"><strong>EL MERCURIO\u00a0<\/strong><\/p><p class=\"x_MsoNormal\"><a href=\"https:\/\/www.litoralpress.cl\/paginaconsultas\/Servicios_NClipSitio\/Get_Imagen_Nota.aspx?LPKey=7QAJ5FWYEYZSIMLNUMWEORFAGMTVJJVGRF5MTJPJH3WAMN23DIG53AE4XZSHHQPFEZKQAMMHAITSM\">Teatro Nacional tendr\u00e1 variada programaci\u00f3n el segundo semestre. Se menciona a la UTalca.\u00a0<\/a><\/p><p>\u00a0<\/p><p class=\"x_MsoNormal\"><strong>LA PRENSA\u00a0<\/strong><\/p><p class=\"x_MsoNormal\"><a href=\"https:\/\/www.litoralpress.cl\/paginaconsultas\/Servicios_NClipSitio\/Get_Imagen_Nota.aspx?LPKey=I25XMVCLSN6QN3EK5ZDRN3OXKAUE7RRXJG5K5MTHM5XCLXGK6NKU5OLBSST2UPUFN7N2UDOYG4K5A\">Variado panorama ofrece la Universidad de Talca para vacaciones de invierno.\u00a0<\/a><\/p><p>\u00a0<\/p><p class=\"x_MsoNormal\"><strong>DIARIOLAPRENSA.CL\u00a0<\/strong><\/p><p class=\"x_MsoNormal\"><a href=\"https:\/\/new.diariolaprensa.cl\/index.php\/2022\/07\/08\/variado-panorama-ofrece-la-universidad-de-talca-para-vacaciones-de-invierno\/\">Variado panorama ofrece la Universidad de Talca para vacaciones de invierno.\u00a0<\/a><\/p><p>\u00a0<\/p><p class=\"x_MsoNormal\"><strong>TVMAULE.CL\u00a0<\/strong><\/p><p class=\"x_MsoNormal\"><a href=\"https:\/\/www.tvmaule.cl\/conoce-los-panoramas-que-organizo-la-utalca-para-estas-vacaciones-de-invierno\/\">Conoce los panoramas que organiz\u00f3 la UTalca para estas vacaciones de invierno.\u00a0<\/a><\/p><p>\u00a0<\/p><p class=\"x_MsoNormal\"><strong>CENTROSURNOTICIAS.CL\u00a0<\/strong><\/p><p class=\"x_MsoNormal\"><a href=\"https:\/\/centrosurnoticias.cl\/alistan-diversos-panoramas-para-disfrutar-las-vacaciones-de-invierno-en-la-utalca\/\">Alistan diversos panoramas para disfrutar las vacaciones de invierno en la UTalca.\u00a0<\/a><\/p><p>\u00a0<\/p><p class=\"x_MsoNormal\"><strong>TALCACAPITAL.CL\u00a0<\/strong><\/p><p class=\"x_MsoNormal\"><a href=\"https:\/\/talcacapital.cl\/alistan-diversos-panoramas-para-disfrutar-las-vacaciones-de-invierno-en-la-utalca\/\">Alistan diversos panoramas para disfrutar las vacaciones de invierno en la UTalca.\u00a0<\/a><\/p><p>\u00a0<\/p><p class=\"x_MsoNormal\"><strong>CANAL TVN RED MAULE\u00a0<\/strong><\/p><p class=\"x_MsoNormal\"><a href=\"https:\/\/www.litoralpress.cl\/sitio\/RadioTV_Detalles.cshtml?LPKey=N2B34QOO22PLIT4LOI47R57GKNKDE4U7PKENHDULP5GXWU57BFF6BZULQLUKPFKPRCXIXM2RQD7QY\">Panoramas para el fin de semana. Se menciona a la UTalca.\u00a0<\/a><\/p>\t\t\t\t\t\t<\/div>\n\t\t\t\t<\/div>\n\t\t\t\t\t<\/div>\n\t\t<\/div>\n\t\t\t\t\t\t\t<\/div>\n\t\t<\/section>\n\t\t\t\t\t\t<\/div>\n\t\t\t\t\t<\/div>\n\t\t","protected":false},"excerpt":{"rendered":"<p>EL LECTOR\u00a0 Universidad de Talca forma parte del Laboratorio Nacional de Supercomputaci\u00f3n. \u00a0 \u00a0 EL MERCURIO\u00a0 M\u00e1s de la mitad de los universitarios viven con estr\u00e9s y un tercio de ellos sufren de insomnio. \u00a0 RADIO COOPERATIVA\u00a0 La mitad de la poblaci\u00f3n entre los 18 y 44 a\u00f1os a\u00fan no recibe la cuarta dosis de &hellip;<\/p>\n<p class=\"read-more\"> <a class=\"\" href=\"https:\/\/www.reportedeprensa.utalca.cl\/?p=4444\"> <span class=\"screen-reader-text\">11 de julio de 2022<\/span> Read More &raquo;<\/a><\/p>\n","protected":false},"author":1,"featured_media":0,"comment_status":"closed","ping_status":"open","sticky":false,"template":"","format":"standard","meta":{"_monsterinsights_skip_tracking":false,"_monsterinsights_sitenote_active":false,"_monsterinsights_sitenote_note":"","_monsterinsights_sitenote_category":0},"categories":[23],"tags":[],"_links":{"self":[{"href":"https:\/\/www.reportedeprensa.utalca.cl\/index.php?rest_route=\/wp\/v2\/posts\/4444"}],"collection":[{"href":"https:\/\/www.reportedeprensa.utalca.cl\/index.php?rest_route=\/wp\/v2\/posts"}],"about":[{"href":"https:\/\/www.reportedeprensa.utalca.cl\/index.php?rest_route=\/wp\/v2\/types\/post"}],"author":[{"embeddable":true,"href":"https:\/\/www.reportedeprensa.utalca.cl\/index.php?rest_route=\/wp\/v2\/users\/1"}],"replies":[{"embeddable":true,"href":"https:\/\/www.reportedeprensa.utalca.cl\/index.php?rest_route=%2Fwp%2Fv2%2Fcomments&post=4444"}],"version-history":[{"count":4,"href":"https:\/\/www.reportedeprensa.utalca.cl\/index.php?rest_route=\/wp\/v2\/posts\/4444\/revisions"}],"predecessor-version":[{"id":4448,"href":"https:\/\/www.reportedeprensa.utalca.cl\/index.php?rest_route=\/wp\/v2\/posts\/4444\/revisions\/4448"}],"wp:attachment":[{"href":"https:\/\/www.reportedeprensa.utalca.cl\/index.php?rest_route=%2Fwp%2Fv2%2Fmedia&parent=4444"}],"wp:term":[{"taxonomy":"category","embeddable":true,"href":"https:\/\/www.reportedeprensa.utalca.cl\/index.php?rest_route=%2Fwp%2Fv2%2Fcategories&post=4444"},{"taxonomy":"post_tag","embeddable":true,"href":"https:\/\/www.reportedeprensa.utalca.cl\/index.php?rest_route=%2Fwp%2Fv2%2Ftags&post=4444"}],"curies":[{"name":"wp","href":"https:\/\/api.w.org\/{rel}","templated":true}]}}