{"id":4457,"date":"2022-07-12T10:30:14","date_gmt":"2022-07-12T13:30:14","guid":{"rendered":"https:\/\/www.reportedeprensa.utalca.cl\/?p=4457"},"modified":"2022-07-12T10:47:40","modified_gmt":"2022-07-12T13:47:40","slug":"12-de-julio-de-2022","status":"publish","type":"post","link":"https:\/\/www.reportedeprensa.utalca.cl\/?p=4457","title":{"rendered":"12 de julio de 2022"},"content":{"rendered":"\t\t<div data-elementor-type=\"wp-post\" data-elementor-id=\"4457\" class=\"elementor elementor-4457\" data-elementor-settings=\"[]\">\n\t\t\t\t\t\t\t<div class=\"elementor-section-wrap\">\n\t\t\t\t\t\t\t<section class=\"elementor-section elementor-top-section elementor-element elementor-element-44052ab7 elementor-section-boxed elementor-section-height-default elementor-section-height-default\" data-id=\"44052ab7\" data-element_type=\"section\">\n\t\t\t\t\t\t<div class=\"elementor-container elementor-column-gap-default\">\n\t\t\t\t\t<div class=\"elementor-column elementor-col-100 elementor-top-column elementor-element elementor-element-5b002d83\" data-id=\"5b002d83\" data-element_type=\"column\">\n\t\t\t<div class=\"elementor-widget-wrap elementor-element-populated\">\n\t\t\t\t\t\t\t\t<div class=\"elementor-element elementor-element-477998b8 elementor-widget elementor-widget-text-editor\" data-id=\"477998b8\" data-element_type=\"widget\" data-widget_type=\"text-editor.default\">\n\t\t\t\t<div class=\"elementor-widget-container\">\n\t\t\t\t\t\t\t\t<p class=\"x_MsoNormal\"><strong>CANAL CONTIVISI\u00d3N\u00a0<\/strong><\/p><p class=\"x_MsoNormal\"><a href=\"https:\/\/www.litoralpress.cl\/sitio\/RadioTV_Detalles.cshtml?LPKey=5STJXC7XAAKKSA7AQKL2WHVRPWJROZFR4NB2EHL4HLVKXEAXZXU6O4RI4KVTBGXXMNRH4QCZ4DBRI\">Universidad de Talca lanz\u00f3 nueva Gu\u00eda del Buen Trato para la Diversidad.<\/a><\/p><p class=\"x_MsoNormal\">\u00a0<\/p><p class=\"x_MsoNormal\"><strong>DIARIOTALCA.CL\u00a0<\/strong><\/p><p class=\"x_MsoNormal\"><a href=\"https:\/\/diariotalca.cl\/llaman-a-estudiantes-a-revalidar-la-tne-para-2022-con-limite-al-mes-de-agosto\/\">Llaman a estudiantes a revalidar la TNE para 2022 con l\u00edmite al mes de agosto. Se refieren Paula Caballero, vicerrectora de Desarrollo Estudiantil y Rodrigo Fonseca, presidente de la Federaci\u00f3n de Estudiantes del Campus Talca de la Casas d Estudios (FEUTAL).\u00a0<\/a><\/p><p class=\"x_MsoNormal\">\u00a0<\/p><p class=\"x_MsoNormal\"><strong><span class=\"x_MsoHyperlink\">CANAL CONTIVISI\u00d3N<\/span><span class=\"x_MsoHyperlink\">\u00a0<\/span><\/strong><\/p><p class=\"x_MsoNormal\"><a href=\"https:\/\/www.litoralpress.cl\/sitio\/RadioTV_Detalles.cshtml?LPKey=TCRKUECBBWKAKHY7PTDDW3KX5MC32DHXZHGQJLJW5VZ74SGGRZRQO3R2GCVOVBRYLNWSXEYVFRBPG\"><span class=\"x_MsoHyperlink\">Llaman a los estudiantes a renovar la TNE. Se refieren Paula Caballero, vicerrectora de Desarrollo Estudiantil, Roman\u00e9 Pe\u00f1aloza, estudiante de Derecho y Rodrigo Fonseca, presidente de la Federaci\u00f3n de Estudiantes del Campus Talca de la Casas d Estudios (FEUTAL).<\/span><span class=\"x_MsoHyperlink\">\u00a0<\/span><\/a><\/p><p class=\"x_MsoNormal\">\u00a0<\/p><p class=\"x_MsoNormal\"><strong>ELMOSTRADOR.CL\u00a0<\/strong><\/p><p class=\"x_MsoNormal\"><a href=\"https:\/\/www.elmostrador.cl\/agenda-pais\/2022\/07\/12\/my-virtual-physioterapist-registran-primera-patente-kinesiologica-del-pais\/\">\u201cMy Virtual Physioterapist\u201d: registran primera patente kinesiol\u00f3gica del pa\u00eds. Se refiere Valeska Gatica, directora del Centro Tecnol\u00f3gico de Telerrehabilitaci\u00f3n y Neurociencias en el Movimiento Humano (CTTN).\u00a0<\/a><\/p><p class=\"x_MsoNormal\">\u00a0<\/p><p class=\"x_MsoNormal\"><strong>ELCENTRO.CL\u00a0<\/strong><\/p><p class=\"x_MsoNormal\"><a href=\"https:\/\/elcentro.cl\/2022\/07\/11\/hito-para-la-bioingenieria-utalca-registro-primera-patente-kinesiologica-del-pais-llamada-my-virtual-physioterapist-mvph\/\">Hito para la bioingenier\u00eda: UTalca registr\u00f3 primera patente kinesiol\u00f3gica del pa\u00eds llamada \u201cMy Virtual Physioterapist\u201d (MVPh). Se refiere Valeska Gatica, directora del Centro Tecnol\u00f3gico de Telerrehabilitaci\u00f3n y Neurociencias en el Movimiento Humano (CTTN).\u00a0<\/a><\/p><p class=\"x_MsoNormal\">\u00a0<\/p><p class=\"x_MsoNormal\"><strong>ELMAULEINFORMA.CL\u00a0<\/strong><\/p><p class=\"x_MsoNormal\"><a href=\"https:\/\/elmauleinforma.cl\/universidad-de-talca-registra-primera-patente-kinesiologica-del-pais-my-virtual-physioterapist\/\">Universidad de Talca registra primera patente kinesiol\u00f3gica del pa\u00eds: \u201cMy virtual physioterapist\u201d. Se refiere Valeska Gatica, directora del Centro Tecnol\u00f3gico de Telerrehabilitaci\u00f3n y Neurociencias en el Movimiento Humano (CTTN).\u00a0<\/a><\/p><p class=\"x_MsoNormal\">\u00a0<\/p><p class=\"x_MsoNormal\"><strong>UESTATALES.CL\u00a0<\/strong><\/p><p class=\"x_MsoNormal\"><a href=\"http:\/\/uestatales.cl\/cue\/?q=node\/9573\">Proyecto de la UTalca busca incentivar disminuci\u00f3n de contaminantes en el aire. Se refiere Felipe Varas, acad\u00e9mico de la Facultad de Ingenier\u00eda.\u00a0<\/a><\/p><p class=\"x_MsoNormal\">\u00a0<\/p><p class=\"x_MsoNormal\"><strong>TVMAULE.CL\u00a0<\/strong><\/p><p class=\"x_MsoNormal\"><a href=\"https:\/\/www.tvmaule.cl\/proyecto-busca-incentivar-disminucion-de-contaminantes-en-el-aire\/\">Proyecto de la UTalca busca incentivar disminuci\u00f3n de contaminantes en el aire. Se refiere Felipe Varas, acad\u00e9mico de la Facultad de Ingenier\u00eda.\u00a0<\/a><\/p><p class=\"x_MsoNormal\" aria-hidden=\"true\">\u00a0<\/p><p class=\"x_MsoNormal\"><strong>CENTROSURNOTICIAS.CL\u00a0<\/strong><\/p><p class=\"x_MsoNormal\"><a href=\"https:\/\/centrosurnoticias.cl\/proyecto-de-la-utalca-busca-incentivar-disminucion-de-contaminantes-en-el-aire\/\">Proyecto de la UTalca busca incentivar disminuci\u00f3n de contaminantes en el aire. Se refiere Felipe Varas, acad\u00e9mico de la Facultad de Ingenier\u00eda.\u00a0<\/a><\/p><p class=\"x_MsoNormal\" aria-hidden=\"true\">\u00a0<\/p><p class=\"x_MsoNormal\"><strong>DIARIOELHERALDO.CL\u00a0<\/strong><\/p><p class=\"x_MsoNormal\"><a href=\"http:\/\/www.diarioelheraldo.cl\/noticia\/editorial-utalca-presenta-nueva-version-gratuita-de-libro-academico-sobre-hematologia-\">Editorial UTalca presenta nueva versi\u00f3n gratuita de libro acad\u00e9mico sobre hematolog\u00eda. \u00a0<\/a><\/p><p class=\"x_MsoNormal\">\u00a0<\/p><p class=\"x_MsoNormal\"><strong>CANAL CONTIVISI\u00d3N\u00a0<\/strong><\/p><p class=\"x_MsoNormal\"><a href=\"https:\/\/www.litoralpress.cl\/sitio\/RadioTV_Detalles.cshtml?LPKey=TIHKY2SYNRXL2NPICLZH7H5NQIVTONYLOVC5BXN5AI64QCB4KYIPWLWP6J7NJ5SWUKVDJTSBWBNPA\">Plantean la necesidad de una nueva dosis de refuerzo ante el alza de contagios de coronavirus. Se refieren Marcelo Alarc\u00f3n, acad\u00e9mico del Departamento de Bioqu\u00edmica Cl\u00ednica e Inmunohematolog\u00eda y \u00c9rika Retamal, directora del Departamento de Salud P\u00fablica.\u00a0\u00a0\u00a0<\/a><\/p><p class=\"x_MsoNormal\">\u00a0<\/p><p class=\"x_MsoNormal\"><strong>PUBLIMICRO.CL\u00a0<\/strong><\/p><p class=\"x_MsoNormal\"><a href=\"https:\/\/publimicro.cl\/marcelo-alarcon-especialista-de-la-universidad-de-talca-alerta-sobre-necesidad-de-una-quinta-dosis-contra-el-covid-19\/\">Especialista de la Universidad de Talca alerta sobre necesidad de una quinta dosis contra el Covid-19. Se refiere Marcelo Alarc\u00f3n, acad\u00e9mico del Departamento de Bioqu\u00edmica Cl\u00ednica e Inmunohematolog\u00eda.\u00a0\u00a0\u00a0<\/a><\/p><p class=\"x_MsoNormal\">\u00a0<\/p><p class=\"x_MsoNormal\"><strong>CANAL CONTIVISI\u00d3N\u00a0<\/strong><\/p><p class=\"x_MsoNormal\"><a href=\"https:\/\/www.litoralpress.cl\/sitio\/RadioTV_Detalles.cshtml?LPKey=TBBS6Z2AVX45G6MB7BBRHCO57PTGYZUTDYZKHWD3NQ7IX2ZFZHCQDIDIKIWZDOC2MYFMFJQQJJJTY\">\u00bfC\u00f3mo se organizan los padres con sus ni\u00f1os en vacaciones? Se refiere Pablo L\u00f3pez, director de la Escuela de Terapia Ocupacional. \u00a0<\/a><\/p><p class=\"x_MsoNormal\">\u00a0<\/p><p class=\"x_MsoNormal\"><strong>RADIO LAUTARO\u00a0<\/strong><\/p><p class=\"x_MsoNormal\"><a href=\"https:\/\/www.litoralpress.cl\/sitio\/RadioTV_Detalles.cshtml?LPKey=FJ3E3QXBO4MDUQY2E3TP6ROSU7ZIS7ZD5L7S4JFU5U5XCCXSMSXOIAHBG6Q33WYI5V3D6Z2YMDNDG\">Entrevista a Karin Saavedra, directora general de Vinculaci\u00f3n con el Medio. \u00a0<\/a><\/p><p class=\"x_MsoNormal\">\u00a0<\/p><p class=\"x_MsoNormal\"><strong>SEPTIMAPAGINANOTICIAS.CL\u00a0<\/strong><\/p><p class=\"x_MsoNormal\"><a href=\"https:\/\/www.septimapaginanoticias.cl\/cauquenes-tendra-talleres-de-astronomia-para-ninas-y-ninos\">Cauquenes tendr\u00e1 talleres de astronom\u00eda para ni\u00f1as y ni\u00f1os. Se refiere Karin Saavedra, directora general de Vinculaci\u00f3n con el Medio.\u00a0<\/a><\/p><p class=\"x_MsoNormal\">\u00a0<\/p><p class=\"x_MsoNormal\"><strong>RANCAGUATV.CL\u00a0<\/strong><\/p><p class=\"x_MsoNormal\"><a href=\"https:\/\/www.rancaguatv.cl\/index.php\/noticias-de-actualidad\/135-ciencias\/5324-el-maule-cauquenes-tendra-talleres-de-astronomia-para-ninas-y-ninos.html\">El Maule: Cauquenes tendr\u00e1 talleres de astronom\u00eda para ni\u00f1as y ni\u00f1os. Se refiere Karin Saavedra, directora general de Vinculaci\u00f3n con el Medio.\u00a0<\/a><\/p><p class=\"x_MsoNormal\" aria-hidden=\"true\">\u00a0<\/p><p class=\"x_MsoNormal\"><strong>CANAL MEGA PLUS\u00a0<\/strong><\/p><p class=\"x_MsoNormal\"><a href=\"https:\/\/www.litoralpress.cl\/sitio\/RadioTV_Detalles.cshtml?LPKey=2RWTWRLZZT7BGDAUZLKBR2QCMUMVE4UURQENYJOAWHO4NEI3VDE34RYWZBS4UWTKKB6O7BHQYVIYK\">An\u00e1lisis de los \u00faltimos hitos de cara al plebiscito constitucional. Se refiere Mauricio Morales, director del Centro de An\u00e1lisis Pol\u00edtico (CAP).\u00a0<\/a><\/p><p class=\"x_MsoNormal\">\u00a0<\/p><p class=\"x_MsoNormal\"><strong>RADIO INFINITA\u00a0<\/strong><\/p><p class=\"x_MsoNormal\"><a href=\"https:\/\/www.litoralpress.cl\/sitio\/RadioTV_Detalles.cshtml?LPKey=ZZ3HTRLQLAESF5XVBISVN33FCSPLDEGFNPORAICZW6VGXIOYPCKUGXKXVEFUB2GXJSAZJ2P7DIY7O\">Comentario de Mauricio Morales, director del Centro de An\u00e1lisis Pol\u00edtico.\u00a0<\/a><\/p><p class=\"x_MsoNormal\">\u00a0<\/p><p class=\"x_MsoNormal\"><strong>EMOL.COM\u00a0<\/strong><\/p><p class=\"x_MsoNormal\"><a href=\"https:\/\/www.emol.com\/noticias\/Nacional\/2022\/07\/11\/1066411\/rol-alcaldes-matthei-pizarro-campana.html\">Los ojos sobre Matthei, Pizarro y Codina: Expertos analizan el rol que jugar\u00e1n los alcaldes en la campa\u00f1a del Plebiscito. Se refiere Mauricio Morales, director del Centro de An\u00e1lisis Pol\u00edtico (CAP).\u00a0<\/a><\/p><p class=\"x_MsoNormal\"><span class=\"x_MsoHyperlink\">\u00a0<\/span><\/p><p class=\"x_MsoNormal\"><strong><span class=\"x_MsoHyperlink\">24HORAS.CL\u00a0<\/span><\/strong><\/p><p class=\"x_MsoNormal\"><a href=\"https:\/\/www.24horas.cl\/convencion-constituyente\/plebiscito-de-salida-que-pasa-si-gana-el-apruebo-o-el-rechazo\"><span class=\"x_MsoHyperlink\">Plebiscito de Salida: \u00bfQu\u00e9 pasa si gana el Apruebo o el Rechazo? Se refiere Mario Herrera, acad\u00e9mico del Centro de An\u00e1lisis Pol\u00edtico (CAP).\u00a0<\/span><\/a><\/p><p class=\"x_MsoNormal\">\u00a0<\/p><p class=\"x_MsoNormal\"><strong>EL MERCURIO DE ANTOFAGASTA\u00a0<\/strong><\/p><p class=\"x_MsoNormal\"><a href=\"https:\/\/www.litoralpress.cl\/paginaconsultas\/Servicios_NClipSitio\/Get_Imagen_Nota.aspx?LPKey=LDGVKLBX4E6GSMT66DCKK3HW7BNJDFJTVZJVYAHNDL7S2AQX6IBUFQYQTQHEUA3FAK2XLLQSCVOWQ\">Encuesta: Rechazo gana en dos escenarios y 76% optar\u00eda por redactar un nuevo texto. Se refiere Mauricio Morales, director del Centro de An\u00e1lisis Pol\u00edtico (CAP).\u00a0<\/a><\/p><p class=\"x_MsoNormal\">\u00a0<\/p><p class=\"x_MsoNormal\"><strong>EL SUR\u00a0<\/strong><\/p><p class=\"x_MsoNormal\"><a href=\"https:\/\/www.litoralpress.cl\/paginaconsultas\/Servicios_NClipSitio\/Get_Imagen_Nota.aspx?LPKey=IGU2UAN6GLJTLFGUO5ZSR5OHZ3IDHCUH3EGWHIHNVLEVES2WYMKZHN445LHWGZPTHX54IVAD7I5GW\">Encuesta: Rechazo gana en dos escenarios y 76% optar\u00eda por redactar un nuevo texto. Se refiere Mauricio Morales, director del Centro de An\u00e1lisis Pol\u00edtico (CAP).\u00a0<\/a><\/p><p class=\"x_MsoNormal\" aria-hidden=\"true\">\u00a0<\/p><p class=\"x_MsoNormal\"><strong>CR\u00d3NICA DE CHILL\u00c1N\u00a0<\/strong><\/p><p class=\"x_MsoNormal\"><a href=\"https:\/\/www.litoralpress.cl\/paginaconsultas\/Servicios_NClipSitio\/Get_Imagen_Nota.aspx?LPKey=RLB63CCIFVZFQLUIV5NTGT7L6PRJ4YP3KG75N73UYHQXQ5GHKFINP7PN6SXF7VIBFHUJCRNGQCHJ6\">Encuesta: Rechazo gana en dos escenarios y 76% optar\u00eda por redactar un nuevo texto. Se refiere Mauricio Morales, director del Centro de An\u00e1lisis Pol\u00edtico (CAP).\u00a0<\/a><\/p><p class=\"x_MsoNormal\" aria-hidden=\"true\">\u00a0<\/p><p class=\"x_MsoNormal\"><strong>ELDIARIODESANTIAGO.CL\u00a0<\/strong><\/p><p class=\"x_MsoNormal\"><a href=\"https:\/\/eldiariodesantiago.cl\/archivo\/126866\">Ministros de Interior y Hacienda de los gobiernos de la Concertaci\u00f3n se inclinan en su mayor\u00eda por el Rechazo. Se refiere Mauricio Morales, director del Centro de An\u00e1lisis Pol\u00edtico (CAP).\u00a0<\/a><\/p><p class=\"x_MsoNormal\">\u00a0<\/p>\t\t\t\t\t\t<\/div>\n\t\t\t\t<\/div>\n\t\t\t\t\t<\/div>\n\t\t<\/div>\n\t\t\t\t\t\t\t<\/div>\n\t\t<\/section>\n\t\t\t\t\t\t<\/div>\n\t\t\t\t\t<\/div>\n\t\t","protected":false},"excerpt":{"rendered":"<p>CANAL CONTIVISI\u00d3N\u00a0 Universidad de Talca lanz\u00f3 nueva Gu\u00eda del Buen Trato para la Diversidad. \u00a0 DIARIOTALCA.CL\u00a0 Llaman a estudiantes a revalidar la TNE para 2022 con l\u00edmite al mes de agosto. Se refieren Paula Caballero, vicerrectora de Desarrollo Estudiantil y Rodrigo Fonseca, presidente de la Federaci\u00f3n de Estudiantes del Campus Talca de la Casas d &hellip;<\/p>\n<p class=\"read-more\"> <a class=\"\" href=\"https:\/\/www.reportedeprensa.utalca.cl\/?p=4457\"> <span class=\"screen-reader-text\">12 de julio de 2022<\/span> Read More &raquo;<\/a><\/p>\n","protected":false},"author":1,"featured_media":0,"comment_status":"closed","ping_status":"open","sticky":false,"template":"","format":"standard","meta":{"_monsterinsights_skip_tracking":false,"_monsterinsights_sitenote_active":false,"_monsterinsights_sitenote_note":"","_monsterinsights_sitenote_category":0},"categories":[23],"tags":[],"_links":{"self":[{"href":"https:\/\/www.reportedeprensa.utalca.cl\/index.php?rest_route=\/wp\/v2\/posts\/4457"}],"collection":[{"href":"https:\/\/www.reportedeprensa.utalca.cl\/index.php?rest_route=\/wp\/v2\/posts"}],"about":[{"href":"https:\/\/www.reportedeprensa.utalca.cl\/index.php?rest_route=\/wp\/v2\/types\/post"}],"author":[{"embeddable":true,"href":"https:\/\/www.reportedeprensa.utalca.cl\/index.php?rest_route=\/wp\/v2\/users\/1"}],"replies":[{"embeddable":true,"href":"https:\/\/www.reportedeprensa.utalca.cl\/index.php?rest_route=%2Fwp%2Fv2%2Fcomments&post=4457"}],"version-history":[{"count":4,"href":"https:\/\/www.reportedeprensa.utalca.cl\/index.php?rest_route=\/wp\/v2\/posts\/4457\/revisions"}],"predecessor-version":[{"id":4461,"href":"https:\/\/www.reportedeprensa.utalca.cl\/index.php?rest_route=\/wp\/v2\/posts\/4457\/revisions\/4461"}],"wp:attachment":[{"href":"https:\/\/www.reportedeprensa.utalca.cl\/index.php?rest_route=%2Fwp%2Fv2%2Fmedia&parent=4457"}],"wp:term":[{"taxonomy":"category","embeddable":true,"href":"https:\/\/www.reportedeprensa.utalca.cl\/index.php?rest_route=%2Fwp%2Fv2%2Fcategories&post=4457"},{"taxonomy":"post_tag","embeddable":true,"href":"https:\/\/www.reportedeprensa.utalca.cl\/index.php?rest_route=%2Fwp%2Fv2%2Ftags&post=4457"}],"curies":[{"name":"wp","href":"https:\/\/api.w.org\/{rel}","templated":true}]}}