{"id":4469,"date":"2022-07-13T10:14:54","date_gmt":"2022-07-13T13:14:54","guid":{"rendered":"https:\/\/www.reportedeprensa.utalca.cl\/?p=4469"},"modified":"2022-07-13T10:19:01","modified_gmt":"2022-07-13T13:19:01","slug":"13-de-julio-de-2022","status":"publish","type":"post","link":"https:\/\/www.reportedeprensa.utalca.cl\/?p=4469","title":{"rendered":"13 de julio de 2022"},"content":{"rendered":"\t\t<div data-elementor-type=\"wp-post\" data-elementor-id=\"4469\" class=\"elementor elementor-4469\" data-elementor-settings=\"[]\">\n\t\t\t\t\t\t\t<div class=\"elementor-section-wrap\">\n\t\t\t\t\t\t\t<section class=\"elementor-section elementor-top-section elementor-element elementor-element-44052ab7 elementor-section-boxed elementor-section-height-default elementor-section-height-default\" data-id=\"44052ab7\" data-element_type=\"section\">\n\t\t\t\t\t\t<div class=\"elementor-container elementor-column-gap-default\">\n\t\t\t\t\t<div class=\"elementor-column elementor-col-100 elementor-top-column elementor-element elementor-element-5b002d83\" data-id=\"5b002d83\" data-element_type=\"column\">\n\t\t\t<div class=\"elementor-widget-wrap elementor-element-populated\">\n\t\t\t\t\t\t\t\t<div class=\"elementor-element elementor-element-477998b8 elementor-widget elementor-widget-text-editor\" data-id=\"477998b8\" data-element_type=\"widget\" data-widget_type=\"text-editor.default\">\n\t\t\t\t<div class=\"elementor-widget-container\">\n\t\t\t\t\t\t\t\t<p class=\"x_MsoNormal\"><strong>LATERCERA.COM\u00a0<\/strong><\/p><p class=\"x_MsoNormal\"><a href=\"https:\/\/www.latercera.com\/culto\/2022\/07\/12\/se-abre-convocatoria-al-premio-iberoamericano-de-letras-jose-donoso-2022\/\">Se abre convocatoria al Premio Iberoamericano de Letras Jos\u00e9 Donoso 2022.\u00a0<\/a><\/p><p class=\"x_MsoNormal\">\u00a0<\/p><p class=\"x_MsoNormal\"><strong>NOVACIENCIA.ES\u00a0<\/strong><\/p><p class=\"x_MsoNormal\"><a href=\"https:\/\/www.litoralpress.cl\/sitio\/Prensa_PaginaCompleta.cshtml?LPKey=DZIFFON6U6XYJOT5ZDMXXXWKZJ2FF4MLZ32FXLZW7MNOMUHML2PA\">El Premio Iberoamericano de Letras Jos\u00e9 Donoso distinguir\u00e1 la trayectoria literaria de un autor de habla hispana o portuguesa.\u00a0<\/a><\/p><p class=\"x_MsoNormal\"><span class=\"x_MsoHyperlink\">\u00a0<\/span><\/p><p class=\"x_MsoNormal\"><strong><span class=\"x_MsoHyperlink\">ELMAULEINFORMA.CL\u00a0<\/span><\/strong><\/p><p class=\"x_MsoNormal\"><a href=\"https:\/\/elmauleinforma.cl\/universidad-de-talca-abre-convocatoria-al-premio-iberoamericano-de-letras-jose-donoso-2022\/\"><span class=\"x_MsoHyperlink\">Universidad de Talca abre convocatoria al Premio Iberoamericano de Letras Jos\u00e9 Donoso 2022.<\/span><\/a><\/p><p class=\"x_MsoNormal\" aria-hidden=\"true\">\u00a0<\/p><p class=\"x_MsoNormal\"><strong>G5NOTICIAS.CL\u00a0<\/strong><\/p><p class=\"x_MsoNormal\"><a href=\"https:\/\/g5noticias.cl\/2022\/07\/12\/universidad-de-talca-abre-convocatoria-al-premio-iberoamericano-de-letras-jose-donoso-2022\/\">Universidad de Talca abre convocatoria al Premio Iberoamericano de Letras Jos\u00e9 Donoso 2022.\u00a0<\/a><\/p><p class=\"x_MsoNormal\" aria-hidden=\"true\">\u00a0<\/p><p class=\"x_MsoNormal\"><strong>CANAL CNN\u00a0<\/strong><\/p><p class=\"x_MsoNormal\"><a href=\"https:\/\/www.litoralpress.cl\/sitio\/RadioTV_Detalles.cshtml?LPKey=RDNOASY4HZKMNG5QNAKCMVCC5BKOEX4QFHHWRONEWPRACGB57ZNEH254V2FNR7AW22SIDTA6CQ6TW\">Cuatro mil 239 casos nuevos de COVID-19 se registran durante la \u00faltima jornada en todo Chile. Se refiere \u00c9rika Retamal, directora del Departamento de Salud P\u00fablica.\u00a0<\/a><\/p><p class=\"x_MsoNormal\">\u00a0<\/p><p class=\"x_MsoNormal\"><strong>ELCENTRO.CL\u00a0<\/strong><\/p><p class=\"x_MsoNormal\"><a href=\"https:\/\/elcentro.cl\/2022\/07\/12\/utalca-habilito-modulo-especial-de-atencion-a-sus-estudiantes-que-deban-renovar-su-tne\/\">UTalca habilit\u00f3 m\u00f3dulo especial de atenci\u00f3n a sus estudiantes que deban renovar su TNE. \u00a0<\/a><\/p><p class=\"x_MsoNormal\">\u00a0<\/p><p class=\"x_MsoNormal\"><strong>CANAL ANTOFAGASTA TV\u00a0<\/strong><\/p><p class=\"x_MsoNormal\"><a href=\"https:\/\/www.litoralpress.cl\/sitio\/RadioTV_Detalles.cshtml?LPKey=HFPR7TN5EPBY6V626IJUHXWPHRBO6IF5RY4GOZF5FDTZ7HEPAA2SXMM2G3FICWIIFZBPYH7FEG4OK\">El 30 de agosto vencer\u00e1 plazo para renovaci\u00f3n del Pase Escolar. \u00a0<\/a><\/p><p class=\"x_MsoNormal\" aria-hidden=\"true\">\u00a0<\/p><p class=\"x_MsoNormal\"><strong>ELMAULEINFORMA.CL\u00a0<\/strong><\/p><p class=\"x_MsoNormal\"><a href=\"https:\/\/elmauleinforma.cl\/estudiantes-de-la-utalca-podran-revalidad-su-tarjeta-tne-2022-en-modulo-especial-de-atencion\/\">Estudiantes de la UTalca podr\u00e1n revalidad su tarjeta TNE 2022 en m\u00f3dulo especial de atenci\u00f3n.\u00a0<\/a><\/p><p class=\"x_MsoNormal\" aria-hidden=\"true\">\u00a0<\/p><p class=\"x_MsoNormal\"><strong>ENLINEAMAULE.CL\u00a0<\/strong><\/p><p class=\"x_MsoNormal\"><a href=\"https:\/\/enlineamaule.cl\/archivo\/48940\">En la UTalca, UCM y Universidad Aut\u00f3noma se contar\u00e1n con m\u00f3dulos de validaci\u00f3n de la TNE. \u00a0<\/a><\/p><p class=\"x_MsoNormal\" aria-hidden=\"true\">\u00a0<\/p><p class=\"x_MsoNormal\"><strong>EL HERALDO\u00a0<\/strong><\/p><p class=\"x_MsoNormal\"><a href=\"https:\/\/www.litoralpress.cl\/paginaconsultas\/Servicios_NClipSitio\/Get_Imagen_Nota.aspx?LPKey=NLWPAKJ6WEYLUCUALHL4O6XULC4QQLRL3H4ZZYGTSG7BJREGGDY2U3YKO5WOHFXPMYH3KZWRR2PDE\">Editorial UTalca presenta nueva versi\u00f3n gratuita de libro acad\u00e9mico sobre hematolog\u00eda.\u00a0<\/a><\/p><p class=\"x_MsoNormal\">\u00a0<\/p><p class=\"x_MsoNormal\"><strong>RADIO AGRICULTURA\u00a0<\/strong><\/p><p class=\"x_MsoNormal\"><a href=\"https:\/\/www.litoralpress.cl\/sitio\/RadioTV_Detalles.cshtml?LPKey=OYQ5XXBSBWRQOUB5J66ZNJPWJG6EX6RXM474DPTC6GLDMVOXGUJTDGBPWRC2YNU4THVHXNCNKVD3E\">Pese a las lluvias desde el MOP no descartaron racionamiento de agua durante el verano. Se refiere Patricio Gonz\u00e1lez, acad\u00e9mico del Centro de Investigaci\u00f3n y Transferencia en Riego y Agroclimatolog\u00eda (CITRA).\u00a0<\/a><\/p><p class=\"x_MsoNormal\">\u00a0<\/p><p class=\"x_MsoNormal\"><strong>CANAL TVN RED MAULE\u00a0<\/strong><\/p><p class=\"x_MsoNormal\"><a href=\"https:\/\/www.litoralpress.cl\/sitio\/RadioTV_Detalles.cshtml?LPKey=CF6U33LZ3TEVN6ES65XFWBPENDHZHEV2IOVR4KESL7YWRN6X772F5AMYXKD7NKIW3HTT2BKFQTBHW\">Nieve cautiv\u00f3 a visitantes del Radal Siete Tazas. Se refiere Patricio Gonz\u00e1lez, acad\u00e9mico del Centro de Investigaci\u00f3n y Transferencia en Riego y Agroclimatolog\u00eda (CITRA).\u00a0<\/a><\/p><p class=\"x_MsoNormal\">\u00a0<\/p><p class=\"x_MsoNormal\"><strong>CANAL TV5 LINARES\u00a0<\/strong><\/p><p class=\"x_MsoNormal\"><a href=\"https:\/\/www.litoralpress.cl\/sitio\/RadioTV_Detalles.cshtml?LPKey=3L3U3VSHWIAHICEGNU3Y2Z7TKELR3WJD5VOCBLE6WKC6EDQRYBZJTTASHP5HQGQFC45YNWI7QLBP4\">Lluvias dio paso a las heladas. Se refiere Patricio Gonz\u00e1lez, acad\u00e9mico del Centro de Investigaci\u00f3n y Transferencia en Riego y Agroclimatolog\u00eda (CITRA).\u00a0<\/a><\/p><p class=\"x_MsoNormal\"><span class=\"x_MsoHyperlink\">\u00a0<\/span><\/p><p class=\"x_MsoNormal\"><strong><span class=\"x_MsoHyperlink\">CANAL ANTOFAGASTA TV<\/span><span class=\"x_MsoHyperlink\">\u00a0<\/span><\/strong><\/p><p class=\"x_MsoNormal\"><a href=\"https:\/\/www.litoralpress.cl\/sitio\/RadioTV_Detalles.cshtml?LPKey=QCY25ZXC2TFRCPV4WTBO5U3NI6L6CYV7QUBXJJX47NWYD2E7LDV36XTYUMY6L766W7WNOEU452UEE\">Comenz\u00f3 intensa ola polar tras lluvias en la Regi\u00f3n del Maule. Se refiere Patricio Gonz\u00e1lez, acad\u00e9mico del Centro de Investigaci\u00f3n y Transferencia en Riego y Agroclimatolog\u00eda (CITRA).\u00a0<\/a><\/p><p class=\"x_MsoNormal\" aria-hidden=\"true\">\u00a0<\/p><p class=\"x_MsoNormal\"><strong>RADIO LAUTARO\u00a0<\/strong><\/p><p class=\"x_MsoNormal\"><a href=\"https:\/\/www.litoralpress.cl\/sitio\/RadioTV_Detalles.cshtml?LPKey=ZWB7VSG24KUEJ7D7ZNK7US6G5ZLP25XWQZWHYX6EUHVME2QMCEYTCKK7HOVVE3LC55CDCTDBRMRUW\">Entrevista a Felipe Varas, acad\u00e9mico de la Facultad de Ingenier\u00eda.\u00a0<\/a><\/p><p class=\"x_MsoNormal\">\u00a0<\/p><p class=\"x_MsoNormal\"><strong>RADIO COOPERATIVA\u00a0<\/strong><\/p><p class=\"x_MsoNormal\"><a href=\"https:\/\/www.litoralpress.cl\/sitio\/RadioTV_Detalles.cshtml?LPKey=5NWGFPLLR63WETEHOGAF63WDRRS6GAWAQYJBGDJZ573WQZDWO5LAQHSCX52UGNFMWPYPR3S6PJT2K\">Durante esta jornada se tramitan los anuncios de bono de invierno y la extensi\u00f3n del post natal parental.\u00a0\u00a0Se refiere Hern\u00e1n D\u00edaz, acad\u00e9mico de la Facultad de Econom\u00eda y Negocios (FEN).\u00a0<\/a><\/p><p class=\"x_MsoNormal\">\u00a0<\/p><p class=\"x_MsoNormal\"><strong>COOPERATIVA.CL\u00a0<\/strong><\/p><p class=\"x_MsoNormal\"><a href=\"https:\/\/www.cooperativa.cl\/noticias\/economia\/divisas\/dolar\/el-dolar-sigue-al-alza-y-alcanzo-los-1-026-pesos\/2022-07-12\/090147.html\">El d\u00f3lar sigue al alza y alcanz\u00f3 los 1.026 pesos. Se refiere Hern\u00e1n D\u00edaz, acad\u00e9mico de la Facultad de Econom\u00eda y Negocios (FEN).\u00a0<\/a><\/p><p class=\"x_MsoNormal\">\u00a0<\/p><p class=\"x_MsoNormal\"><strong>EL LECTOR\u00a0<\/strong><\/p><p class=\"x_MsoNormal\"><a href=\"https:\/\/www.litoralpress.cl\/paginaconsultas\/Servicios_NClipSitio\/Get_Imagen_Nota.aspx?LPKey=26KDYOFCKSRFD5JBR2GIK3JGAQ4N2BVOHHCIKVC3DVXY4Q7B5BTMZL5OAG7N7TWDDEPJ2WHTTEJ7W\">Cauquenes tendr\u00e1 talleres de astronom\u00eda para ni\u00f1as y ni\u00f1os. Se refiere Karin Saavedra, directora general de Vinculaci\u00f3n con el Medio.\u00a0<\/a><\/p><p class=\"x_MsoNormal\">\u00a0<\/p><p class=\"x_MsoNormal\"><strong>PORTALEDUCACION.CL\u00a0<\/strong><\/p><p class=\"x_MsoNormal\"><a href=\"https:\/\/portaleducacion.cl\/index.php\/2022\/07\/12\/cauquenes-tendra-talleres-de-astronomia-para-ninas-y-ninos\/\">Cauquenes tendr\u00e1 talleres de astronom\u00eda para ni\u00f1as y ni\u00f1os. Se refiere Karin Saavedra, directora general de Vinculaci\u00f3n con el Medio.\u00a0<\/a><\/p><p class=\"x_MsoNormal\" aria-hidden=\"true\">\u00a0<\/p><p class=\"x_MsoNormal\"><strong>CAUQUENESNET.CL\u00a0<\/strong><\/p><p class=\"x_MsoNormal\"><a href=\"https:\/\/cauquenesnet.cl\/2022\/07\/12\/cauquenes-tendra-talleres-de-astronomia-para-ninas-y-ninos\/\">Cauquenes tendr\u00e1 talleres de astronom\u00eda para ni\u00f1as y ni\u00f1os. Se refiere Karin Saavedra, directora general de Vinculaci\u00f3n con el Medio.\u00a0<\/a><\/p><p class=\"x_MsoNormal\" aria-hidden=\"true\">\u00a0<\/p><p class=\"x_MsoNormal\"><strong>TVMAULE.CL\u00a0<\/strong><\/p><p class=\"x_MsoNormal\"><a href=\"https:\/\/www.tvmaule.cl\/academica-karin-saavedra-asume-direccion-de-explora-maule\/\">Acad\u00e9mica Karin Saavedra asume direcci\u00f3n de Explora Maule. \u00a0<\/a><\/p><p class=\"x_MsoNormal\" aria-hidden=\"true\">\u00a0<\/p><p class=\"x_MsoNormal\"><strong>CENTROSURNOTICIAS.CL\u00a0<\/strong><\/p><p class=\"x_MsoNormal\"><a href=\"https:\/\/centrosurnoticias.cl\/con-renovado-foco-asume-nueva-direccion-de-explora-maule\/\">Con renovado foco asume nueva Direcci\u00f3n de Explora Maule. Se refiere Karin Saavedra, directora general de Vinculaci\u00f3n con el Medio.\u00a0<\/a><\/p><p class=\"x_MsoNormal\" aria-hidden=\"true\">\u00a0<\/p><p class=\"x_MsoNormal\"><strong>RENGOENLANOTICIA.CL\u00a0<\/strong><\/p><p class=\"x_MsoNormal\"><a href=\"http:\/\/www.rengoenlanoticia.cl\/not\/2022\/07\/12\/seremi-de-ciencia-destaca-a-investigadoras-de-la-macrozona\/\">Seremi de Ciencia destaca a investigadoras de la macrozona. Se refiere Karin Saavedra, directora general de Vinculaci\u00f3n con el Medio. \u00a0<\/a><\/p><p class=\"x_MsoNormal\">\u00a0<\/p><p class=\"x_MsoNormal\"><strong>CANAL 24 HORAS\u00a0<\/strong><\/p><p class=\"x_MsoNormal\"><a href=\"https:\/\/www.litoralpress.cl\/sitio\/RadioTV_Detalles.cshtml?LPKey=4TBZ33GOS6GC3S7TWHS57BJALKMYXAPTCMWHAJXWD7Z7YPZO73NTB576UBWHGIQHZ3Y6KHPVG5YGI\">Entrevista a Mario Herrera, acad\u00e9mico del Centro de An\u00e1lisis Pol\u00edtico (CAP).\u00a0<\/a><\/p><p class=\"x_MsoNormal\">\u00a0<\/p><p class=\"x_MsoNormal\"><strong>EMOL.COM\u00a0<\/strong><\/p><p class=\"x_MsoNormal\"><a href=\"https:\/\/www.emol.com\/noticias\/Nacional\/2022\/07\/12\/1066738\/presidente-boric-analisis-cambios-posturas.html\">An\u00e1lisis a los cambios de postura del Presidente: Apertura al di\u00e1logo o debilidad de convicciones. Se refiere Mauricio Morales, director del Centro de An\u00e1lisis Pol\u00edtico (CAP).\u00a0<\/a><\/p><p class=\"x_MsoNormal\">\u00a0<\/p><p class=\"x_MsoNormal\"><strong>RADIO INFINITA\u00a0<\/strong><\/p><p class=\"x_MsoNormal\"><a href=\"https:\/\/www.litoralpress.cl\/sitio\/RadioTV_Detalles.cshtml?LPKey=KM2C6MW5XODHPKMB6K3RDALB4UOISDFOMWATG3UWXGCEBDNM3POI672YCI74GZHA5CWBK4PPWZAI2\">Comentario de Mauricio Morales, director del Centro de An\u00e1lisis Pol\u00edtico (CAP).\u00a0<\/a><\/p><p class=\"x_MsoNormal\">\u00a0<\/p><p class=\"x_MsoNormal\"><strong>24HORAS.CL\u00a0<\/strong><\/p><p class=\"x_MsoNormal\"><a href=\"https:\/\/www.24horas.cl\/proceso-constituyente\/propuesta-constitucional-que-significa-un-estado-social-y-democratico\">Propuesta Constitucional: \u00bfQu\u00e9 significa un Estado social y democr\u00e1tico de derecho? Se refiere Mario Herrera, acad\u00e9mico del Centro de An\u00e1lisis Pol\u00edtico (CAP).\u00a0<\/a><\/p><p class=\"x_MsoNormal\">\u00a0<\/p><p class=\"x_MsoNormal\"><strong>ELDESCONCIERTO.CL\u00a0<\/strong><\/p><p class=\"x_MsoNormal\"><a href=\"https:\/\/www.eldesconcierto.cl\/nacional\/2022\/07\/12\/a-54-dias-del-plebiscito-amarillos-inflados.html\">A 54 d\u00edas del Plebiscito: Amarillos inflados. Se refiere Mauricio Morales, director del Centro de An\u00e1lisis Pol\u00edtico (CAP).\u00a0<\/a><\/p><p class=\"x_MsoNormal\">\u00a0<\/p>\t\t\t\t\t\t<\/div>\n\t\t\t\t<\/div>\n\t\t\t\t\t<\/div>\n\t\t<\/div>\n\t\t\t\t\t\t\t<\/div>\n\t\t<\/section>\n\t\t\t\t\t\t<\/div>\n\t\t\t\t\t<\/div>\n\t\t","protected":false},"excerpt":{"rendered":"<p>LATERCERA.COM\u00a0 Se abre convocatoria al Premio Iberoamericano de Letras Jos\u00e9 Donoso 2022.\u00a0 \u00a0 NOVACIENCIA.ES\u00a0 El Premio Iberoamericano de Letras Jos\u00e9 Donoso distinguir\u00e1 la trayectoria literaria de un autor de habla hispana o portuguesa.\u00a0 \u00a0 ELMAULEINFORMA.CL\u00a0 Universidad de Talca abre convocatoria al Premio Iberoamericano de Letras Jos\u00e9 Donoso 2022. \u00a0 G5NOTICIAS.CL\u00a0 Universidad de Talca abre convocatoria &hellip;<\/p>\n<p class=\"read-more\"> <a class=\"\" href=\"https:\/\/www.reportedeprensa.utalca.cl\/?p=4469\"> <span class=\"screen-reader-text\">13 de julio de 2022<\/span> Read More &raquo;<\/a><\/p>\n","protected":false},"author":1,"featured_media":0,"comment_status":"closed","ping_status":"open","sticky":false,"template":"","format":"standard","meta":{"_monsterinsights_skip_tracking":false,"_monsterinsights_sitenote_active":false,"_monsterinsights_sitenote_note":"","_monsterinsights_sitenote_category":0},"categories":[23],"tags":[],"_links":{"self":[{"href":"https:\/\/www.reportedeprensa.utalca.cl\/index.php?rest_route=\/wp\/v2\/posts\/4469"}],"collection":[{"href":"https:\/\/www.reportedeprensa.utalca.cl\/index.php?rest_route=\/wp\/v2\/posts"}],"about":[{"href":"https:\/\/www.reportedeprensa.utalca.cl\/index.php?rest_route=\/wp\/v2\/types\/post"}],"author":[{"embeddable":true,"href":"https:\/\/www.reportedeprensa.utalca.cl\/index.php?rest_route=\/wp\/v2\/users\/1"}],"replies":[{"embeddable":true,"href":"https:\/\/www.reportedeprensa.utalca.cl\/index.php?rest_route=%2Fwp%2Fv2%2Fcomments&post=4469"}],"version-history":[{"count":4,"href":"https:\/\/www.reportedeprensa.utalca.cl\/index.php?rest_route=\/wp\/v2\/posts\/4469\/revisions"}],"predecessor-version":[{"id":4473,"href":"https:\/\/www.reportedeprensa.utalca.cl\/index.php?rest_route=\/wp\/v2\/posts\/4469\/revisions\/4473"}],"wp:attachment":[{"href":"https:\/\/www.reportedeprensa.utalca.cl\/index.php?rest_route=%2Fwp%2Fv2%2Fmedia&parent=4469"}],"wp:term":[{"taxonomy":"category","embeddable":true,"href":"https:\/\/www.reportedeprensa.utalca.cl\/index.php?rest_route=%2Fwp%2Fv2%2Fcategories&post=4469"},{"taxonomy":"post_tag","embeddable":true,"href":"https:\/\/www.reportedeprensa.utalca.cl\/index.php?rest_route=%2Fwp%2Fv2%2Ftags&post=4469"}],"curies":[{"name":"wp","href":"https:\/\/api.w.org\/{rel}","templated":true}]}}