{"id":4481,"date":"2022-07-14T10:08:13","date_gmt":"2022-07-14T13:08:13","guid":{"rendered":"https:\/\/www.reportedeprensa.utalca.cl\/?p=4481"},"modified":"2022-07-14T10:18:52","modified_gmt":"2022-07-14T13:18:52","slug":"14-de-julio-de-2022","status":"publish","type":"post","link":"https:\/\/www.reportedeprensa.utalca.cl\/?p=4481","title":{"rendered":"14 de julio de 2022"},"content":{"rendered":"\t\t<div data-elementor-type=\"wp-post\" data-elementor-id=\"4481\" class=\"elementor elementor-4481\" data-elementor-settings=\"[]\">\n\t\t\t\t\t\t\t<div class=\"elementor-section-wrap\">\n\t\t\t\t\t\t\t<section class=\"elementor-section elementor-top-section elementor-element elementor-element-44052ab7 elementor-section-boxed elementor-section-height-default elementor-section-height-default\" data-id=\"44052ab7\" data-element_type=\"section\">\n\t\t\t\t\t\t<div class=\"elementor-container elementor-column-gap-default\">\n\t\t\t\t\t<div class=\"elementor-column elementor-col-100 elementor-top-column elementor-element elementor-element-5b002d83\" data-id=\"5b002d83\" data-element_type=\"column\">\n\t\t\t<div class=\"elementor-widget-wrap elementor-element-populated\">\n\t\t\t\t\t\t\t\t<div class=\"elementor-element elementor-element-477998b8 elementor-widget elementor-widget-text-editor\" data-id=\"477998b8\" data-element_type=\"widget\" data-widget_type=\"text-editor.default\">\n\t\t\t\t<div class=\"elementor-widget-container\">\n\t\t\t\t\t\t\t\t<p class=\"x_MsoNormal\"><strong>LANOTICIA.CL\u00a0<\/strong><\/p><p class=\"x_MsoNormal\"><a href=\"https:\/\/lanoticia.cl\/universidad-de-talca-forma-parte-del-laboratorio-nacional-de-supercomputacion\/\">Universidad de Talca forma parte del Laboratorio Nacional de Supercomputaci\u00f3n.\u00a0<\/a><\/p><p class=\"x_MsoNormal\">\u00a0<\/p><p class=\"x_MsoNormal\"><strong>ADPRENSA.CL\u00a0<\/strong><\/p><p class=\"x_MsoNormal\"><a href=\"https:\/\/www.adprensa.cl\/cronica\/universidad-de-talca-abre-convocatoria-al-premio-iberoamericano-de-letras-jose-donoso-2022\/\">Universidad de Talca abre convocatoria al Premio Iberoamericano de Letras Jos\u00e9 Donoso 2022.\u00a0<\/a><\/p><p class=\"x_MsoNormal\">\u00a0<\/p><p class=\"x_MsoNormal\"><strong>DIARIOTALCA.CL\u00a0<\/strong><\/p><p class=\"x_MsoNormal\"><a href=\"https:\/\/diariotalca.cl\/abren-convocatoria-al-premio-iberoamericano-de-letras-jose-donoso-2022\/\">Abren convocatoria al Premio Iberoamericano de Letras Jos\u00e9 Donoso 2022.\u00a0<\/a><\/p><p class=\"x_MsoNormal\">\u00a0<\/p><p class=\"x_MsoNormal\"><strong>LAS \u00daLTIMAS NOTICIAS\u00a0<\/strong><\/p><p class=\"x_MsoNormal\"><a href=\"https:\/\/www.litoralpress.cl\/paginaconsultas\/Servicios_NClipSitio\/Get_Imagen_Nota.aspx?LPKey=ZC7NY33Q4Q4X2Z4TSQ7333YIMPOD4E2LLF5LPESGZ6CEQ5RL4F7AHDGT2HTTJBKFR646B456S3CSU\">Ranking 2022: las instituciones con m\u00e1s alumnos de la educaci\u00f3n superior. \u00a0<\/a><\/p><p class=\"x_MsoNormal\">\u00a0<\/p><p class=\"x_MsoNormal\"><strong>ELMAULEINFORMA.CL\u00a0<\/strong><\/p><p class=\"x_MsoNormal\"><a href=\"https:\/\/elmauleinforma.cl\/educacion-y-transporte-gestionan-modulos-de-validacion-tne-en-universidades-de-talca-y-curico\/\">Educaci\u00f3n y Transporte gestionan m\u00f3dulos de validaci\u00f3n TNE en universidades de Talca y Curic\u00f3.\u00a0<\/a><\/p><p class=\"x_MsoNormal\">\u00a0<\/p><p class=\"x_MsoNormal\"><strong>EL MERCURIO\u00a0<\/strong><\/p><p class=\"x_MsoNormal\"><a href=\"https:\/\/www.litoralpress.cl\/paginaconsultas\/Servicios_NClipSitio\/Get_Imagen_Nota.aspx?LPKey=VUD2HG4DXH2IQXSEQSEHMN6RWO7OXH6G2TIFSY2PGLEOHEJJCNFYZA633F44J2KCOC6AHY6YCDB76\">Dispositivo permite que personas con discapacidad visual se desplacen sin bast\u00f3n. Se refiere Silvana Herrera, acad\u00e9mica de la Escuela de Dise\u00f1o.\u00a0<\/a><\/p><p class=\"x_MsoNormal\">\u00a0<\/p><p class=\"x_MsoNormal\"><strong>LA TERCERA\u00a0<\/strong><\/p><p class=\"x_MsoNormal\"><a href=\"https:\/\/www.litoralpress.cl\/sitio\/Prensa_PaginaCompleta.cshtml?LPKey=XSNTN5YYMHJSFFJT4U563COXM3DWX3S6JB3Z7OQQRSG23YKJOL6Q\">Siete de cada 10 chilenos prefieren seguir trabajando pese a ser infeliz. Se refiere Emilio Moyano, acad\u00e9mico de la Facultad de Psicolog\u00eda.\u00a0<\/a><\/p><p class=\"x_MsoNormal\">\u00a0<\/p><p class=\"x_MsoNormal\"><strong>LATERCERA.COM\u00a0<\/strong><\/p><p class=\"x_MsoNormal\"><a href=\"https:\/\/www.latercera.com\/que-pasa\/noticia\/incomodidad-ambiente-toxico-y-estres-laboral-siete-de-cada-10-chilenos-prefiere-seguir-trabajando-pese-a-ser-infeliz\/HZMPC4G26VF6ZMLERO55ZE74GQ\/\">Incomodidad, ambiente t\u00f3xico y estr\u00e9s laboral: Siete de cada 10 chilenos prefiere seguir trabajando pese a ser infeliz. Se refiere Emilio Moyano, acad\u00e9mico de la Facultad de Psicolog\u00eda. \u00a0<\/a><\/p><p class=\"x_MsoNormal\">\u00a0<\/p><p class=\"x_MsoNormal\"><strong>ADPRENSA.CL\u00a0<\/strong><\/p><p class=\"x_MsoNormal\"><a href=\"https:\/\/www.adprensa.cl\/cronica\/especialista-destaca-autorizacion-en-eeuu-de-vacunas-contra-el-covid-19-para-menores-de-3-anos\/\">Especialista destaca autorizaci\u00f3n en EEUU de vacunas contra el COVID-19 para menores de 3 a\u00f1os. Se refiere Marcelo Alarc\u00f3n, acad\u00e9mico del Departamento de Bioqu\u00edmica Cl\u00ednica e Inmunohematolog\u00eda. \u00a0<\/a><\/p><p class=\"x_MsoNormal\">\u00a0<\/p><p class=\"x_MsoNormal\"><strong>ELAMAULE.CL\u00a0<\/strong><\/p><p class=\"x_MsoNormal\"><a href=\"https:\/\/www.elamaule.cl\/noticia\/tecnologia\/ayuda-pacientes-de-diversas-edades-universidad-de-talca-registra-1-patente-kinesi\">Ayuda a pacientes de diversas edades: Universidad de Talca registra 1\u00aa patente kinesiol\u00f3gica de Chile. Se refiere Valeska Gatica, directora del Centro Tecnol\u00f3gico de Telerrehabilitaci\u00f3n y Neurociencias en el Movimiento Humano (CTTN).\u00a0<\/a><\/p><p class=\"x_MsoNormal\">\u00a0<\/p><p class=\"x_MsoNormal\"><strong>ELALFA.CL\u00a0<\/strong><\/p><p class=\"x_MsoNormal\"><a href=\"https:\/\/elalfa.cl\/index.php\/2022\/07\/11\/proyecto-de-la-utalca-busca-incentivar-disminucion-de-contaminantes-en-el-aire\/\">Proyecto de la UTalca busca incentivar disminuci\u00f3n de contaminantes en el aire. Se refiere Felipe Varas, acad\u00e9mico de la Facultad de Ingenier\u00eda. \u00a0<\/a><\/p><p class=\"x_MsoNormal\">\u00a0<\/p><p class=\"x_MsoNormal\"><strong>CANAL TVN\u00a0<\/strong><\/p><p class=\"x_MsoNormal\"><a href=\"https:\/\/www.litoralpress.cl\/sitio\/RadioTV_Detalles.cshtml?LPKey=HMP7NJC2XTOZMZUDZVP5U2TWZMHLUBMUEZ2RVZPJNV6FF74G5K7TBT37BOUGJRKQLABJSNNTBQHDU\">Cae nieve en Talca por paso de sistema frontal. Se refiere Patricio Gonz\u00e1lez, acad\u00e9mico del Centro de Investigaci\u00f3n y Transferencia en Riego y Agroclimatolog\u00eda (CITRA).\u00a0<\/a><\/p><p class=\"x_MsoNormal\">\u00a0<\/p><p class=\"x_MsoNormal\"><strong>CANAL TVN\u00a0<\/strong><\/p><p class=\"x_MsoNormal\"><a href=\"https:\/\/www.litoralpress.cl\/sitio\/RadioTV_Detalles.cshtml?LPKey=WEYJWTZIJOJ7CJLUHYVN62UIOUVAJXH7XR2NVKWDVPIASMJXV3KKRJCKKEBZT4TQT4M6C6S2UO45S\">Inusual nevada en Talca deja paso de sistema frontal. Se refiere Patricio Gonz\u00e1lez, acad\u00e9mico del Centro de Investigaci\u00f3n y Transferencia en Riego y Agroclimatolog\u00eda (CITRA).\u00a0<\/a><\/p><p class=\"x_MsoNormal\">\u00a0<\/p><p class=\"x_MsoNormal\"><strong>SMARTCHERRY.CL\u00a0<\/strong><\/p><p class=\"x_MsoNormal\"><a href=\"https:\/\/www.smartcherry.cl\/clima\/nuevo-sistema-frontal-afectara-zona-central-del-pais\/\">Nuevo sistema frontal afectar\u00e1 zona central del pa\u00eds. Se refiere Patricio Gonz\u00e1lez, acad\u00e9mico del Centro de Investigaci\u00f3n y Transferencia en Riego y Agroclimatolog\u00eda (CITRA). \u00a0<\/a><\/p><p class=\"x_MsoNormal\">\u00a0<\/p><p class=\"x_MsoNormal\"><strong>ATENTOSCHILE.CL\u00a0<\/strong><\/p><p class=\"x_MsoNormal\"><a href=\"https:\/\/www.litoralpress.cl\/sitio\/RadioTV_Detalles.cshtml?LPKey=PQZ6CV3KC7EGWOOMBIVGXYZ37WOODIEFUHYCPUTCZFC47MLD6H4ESGC6ZZR55G5ZJ5W63542NTHHE\">Entrevista a Jos\u00e9 D\u00edaz, profesor de la Facultad de Ciencias Agrarias.\u00a0<\/a><\/p><p class=\"x_MsoNormal\">\u00a0<\/p><p class=\"x_MsoNormal\"><strong>CANAL 30 MULTICOM\u00a0<\/strong><\/p><p class=\"x_MsoNormal\"><a href=\"https:\/\/www.litoralpress.cl\/sitio\/RadioTV_Detalles.cshtml?LPKey=32OM4G6P4R6YNNOZRFICEUI5WK7IDUYO4K2DF7G7CGNQMROS6P7B72XSIYSBG4GHVUNVHHHDOOXGW\">Recomendaciones para una dieta balanceada. Se refiere Alejandra S\u00e1nchez, acad\u00e9mica de la Escuela de Nutrici\u00f3n y Diet\u00e9tica. \u00a0<\/a><\/p><p class=\"x_MsoNormal\">\u00a0<\/p><p class=\"x_MsoNormal\"><strong>LA PRENSA\u00a0<\/strong><\/p><p class=\"x_MsoNormal\"><a href=\"https:\/\/www.litoralpress.cl\/sitio\/Prensa_Detalles.cshtml?LPKey=YER4GLDCY2O3APG3HXRESR3RN4FS4SZUYIHFKNSO34UFBODKJDWA\">La astronom\u00eda en la Regi\u00f3n del Maule. Se refiere Daniela Olave, acad\u00e9mica de la Facultad de Ingenier\u00eda. \u00a0<\/a><\/p><p class=\"x_MsoNormal\">\u00a0<\/p><p class=\"x_MsoNormal\"><strong>RADIO AMIGA\u00a0<\/strong><\/p><p class=\"x_MsoNormal\"><a href=\"https:\/\/www.litoralpress.cl\/sitio\/RadioTV_Detalles.cshtml?LPKey=CY3RIWEJVWM4KGOYC6B4FD5PGUGXOPPCUSXTNHPXZBN2UTUFUNBW5JTXZIAG3UEXDWBUD73KTMF6K\">Nueva alza hist\u00f3rica del d\u00f3lar. Se refiere Hern\u00e1n D\u00edaz, acad\u00e9mico de la Facultad de Econom\u00eda y Negocios (FEN).\u00a0<\/a><\/p><p class=\"x_MsoNormal\">\u00a0<\/p><p class=\"x_MsoNormal\"><strong>TV XINHUA NEWS\u00a0<\/strong><\/p><p class=\"x_MsoNormal\"><a href=\"https:\/\/www.litoralpress.cl\/sitio\/RadioTV_Detalles.cshtml?LPKey=YFR5Y3FKF24VEWXGJ7GWCMKJRERS7KVLP5ZXV2Y7OS5V2KWZZKUJQCX3ZVKTQRJ4X4N4WRHRBKNXC\">U.S. ruling on abortion reveals politicization of women&#8217;s rights: Chilean professor. Se refiere Isaac Ravetllat, acad\u00e9mico de la Facultad de Ciencias Jur\u00eddicas y Sociales.\u00a0<\/a><\/p><p class=\"x_MsoNormal\">\u00a0<\/p><p class=\"x_MsoNormal\"><strong>TV XINHUA NEWS\u00a0<\/strong><\/p><p class=\"x_MsoNormal\"><a href=\"https:\/\/www.litoralpress.cl\/sitio\/RadioTV_Detalles.cshtml?LPKey=MMEGGGGSSYIWZKY4PUZIMRY6FYCBK6NJILF5RS4ULO2AO4GL62VQP46CSMN4RJBALFQBM5J7A2H3M\">How abortion is politically charged issue in U.S. Se refiere Isaac Ravetllat, acad\u00e9mico de la Facultad de Ciencias Jur\u00eddicas y Sociales. \u00a0<\/a><\/p><p class=\"x_MsoNormal\">\u00a0<\/p><p class=\"x_MsoNormal\"><strong>DIARIOTALCA.CL\u00a0<\/strong><\/p><p class=\"x_MsoNormal\"><a href=\"https:\/\/diariotalca.cl\/atencioin-renuevan-directorio-de-la-junta-de-adelanto-del-maule-2022-2024\/\">\u00a1Atenci\u00f3n! Renuevan directorio de la Junta de Adelanto del Maule 2022-2024. Se menciona a Jorge Navarrete, director del Centro de Competitividad.\u00a0<\/a><\/p><p class=\"x_MsoNormal\">\u00a0<\/p><p class=\"x_MsoNormal\"><strong>ELMAULEINFORMA.CL\u00a0<\/strong><\/p><p class=\"x_MsoNormal\"><a href=\"https:\/\/elmauleinforma.cl\/seremi-de-ciencia-destaca-a-investigadoras-de-la-macrozona\/\">Seremi de Ciencia destaca a investigadoras de la macrozona. Se refiere Karin Saavedra, directora general de Vinculaci\u00f3n con el Medio.\u00a0<\/a><\/p><p class=\"x_MsoNormal\">\u00a0<\/p><p class=\"x_MsoNormal\"><strong>TALCACAPITAL.CL\u00a0<\/strong><\/p><p class=\"x_MsoNormal\"><a href=\"https:\/\/talcacapital.cl\/con-renovado-foco-asume-nueva-direccion-de-explora-maule\/\">Con renovado foco asume nueva direcci\u00f3n de Explora Maule. Se refiere Karin Saavedra, directora general de Vinculaci\u00f3n con el Medio.\u00a0<\/a><\/p><p class=\"x_MsoNormal\" aria-hidden=\"true\">\u00a0<\/p><p class=\"x_MsoNormal\"><strong>RADIO INFINITA\u00a0<\/strong><\/p><p class=\"x_MsoNormal\"><a href=\"https:\/\/www.litoralpress.cl\/sitio\/RadioTV_Detalles.cshtml?LPKey=3NRBFNAAIPCSJEAHK3Y2ZI6OA2CLSLLRXJAEX3VPRPBOMVZBCVUV3NVAIM2G67WQBPOVRI2SQZK46\">Comentario de Mauricio Morales, director del Centro de An\u00e1lisis Pol\u00edtico (CAP).\u00a0<\/a><\/p><p class=\"x_MsoNormal\">\u00a0<\/p><p class=\"x_MsoNormal\"><strong>24HORAS.CL\u00a0<\/strong><\/p><p class=\"x_MsoNormal\"><a href=\"https:\/\/www.24horas.cl\/proceso-constituyente\/banco-central-propuesta-constitucional\">Autonom\u00eda y consejeros del Banco Central: El debate de los expertos ante la propuesta de nueva Constituci\u00f3n. Se refiere Mario Herrera, acad\u00e9mico del Centro de An\u00e1lisis Pol\u00edtico (CAP).\u00a0<\/a><\/p><p class=\"x_MsoNormal\">\u00a0<\/p>\t\t\t\t\t\t<\/div>\n\t\t\t\t<\/div>\n\t\t\t\t\t<\/div>\n\t\t<\/div>\n\t\t\t\t\t\t\t<\/div>\n\t\t<\/section>\n\t\t\t\t\t\t<\/div>\n\t\t\t\t\t<\/div>\n\t\t","protected":false},"excerpt":{"rendered":"<p>LANOTICIA.CL\u00a0 Universidad de Talca forma parte del Laboratorio Nacional de Supercomputaci\u00f3n.\u00a0 \u00a0 ADPRENSA.CL\u00a0 Universidad de Talca abre convocatoria al Premio Iberoamericano de Letras Jos\u00e9 Donoso 2022.\u00a0 \u00a0 DIARIOTALCA.CL\u00a0 Abren convocatoria al Premio Iberoamericano de Letras Jos\u00e9 Donoso 2022.\u00a0 \u00a0 LAS \u00daLTIMAS NOTICIAS\u00a0 Ranking 2022: las instituciones con m\u00e1s alumnos de la educaci\u00f3n superior. \u00a0 \u00a0 &hellip;<\/p>\n<p class=\"read-more\"> <a class=\"\" href=\"https:\/\/www.reportedeprensa.utalca.cl\/?p=4481\"> <span class=\"screen-reader-text\">14 de julio de 2022<\/span> Read More &raquo;<\/a><\/p>\n","protected":false},"author":1,"featured_media":0,"comment_status":"closed","ping_status":"open","sticky":false,"template":"","format":"standard","meta":{"_monsterinsights_skip_tracking":false,"_monsterinsights_sitenote_active":false,"_monsterinsights_sitenote_note":"","_monsterinsights_sitenote_category":0},"categories":[23],"tags":[],"_links":{"self":[{"href":"https:\/\/www.reportedeprensa.utalca.cl\/index.php?rest_route=\/wp\/v2\/posts\/4481"}],"collection":[{"href":"https:\/\/www.reportedeprensa.utalca.cl\/index.php?rest_route=\/wp\/v2\/posts"}],"about":[{"href":"https:\/\/www.reportedeprensa.utalca.cl\/index.php?rest_route=\/wp\/v2\/types\/post"}],"author":[{"embeddable":true,"href":"https:\/\/www.reportedeprensa.utalca.cl\/index.php?rest_route=\/wp\/v2\/users\/1"}],"replies":[{"embeddable":true,"href":"https:\/\/www.reportedeprensa.utalca.cl\/index.php?rest_route=%2Fwp%2Fv2%2Fcomments&post=4481"}],"version-history":[{"count":4,"href":"https:\/\/www.reportedeprensa.utalca.cl\/index.php?rest_route=\/wp\/v2\/posts\/4481\/revisions"}],"predecessor-version":[{"id":4485,"href":"https:\/\/www.reportedeprensa.utalca.cl\/index.php?rest_route=\/wp\/v2\/posts\/4481\/revisions\/4485"}],"wp:attachment":[{"href":"https:\/\/www.reportedeprensa.utalca.cl\/index.php?rest_route=%2Fwp%2Fv2%2Fmedia&parent=4481"}],"wp:term":[{"taxonomy":"category","embeddable":true,"href":"https:\/\/www.reportedeprensa.utalca.cl\/index.php?rest_route=%2Fwp%2Fv2%2Fcategories&post=4481"},{"taxonomy":"post_tag","embeddable":true,"href":"https:\/\/www.reportedeprensa.utalca.cl\/index.php?rest_route=%2Fwp%2Fv2%2Ftags&post=4481"}],"curies":[{"name":"wp","href":"https:\/\/api.w.org\/{rel}","templated":true}]}}