{"id":4493,"date":"2022-07-15T09:53:16","date_gmt":"2022-07-15T12:53:16","guid":{"rendered":"https:\/\/www.reportedeprensa.utalca.cl\/?p=4493"},"modified":"2022-07-15T09:58:49","modified_gmt":"2022-07-15T12:58:49","slug":"15-de-julio-de-2022","status":"publish","type":"post","link":"https:\/\/www.reportedeprensa.utalca.cl\/?p=4493","title":{"rendered":"15 de julio de 2022"},"content":{"rendered":"\t\t<div data-elementor-type=\"wp-post\" data-elementor-id=\"4493\" class=\"elementor elementor-4493\" data-elementor-settings=\"[]\">\n\t\t\t\t\t\t\t<div class=\"elementor-section-wrap\">\n\t\t\t\t\t\t\t<section class=\"elementor-section elementor-top-section elementor-element elementor-element-44052ab7 elementor-section-boxed elementor-section-height-default elementor-section-height-default\" data-id=\"44052ab7\" data-element_type=\"section\">\n\t\t\t\t\t\t<div class=\"elementor-container elementor-column-gap-default\">\n\t\t\t\t\t<div class=\"elementor-column elementor-col-100 elementor-top-column elementor-element elementor-element-5b002d83\" data-id=\"5b002d83\" data-element_type=\"column\">\n\t\t\t<div class=\"elementor-widget-wrap elementor-element-populated\">\n\t\t\t\t\t\t\t\t<div class=\"elementor-element elementor-element-477998b8 elementor-widget elementor-widget-text-editor\" data-id=\"477998b8\" data-element_type=\"widget\" data-widget_type=\"text-editor.default\">\n\t\t\t\t<div class=\"elementor-widget-container\">\n\t\t\t\t\t\t\t\t<p class=\"x_MsoNormal\"><strong>CANAL TVN RED MAULE\u00a0<\/strong><\/p><p class=\"x_MsoNormal\"><a href=\"https:\/\/www.litoralpress.cl\/sitio\/RadioTV_Detalles.cshtml?LPKey=CFEHXWY74NWOQYDDHMCC3XZBBY6FOR7CI2LS45FG7BLBK5IWULXIT4SHTKJ3VWC6TONW74BSUPNW4\">U. de Talca abre postulaci\u00f3n al premio de Letras Jos\u00e9 Donoso.\u00a0<\/a><\/p><p class=\"x_MsoNormal\">\u00a0<\/p><p class=\"x_MsoNormal\"><strong>REVISTA AM\u00c9RICA ECONOM\u00cdA\u00a0<\/strong><\/p><p class=\"x_MsoNormal\"><a href=\"https:\/\/www.litoralpress.cl\/sitio\/Prensa_PaginaCompleta.cshtml?LPKey=25MSXS7JZZ63XH7SV5FU4AFJ6354YS5B6SBQBPNRAVFZVVVXOIFA\">Ranking de las mejoras Escuelas de Negocios de Am\u00e9rica Latina.\u00a0<\/a><\/p><p class=\"x_MsoNormal\">\u00a0<\/p><p class=\"x_MsoNormal\"><strong>CANAL UCHILE TV\u00a0<\/strong><\/p><p class=\"x_MsoNormal\"><a href=\"https:\/\/www.litoralpress.cl\/sitio\/RadioTV_Detalles.cshtml?LPKey=BEODHQIVIZG4D7YQAW2LWM7OUNRKZKPRC6QM55ADHCPYY2UBEDHRP7SSRGPZ3K4OEOVKM7ROZZBL6\">Entrevista a Erika Bu\u00f1ay, acad\u00e9mica del Departamento de Salud P\u00fablica.\u00a0<\/a><\/p><p class=\"x_MsoNormal\">\u00a0<\/p><p class=\"x_MsoNormal\"><strong>CANAL VTV TELEVISI\u00d3N LOS ANDES\u00a0<\/strong><\/p><p class=\"x_MsoNormal\"><a href=\"https:\/\/www.litoralpress.cl\/sitio\/RadioTV_Detalles.cshtml?LPKey=VEPCMJC3RZWCSQWMXJXOQADXTJVGRN6QHDOVWNFNHYOZ5CPFRTPUT34ZQFHZVVL3GHG62VRXMI25G\">El Minsal sostuvo que la curva de casos de covid19 se encuentra en una meseta. Se refiere Erika Retamal, directora del Departamento de Salud P\u00fablica. \u00a0<\/a><\/p><p class=\"x_MsoNormal\">\u00a0<\/p><p class=\"x_MsoNormal\"><strong>ELMAULEINFORMA.CL\u00a0<\/strong><\/p><p class=\"x_MsoNormal\"><a href=\"https:\/\/elmauleinforma.cl\/especialista-destaca-autorizacion-en-eeuu-de-vacunas-contra-el-covid-19-para-menores-de-3-anos\/\">Especialista destaca autorizaci\u00f3n en EEUU de vacunas contra el COVID-19 para menores de 3 a\u00f1os. Se refiere Marcelo Alarc\u00f3n, acad\u00e9mico del Departamento de Bioqu\u00edmica Cl\u00ednica e Inmunohematolog\u00eda.\u00a0<\/a><\/p><p class=\"x_MsoNormal\" aria-hidden=\"true\">\u00a0<\/p><p class=\"x_MsoNormal\"><strong>G5NOTICIAS.CL\u00a0<\/strong><\/p><p class=\"x_MsoNormal\"><a href=\"https:\/\/g5noticias.cl\/2022\/07\/14\/especialista-destaca-autorizacion-en-eeuu-de-vacunas-contra-el-covid-19-para-menores-de-3-anos\/\">Especialista destaca autorizaci\u00f3n en EEUU de vacunas contra el COVID-19 para menores de 3 a\u00f1os. Se refiere Marcelo Alarc\u00f3n, acad\u00e9mico del Departamento de Bioqu\u00edmica Cl\u00ednica e Inmunohematolog\u00eda. \u00a0<\/a><\/p><p class=\"x_MsoNormal\" aria-hidden=\"true\">\u00a0<\/p><p class=\"x_MsoNormal\"><strong>EL MERCURIO\u00a0<\/strong><\/p><p class=\"x_MsoNormal\"><a href=\"https:\/\/www.litoralpress.cl\/paginaconsultas\/Servicios_NClipSitio\/Get_Imagen_Nota.aspx?LPKey=UHC3BML4PENU3TTF5RGPRN7S7LFPSIRHSSGFAKU6MNOEZTG4BUNCBKRVZW4BUXOH7QRAWMP52PFUG\">Sistema frontal deja una persona fallecida en Ovalle, cortes de luz y nieve en comunas de la RM. Se refiere Patricio Gonz\u00e1lez, acad\u00e9mico del Centro de Investigaci\u00f3n y Transferencia en Riego y Agroclimatolog\u00eda (CITRA).\u00a0<\/a><\/p><p class=\"x_MsoNormal\">\u00a0<\/p><p class=\"x_MsoNormal\"><strong>PUBLIMETRO\u00a0<\/strong><\/p><p class=\"x_MsoNormal\"><a href=\"https:\/\/www.litoralpress.cl\/paginaconsultas\/Servicios_NClipSitio\/Get_Imagen_Nota.aspx?LPKey=XZHLZO5NT7SEZLGZO6YQNTQ34N3U3C7B3LUAWI33KCE3W4MGUYA565FWIO7D2TRGKKZ4YP6RQZ7CK\">Nieve y mucha lluvia, pero no se ha ido la sequ\u00eda. Se refiere Patricio Gonz\u00e1lez, acad\u00e9mico del Centro de Investigaci\u00f3n y Transferencia en Riego y Agroclimatolog\u00eda (CITRA).\u00a0<\/a><\/p><p class=\"x_MsoNormal\">\u00a0<\/p><p class=\"x_MsoNormal\"><strong>HOYXHOY\u00a0<\/strong><\/p><p class=\"x_MsoNormal\"><a href=\"https:\/\/www.litoralpress.cl\/paginaconsultas\/Servicios_NClipSitio\/Get_Imagen_Nota.aspx?LPKey=HEFF3IBIVQJ6M6CVSAWVXD5HLERWVXLWLSVW6OTNL6EMLSNNRGV7J2VJZWPBEEHSZOKSZ5WWDJJ6M\">Sistema frontal dej\u00f3 nieve, ca\u00eddas de \u00e1rboles y una fallecida en Ovalle: lluvia volver\u00eda el domingo. Se refiere Patricio Gonz\u00e1lez, acad\u00e9mico del Centro de Investigaci\u00f3n y Transferencia en Riego y Agroclimatolog\u00eda (CITRA).\u00a0<\/a><\/p><p class=\"x_MsoNormal\">\u00a0<\/p><p class=\"x_MsoNormal\"><strong>CANAL 24 HORAS\u00a0<\/strong><\/p><p class=\"x_MsoNormal\"><a href=\"https:\/\/www.litoralpress.cl\/sitio\/RadioTV_Detalles.cshtml?LPKey=G6LD2JQQBDKTAUMY23PJGV66F6EJBTPL42NX3MQ73EZT4N7DFMY4ZAINESISZOP33IQUOAGJ2KIA2\">Intensa ca\u00edda de nieve en Talca durante la pasada madrugada. Se refiere Patricio Gonz\u00e1lez, acad\u00e9mico del Centro de Investigaci\u00f3n y Transferencia en Riego y Agroclimatolog\u00eda (CITRA).\u00a0<\/a><\/p><p class=\"x_MsoNormal\">\u00a0<\/p><p class=\"x_MsoNormal\"><strong>RADIO COOPERATIVA\u00a0<\/strong><\/p><p class=\"x_MsoNormal\"><a href=\"https:\/\/www.litoralpress.cl\/sitio\/RadioTV_Detalles.cshtml?LPKey=TWSB2DZZ252CE2UBG2MNGF7CWP5Q5GD7OO2I5H2AYEX24MNXNDPY3EPRDCUHQ3P6V2JYSTWCDPSC6\">La Regi\u00f3n del Maule se ti\u00f1\u00f3 de blanco tras nevazones. Se refiere Patricio Gonz\u00e1lez, acad\u00e9mico del Centro de Investigaci\u00f3n y Transferencia en Riego y Agroclimatolog\u00eda (CITRA).\u00a0<\/a><\/p><p class=\"x_MsoNormal\">\u00a0<\/p><p class=\"x_MsoNormal\"><strong>ELMOSTRADOR.CL\u00a0<\/strong><\/p><p class=\"x_MsoNormal\"><a href=\"https:\/\/www.elmostrador.cl\/agenda-pais\/2022\/07\/14\/experto-inusual-nevazon-a-90-metros-de-altura-es-motivada-por-cambio-climatico\/\">Experto: inusual nevaz\u00f3n a 90 metros de altura es motivada por cambio clim\u00e1tico. Se refiere Patricio Gonz\u00e1lez, acad\u00e9mico del Centro de Investigaci\u00f3n y Transferencia en Riego y Agroclimatolog\u00eda (CITRA).\u00a0<\/a><\/p><p class=\"x_MsoNormal\">\u00a0<\/p><p class=\"x_MsoNormal\"><strong>COOPERATIVA.CL\u00a0<\/strong><\/p><p class=\"x_MsoNormal\"><a href=\"https:\/\/www.cooperativa.cl\/noticias\/pais\/region-del-maule\/nevadas-en-el-maule-dejaran-temperaturas-bajo-cero-en-los-proximos-dias\/2022-07-14\/144114.html\">Nevadas en el Maule dejar\u00e1n temperaturas bajo cero en los pr\u00f3ximos d\u00edas. Se refiere Patricio Gonz\u00e1lez, acad\u00e9mico del Centro de Investigaci\u00f3n y Transferencia en Riego y Agroclimatolog\u00eda (CITRA).\u00a0<\/a><\/p><p class=\"x_MsoNormal\">\u00a0<\/p><p class=\"x_MsoNormal\"><strong>RADIO LAUTARO\u00a0<\/strong><\/p><p class=\"x_MsoNormal\"><a href=\"https:\/\/www.litoralpress.cl\/sitio\/RadioTV_Detalles.cshtml?LPKey=S6LGEN6UUI37SZ3WEZN6WCATJHFSTMGMDTZUIO2LYI3CJBRJDR4RNWLIHRA5BGAT6JLOX5WUWBLMU\">Entrevista a Patricio Gonz\u00e1lez, acad\u00e9mico del Centro de Investigaci\u00f3n y Transferencia en Riego y Agroclimatolog\u00eda (CITRA).\u00a0<\/a><\/p><p class=\"x_MsoNormal\">\u00a0<\/p><p class=\"x_MsoNormal\"><strong>ATENTOSCHILE.CL\u00a0<\/strong><\/p><p class=\"x_MsoNormal\"><a href=\"https:\/\/www.litoralpress.cl\/sitio\/RadioTV_Detalles.cshtml?LPKey=I44Q55DCUM2QGEOCXRGNFLZZQOZGNCUA7G6O55Z5EDFYOA44FNIZYAKYBNLA4YKDCPKW6DRQ6CQQA\">Entrevista a Patricio Gonz\u00e1lez, acad\u00e9mico del Centro de Investigaci\u00f3n y Transferencia en Riego y Agroclimatolog\u00eda (CITRA).\u00a0<\/a><\/p><p class=\"x_MsoNormal\">\u00a0<\/p><p class=\"x_MsoNormal\"><strong>ATENTOS.CL\u00a0<\/strong><\/p><p class=\"x_MsoNormal\"><a href=\"https:\/\/www.atentos.cl\/nieve-en-costa-del-maule-y-talca-este-fenomeno-excepcional-ocurre-una-vez-cada-50-o-100-anos\/\">Nieve en costa del Maule y Talca: \u201cEste fen\u00f3meno excepcional ocurre una vez cada 50 o 100 a\u00f1os\u201d. Se refiere Patricio Gonz\u00e1lez, acad\u00e9mico del Centro de Investigaci\u00f3n y Transferencia en Riego y Agroclimatolog\u00eda (CITRA).\u00a0<\/a><\/p><p class=\"x_MsoNormal\" aria-hidden=\"true\">\u00a0<\/p><p class=\"x_MsoNormal\"><strong>TVMAULE.CL\u00a0<\/strong><\/p><p class=\"x_MsoNormal\"><a href=\"https:\/\/www.tvmaule.cl\/inusual-nevazon-en-gran-parte-de-la-region-es-motivada-por-cambio-climatico\/\">Inusual nevaz\u00f3n en gran parte de la regi\u00f3n es motivada por cambio clim\u00e1tico. Se refiere Patricio Gonz\u00e1lez, acad\u00e9mico del Centro de Investigaci\u00f3n y Transferencia en Riego y Agroclimatolog\u00eda (CITRA).\u00a0<\/a><\/p><p class=\"x_MsoNormal\" aria-hidden=\"true\">\u00a0<\/p><p class=\"x_MsoNormal\"><strong>G5NOTICIAS.CL\u00a0<\/strong><\/p><p class=\"x_MsoNormal\"><a href=\"https:\/\/g5noticias.cl\/2022\/07\/14\/experto-inusual-nevazon-a-90-metros-de-altura-es-motivada-por-cambio-climatico\/\">Experto: Inusual nevaz\u00f3n a 90 metros de altura es motivada por cambio clim\u00e1tico. Se refiere Patricio Gonz\u00e1lez, acad\u00e9mico del Centro de Investigaci\u00f3n y Transferencia en Riego y Agroclimatolog\u00eda (CITRA).\u00a0<\/a><\/p><p class=\"x_MsoNormal\" aria-hidden=\"true\">\u00a0<\/p><p class=\"x_MsoNormal\"><strong>CENTROSURNOTICIAS.CL\u00a0<\/strong><\/p><p class=\"x_MsoNormal\"><a href=\"https:\/\/centrosurnoticias.cl\/experto-inusual-nevazon-a-90-metros-de-altura-es-motivada-por-cambio-climatico\/\">Inusual nevaz\u00f3n en gran parte de la regi\u00f3n es motivada por cambio clim\u00e1tico. Se refiere Patricio Gonz\u00e1lez, acad\u00e9mico del Centro de Investigaci\u00f3n y Transferencia en Riego y Agroclimatolog\u00eda (CITRA).\u00a0<\/a><\/p><p class=\"x_MsoNormal\" aria-hidden=\"true\">\u00a0<\/p><p class=\"x_MsoNormal\"><strong>RADIO UNIVERSIDAD DE CHILE\u00a0<\/strong><\/p><p class=\"x_MsoNormal\"><a href=\"https:\/\/www.litoralpress.cl\/sitio\/RadioTV_Detalles.cshtml?LPKey=DNXHM76CZMCERBMDGZJGLVBBJBCXER5ACKESNDOIMIAVD57A3VBRMLG3UD7ZE7EOZME5PPNZOFWY4\">Acad\u00e9mico Rodrigo S\u00e1enz pronostica que Chile podr\u00eda pronto caer en una recesi\u00f3n t\u00e9cnica. Profesor de la Facultad de Econom\u00eda y Negocios (FEN).\u00a0<\/a><\/p><p class=\"x_MsoNormal\">\u00a0<\/p><p class=\"x_MsoNormal\"><strong>EL MERCURIO\u00a0<\/strong><\/p><p class=\"x_MsoNormal\"><a href=\"https:\/\/www.litoralpress.cl\/paginaconsultas\/Servicios_NClipSitio\/Get_Imagen_Nota.aspx?LPKey=IIEVJM4RML4C7TFU5UGGJMVBMRMW2SBBFQ4PPKTVPGY4IZJNO66CBPCQQGRYZACBDS2BW7WCKHHU6\">El debate sobre la eliminaci\u00f3n del estado de emergencia en la propuesta constitucional. Se refiere Mar\u00eda Ignacia Sandoval, acad\u00e9mica del Centro de Estudios Constitucionales de Chile (CECOCH).\u00a0<\/a><\/p><p class=\"x_MsoNormal\">\u00a0<\/p><p class=\"x_MsoNormal\"><strong>ADYANER.COM\u00a0<\/strong><\/p><p class=\"x_MsoNormal\"><a href=\"https:\/\/adyaner.blogspot.com\/2022\/07\/cuanto-cuesta-una-constitucion-con-mas.html\">Cu\u00e1nto cuesta una Constituci\u00f3n con m\u00e1s derechos. Se refiere Mar\u00eda Ignacia Sandoval, acad\u00e9mica del Centro de Estudios Constitucionales de Chile (CECOCH).\u00a0<\/a><\/p><p class=\"x_MsoNormal\">\u00a0<\/p><p class=\"x_MsoNormal\"><strong>RADIO INFINITA\u00a0<\/strong><\/p><p class=\"x_MsoNormal\"><a href=\"https:\/\/www.litoralpress.cl\/sitio\/RadioTV_Detalles.cshtml?LPKey=7AU2WB4B2UFV3C4JHRCUIRGRSG5FN76YZQFZTSI2PSJ4OWKCERMUOIFODGFCAYX3KMJ77WRCKXU3K\">Comentario de Mauricio Morales, director del Centro de An\u00e1lisis Pol\u00edtico (CAP).\u00a0<\/a><\/p><p class=\"x_MsoNormal\">\u00a0<\/p>\t\t\t\t\t\t<\/div>\n\t\t\t\t<\/div>\n\t\t\t\t\t<\/div>\n\t\t<\/div>\n\t\t\t\t\t\t\t<\/div>\n\t\t<\/section>\n\t\t\t\t\t\t<\/div>\n\t\t\t\t\t<\/div>\n\t\t","protected":false},"excerpt":{"rendered":"<p>CANAL TVN RED MAULE\u00a0 U. de Talca abre postulaci\u00f3n al premio de Letras Jos\u00e9 Donoso.\u00a0 \u00a0 REVISTA AM\u00c9RICA ECONOM\u00cdA\u00a0 Ranking de las mejoras Escuelas de Negocios de Am\u00e9rica Latina.\u00a0 \u00a0 CANAL UCHILE TV\u00a0 Entrevista a Erika Bu\u00f1ay, acad\u00e9mica del Departamento de Salud P\u00fablica.\u00a0 \u00a0 CANAL VTV TELEVISI\u00d3N LOS ANDES\u00a0 El Minsal sostuvo que la curva &hellip;<\/p>\n<p class=\"read-more\"> <a class=\"\" href=\"https:\/\/www.reportedeprensa.utalca.cl\/?p=4493\"> <span class=\"screen-reader-text\">15 de julio de 2022<\/span> Read More &raquo;<\/a><\/p>\n","protected":false},"author":1,"featured_media":0,"comment_status":"closed","ping_status":"open","sticky":false,"template":"","format":"standard","meta":{"_monsterinsights_skip_tracking":false,"_monsterinsights_sitenote_active":false,"_monsterinsights_sitenote_note":"","_monsterinsights_sitenote_category":0},"categories":[23],"tags":[],"_links":{"self":[{"href":"https:\/\/www.reportedeprensa.utalca.cl\/index.php?rest_route=\/wp\/v2\/posts\/4493"}],"collection":[{"href":"https:\/\/www.reportedeprensa.utalca.cl\/index.php?rest_route=\/wp\/v2\/posts"}],"about":[{"href":"https:\/\/www.reportedeprensa.utalca.cl\/index.php?rest_route=\/wp\/v2\/types\/post"}],"author":[{"embeddable":true,"href":"https:\/\/www.reportedeprensa.utalca.cl\/index.php?rest_route=\/wp\/v2\/users\/1"}],"replies":[{"embeddable":true,"href":"https:\/\/www.reportedeprensa.utalca.cl\/index.php?rest_route=%2Fwp%2Fv2%2Fcomments&post=4493"}],"version-history":[{"count":4,"href":"https:\/\/www.reportedeprensa.utalca.cl\/index.php?rest_route=\/wp\/v2\/posts\/4493\/revisions"}],"predecessor-version":[{"id":4497,"href":"https:\/\/www.reportedeprensa.utalca.cl\/index.php?rest_route=\/wp\/v2\/posts\/4493\/revisions\/4497"}],"wp:attachment":[{"href":"https:\/\/www.reportedeprensa.utalca.cl\/index.php?rest_route=%2Fwp%2Fv2%2Fmedia&parent=4493"}],"wp:term":[{"taxonomy":"category","embeddable":true,"href":"https:\/\/www.reportedeprensa.utalca.cl\/index.php?rest_route=%2Fwp%2Fv2%2Fcategories&post=4493"},{"taxonomy":"post_tag","embeddable":true,"href":"https:\/\/www.reportedeprensa.utalca.cl\/index.php?rest_route=%2Fwp%2Fv2%2Ftags&post=4493"}],"curies":[{"name":"wp","href":"https:\/\/api.w.org\/{rel}","templated":true}]}}