{"id":4506,"date":"2022-07-25T10:33:47","date_gmt":"2022-07-25T13:33:47","guid":{"rendered":"https:\/\/www.reportedeprensa.utalca.cl\/?p=4506"},"modified":"2022-07-25T11:04:37","modified_gmt":"2022-07-25T14:04:37","slug":"25-de-julio-de-2022","status":"publish","type":"post","link":"https:\/\/www.reportedeprensa.utalca.cl\/?p=4506","title":{"rendered":"25 de julio de 2022"},"content":{"rendered":"\t\t<div data-elementor-type=\"wp-post\" data-elementor-id=\"4506\" class=\"elementor elementor-4506\" data-elementor-settings=\"[]\">\n\t\t\t\t\t\t\t<div class=\"elementor-section-wrap\">\n\t\t\t\t\t\t\t<section class=\"elementor-section elementor-top-section elementor-element elementor-element-44052ab7 elementor-section-boxed elementor-section-height-default elementor-section-height-default\" data-id=\"44052ab7\" data-element_type=\"section\">\n\t\t\t\t\t\t<div class=\"elementor-container elementor-column-gap-default\">\n\t\t\t\t\t<div class=\"elementor-column elementor-col-100 elementor-top-column elementor-element elementor-element-5b002d83\" data-id=\"5b002d83\" data-element_type=\"column\">\n\t\t\t<div class=\"elementor-widget-wrap elementor-element-populated\">\n\t\t\t\t\t\t\t\t<div class=\"elementor-element elementor-element-477998b8 elementor-widget elementor-widget-text-editor\" data-id=\"477998b8\" data-element_type=\"widget\" data-widget_type=\"text-editor.default\">\n\t\t\t\t<div class=\"elementor-widget-container\">\n\t\t\t\t\t\t\t\t<p class=\"x_MsoNormal\"><strong>ELMOSTRADOR.CL\u00a0<\/strong><\/p><p class=\"x_MsoNormal\"><a href=\"https:\/\/www.elmostrador.cl\/cultura\/2022\/07\/15\/universidad-de-talca-abre-convocatoria-al-premio-iberoamericano-de-letras-jose-donoso-2022\/\">Universidad de Talca abre convocatoria al Premio Iberoamericano de Letras Jos\u00e9 Donoso 2022.\u00a0<\/a><\/p><p class=\"x_MsoNormal\">\u00a0<\/p><p class=\"x_MsoNormal\"><strong>ADPRENSA.CL\u00a0<\/strong><\/p><p class=\"x_MsoNormal\"><a href=\"https:\/\/www.adprensa.cl\/cronica\/mba-de-la-utalca-se-ubica-entre-los-mejores-de-latinoamerica\/\">MBA de la UTalca se ubica entre los mejores de Latinoam\u00e9rica. Se refiere Felipe Arenas, director del programa y acad\u00e9mico de la Facultad de Econom\u00eda y Negocios (FEN).\u00a0<\/a><\/p><p class=\"x_MsoNormal\" aria-hidden=\"true\">\u00a0<\/p><p class=\"x_MsoNormal\"><strong>DIARIOTALCA.CL\u00a0<\/strong><\/p><p class=\"x_MsoNormal\"><a href=\"https:\/\/diariotalca.cl\/mba-de-la-universidad-de-talca-se-ubica-entre-los-mejores-de-latinoamerica\/\">MBA de la Universidad de Talca se ubica entre los mejores de Latinoam\u00e9rica. Se refiere Felipe Arenas, director del programa y acad\u00e9mico de la Facultad de Econom\u00eda y Negocios (FEN).\u00a0<\/a><\/p><p class=\"x_MsoNormal\" aria-hidden=\"true\">\u00a0<\/p><p class=\"x_MsoNormal\"><strong>ELMAULEINFORMA.CL\u00a0<\/strong><\/p><p class=\"x_MsoNormal\"><a href=\"https:\/\/elmauleinforma.cl\/mba-de-la-utalca-se-ubica-entre-los-mejores-de-latinoamerica\/\">MBA de la UTalca se ubica entre los mejores de Latinoam\u00e9rica. Se refiere Felipe Arenas, director del programa y acad\u00e9mico de la Facultad de Econom\u00eda y Negocios (FEN).\u00a0<\/a><\/p><p class=\"x_MsoNormal\" aria-hidden=\"true\">\u00a0<\/p><p class=\"x_MsoNormal\"><strong>LANOTICIA.CL\u00a0<\/strong><\/p><p class=\"x_MsoNormal\"><a href=\"https:\/\/lanoticia.cl\/estudiantes-de-la-utalca-organizan-cabildo-con-la-expresidenta-de-la-convencion-constitucional\/\">Estudiantes de la UTalca organizan cabildo con la expresidenta de la Convenci\u00f3n Constitucional.\u00a0<\/a><\/p><p class=\"x_MsoNormal\" aria-hidden=\"true\">\u00a0<\/p><p class=\"x_MsoNormal\"><strong>ELMAULEINFORMA.CL\u00a0<\/strong><\/p><p class=\"x_MsoNormal\"><a href=\"https:\/\/elmauleinforma.cl\/estudiantes-de-la-utalca-organizan-cabildo-con-la-expresidenta-de-la-convencion-constitucional\/\">Estudiantes de la UTalca organizan cabildo con la expresidenta de la Convenci\u00f3n Constitucional.\u00a0<\/a><\/p><p class=\"x_MsoNormal\" aria-hidden=\"true\">\u00a0<\/p><p class=\"x_MsoNormal\"><strong>ADPRENSA.CL\u00a0<\/strong><\/p><p class=\"x_MsoNormal\"><a href=\"https:\/\/www.adprensa.cl\/cronica\/utalca-ejecuta-importante-proyecto-que-abre-espacios-a-las-mujeres-en-ciencia-y-tecnologia\/\">UTalca ejecuta importante proyecto que abre espacios a las mujeres en ciencia y tecnolog\u00eda. Se refieren Karin Saavedra, directora general de Vinculaci\u00f3n con el Medio y Natalia Veliz, directora de G\u00e9nero.\u00a0<\/a><\/p><p class=\"x_MsoNormal\">\u00a0<\/p><p class=\"x_MsoNormal\"><strong>EL HERALDO\u00a0<\/strong><\/p><p class=\"x_MsoNormal\"><a href=\"https:\/\/www.litoralpress.cl\/paginaconsultas\/Servicios_NClipSitio\/Get_Imagen_Nota.aspx?LPKey=ZGAX2FSPYB655H62VBVLJRIBADKESJSNFRNOXNEWNQV32HMLIATB7W4TUDGBDFT5JGS6K3LL5I4OG\">UTalca ejecuta proyecto que abre espacios a las mujeres en ciencia y tecnolog\u00eda. Se refieren Karin Saavedra, directora general de Vinculaci\u00f3n con el Medio y Natalia Veliz, directora de G\u00e9nero.\u00a0<\/a><\/p><p class=\"x_MsoNormal\" aria-hidden=\"true\">\u00a0<\/p><p class=\"x_MsoNormal\"><strong>DIARIOELHERALDO.CL\u00a0<\/strong><\/p><p class=\"x_MsoNormal\"><a href=\"http:\/\/www.diarioelheraldo.cl\/noticia\/utalca-ejecuta-proyecto-que-abre-espacios-a-las-mujeres-en-ciencia-y-tecnologia-\">UTalca ejecuta proyecto que abre espacios a las mujeres en ciencia y tecnolog\u00eda. Se refieren Karin Saavedra, directora general de Vinculaci\u00f3n con el Medio y Natalia Veliz, directora de G\u00e9nero.\u00a0<\/a><\/p><p class=\"x_MsoNormal\" aria-hidden=\"true\">\u00a0<\/p><p class=\"x_MsoNormal\"><strong>ELMAULEINFORMA.CL\u00a0<\/strong><\/p><p class=\"x_MsoNormal\"><a href=\"https:\/\/elmauleinforma.cl\/utalca-ejecuta-importante-proyecto-que-abre-espacios-a-las-mujeres-en-ciencia-y-tecnologia\/\">UTalca ejecuta importante proyecto que abre espacios a las mujeres en ciencia y tecnolog\u00eda. Se refieren Karin Saavedra, directora general de Vinculaci\u00f3n con el Medio y Natalia Veliz, directora de G\u00e9nero.\u00a0<\/a><\/p><p class=\"x_MsoNormal\" aria-hidden=\"true\">\u00a0<\/p><p class=\"x_MsoNormal\"><strong>G5NOTICIAS.CL\u00a0<\/strong><\/p><p class=\"x_MsoNormal\"><a href=\"https:\/\/g5noticias.cl\/2022\/07\/16\/utalca-ejecuta-importante-proyecto-que-abre-espacios-a-las-mujeres-en-ciencia-y-tecnologia\/\">UTalca ejecuta importante proyecto que abre espacios a las mujeres en ciencia y tecnolog\u00eda. Se refieren Karin Saavedra, directora general de Vinculaci\u00f3n con el Medio y Natalia Veliz, directora de G\u00e9nero.\u00a0<\/a><\/p><p class=\"x_MsoNormal\" aria-hidden=\"true\">\u00a0<\/p><p class=\"x_MsoNormal\"><strong>ADPRENSA.CL\u00a0<\/strong><\/p><p class=\"x_MsoNormal\"><a href=\"https:\/\/www.adprensa.cl\/cronica\/investigacion-busca-alternativas-tecnologicas-para-paliar-la-crisis-hidrica-mundial\/\">Investigaci\u00f3n busca alternativas tecnol\u00f3gicas para paliar la crisis h\u00eddrica mundial. Se refiere Samuel Ortega, director del Centro de Investigaci\u00f3n y Transferencia en Riego y Agroclimatolog\u00eda (CITRA).\u00a0<\/a><\/p><p class=\"x_MsoNormal\">\u00a0<\/p><p class=\"x_MsoNormal\"><strong>ATENTOS.CL\u00a0<\/strong><\/p><p class=\"x_MsoNormal\"><a href=\"https:\/\/www.atentos.cl\/alternativas-tecnologicas-para-paliar-crisis-hidrica-mundial-son-investigadas-por-profesionales-de-talca-y-china\/\">Alternativas tecnol\u00f3gicas para paliar la crisis h\u00eddrica mundial son investigadas por profesionales de Talca y China. Se refiere Samuel Ortega, director del Centro de Investigaci\u00f3n y Transferencia en Riego y Agroclimatolog\u00eda (CITRA).\u00a0<\/a><\/p><p class=\"x_MsoNormal\" aria-hidden=\"true\">\u00a0<\/p><p class=\"x_MsoNormal\"><strong>ELMAULEINFORMA.CL\u00a0<\/strong><\/p><p class=\"x_MsoNormal\"><a href=\"https:\/\/elmauleinforma.cl\/investigacion-busca-alternativas-tecnologicas-para-paliar-la-crisis-hidrica-mundial\/\">Investigaci\u00f3n busca alternativas tecnol\u00f3gicas para paliar la crisis h\u00eddrica mundial. Se refiere Samuel Ortega, director del Centro de Investigaci\u00f3n y Transferencia en Riego y Agroclimatolog\u00eda (CITRA).\u00a0<\/a><\/p><p class=\"x_MsoNormal\" aria-hidden=\"true\">\u00a0<\/p><p class=\"x_MsoNormal\"><strong>G5NOTICIAS.CL\u00a0<\/strong><\/p><p class=\"x_MsoNormal\"><a href=\"https:\/\/g5noticias.cl\/2022\/07\/19\/investigacion-busca-alternativas-tecnologicas-para-paliar-la-crisis-hidrica-mundial\/\">Investigaci\u00f3n busca alternativas tecnol\u00f3gicas para paliar la crisis h\u00eddrica mundial. Se refiere Samuel Ortega, director del Centro de Investigaci\u00f3n y Transferencia en Riego y Agroclimatolog\u00eda (CITRA).\u00a0<\/a><\/p><p class=\"x_MsoNormal\" aria-hidden=\"true\">\u00a0<\/p><p class=\"x_MsoNormal\"><strong>RADIO COOPERATIVA\u00a0<\/strong><\/p><p class=\"x_MsoNormal\"><a href=\"https:\/\/www.litoralpress.cl\/sitio\/RadioTV_Detalles.cshtml?LPKey=W7UDIHFD66RGI4Z7DGDXR4K23DA7NVJFX63G2IV6X3OGERQC53ZLER44HPCG7EWVJX3I72VIOOB5S\">OMS decreta emergencia de salud internacional por la expansi\u00f3n de la viruela del mono. Se refiere \u00c9rika Retamal, directora del Departamento de Salud P\u00fablica. \u00a0<\/a><\/p><p class=\"x_MsoNormal\" aria-hidden=\"true\">\u00a0<\/p><p class=\"x_MsoNormal\"><strong>ELMOSTRADOR.CL\u00a0<\/strong><\/p><p class=\"x_MsoNormal\"><a href=\"https:\/\/www.elmostrador.cl\/agenda-pais\/2022\/07\/18\/long-covid-las-extensas-consecuencias-que-sufren-algunos-pacientes-de-coronavirus\/\">Long Covid: las extensas consecuencias que sufren algunos pacientes de Coronavirus. Se refiere \u00c9rika Retamal, directora del Departamento de Salud P\u00fablica.\u00a0<\/a><\/p><p class=\"x_MsoNormal\">\u00a0<\/p><p class=\"x_MsoNormal\"><strong>ADPRENSA.CL\u00a0<\/strong><\/p><p class=\"x_MsoNormal\"><a href=\"https:\/\/www.adprensa.cl\/cronica\/long-covid-las-extensas-consecuencias-que-sufren-algunos-pacientes-de-coronavirus\/\">Long Covid: las extensas consecuencias que sufren algunos pacientes de Coronavirus. Se refiere \u00c9rika Retamal, directora del Departamento de Salud P\u00fablica.\u00a0<\/a><\/p><p class=\"x_MsoNormal\" aria-hidden=\"true\">\u00a0<\/p><p class=\"x_MsoNormal\"><strong>EL MERCURIO DE VALPARA\u00cdSO\u00a0<\/strong><\/p><p class=\"x_MsoNormal\"><a href=\"https:\/\/www.litoralpress.cl\/paginaconsultas\/Servicios_NClipSitio\/Get_Imagen_Nota.aspx?LPKey=DTPMZUHHLLQPTZPRWL4ZEPZJAHTWMZ76JNHJEVKUW547TRHVWZBMFNBPHY6MZRSQHAIW3ARFQPK2K\">Minsal afirma que el pa\u00eds est\u00e1 \u201cen alerta\u201d ante viruela del mono y confirma 39 casos. Se refiere \u00c9rika Retamal, directora del Departamento de Salud P\u00fablica.\u00a0<\/a><\/p><p class=\"x_MsoNormal\" aria-hidden=\"true\">\u00a0<\/p><p class=\"x_MsoNormal\"><strong>CR\u00d3NICA DE CHILL\u00c1N\u00a0<\/strong><\/p><p class=\"x_MsoNormal\"><a href=\"https:\/\/www.litoralpress.cl\/paginaconsultas\/Servicios_NClipSitio\/Get_Imagen_Nota.aspx?LPKey=IRHGNO7STOIBIUWVKC52A6FRPHJACXN7QNMEGZUCSCYVRIMKNQGKY3SOTI5UIQQY6JF5QT3BNTEM2\">Minsal afirma que el pa\u00eds est\u00e1 \u201cen alerta\u201d ante viruela del mono y confirma 39 casos. Se refiere \u00c9rika Retamal, directora del Departamento de Salud P\u00fablica.\u00a0<\/a><\/p><p class=\"x_MsoNormal\" aria-hidden=\"true\">\u00a0<\/p><p class=\"x_MsoNormal\"><strong>TVMAULE.CL\u00a0<\/strong><\/p><p class=\"x_MsoNormal\"><a href=\"https:\/\/www.tvmaule.cl\/covid-persistente-las-extensas-consecuencias-que-sufren-algunos-pacientes-de-coronavirus\/\">\u2018Covid persistente\u2019: las extensas consecuencias que sufren algunos pacientes de Coronavirus. Se refiere \u00c9rika Retamal, directora del Departamento de Salud P\u00fablica.\u00a0<\/a><\/p><p class=\"x_MsoNormal\" aria-hidden=\"true\">\u00a0<\/p><p class=\"x_MsoNormal\"><strong>ELMAULEINFORMA.CL\u00a0<\/strong><\/p><p class=\"x_MsoNormal\"><a href=\"https:\/\/elmauleinforma.cl\/long-covid-las-extensas-consecuencias-que-sufren-algunos-pacientes-de-coronavirus\/\">Long Covid: las extensas consecuencias que sufren algunos pacientes de Coronavirus. Se refiere \u00c9rika Retamal, directora del Departamento de Salud P\u00fablica.\u00a0<\/a><\/p><p class=\"x_MsoNormal\" aria-hidden=\"true\">\u00a0<\/p><p class=\"x_MsoNormal\"><strong>SEPTIMAPAGINANOTICIAS.CL\u00a0<\/strong><\/p><p class=\"x_MsoNormal\"><a href=\"https:\/\/www.septimapaginanoticias.cl\/especialista-destaca-autorizacion-en-eeuu-de-vacunas-contra-el-covid-19-para-menores-de-3-anos\">Especialista destaca autorizaci\u00f3n en EE. UU. de vacunas contra el Covid-19 para menores de 3 a\u00f1os. Se refiere Marcelo Alarc\u00f3n, acad\u00e9mico del Departamento de Bioqu\u00edmica Cl\u00ednica e Inmunohematolog\u00eda. \u00a0<\/a><\/p><p class=\"x_MsoNormal\" aria-hidden=\"true\">\u00a0<\/p><p class=\"x_MsoNormal\"><strong>G5NOTICIAS.CL\u00a0<\/strong><\/p><p class=\"x_MsoNormal\"><a href=\"https:\/\/g5noticias.cl\/2022\/07\/16\/long-covid-las-extensas-consecuencias-que-sufren-algunos-pacientes-de-coronavirus\/\">Long Covid: las extensas consecuencias que sufren algunos pacientes de Coronavirus. Se refiere \u00c9rika Retamal, directora del Departamento de Salud P\u00fablica.\u00a0<\/a><\/p><p class=\"x_MsoNormal\" aria-hidden=\"true\">\u00a0<\/p><p class=\"x_MsoNormal\"><strong>COOPERATIVA.CL\u00a0<\/strong><\/p><p class=\"x_MsoNormal\"><a href=\"https:\/\/www.cooperativa.cl\/noticias\/corporativo\/efecto-china\/efecto-china-noticias\/chile-y-china-son-muy-buenos-socios-en-electromovilidad-destaca-experto\/2022-07-11\/101417.html?=efectochina\">Chile y China son muy buenos socios en electromovilidad, destaca experto chileno. Se refiere Cristian Garc\u00eda, acad\u00e9mico de la Facultad de Ingenier\u00eda. \u00a0<\/a><\/p><p class=\"x_MsoNormal\">\u00a0<\/p><p class=\"x_MsoNormal\"><strong>SPANISH.XINHUANET.COM\u00a0<\/strong><\/p><p class=\"x_MsoNormal\"><a href=\"https:\/\/www.litoralpress.cl\/paginaconsultas\/Servicios_NClipSitio\/Get_Imagen_Nota.aspx?LPKey=GDEXSL2SZ3L64SJFC4TFN6MVGKYYFZDGSKMXGL4FPRHR7ZLXPXOJG7JMGXJBD26OHMXXZIJTWMEMK\">Chile y China son muy buenos socios en electromovilidad, destaca experto chileno. Se refiere Cristian Garc\u00eda, acad\u00e9mico de la Facultad de Ingenier\u00eda.\u00a0<\/a><\/p><p class=\"x_MsoNormal\">\u00a0<\/p><p class=\"x_MsoNormal\"><strong>EL TIP\u00d3GRAFO\u00a0<\/strong><\/p><p class=\"x_MsoNormal\"><a href=\"https:\/\/www.litoralpress.cl\/paginaconsultas\/Servicios_NClipSitio\/Get_Imagen_Nota.aspx?LPKey=HPRTCZVX5YQW23WCOG3IARFO6NIY747LYA4CMF775K4EFERPHQDVF37WBUXEKV7DXTXNBN4VOJVZQ\">Emergencias Agr\u00edcolas en marcha para regiones de O&#8217;Higgins y el Maule. Se refiere Jos\u00e9 D\u00edaz, acad\u00e9mico de la Facultad de Ciencias Agrarias.\u00a0<\/a><\/p><p class=\"x_MsoNormal\">\u00a0<\/p><p class=\"x_MsoNormal\"><strong>LA TERCERA\u00a0<\/strong><\/p><p class=\"x_MsoNormal\"><a href=\"https:\/\/www.litoralpress.cl\/sitio\/Prensa_PaginaCompleta.cshtml?LPKey=UZTNMT4N5IQ6T7IPVW67OXPUWTQUFJECPUYRKF554INKMYCZOAKQ\">Educaci\u00f3n Y ciencia: bases para la conservaci\u00f3n del bosque nativo. Se refiere Jos\u00e9 San Mart\u00edn, acad\u00e9mico del Instituto de Ciencias Biol\u00f3gicas.\u00a0<\/a><\/p><p class=\"x_MsoNormal\">\u00a0<\/p><p class=\"x_MsoNormal\"><strong>LAS \u00daLTIMAS NOTICIAS\u00a0<\/strong><\/p><p class=\"x_MsoNormal\"><a href=\"https:\/\/www.litoralpress.cl\/paginaconsultas\/Servicios_NClipSitio\/Get_Imagen_Nota.aspx?LPKey=OQ6EUFGO4OXOZUL7W43T372KK7OZQT6QZ5AEURVO5O5EIDSE7NSHBS6V7G7MMTK45CPHXYVFUVKVI\">Imagen de la Nasa muestra colosal capa de nieve en la Regi\u00f3n de Coquimbo. Se refiere Patricio Gonz\u00e1lez, acad\u00e9mico del Centro de Investigaci\u00f3n y Transferencia en Riego y Agroclimatolog\u00eda (CITRA).\u00a0<\/a><\/p><p class=\"x_MsoNormal\">\u00a0<\/p><p class=\"x_MsoNormal\"><strong>RADIO COOPERATIVA\u00a0<\/strong><\/p><p class=\"x_MsoNormal\"><a href=\"https:\/\/www.litoralpress.cl\/sitio\/RadioTV_Detalles.cshtml?LPKey=TXBOJKJSGFABGESY7GIKKUFNRI37OL3E2ALTTSG2QDVEXVI7CJZ4IDTTJQQ5FYPSXTZCXQVV76IHI\">Agricultores monitorean posibles da\u00f1os en hortalizas tras nevazones. Se refiere Patricio Gonz\u00e1lez, acad\u00e9mico del Centro de Investigaci\u00f3n y Transferencia en Riego y Agroclimatolog\u00eda (CITRA). \u00a0<\/a><\/p><p class=\"x_MsoNormal\">\u00a0<\/p><p class=\"x_MsoNormal\"><strong>RADIO BIOB\u00cdO VALPARAISO\u00a0<\/strong><\/p><p class=\"x_MsoNormal\"><a href=\"https:\/\/www.litoralpress.cl\/sitio\/RadioTV_Detalles.cshtml?LPKey=3UZUAZZWPVBKSXKWHXMW4KTOM5DLXFVJSU5FGCABPFVJM4L3FRUI7GULVHWBA74JWNHPBFHMHFT6O\">Entrevista a Patricio Gonz\u00e1lez, acad\u00e9mico del Centro de Investigaci\u00f3n y Transferencia en Riego y Agroclimatolog\u00eda (CITRA).\u00a0<\/a><\/p><p class=\"x_MsoNormal\">\u00a0<\/p><p class=\"x_MsoNormal\"><strong>LA PRENSA\u00a0<\/strong><\/p><p class=\"x_MsoNormal\"><a href=\"https:\/\/www.litoralpress.cl\/paginaconsultas\/Servicios_NClipSitio\/Get_Imagen_Nota.aspx?LPKey=C5UD2MB2XSQMLC2RYKSSLEVLGV3L4UH2HBA3HDAXBVVP7RVWXW6VDKVXS5OATCEBTO4L7EUJA7CAQ\">Nevazones inusuales que se dan cada cien a\u00f1os tendieron manto blanco en casi todo el Maule. Se refiere Patricio Gonz\u00e1lez, acad\u00e9mico del Centro de Investigaci\u00f3n y Transferencia en Riego y Agroclimatolog\u00eda (CITRA).\u00a0<\/a><\/p><p class=\"x_MsoNormal\" aria-hidden=\"true\">\u00a0<\/p><p class=\"x_MsoNormal\"><strong>EL LECTOR\u00a0<\/strong><\/p><p class=\"x_MsoNormal\"><a href=\"https:\/\/www.litoralpress.cl\/paginaconsultas\/Servicios_NClipSitio\/Get_Imagen_Nota.aspx?LPKey=OV443GV4EZLZQG4J6THMB7A64SFTKW2QSAK2DONNQELG457TV2XZTGCQI4M4GKLVKWQJ7SX2YWEDM\">Experto: Inusual nevaz\u00f3n a 90 metros de altura es motivada por cambio clim\u00e1tico. Se refiere Patricio Gonz\u00e1lez, acad\u00e9mico del Centro de Investigaci\u00f3n y Transferencia en Riego y Agroclimatolog\u00eda (CITRA).\u00a0<\/a><\/p><p class=\"x_MsoNormal\" aria-hidden=\"true\">\u00a0<\/p><p class=\"x_MsoNormal\"><strong>LA ESTRELLA DE CONCEPCI\u00d3N\u00a0<\/strong><\/p><p class=\"x_MsoNormal\"><a href=\"https:\/\/www.litoralpress.cl\/paginaconsultas\/Servicios_NClipSitio\/Get_Imagen_Nota.aspx?LPKey=POXQ5QX6YPSSOBWKM5AEJKS4BOOQTZ4GW37ZF7XHVYRNJGF2PEGXEDWSEDKGXXB7WQZG7HIJPBGJ6\">Temporal dej\u00f3 nieve, ca\u00eddas de \u00e1rboles y una fallecida: lluvia volver\u00eda el domingo. Se refiere Patricio Gonz\u00e1lez, acad\u00e9mico del Centro de Investigaci\u00f3n y Transferencia en Riego y Agroclimatolog\u00eda (CITRA).\u00a0<\/a><\/p><p class=\"x_MsoNormal\" aria-hidden=\"true\">\u00a0<\/p><p class=\"x_MsoNormal\"><strong>ES.NOTICIAS.YAHOO.COM\u00a0<\/strong><\/p><p class=\"x_MsoNormal\"><a href=\"https:\/\/www.litoralpress.cl\/sitio\/Prensa_PaginaCompleta.cshtml?LPKey=P7AURY34A4AXCPCIAYJANRY6AT37RFCLVIUJFH7G726SGPW2R6KQ\">Chile experimenta un inusual episodio de lluvia y nieve en plena sequ\u00eda. Se refiere Patricio Gonz\u00e1lez, acad\u00e9mico del Centro de Investigaci\u00f3n y Transferencia en Riego y Agroclimatolog\u00eda (CITRA).\u00a0<\/a><\/p><p class=\"x_MsoNormal\" aria-hidden=\"true\">\u00a0<\/p><p class=\"x_MsoNormal\"><strong>INFOBAE.COM\u00a0<\/strong><\/p><p class=\"x_MsoNormal\"><a href=\"https:\/\/www.litoralpress.cl\/sitio\/Prensa_PaginaCompleta.cshtml?LPKey=LBVS4WXUP6YBSB5WDXOY35PNAOJSPDR6LR6F5M7P7GBOKMT474KQ\">Chile experimenta un inusual episodio de lluvia y nieve en plena sequ\u00eda. Se refiere Patricio Gonz\u00e1lez, acad\u00e9mico del Centro de Investigaci\u00f3n y Transferencia en Riego y Agroclimatolog\u00eda (CITRA).\u00a0<\/a><\/p><p class=\"x_MsoNormal\" aria-hidden=\"true\">\u00a0<\/p><p class=\"x_MsoNormal\"><strong>CANAL TVR\u00a0<\/strong><\/p><p class=\"x_MsoNormal\"><a href=\"https:\/\/www.litoralpress.cl\/sitio\/RadioTV_Detalles.cshtml?LPKey=4ARI7QDI2FIHVJXQIWS5BZO4YIMYSOTUPP4KUKGIH4VKTGP4R5IIBAXJQPV3S44ES6EQBQZCZZNTY\">Ca\u00edda de nieve podr\u00eda da\u00f1ar cultivos de hortalizas y provocar\u00eda millonarios perjuicios a agricultores del Maule. Se refiere Patricio Gonz\u00e1lez, acad\u00e9mico del Centro de Investigaci\u00f3n y Transferencia en Riego y Agroclimatolog\u00eda (CITRA).\u00a0<\/a><\/p><p class=\"x_MsoNormal\" aria-hidden=\"true\">\u00a0<\/p><p class=\"x_MsoNormal\"><strong>LANOTICIA.CL\u00a0<\/strong><\/p><p class=\"x_MsoNormal\"><a href=\"https:\/\/lanoticia.cl\/experto-inusual-nevazon-a-90-metros-de-altura-es-motivada-por-cambio-climatico\/\">Experto: Inusual nevaz\u00f3n a 90 metros de altura es motivada por cambio clim\u00e1tico. Se refiere Patricio Gonz\u00e1lez, acad\u00e9mico del Centro de Investigaci\u00f3n y Transferencia en Riego y Agroclimatolog\u00eda (CITRA).\u00a0<\/a><\/p><p class=\"x_MsoNormal\"><span class=\"x_MsoHyperlink\">\u00a0<\/span><\/p><p class=\"x_MsoNormal\"><strong><span class=\"x_MsoHyperlink\">RADIO AMIGA\u00a0<\/span><\/strong><\/p><p class=\"x_MsoNormal\"><a href=\"https:\/\/www.litoralpress.cl\/sitio\/RadioTV_Detalles.cshtml?LPKey=MF3TSWPWGTWGJ7YLV65RUC34TVULRNK4HOWZWVMJCBHVBTRKXMZXOGTF5CRAUD6NXM64US32KK5XO\"><span class=\"x_MsoHyperlink\">Cerca del 20% de adultos mayores del Maule sufre del s\u00edndrome de fragilidad geri\u00e1trica. Se refiere Iv\u00e1n Palomo, acad\u00e9mico de la Facultad de Ciencias de la Salud.<\/span><span class=\"x_MsoHyperlink\">\u00a0<\/span><\/a><\/p><p class=\"x_MsoNormal\"><span class=\"x_MsoHyperlink\">\u00a0<\/span><\/p><p class=\"x_MsoNormal\"><strong><span class=\"x_MsoHyperlink\">ELCENTRO.CL\u00a0<\/span><\/strong><\/p><p class=\"x_MsoNormal\"><a href=\"https:\/\/elcentro.cl\/2022\/07\/21\/fibromialgia-especialistas-de-la-utalca-explican-que-es-y-como-se-produce\/\"><span class=\"x_MsoHyperlink\">Fibromialgia: Especialistas de la UTalca explican qu\u00e9 es y c\u00f3mo se produce. Se refiere Rodrigo Moore, director del Doctorado en Ciencias Biom\u00e9dicas.\u00a0<\/span><\/a><\/p><p class=\"x_MsoNormal\"><span class=\"x_MsoHyperlink\">\u00a0<\/span><\/p><p class=\"x_MsoNormal\"><strong><span class=\"x_MsoHyperlink\">ELMAULEINFORMA.CL\u00a0<\/span><\/strong><\/p><p class=\"x_MsoNormal\"><a href=\"https:\/\/elmauleinforma.cl\/fibromialgia-especialistas-explican-que-es-y-las-razones-que-la-producen\/\"><span class=\"x_MsoHyperlink\">Fibromialgia: Especialistas explican qu\u00e9 es y las razones que la producen. Se refiere Rodrigo Moore, director del Doctorado en Ciencias Biom\u00e9dicas.\u00a0<\/span><\/a><\/p><p class=\"x_MsoNormal\"><span class=\"x_MsoHyperlink\">\u00a0<\/span><\/p><p class=\"x_MsoNormal\"><strong><span class=\"x_MsoHyperlink\">ELMOSTRADOR.CL\u00a0<\/span><\/strong><\/p><p class=\"x_MsoNormal\"><a href=\"https:\/\/www.elmostrador.cl\/agenda-pais\/2022\/07\/20\/cifras-de-infertilidad-en-chile-alertan-sobre-necesidad-de-generar-politicas-publicas\/\"><span class=\"x_MsoHyperlink\">Cifras de infertilidad alertan respecto a necesidad de generar pol\u00edticas p\u00fablicas. Se refieren Marjorie Medel y Felipe Su\u00e1rez, acad\u00e9micos de la Escuela de Obstetricia y Puericultura.\u00a0<\/span><\/a><\/p><p class=\"x_MsoNormal\"><span class=\"x_MsoHyperlink\">\u00a0<\/span><\/p><p class=\"x_MsoNormal\"><strong><span class=\"x_MsoHyperlink\">LA PRENSA\u00a0<\/span><\/strong><\/p><p class=\"x_MsoNormal\"><a href=\"https:\/\/www.litoralpress.cl\/paginaconsultas\/Servicios_NClipSitio\/Get_Imagen_Nota.aspx?LPKey=WD5YBQF4HSJJZLSYZ55MZS2SYKS43LY5YSIUCLTRCRZ6RFBY75OWWUNCIJ2MBVH7UK33MAT3A7LUY\"><span class=\"x_MsoHyperlink\">Cifras de infertilidad alertan respecto a necesidad de generar pol\u00edticas p\u00fablicas. Se refieren Marjorie Medel y Felipe Su\u00e1rez, acad\u00e9micos de la Escuela de Obstetricia y Puericultura.\u00a0<\/span><\/a><\/p><p class=\"x_MsoNormal\"><span class=\"x_MsoHyperlink\">\u00a0<\/span><\/p><p class=\"x_MsoNormal\"><strong><span class=\"x_MsoHyperlink\">EL LECTOR\u00a0<\/span><\/strong><\/p><p class=\"x_MsoNormal\"><a href=\"https:\/\/www.litoralpress.cl\/paginaconsultas\/Servicios_NClipSitio\/Get_Imagen_Nota.aspx?LPKey=ZMNOFGLVVG7LVVEN6WXL72HOML7DU5CKYDQLVZLI55M6VABCWJ5SGORNCFSHIW52BXORXGYD5BEPI\"><span class=\"x_MsoHyperlink\">Cifras de infertilidad alertan respecto a necesidad de generar pol\u00edticas p\u00fablicas. Se refieren Marjorie Medel y Felipe Su\u00e1rez, acad\u00e9micos de la Escuela de Obstetricia y Puericultura.\u00a0\u00a0<\/span><\/a><\/p><p class=\"x_MsoNormal\"><span class=\"x_MsoHyperlink\">\u00a0<\/span><\/p><p class=\"x_MsoNormal\"><strong><span class=\"x_MsoHyperlink\">ADPRENSA.CL\u00a0<\/span><\/strong><\/p><p class=\"x_MsoNormal\"><a href=\"https:\/\/www.adprensa.cl\/cronica\/cifras-de-infertilidad-en-chile-alertan-sobre-necesidad-de-generar-politicas-publicas\/\"><span class=\"x_MsoHyperlink\">Cifras de infertilidad en Chile alertan sobre necesidad de generar pol\u00edticas p\u00fablicas. Se refieren Marjorie Medel y Felipe Su\u00e1rez, acad\u00e9micos de la Escuela de Obstetricia y Puericultura.\u00a0<\/span><\/a><\/p><p class=\"x_MsoNormal\"><span class=\"x_MsoHyperlink\">\u00a0<\/span><\/p><p class=\"x_MsoNormal\"><strong><span class=\"x_MsoHyperlink\">DIARIOTALCA.CL\u00a0<\/span><\/strong><\/p><p class=\"x_MsoNormal\"><a href=\"https:\/\/diariotalca.cl\/preocupan-cifras-de-infertilidad-y-exigen-mejorar-politicas-publicas\/\"><span class=\"x_MsoHyperlink\">Preocupan cifras de infertilidad y exigen mejorar pol\u00edticas p\u00fablicas. Se refieren Marjorie Medel y Felipe Su\u00e1rez, acad\u00e9micos de la Escuela de Obstetricia y Puericultura.\u00a0<\/span><\/a><\/p><p class=\"x_MsoNormal\"><span class=\"x_MsoHyperlink\">\u00a0<\/span><\/p><p class=\"x_MsoNormal\"><strong><span class=\"x_MsoHyperlink\">ELMAULEINFORMA.CL\u00a0<\/span><\/strong><\/p><p class=\"x_MsoNormal\"><a href=\"https:\/\/elmauleinforma.cl\/cifras-de-infertilidad-en-chile-alertan-sobre-necesidad-de-generar-politicas-publicas\/\"><span class=\"x_MsoHyperlink\">Cifras de infertilidad en Chile alertan sobre necesidad de generar pol\u00edticas p\u00fablicas. Se refieren<\/span>\u00a0<span class=\"x_MsoHyperlink\">Marjorie Medel y Felipe Su\u00e1rez, acad\u00e9micos de la Escuela de Obstetricia y Puericultura.\u00a0<\/span><\/a><\/p><p class=\"x_MsoNormal\"><span class=\"x_MsoHyperlink\">\u00a0<\/span><\/p><p class=\"x_MsoNormal\"><strong><span class=\"x_MsoHyperlink\">EL LECTOR\u00a0<\/span><\/strong><\/p><p class=\"x_MsoNormal\"><a href=\"https:\/\/www.litoralpress.cl\/paginaconsultas\/Servicios_NClipSitio\/Get_Imagen_Nota.aspx?LPKey=2UBO43EQHWHWB2VFJZK4QSM4UHDX5ZLMP35YU6DHWGVVCP4MYYJ6MJZTFM5QBU2CADPQFYW2HXF5U\"><span class=\"x_MsoHyperlink\">Cl\u00ednica Fonoaudiol\u00f3gica de la UTalca estren\u00f3 equipo de alta tecnolog\u00eda. Se refiere Claudia Montoya, acad\u00e9mica de la Escuela de Fonoaudiolog\u00eda.\u00a0<\/span><\/a><\/p><p class=\"x_MsoNormal\"><span class=\"x_MsoHyperlink\">\u00a0<\/span><\/p><p class=\"x_MsoNormal\"><strong><span class=\"x_MsoHyperlink\">DIARIOTALCA.CL\u00a0<\/span><\/strong><\/p><p class=\"x_MsoNormal\"><a href=\"https:\/\/diariotalca.cl\/clinica-fonoaudiologica-utalca-estreno-equipo-que-facilitara-atencion-a-pacientes\/\"><span class=\"x_MsoHyperlink\">Cl\u00ednica Fonoaudiol\u00f3gica de la UTalca estren\u00f3 equipo de alta tecnolog\u00eda. Se refiere Claudia Montoya, acad\u00e9mica de la Escuela de Fonoaudiolog\u00eda.\u00a0<\/span><\/a><\/p><p class=\"x_MsoNormal\"><span class=\"x_MsoHyperlink\">\u00a0<\/span><\/p><p class=\"x_MsoNormal\"><strong><span class=\"x_MsoHyperlink\">ELMAULEINFORMA.CL\u00a0<\/span><\/strong><\/p><p class=\"x_MsoNormal\"><a href=\"https:\/\/elmauleinforma.cl\/clinica-fonoaudiologica-de-la-utalca-estreno-equipo-de-alta-tecnologia\/\"><span class=\"x_MsoHyperlink\">Cl\u00ednica Fonoaudiol\u00f3gica de la UTalca estren\u00f3 equipo de alta tecnolog\u00eda. Se refiere Claudia Montoya, acad\u00e9mica de la Escuela de Fonoaudiolog\u00eda.<\/span><span class=\"x_MsoHyperlink\">\u00a0<\/span><\/a><\/p><p class=\"x_MsoNormal\"><span class=\"x_MsoHyperlink\">\u00a0<\/span><\/p><p class=\"x_MsoNormal\"><strong><span class=\"x_MsoHyperlink\">ELCENTRO.CL\u00a0<\/span><\/strong><\/p><p class=\"x_MsoNormal\"><a href=\"https:\/\/elcentro.cl\/2022\/07\/19\/clinica-fonoaudiologica-utalca-cuenta-con-nuevo-equipo-de-alta-tecnologia\/\"><span class=\"x_MsoHyperlink\">Cl\u00ednica Fonoaudiol\u00f3gica de la UTalca estren\u00f3 equipo de alta tecnolog\u00eda. Se refiere Claudia Montoya, acad\u00e9mica de la Escuela de Fonoaudiolog\u00eda.\u00a0<\/span><\/a><\/p><p class=\"x_MsoNormal\"><span class=\"x_MsoHyperlink\">\u00a0<\/span><\/p><p class=\"x_MsoNormal\"><strong><span class=\"x_MsoHyperlink\">DIARIOTALCA.CL\u00a0<\/span><\/strong><\/p><p class=\"x_MsoNormal\"><a href=\"https:\/\/diariotalca.cl\/atencion-agronomos-utalca-dictara-nuevo-diplomado-en-inocuidad-alimentaria\/\"><span class=\"x_MsoHyperlink\">\u00a1Atenci\u00f3n agr\u00f3nomos! UTalca dictar\u00e1 nuevo Diplomado en Inocuidad Alimentaria.<\/span>\u00a0<span class=\"x_MsoHyperlink\">Se refieren Gonzalo D\u00edaz, acad\u00e9mico de la Facultad de Ciencias Agrarias y director del programa y Ana Karina Peralta, directora del Centro de Inocuidad Alimentaria.\u00a0<\/span><\/a><\/p><p class=\"x_MsoNormal\"><span class=\"x_MsoHyperlink\">\u00a0<\/span><\/p><p class=\"x_MsoNormal\"><strong><span class=\"x_MsoHyperlink\">ELMAULEINFORMA.CL\u00a0<\/span><\/strong><\/p><p class=\"x_MsoNormal\"><a href=\"https:\/\/elmauleinforma.cl\/utalca-dicta-nuevo-diplomado-en-gestion-de-la-inocuidad-alimentaria\/\"><span class=\"x_MsoHyperlink\">UTalca dicta nuevo Diplomado en Gesti\u00f3n de la Inocuidad Alimentaria. Se refieren Gonzalo D\u00edaz, acad\u00e9mico de la Facultad de Ciencias Agrarias y director del programa y Ana Karina Peralta, directora del Centro de Inocuidad Alimentaria.\u00a0<\/span><\/a><\/p><p class=\"x_MsoNormal\"><span class=\"x_MsoHyperlink\">\u00a0<\/span><\/p><p class=\"x_MsoNormal\"><strong><span class=\"x_MsoHyperlink\">CANAL TVN RED AUSTRAL\u00a0<\/span><\/strong><\/p><p class=\"x_MsoNormal\"><a href=\"https:\/\/www.litoralpress.cl\/sitio\/RadioTV_Detalles.cshtml?LPKey=XU32CTTBSTGITIWRCW2STXMH7SMVFEEHEL53VXTGOT6LEUASQINZ3BDJRBM3LIJK6K7Z6Y4LMUHVI\"><span class=\"x_MsoHyperlink\">Hasta en un 50% aument\u00f3 el valor del pollo y las carnes. Se refiere \u00c1ngela S\u00e1nchez, directora de la Escuela de Nutrici\u00f3n y Diet\u00e9tica.\u00a0<\/span><\/a><\/p><p class=\"x_MsoNormal\"><span class=\"x_MsoHyperlink\">\u00a0<\/span><\/p><p class=\"x_MsoNormal\"><strong><span class=\"x_MsoHyperlink\">RADIO GUAYAC\u00c1N<\/span><span class=\"x_MsoHyperlink\">\u00a0<\/span><\/strong><\/p><p class=\"x_MsoNormal\"><a href=\"https:\/\/www.litoralpress.cl\/sitio\/RadioTV_Detalles.cshtml?LPKey=KSOM6DD6HX2QOWUJIYN5L33IWCCOC2Q4RF2MPOS7OKT4FEWQFEQU66QMNZCG25OEQT4NJR2N2VEF6\">Entrevista a \u00c1ngela S\u00e1nchez, directora de la Escuela de Nutrici\u00f3n y Diet\u00e9tica.\u00a0<\/a><\/p><p class=\"x_MsoNormal\" aria-hidden=\"true\">\u00a0<\/p><p class=\"x_MsoNormal\"><strong>LA TERCERA\u00a0<\/strong><\/p><p class=\"x_MsoNormal\"><a href=\"https:\/\/www.litoralpress.cl\/sitio\/Prensa_PaginaCompleta.cshtml?LPKey=MUPT5NGNMF5JHNGNJZ4PY5EW4JGRR7NKHPXVJSRSBOMUE5DVSZPQ\">40 horas: Las posturas que emanaron de la mesa t\u00e9cnica. Se refiere Irene Rojas, directora del Centro de Estudios de Derecho del Trabajo y Seguridad Social (CENTRASS).\u00a0<\/a><\/p><p class=\"x_MsoNormal\">\u00a0<\/p><p class=\"x_MsoNormal\"><strong>LATERCERA.COM\u00a0<\/strong><\/p><p class=\"x_MsoNormal\"><a href=\"https:\/\/www.latercera.com\/pulso\/noticia\/40-horas-las-posturas-que-emanaron-de-la-mesa-tecnica\/CDBF3QHYSBBJZAKZINH5RMX2QE\/\">40 horas: Las posturas que emanaron de la mesa t\u00e9cnica. Se refiere Irene Rojas, directora del Centro de Estudios de Derecho del Trabajo y Seguridad Social (CENTRASS).\u00a0<\/a><\/p><p class=\"x_MsoNormal\" aria-hidden=\"true\">\u00a0<\/p><p class=\"x_MsoNormal\"><strong>DIARIO FINANCIERO\u00a0<\/strong><\/p><p class=\"x_MsoNormal\"><a href=\"https:\/\/www.litoralpress.cl\/sitio\/Prensa_PaginaCompleta.cshtml?LPKey=GIYXOGSNH4D6Q6SEA3KUOA36JIXB25GCYIVH4WWV5KDW5ZAWOK4Q\">El cobre ha perdido m\u00e1s de 27% de su valor en el a\u00f1o \u00bfqu\u00e9 factores est\u00e1n arrastrando al metal rojo? Se refiere Hern\u00e1n D\u00edaz, acad\u00e9mico de la Facultad de Econom\u00eda y Negocios (FEN).\u00a0<\/a><\/p><p>\u00a0<\/p><p class=\"x_MsoNormal\"><strong>RADIO COOPERATIVA\u00a0<\/strong><\/p><p class=\"x_MsoNormal\"><a href=\"https:\/\/www.litoralpress.cl\/sitio\/RadioTV_Detalles.cshtml?LPKey=SSW266HNT6XZTDLAVPABNF56DBKWVB7RIAFFJPELL2Z43XLOIW5LSLJ6VYVIVOWATIQADQCEZKUW6\">Abrupta baja del precio del d\u00f3lar. Se refiere Rodrigo Saens, acad\u00e9mico de la Facultad de Econom\u00eda y Negocios (FEN).\u00a0<\/a><\/p><p class=\"x_MsoNormal\">\u00a0<\/p><p class=\"x_MsoNormal\"><strong>RADIO COOPERATIVA\u00a0<\/strong><\/p><p class=\"x_MsoNormal\"><a href=\"https:\/\/www.litoralpress.cl\/sitio\/RadioTV_Detalles.cshtml?LPKey=GSU2UWOOVCDC2UJFIUVPQJTOOQKKXNAB7WBPA32JC55O2Y6DE6OM2ILU7JVBKWEHQIG6663E52SAC\">M\u00e1s de siete millones de personas reciben el bono &#8220;Chile apoya invierno&#8221; y descartan que la medida impacte en la inflaci\u00f3n. Se refiere Rodrigo Saens, acad\u00e9mico de la Facultad de Econom\u00eda y Negocios (FEN).\u00a0<\/a><\/p><p class=\"x_MsoNormal\" aria-hidden=\"true\">\u00a0<\/p><p class=\"x_MsoNormal\"><strong>RADIO COOPERATIVA\u00a0<\/strong><\/p><p class=\"x_MsoNormal\"><a href=\"https:\/\/www.litoralpress.cl\/sitio\/RadioTV_Detalles.cshtml?LPKey=JXOAOUTW4IBXN47N3Y3YOAYQGOV4JZNOQY73423CZEUK3ITDIYBEWC3DXWJOEDKVSRIRSEAZ33OTM\">75 pesos chilenos cae el valor del d\u00f3lar tras el anuncio del Banco Central. Se refiere Rodrigo Saens, acad\u00e9mico de la Facultad de Econom\u00eda y Negocios (FEN).\u00a0<\/a><\/p><p class=\"x_MsoNormal\" aria-hidden=\"true\">\u00a0<\/p><p class=\"x_MsoNormal\"><strong>COOPERATIVA.CL\u00a0<\/strong><\/p><p class=\"x_MsoNormal\"><a href=\"https:\/\/www.cooperativa.cl\/noticias\/economia\/divisas\/dolar\/intervencion-del-banco-central-ya-tuvo-su-mayor-efecto-y-no-va-a\/2022-07-16\/141557.html\">Intervenci\u00f3n del Banco Central ya tuvo su mayor efecto y no va a perdurar, seg\u00fan economistas. Se refiere Rodrigo Saens, acad\u00e9mico de la Facultad de Econom\u00eda y Negocios (FEN).\u00a0<\/a><\/p><p class=\"x_MsoNormal\" aria-hidden=\"true\">\u00a0<\/p><p class=\"x_MsoNormal\"><strong>COOPERATIVA.CL\u00a0<\/strong><\/p><p class=\"x_MsoNormal\"><a href=\"https:\/\/www.cooperativa.cl\/noticias\/economia\/divisas\/dolar\/experto-y-el-dolar-bajo-los-1-000-pesos-es-normal-que-el-efecto-de-la\/2022-07-20\/140942.html\">Experto y el d\u00f3lar bajo los 1.000 pesos: &#8220;Es normal que el efecto de la intervenci\u00f3n se vaya diluyendo&#8221;. Se refiere Rodrigo Saens, acad\u00e9mico de la Facultad de Econom\u00eda y Negocios (FEN).\u00a0<\/a><\/p><p class=\"x_MsoNormal\" aria-hidden=\"true\">\u00a0<\/p><p class=\"x_MsoNormal\"><strong>DF.CL\u00a0<\/strong><\/p><p class=\"x_MsoNormal\"><a href=\"https:\/\/www.df.cl\/mercados\/commodities\/el-cobre-se-sobrepone-al-pib-de-china-y-revierte-sus-perdidas-por-cifras\">Cobre se sobrepone al PIB de China y revierte sus p\u00e9rdidas por cifras de EE. UU. Se refiere Hern\u00e1n D\u00edaz, acad\u00e9mico de la Facultad de Econom\u00eda y Negocios (FEN).\u00a0<\/a><\/p><p class=\"x_MsoNormal\" aria-hidden=\"true\">\u00a0<\/p><p class=\"x_MsoNormal\"><strong>ELDESCONCIERTO.CL\u00a0<\/strong><\/p><p class=\"x_MsoNormal\"><a href=\"https:\/\/www.eldesconcierto.cl\/economia\/2022\/07\/15\/se-calma-el-dolar-divisa-baja-de-los-1000-y-analistas-valoran-anuncio-del-bc.html\">Se calma el d\u00f3lar: Divisa baja de los $1000 y analistas valoran anuncio del BC. Se refiere Rodrigo Saens, acad\u00e9mico de la Facultad de Econom\u00eda y Negocios (FEN).\u00a0<\/a><\/p><p class=\"x_MsoNormal\"><span class=\"x_MsoHyperlink\">\u00a0<\/span><\/p><p class=\"x_MsoNormal\"><strong><span class=\"x_MsoHyperlink\">CR\u00d3NICA DE CHILL\u00c1N\u00a0<\/span><\/strong><\/p><p class=\"x_MsoNormal\"><a href=\"https:\/\/www.litoralpress.cl\/paginaconsultas\/Servicios_NClipSitio\/Get_Imagen_Nota.aspx?LPKey=W63AB6XTMASOIABSLALIYQQ34QWR6VNWETBCXLFJMBDPWGD5CGA6OCLBRY5AUG5ESHS7M5L7R4GRE\"><span class=\"x_MsoHyperlink\">Marcel defiende bono Chile Apoya y economistas destacan sensible escenario. Se refiere Rodrigo Saens, acad\u00e9mico de la Facultad de Econom\u00eda y Negocios (FEN).<\/span><span class=\"x_MsoHyperlink\">\u00a0<\/span><\/a><\/p><p class=\"x_MsoNormal\" aria-hidden=\"true\">\u00a0<\/p><p class=\"x_MsoNormal\"><strong>LA PRENSA\u00a0<\/strong><\/p><p class=\"x_MsoNormal\"><a href=\"https:\/\/www.litoralpress.cl\/paginaconsultas\/Servicios_NClipSitio\/Get_Imagen_Nota.aspx?LPKey=6R5QJGBBI6HM7LPTJISAMOYHPWPWY6QUXFXIBPJ6CZJRJUBVYT4TNRBUCSCLBX72TPOWN373LZBLG\">Con gran asistencia se realiz\u00f3 el Horn Day. Se mencionan a Michael Cooper y David Villegas, acad\u00e9micos de la Escuela de M\u00fasica.\u00a0<\/a><\/p><p class=\"x_MsoNormal\" aria-hidden=\"true\">\u00a0<\/p><p class=\"x_MsoNormal\"><strong>LA PRENSA\u00a0<\/strong><\/p><p class=\"x_MsoNormal\"><a href=\"https:\/\/www.litoralpress.cl\/paginaconsultas\/Servicios_NClipSitio\/Get_Imagen_Nota.aspx?LPKey=HAIVOEAVO4DLF4NCXWTRWJOOZYMP633NTBLAECGDR2GMR3KXLQKYSAZZQ56GMGZD3EINJWIGFHXHK\">Vi\u00f1as de San Javier reciben propuestas de dise\u00f1os para etiquetar sus vinos. Se menciona a la Escuela de Dise\u00f1o.\u00a0<\/a><\/p><p class=\"x_MsoNormal\" aria-hidden=\"true\">\u00a0<\/p><p class=\"x_MsoNormal\"><strong>EL LECTOR\u00a0<\/strong><\/p><p class=\"x_MsoNormal\"><a href=\"https:\/\/www.litoralpress.cl\/paginaconsultas\/Servicios_NClipSitio\/Get_Imagen_Nota.aspx?LPKey=U3UVRTAQ6IFLOHYAQ34ZHECXFALLNZJ3UP6BMGWPDTFQBI5MALZP2XXFENMJICACUI5MC42AQAGJI\">Tres Vi\u00f1as de San Javier recibieron propuestas de nuevas etiquetas para sus vinos. Se menciona a la UTalca.\u00a0<\/a><\/p><p class=\"x_MsoNormal\" aria-hidden=\"true\">\u00a0<\/p><p class=\"x_MsoNormal\"><strong>CANAL TVN RED MAULE\u00a0<\/strong><\/p><p class=\"x_MsoNormal\"><a href=\"https:\/\/www.litoralpress.cl\/sitio\/RadioTV_Detalles.cshtml?LPKey=7GUMT53TDDGECL4XHHEUTCOUCSHUGQJZ2WKQEHLUBTQ4USFPSI4WZKNY6Q4DURNQ6RFOIVACCKE34\">Crean etiquetas para 3 vi\u00f1as de San Javier. Se menciona a la Escuela de Dise\u00f1o.\u00a0<\/a><\/p><p class=\"x_MsoNormal\" aria-hidden=\"true\">\u00a0<\/p><p class=\"x_MsoNormal\"><strong>CONTIVISI\u00d3N\u00a0<\/strong><\/p><p class=\"x_MsoNormal\"><a href=\"https:\/\/www.litoralpress.cl\/sitio\/RadioTV_Detalles.cshtml?LPKey=76E3WALCI3SXUBXEOMKYUB5V53FINUNMMFZD52GHVUOBR3ANWUF4RZKNDCOTFWJCPZLRCNR6YJKIK\">Estudiantes de la U. de Talca presentaron propuestas de etiquetas para vi\u00f1as. Se refiere Luz Mar\u00eda Gonz\u00e1lez, acad\u00e9mica de la Escuela de Dise\u00f1o.\u00a0<\/a><\/p><p class=\"x_MsoNormal\" aria-hidden=\"true\">\u00a0<\/p><p class=\"x_MsoNormal\"><strong>ELMAULEINFORMA.CL\u00a0<\/strong><\/p><p class=\"x_MsoNormal\"><a href=\"https:\/\/elmauleinforma.cl\/tres-vinas-de-san-javier-recibieron-propuestas-de-nuevas-etiquetas-para-sus-vinos\/\">Tres Vi\u00f1as de San Javier recibieron propuestas de nuevas etiquetas para sus vinos. Se menciona a la UTalca.\u00a0<\/a><\/p><p class=\"x_MsoNormal\" aria-hidden=\"true\">\u00a0<\/p><p class=\"x_MsoNormal\"><strong>LA PRENSA\u00a0<\/strong><\/p><p class=\"x_MsoNormal\"><a href=\"https:\/\/www.litoralpress.cl\/paginaconsultas\/Servicios_NClipSitio\/Get_Imagen_Nota.aspx?LPKey=QM3H4H6643OAIJKN5HYYZUPIKFA2EOCD5VTGEGGX6LOGX5RYUYPRLWFKH2I3VBVB7HC4RZOIUE77K\">Estudiantes de la UTalca realizan operativos dentales masivos en Cauquenes. Se refieren Rodrigo Giacaman, decano de la Facultad de Odontolog\u00eda y Solange Y\u00e9venes, estudiante de Odontolog\u00eda.\u00a0<\/a><\/p><p class=\"x_MsoNormal\" aria-hidden=\"true\">\u00a0<\/p><p class=\"x_MsoNormal\"><strong>EL HERALDO\u00a0<\/strong><\/p><p class=\"x_MsoNormal\"><a href=\"https:\/\/www.litoralpress.cl\/paginaconsultas\/Servicios_NClipSitio\/Get_Imagen_Nota.aspx?LPKey=HGPWNGORYJEDS4KZJ2AFPSQTYPZAH7VMYJEQUSPSGP4HT2PO4J3BERINRAH5DUBKYXI6JIEVNQOUA\">Estudiantes de la UTalca realizan operativos dentales masivos en Cauquenes. Se refieren Rodrigo Giacaman, decano de la Facultad de Odontolog\u00eda y Solange Y\u00e9venes, estudiante de Odontolog\u00eda.\u00a0<\/a><\/p><p class=\"x_MsoNormal\" aria-hidden=\"true\">\u00a0<\/p><p class=\"x_MsoNormal\"><strong>EL LECTOR\u00a0<\/strong><\/p><p class=\"x_MsoNormal\"><a href=\"https:\/\/www.litoralpress.cl\/paginaconsultas\/Servicios_NClipSitio\/Get_Imagen_Nota.aspx?LPKey=LGQEX7SEZERDX2X77TXZSYFWABRS2KLFELD5DTAKM5OKQWOEZM6TP3TLCNYLKEPMQNG4XATANQPCE\">Estudiantes de la UTalca realizan operativos dentales masivos en Cauquenes. Se refieren Rodrigo Giacaman, decano de la Facultad de Odontolog\u00eda y Solange Y\u00e9venes, estudiante de Odontolog\u00eda.\u00a0<\/a><\/p><p class=\"x_MsoNormal\" aria-hidden=\"true\">\u00a0<\/p><p class=\"x_MsoNormal\"><strong>ELMAULEINFORMA.CL\u00a0<\/strong><\/p><p class=\"x_MsoNormal\"><a href=\"https:\/\/elmauleinforma.cl\/estudiantes-de-la-utalca-realizan-operativos-dentales-masivos-en-cauquenes\/\">Estudiantes de la UTalca realizan operativos dentales masivos en Cauquenes. Se menciona al Grupo Odontol\u00f3gico Preventivo (GOP).\u00a0<\/a><\/p><p class=\"x_MsoNormal\" aria-hidden=\"true\">\u00a0<\/p><p class=\"x_MsoNormal\"><strong>DIARIOCONSTITUCIONAL.CL\u00a0<\/strong><\/p><p class=\"x_MsoNormal\"><a href=\"https:\/\/www.diarioconstitucional.cl\/cartas-al-director\/desmitificando-propuestas-del-texto-constitucional-poblacion-migrante\/\">Desmitificando propuestas del texto constitucional: Poblaci\u00f3n migrante. Se refieren Gonzalo Aguilar, Mar\u00eda Ignacia Sandoval y Christian Su\u00e1rez, acad\u00e9micos del Centro de Estudios Constitucionales de Chile (CECOCH).\u00a0<\/a><\/p><p class=\"x_MsoNormal\" aria-hidden=\"true\">\u00a0<\/p><p class=\"x_MsoNormal\"><strong>RADIO NUEVO MUNDO\u00a0<\/strong><\/p><p class=\"x_MsoNormal\"><a href=\"https:\/\/www.litoralpress.cl\/sitio\/RadioTV_Detalles.cshtml?LPKey=PF3PHHH7KYQJPTBQT5VESRVDHPRBQYFA24U36GCCTV7NN6W64F5PTCDKPT2UY72LVA2K5NJ7JI3QW\">Entrevista a Mar\u00eda Ignacia Sandoval, acad\u00e9mica del Centro de Estudios Constitucionales de Chile.<\/a><\/p><p class=\"x_MsoNormal\" aria-hidden=\"true\">\u00a0<\/p><p class=\"x_MsoNormal\"><strong>PUBLIMETRO\u00a0<\/strong><\/p><p class=\"x_MsoNormal\"><a href=\"https:\/\/www.litoralpress.cl\/paginaconsultas\/Servicios_NClipSitio\/Get_Imagen_Nota.aspx?LPKey=N4J2PLYSAWGWQ74M7XXY4DEPTOCPENVNNB5HAQ4V7N33CRMNNYEK6JL3MDTPZ7LBESQWSPN5YPDM6\">Pensiones: Los alcances del sistema que propone la Nueva Constituci\u00f3n. Se refiere Dominique Luan, investigadora del Centro de Estudios Constitucionales de Chile (CECOCH).\u00a0<\/a><\/p><p class=\"x_MsoNormal\" aria-hidden=\"true\">\u00a0<\/p><p class=\"x_MsoNormal\"><strong>EL MERCURIO\u00a0<\/strong><\/p><p class=\"x_MsoNormal\"><a href=\"https:\/\/www.litoralpress.cl\/paginaconsultas\/Servicios_NClipSitio\/Get_Imagen_Nota.aspx?LPKey=MNIIIKUTYPHY5YY5XKCNUVC3VDPPFNPL4EZIFBVPPCBLVJMIOY5B5OUDI7EPFJWZGHICPDFZEXTKU\">Analistas enjuician \u201cgiro\u201d oficialista frente a la votaci\u00f3n del proyecto de 4\/7. Se refiere Mauricio Morales, director del Centro de An\u00e1lisis Pol\u00edtico (CAP).\u00a0<\/a><\/p><p class=\"x_MsoNormal\" aria-hidden=\"true\">\u00a0<\/p><p class=\"x_MsoNormal\"><strong>LA SEGUNDA\u00a0<\/strong><\/p><p class=\"x_MsoNormal\"><a href=\"https:\/\/www.litoralpress.cl\/paginaconsultas\/Servicios_NClipSitio\/Get_Imagen_Nota.aspx?LPKey=EXACGWCQTVMUCVFPQD3D64ZVX4V4JT5KVAFCKGBHZDLNGU5OWU5L55RXUJLLQANSHIX7DJNTLWCCC\">La Roja y Chayanne: \u00bfErrores no o &#8220;falta de criterio&#8221;? forzados. Se refiere Mauricio Morales, director del Centro de An\u00e1lisis Pol\u00edtico (CAP).\u00a0<\/a><\/p><p class=\"x_MsoNormal\" aria-hidden=\"true\">\u00a0<\/p><p class=\"x_MsoNormal\"><strong>CANAL MEGA\u00a0<\/strong><\/p><p class=\"x_MsoNormal\"><a href=\"https:\/\/www.litoralpress.cl\/sitio\/RadioTV_Detalles.cshtml?LPKey=YHOCN3INRKMBXY34DANJK7L6OHAAV4NAO44XIT2QXCC7O3VP2K7JF35M563MFD4IXDKKFXF4XLAWW\">Michelle Bachelet refirm\u00f3 su apoyo a la opci\u00f3n apruebo. Se refiere Mauricio Morales, director del Centro de An\u00e1lisis Pol\u00edtico (CAP).\u00a0<\/a><\/p><p class=\"x_MsoNormal\" aria-hidden=\"true\">\u00a0<\/p><p class=\"x_MsoNormal\"><strong>CANAL MEGA\u00a0<\/strong><\/p><p class=\"x_MsoNormal\"><a href=\"https:\/\/www.litoralpress.cl\/sitio\/RadioTV_Detalles.cshtml?LPKey=26M64ULBF3NP3JWNG4I5RDGNIPTRNOROPUWJ76SIQAY54E4PQTELJL3726SR62U6AECT5VTMGZD32\">El plan B del Gobierno ante un eventual triunfo del rechazo. Se refiere Mauricio Morales, director del Centro de An\u00e1lisis Pol\u00edtico (CAP).\u00a0<\/a><\/p><p class=\"x_MsoNormal\" aria-hidden=\"true\">\u00a0<\/p><p class=\"x_MsoNormal\"><strong>CANAL MEGA\u00a0<\/strong><\/p><p class=\"x_MsoNormal\"><a href=\"https:\/\/www.litoralpress.cl\/sitio\/RadioTV_Detalles.cshtml?LPKey=YZ3EPOULUTAXRJNQK3F5IKALRFTEFQQPQNT2SYOJLSK3ESD2ELCMOOMGIHRVWTWU7VVITXXYWL34U\">Bono de invierno contin\u00faa camino en el congreso. Se refiere Mauricio Morales, director del Centro de An\u00e1lisis Pol\u00edtico (CAP).\u00a0<\/a><\/p><p class=\"x_MsoNormal\" aria-hidden=\"true\">\u00a0<\/p><p class=\"x_MsoNormal\"><strong>CANAL MEGA\u00a0<\/strong><\/p><p class=\"x_MsoNormal\"><a href=\"https:\/\/www.litoralpress.cl\/sitio\/RadioTV_Detalles.cshtml?LPKey=GIUTQHPH67BSYBX6XZDJMJ6O6Q6BV7WY5AH55QEQJ3HJB2IQ5UBEFKFUW64PAPGATLYFTSACVHK2K\">La jugada de Boric frente al plebiscito. Se refiere Mauricio Morales, director del Centro de An\u00e1lisis Pol\u00edtico (CAP).\u00a0<\/a><\/p><p class=\"x_MsoNormal\" aria-hidden=\"true\">\u00a0<\/p><p class=\"x_MsoNormal\"><strong>CANAL TVN\u00a0<\/strong><\/p><p class=\"x_MsoNormal\"><a href=\"https:\/\/www.litoralpress.cl\/sitio\/RadioTV_Detalles.cshtml?LPKey=QUWJMM5YBL3T25AROPAKUXK5GECHODOR4ISD5LY77545MLDOM6JLW5URQKSIOXFT73FBTGTHWWXO4\">Partidos eval\u00faan mecanismos constitucionales si gana el rechazo. Se refiere Mauricio Morales, director del Centro de An\u00e1lisis Pol\u00edtico (CAP).\u00a0<\/a><\/p><p class=\"x_MsoNormal\" aria-hidden=\"true\">\u00a0<\/p><p class=\"x_MsoNormal\"><strong>CANAL CNN CHILE\u00a0<\/strong><\/p><p class=\"x_MsoNormal\"><a href=\"https:\/\/www.litoralpress.cl\/sitio\/RadioTV_Detalles.cshtml?LPKey=PLV6WC5ANWAMTG54JUP3J5L3DRS3TUARSUEF5FN2XCUJDZDUAXFUBIF5M7VPXLF3MQJMGNWVIQS5M\">42 d\u00edas para el plebiscito constitucional. Se refiere Mauricio Morales, director del Centro de An\u00e1lisis Pol\u00edtico (CAP).\u00a0<\/a><\/p><p class=\"x_MsoNormal\" aria-hidden=\"true\">\u00a0<\/p><p class=\"x_MsoNormal\"><strong>CANAL CNN CHILE\u00a0<\/strong><\/p><p class=\"x_MsoNormal\"><a href=\"https:\/\/www.litoralpress.cl\/sitio\/RadioTV_Detalles.cshtml?LPKey=XOGMXVXWNW7F44K3S4AZHHBO53ORIYXSOJ3L6QD7TIMGYZOVVQQXBFMV7FP6O2VNVBNWVGVXALYYU\">Solicitan a Contralor\u00eda que se investigue al Gobierno por presunto intervencionismo en la campa\u00f1a del plebiscito. Se refiere Mauricio Morales, director del Centro de An\u00e1lisis Pol\u00edtico (CAP).\u00a0<\/a><\/p><p class=\"x_MsoNormal\" aria-hidden=\"true\">\u00a0<\/p><p class=\"x_MsoNormal\"><strong>CANAL MEGA PLUS\u00a0<\/strong><\/p><p class=\"x_MsoNormal\"><a href=\"https:\/\/www.litoralpress.cl\/sitio\/RadioTV_Detalles.cshtml?LPKey=7RYSKIYXXP6UMJ2IYBA5QAMP4A5CMUEIZGPB46KYOSGGYXASFEKIUQPEZ4VAK5YQBFGCJPEPWX6HK\">El Presidente Gabriel Boric se\u00f1al\u00f3 que si gana la opci\u00f3n rechazo se convocar\u00e1 a una nueva convenci\u00f3n. Se refiere Mauricio Morales, director del Centro de An\u00e1lisis Pol\u00edtico (CAP).\u00a0<\/a><\/p><p class=\"x_MsoNormal\"><span class=\"x_MsoHyperlink\">\u00a0<\/span><\/p><p class=\"x_MsoNormal\"><strong><span class=\"x_MsoHyperlink\">EMOL TV\u00a0<\/span><\/strong><\/p><p class=\"x_MsoNormal\"><a href=\"https:\/\/www.litoralpress.cl\/sitio\/RadioTV_Detalles.cshtml?LPKey=EOJXSY65PVS2N4ZU7XSPYKQ53UI37DQW535UI5PRQ5QH5ITWH45TIS3KNGONB2VRJK4QVJAVVNQMK\"><span class=\"x_MsoHyperlink\">Entrevista a Mauricio Morales, director del Centro de An\u00e1lisis Pol\u00edtico (CAP).\u00a0<\/span><\/a><\/p><p class=\"x_MsoNormal\" aria-hidden=\"true\">\u00a0<\/p><p class=\"x_MsoNormal\"><strong>RADIO COOPERATIVA\u00a0<\/strong><\/p><p class=\"x_MsoNormal\"><a href=\"https:\/\/www.litoralpress.cl\/sitio\/RadioTV_Detalles.cshtml?LPKey=7XHCFYAJXLUUVOTNKJ2O2WMTN7HDNRDVDH4DWTC76CLN7LMS7ZKAM54FTKE4PC5BMYVTQMFSHBOL2\">Desde el oficialismo se\u00f1alan que la ciudadan\u00eda debe entender que es posible realizar reformas a la propuesta de nueva Constituci\u00f3n. Se refiere Mauricio Morales, director del Centro de An\u00e1lisis Pol\u00edtico (CAP).\u00a0<\/a><\/p><p class=\"x_MsoNormal\" aria-hidden=\"true\">\u00a0<\/p><p class=\"x_MsoNormal\"><strong>RADIO COOPERATIVA\u00a0<\/strong><\/p><p class=\"x_MsoNormal\"><a href=\"https:\/\/www.litoralpress.cl\/sitio\/RadioTV_Detalles.cshtml?LPKey=GFKCKGAJDJ6UABE2Y44P67RP4EG5Y73HGGLVZDFNGOY5N3667WCTVP4OGSSJQ7Y7DYBARP6RZ4BH4\">Ministra vocera de Gobierno se refiri\u00f3 al proceso constituyente. Se refiere Mauricio Morales, director del Centro de An\u00e1lisis Pol\u00edtico (CAP).\u00a0<\/a><\/p><p class=\"x_MsoNormal\" aria-hidden=\"true\">\u00a0<\/p><p class=\"x_MsoNormal\"><strong>RADIO INFINITA\u00a0<\/strong><\/p><p class=\"x_MsoNormal\"><a href=\"https:\/\/www.litoralpress.cl\/sitio\/RadioTV_Detalles.cshtml?LPKey=R7PGAKMQIVWOC45LMIU62R5KLRFRJ5O7XDBYWBACDWGX54KEEQAMKYSDUYNEASCNOXJC7Z5LVRKPQ\">Comentario de Mauricio Morales, director del Centro de An\u00e1lisis Pol\u00edtico (CAP).\u00a0<\/a><\/p><p class=\"x_MsoNormal\" aria-hidden=\"true\">\u00a0<\/p><p class=\"x_MsoNormal\"><strong>RADIO INFINITA\u00a0<\/strong><\/p><p class=\"x_MsoNormal\"><a href=\"https:\/\/www.litoralpress.cl\/sitio\/RadioTV_Detalles.cshtml?LPKey=73YGDS32JHNNMZ2434EW5L47TMABYLAIOTW7F7WLIG2J4BLOZENZ3M7BMN7YNLFESXS3TMHKSBYAG\">Comentario de Mauricio Morales, director del Centro de An\u00e1lisis Pol\u00edtico (CAP).\u00a0<\/a><\/p><p class=\"x_MsoNormal\" aria-hidden=\"true\">\u00a0<\/p><p class=\"x_MsoNormal\"><strong>RADIO ADN\u00a0<\/strong><\/p><p class=\"x_MsoNormal\"><a href=\"https:\/\/www.litoralpress.cl\/sitio\/RadioTV_Detalles.cshtml?LPKey=WPKD2YCIBVCUNBQGQ7ELNA5HLXEIM5YQMM3PP6ASZYB72KPKQQV72FMWKE4ONHZYXCRDLXULFKLFI\">Piden a Contralor\u00eda que analice un posible intervencionismo electoral por parte del Presidente Boric. Se refiere Mauricio Morales, director del Centro de An\u00e1lisis Pol\u00edtico (CAP).\u00a0<\/a><\/p><p class=\"x_MsoNormal\" aria-hidden=\"true\">\u00a0<\/p><p class=\"x_MsoNormal\"><strong>EMOL.COM\u00a0<\/strong><\/p><p class=\"x_MsoNormal\"><a href=\"https:\/\/www.emol.com\/noticias\/Nacional\/2022\/07\/20\/1067399\/chilevamos-por-dichosboric-rechazo.html\">Debate por el plan B: La ruta y el an\u00e1lisis dentro y fuera de Chile Vamos ante la jugada del Presidente Boric. Se refiere Mauricio Morales, director del Centro de An\u00e1lisis Pol\u00edtico (CAP).\u00a0<\/a><\/p><p class=\"x_MsoNormal\" aria-hidden=\"true\">\u00a0<\/p><p class=\"x_MsoNormal\"><strong>EMOL.COM\u00a0<\/strong><\/p><p class=\"x_MsoNormal\"><a href=\"https:\/\/comentarista.emol.com\/2294117\/22631920\/Emol-Social-Facts.html\">Reforma para rebajar qu\u00f3rum a 4\/7: \u00bfDe qu\u00e9 trata este proyecto y cu\u00e1les son los argumentos? Se refiere Mauricio Morales, director del Centro de An\u00e1lisis Pol\u00edtico (CAP).\u00a0<\/a><\/p><p class=\"x_MsoNormal\" aria-hidden=\"true\">\u00a0<\/p><p class=\"x_MsoNormal\"><strong>EMOL.COM\u00a0<\/strong><\/p><p class=\"x_MsoNormal\"><a href=\"https:\/\/www.emol.com\/noticias\/Nacional\/2022\/07\/16\/1067096\/analisis-dichos-boric-rechazo-expertos.html\">\u00bfAbre una tercera v\u00eda? Expertos analizan los dichos de Boric sobre el nuevo proceso constituyente si gana el Rechazo. Se refiere Mauricio Morales, director del Centro de An\u00e1lisis Pol\u00edtico (CAP).\u00a0<\/a><\/p><p class=\"x_MsoNormal\" aria-hidden=\"true\">\u00a0<\/p><p class=\"x_MsoNormal\"><strong>ELMOSTRADOR.CL\u00a0<\/strong><\/p><p class=\"x_MsoNormal\"><a href=\"https:\/\/www.elmostrador.cl\/noticias\/pais\/2022\/07\/23\/apruebo-vs-rechazo-la-guerra-de-los-mensajes\/\">Apruebo vs Rechazo: la guerra de los mensajes. Se refiere Mauricio Morales, director del Centro de An\u00e1lisis Pol\u00edtico (CAP).\u00a0<\/a><\/p><p class=\"x_MsoNormal\" aria-hidden=\"true\">\u00a0<\/p><p class=\"x_MsoNormal\"><strong>24HORAS.CL\u00a0<\/strong><\/p><p class=\"x_MsoNormal\"><a href=\"https:\/\/www.24horas.cl\/proceso-constituyente\/iniciativa-popular-de-ley-el-mecanismo-propuesta-constitucional\">\u00bfQu\u00e9 es la Iniciativa popular de ley? El mecanismo que contempla la propuesta constitucional. Se refiere Mario Herrera, acad\u00e9mico del Centro de An\u00e1lisis Pol\u00edtico (CAP).\u00a0<\/a><\/p><p class=\"x_MsoNormal\" aria-hidden=\"true\">\u00a0<\/p><p class=\"x_MsoNormal\"><strong>THECLINIC.CL\u00a0<\/strong><\/p><p class=\"x_MsoNormal\"><a href=\"https:\/\/www.theclinic.cl\/2022\/07\/16\/analistas-plan-boric-rechazo\/\">De \u201cabre un flanco\u201d a \u201cpone los pies sobre la tierra\u201d: Ocho analistas desmenuzan el plan de Boric si gana el Rechazo. Se refiere Mauricio Morales, director del Centro de An\u00e1lisis Pol\u00edtico (CAP).\u00a0<\/a><\/p><p class=\"x_MsoNormal\" aria-hidden=\"true\">\u00a0<\/p><p class=\"x_MsoNormal\"><strong>EL MERCURIO DE VALPARAISO\u00a0<\/strong><\/p><p class=\"x_MsoNormal\"><a href=\"https:\/\/www.litoralpress.cl\/sitio\/Prensa_PaginaCompleta.cshtml?LPKey=MI5WRQ4FWGWV7YP3G54STGJ3B55XJ73EFJ3BX4UAAMASFM6LRKDA\">Aprobar y mejorar, rechazar y reformar o nueva Convenci\u00f3n: opciones en debate de cara al Plebiscito. Se refiere Mario Herrera, acad\u00e9mico del Centro de An\u00e1lisis Pol\u00edtico (CAP).\u00a0<\/a><\/p><p class=\"x_MsoNormal\" aria-hidden=\"true\">\u00a0<\/p><p class=\"x_MsoNormal\"><strong>ELMAULEINFORMA.CL\u00a0<\/strong><\/p><p class=\"x_MsoNormal\"><a href=\"https:\/\/elmauleinforma.cl\/coro-de-ninos-de-la-universidad-de-talca-realiza-convocatoria-a-nuevos-talentos\/\">Coro de ni\u00f1os de la Universidad de Talca realiza convocatoria a nuevos talentos. Coro de ni\u00f1os de la Universidad de Talca realiza convocatoria a nuevos talentos. Se refiere Mar\u00eda Cecilia Sep\u00falveda, directora del Coro.\u00a0<\/a><\/p><p class=\"x_MsoNormal\" aria-hidden=\"true\">\u00a0<\/p><p class=\"x_MsoNormal\"><strong>CHILLANONLINE.CL\u00a0<\/strong><\/p><p class=\"x_MsoNormal\"><a href=\"https:\/\/www.chillanonline.cl\/V6\/coro-de-ninos-de-la-universidad-de-talca-realiza-convocatoria-a-nuevos-talentos\/\">Coro de ni\u00f1os de la Universidad de Talca realiza convocatoria a nuevos talentos. Se refiere Mar\u00eda Cecilia Sep\u00falveda, directora del Coro.\u00a0<\/a><\/p><p class=\"x_MsoNormal\" aria-hidden=\"true\">\u00a0<\/p><p class=\"x_MsoNormal\"><strong>DIARIOTALCA.CL\u00a0<\/strong><\/p><p class=\"x_MsoNormal\"><a href=\"https:\/\/diariotalca.cl\/patricio-gonzalez-colville-premiado-en-festival-internacional-de-cine-de-constitucion\/\">Patricio Gonz\u00e1lez Colville premiado en el Festival Internacional de Cine de Constituci\u00f3n.\u00a0<\/a><\/p><p class=\"x_MsoNormal\" aria-hidden=\"true\">\u00a0<\/p><p class=\"x_MsoNormal\"><strong>DIARIOELHERALDO.CL\u00a0<\/strong><\/p><p class=\"x_MsoNormal\"><a href=\"http:\/\/www.diarioelheraldo.cl\/noticia\/patricio-gonzalez-colville-premiado-en-el-primer-festival-internacional-de-cine-de-constitucion\">Patricio Gonz\u00e1lez Colville premiado en el Primer Festival Internacional de Cine de Constituci\u00f3n.\u00a0<\/a><\/p><p class=\"x_MsoNormal\" aria-hidden=\"true\">\u00a0<\/p><p class=\"x_MsoNormal\"><strong>LA PRENSA\u00a0<\/strong><\/p><p class=\"x_MsoNormal\"><a href=\"https:\/\/www.litoralpress.cl\/paginaconsultas\/Servicios_NClipSitio\/Get_Imagen_Nota.aspx?LPKey=T2GG56G562PQR5BZXJUQLO6DMJXFTTIEM7V7XJLFDTSHWXKUYGIQOSR3CGYVVNPUWAMQNN4QYN4NY\">Libro recoge 30 a\u00f1os de trayectoria art\u00edstica de Francisca Lohmann.\u00a0<\/a><\/p><p class=\"x_MsoNormal\" aria-hidden=\"true\">\u00a0<\/p><p class=\"x_MsoNormal\"><strong>ELMAULEINFORMA.CL\u00a0<\/strong><\/p><p class=\"x_MsoNormal\"><a href=\"https:\/\/elmauleinforma.cl\/libro-recoge-30-anos-de-trayectoria-artistica-de-francisca-lohmann\/\">Libro recoge 30 a\u00f1os de trayectoria art\u00edstica de Francisca Lohmann. \u00a0<\/a><\/p><p class=\"x_MsoNormal\" aria-hidden=\"true\">\u00a0<\/p><p class=\"x_MsoNormal\"><strong>ELMOSTRADOR.CL\u00a0<\/strong><\/p><p class=\"x_MsoNormal\"><a href=\"https:\/\/www.elmostrador.cl\/braga\/2022\/07\/19\/lily-garafulic-la-mujer-del-cincel\/\">Lily Garafulic: la mujer del cincel. Se menciona a la UTalca.\u00a0<\/a><\/p><p class=\"x_MsoNormal\" aria-hidden=\"true\">\u00a0<\/p><p class=\"x_MsoNormal\"><strong>LANOTICIA.CL\u00a0<\/strong><\/p><p class=\"x_MsoNormal\"><a href=\"https:\/\/lanoticia.cl\/teatro-desde-la-casa-en-vacaciones-de-invierno\/\">Teatro desde la casa en vacaciones de invierno. Se menciona a la UTalca.\u00a0<\/a><\/p><p class=\"x_MsoNormal\">\u00a0<\/p>\t\t\t\t\t\t<\/div>\n\t\t\t\t<\/div>\n\t\t\t\t\t<\/div>\n\t\t<\/div>\n\t\t\t\t\t\t\t<\/div>\n\t\t<\/section>\n\t\t\t\t\t\t<\/div>\n\t\t\t\t\t<\/div>\n\t\t","protected":false},"excerpt":{"rendered":"<p>ELMOSTRADOR.CL\u00a0 Universidad de Talca abre convocatoria al Premio Iberoamericano de Letras Jos\u00e9 Donoso 2022.\u00a0 \u00a0 ADPRENSA.CL\u00a0 MBA de la UTalca se ubica entre los mejores de Latinoam\u00e9rica. Se refiere Felipe Arenas, director del programa y acad\u00e9mico de la Facultad de Econom\u00eda y Negocios (FEN).\u00a0 \u00a0 DIARIOTALCA.CL\u00a0 MBA de la Universidad de Talca se ubica entre &hellip;<\/p>\n<p class=\"read-more\"> <a class=\"\" href=\"https:\/\/www.reportedeprensa.utalca.cl\/?p=4506\"> <span class=\"screen-reader-text\">25 de julio de 2022<\/span> Read More &raquo;<\/a><\/p>\n","protected":false},"author":1,"featured_media":0,"comment_status":"closed","ping_status":"open","sticky":false,"template":"","format":"standard","meta":{"_monsterinsights_skip_tracking":false,"_monsterinsights_sitenote_active":false,"_monsterinsights_sitenote_note":"","_monsterinsights_sitenote_category":0},"categories":[23],"tags":[],"_links":{"self":[{"href":"https:\/\/www.reportedeprensa.utalca.cl\/index.php?rest_route=\/wp\/v2\/posts\/4506"}],"collection":[{"href":"https:\/\/www.reportedeprensa.utalca.cl\/index.php?rest_route=\/wp\/v2\/posts"}],"about":[{"href":"https:\/\/www.reportedeprensa.utalca.cl\/index.php?rest_route=\/wp\/v2\/types\/post"}],"author":[{"embeddable":true,"href":"https:\/\/www.reportedeprensa.utalca.cl\/index.php?rest_route=\/wp\/v2\/users\/1"}],"replies":[{"embeddable":true,"href":"https:\/\/www.reportedeprensa.utalca.cl\/index.php?rest_route=%2Fwp%2Fv2%2Fcomments&post=4506"}],"version-history":[{"count":4,"href":"https:\/\/www.reportedeprensa.utalca.cl\/index.php?rest_route=\/wp\/v2\/posts\/4506\/revisions"}],"predecessor-version":[{"id":4510,"href":"https:\/\/www.reportedeprensa.utalca.cl\/index.php?rest_route=\/wp\/v2\/posts\/4506\/revisions\/4510"}],"wp:attachment":[{"href":"https:\/\/www.reportedeprensa.utalca.cl\/index.php?rest_route=%2Fwp%2Fv2%2Fmedia&parent=4506"}],"wp:term":[{"taxonomy":"category","embeddable":true,"href":"https:\/\/www.reportedeprensa.utalca.cl\/index.php?rest_route=%2Fwp%2Fv2%2Fcategories&post=4506"},{"taxonomy":"post_tag","embeddable":true,"href":"https:\/\/www.reportedeprensa.utalca.cl\/index.php?rest_route=%2Fwp%2Fv2%2Ftags&post=4506"}],"curies":[{"name":"wp","href":"https:\/\/api.w.org\/{rel}","templated":true}]}}