{"id":4518,"date":"2022-07-26T10:13:32","date_gmt":"2022-07-26T13:13:32","guid":{"rendered":"https:\/\/www.reportedeprensa.utalca.cl\/?p=4518"},"modified":"2022-07-26T10:19:37","modified_gmt":"2022-07-26T13:19:37","slug":"26-de-julio-de-2022","status":"publish","type":"post","link":"https:\/\/www.reportedeprensa.utalca.cl\/?p=4518","title":{"rendered":"26 de julio de 2022"},"content":{"rendered":"\t\t<div data-elementor-type=\"wp-post\" data-elementor-id=\"4518\" class=\"elementor elementor-4518\" data-elementor-settings=\"[]\">\n\t\t\t\t\t\t\t<div class=\"elementor-section-wrap\">\n\t\t\t\t\t\t\t<section class=\"elementor-section elementor-top-section elementor-element elementor-element-44052ab7 elementor-section-boxed elementor-section-height-default elementor-section-height-default\" data-id=\"44052ab7\" data-element_type=\"section\">\n\t\t\t\t\t\t<div class=\"elementor-container elementor-column-gap-default\">\n\t\t\t\t\t<div class=\"elementor-column elementor-col-100 elementor-top-column elementor-element elementor-element-5b002d83\" data-id=\"5b002d83\" data-element_type=\"column\">\n\t\t\t<div class=\"elementor-widget-wrap elementor-element-populated\">\n\t\t\t\t\t\t\t\t<div class=\"elementor-element elementor-element-477998b8 elementor-widget elementor-widget-text-editor\" data-id=\"477998b8\" data-element_type=\"widget\" data-widget_type=\"text-editor.default\">\n\t\t\t\t<div class=\"elementor-widget-container\">\n\t\t\t\t\t\t\t\t<p class=\"x_MsoNormal\"><strong>LA PRENSA\u00a0<\/strong><\/p><p class=\"x_MsoNormal\"><a href=\"https:\/\/www.litoralpress.cl\/paginaconsultas\/Servicios_NClipSitio\/Get_Imagen_Nota.aspx?LPKey=2LWHSCNQLC4GFMYGX7QTWHTFZKODQN4ZH7WAZPXLIXHWKG57SQYGGJR46KR3WB4KMUIAP66QW6GVA\">Cl\u00ednica Fonoaudiol\u00f3gica UTalca estren\u00f3 equipo de alta tecnolog\u00eda. \u00a0<\/a><\/p><p class=\"x_MsoNormal\"><span class=\"x_MsoHyperlink\">\u00a0<\/span><\/p><p class=\"x_MsoNormal\"><strong><span class=\"x_MsoHyperlink\">ELDINAMO.CL\u00a0<\/span><\/strong><\/p><p class=\"x_MsoNormal\"><a href=\"https:\/\/www.eldinamo.cl\/pais\/De-vuelta-al-colegio-7-consejos-para-evitar-los-contagios-de-virus-respiratorios-20220725-0041.html\"><span class=\"x_MsoHyperlink\">De vuelta al colegio: 7 consejos para evitar los contagios de virus respiratorios. Se refiere Mar\u00eda Ester Mu\u00f1oz, acad\u00e9mica de la Escuela de Enfermer\u00eda.<\/span><span class=\"x_MsoHyperlink\">\u00a0<\/span><\/a><\/p><p class=\"x_MsoNormal\">\u00a0<\/p><p class=\"x_MsoNormal\"><strong>LAS \u00daLTIMAS NOTICIAS\u00a0<\/strong><\/p><p class=\"x_MsoNormal\"><a href=\"https:\/\/www.litoralpress.cl\/paginaconsultas\/Servicios_NClipSitio\/Get_Imagen_Nota.aspx?LPKey=NUY2RJXIF5VGPOCYBMEFTSXB4Z6PH7CXX7ZGFPDPRIHB2DYDAXUACYDBQ2K6QGFJB7OHAQ4IND6SS\">Ingenieras comerciales detallan c\u00f3mo teletrabajan para Chile desde Europa y EE. UU. Se refiere Fabiola Vergara, directora de la Escuela de Derecho, Campus Talca.\u00a0<\/a><\/p><p class=\"x_MsoNormal\">\u00a0<\/p><p class=\"x_MsoNormal\"><strong>CANAL TVN\u00a0<\/strong><\/p><p class=\"x_MsoNormal\"><a href=\"https:\/\/www.litoralpress.cl\/sitio\/RadioTV_Detalles.cshtml?LPKey=HHVNIMNVUOT6BSXU47523GFHGFAONFBFNQRS47J2OYFM6KBL75WPLHS4RGHE4VPJZ5YJON46S6GMY\">Heladas golpean cultivos de c\u00edtricos. Se refiere Patricio Gonz\u00e1lez, acad\u00e9mico del Centro de Investigaci\u00f3n de Transferencia en Riego y Agroclimatolog\u00eda (CITRA).\u00a0<\/a><\/p><p class=\"x_MsoNormal\">\u00a0<\/p><p class=\"x_MsoNormal\"><strong>CANAL 24 HORAS\u00a0<\/strong><\/p><p class=\"x_MsoNormal\"><a href=\"https:\/\/www.litoralpress.cl\/sitio\/RadioTV_Detalles.cshtml?LPKey=WI7ZQH3W6AR56B4IYWBBGBS43ENBPUTZAXCMXIXEKQ3EKCICHVXXILTN7UZZ7FI7CPMWIA4H2X52U\">Heladas golpean cultivos de c\u00edtricos. Se refiere Patricio Gonz\u00e1lez, acad\u00e9mico del Centro de Investigaci\u00f3n de Transferencia en Riego y Agroclimatolog\u00eda (CITRA).\u00a0<\/a><\/p><p class=\"x_MsoNormal\">\u00a0<\/p><p class=\"x_MsoNormal\"><strong>RADIO AGRICULTURA\u00a0<\/strong><\/p><p class=\"x_MsoNormal\"><a href=\"https:\/\/www.litoralpress.cl\/sitio\/RadioTV_Detalles.cshtml?LPKey=YEUEJR5OWOYMHZVSWYBUHMYWZE45TVPPZGWZIQ6RF5HWAMQANUZM24QMPISJEYXW5AX63IXVQH6JU\">Avanza el acuerdo de colaboraci\u00f3n entre el Centro de Investigaci\u00f3n de Transferencia en Riego y Agroclimatolog\u00eda (CITRA) y la Escuela de Conservaci\u00f3n H\u00eddrica e Ingenier\u00eda Civil de la Universidad Agr\u00edcola de China. \u00a0<\/a><\/p><p class=\"x_MsoNormal\"><span class=\"x_MsoHyperlink\">\u00a0<\/span><\/p><p class=\"x_MsoNormal\"><strong><span class=\"x_MsoHyperlink\">DIARIO TALCA\u00a0<\/span><\/strong><\/p><p class=\"x_MsoNormal\"><a href=\"https:\/\/www.litoralpress.cl\/paginaconsultas\/Servicios_NClipSitio\/Get_Imagen_Nota.aspx?LPKey=HF6IRSQG4OTPXARQDJ6DKSY2JKT5SFV2FPJXL5KMQJ26ROZQRCKWDA6SM3PZBX7AZNBRCPOR55D3M\"><span class=\"x_MsoHyperlink\">La nieve marc\u00f3 este invierno 2022 en Talca y el Maule.\u00a0Se refiere Patricio Gonz\u00e1lez, acad\u00e9mico del Centro de Investigaci\u00f3n de Transferencia en Riego y Agroclimatolog\u00eda (CITRA).\u00a0<\/span><\/a><\/p><p class=\"x_MsoNormal\"><span class=\"x_MsoHyperlink\">\u00a0<\/span><\/p><p class=\"x_MsoNormal\"><strong><span class=\"x_MsoHyperlink\">RADIO AMIGA\u00a0<\/span><\/strong><\/p><p class=\"x_MsoNormal\"><a href=\"https:\/\/www.litoralpress.cl\/sitio\/RadioTV_Detalles.cshtml?LPKey=WYZCIGE2VRQRWOWGQ6FL74M6P6RXXT6MBNU45BZOSTFZF7CG6Z5MMD4DOXA5A2DBZIHGDMV2XJSNQ\">Investigaci\u00f3n busca alternativas tecnol\u00f3gicas para paliar la crisis h\u00eddrica mundial. Se refiere Samuel Ortega, director del Centro de Investigaci\u00f3n de Transferencia en Riego y Agroclimatolog\u00eda (CITRA).\u00a0<\/a><\/p><p class=\"x_MsoNormal\">\u00a0<\/p><p class=\"x_MsoNormal\"><strong>ADPRENSA.CL\u00a0<\/strong><\/p><p class=\"x_MsoNormal\"><a href=\"https:\/\/www.adprensa.cl\/cronica\/estudiantes-chilenos-de-educacion-basica-presentan-retraso-en-lectoescritura\/\">Estudiantes chilenos de educaci\u00f3n b\u00e1sica presentan retraso en lectoescritura. Se refiere Marianella Flores, acad\u00e9mica de la Facultad de Ciencias de la Educaci\u00f3n.\u00a0<\/a><\/p><p class=\"x_MsoNormal\" aria-hidden=\"true\">\u00a0<\/p><p class=\"x_MsoNormal\"><strong>ELMAULEINFORMA.CL\u00a0<\/strong><\/p><p class=\"x_MsoNormal\"><a href=\"https:\/\/elmauleinforma.cl\/segun-encuesta-de-la-utalca-estudiantes-de-educacion-basica-presentan-retraso-en-lectoescritura\/\">Seg\u00fan encuesta de la UTalca: Estudiantes de educaci\u00f3n b\u00e1sica presentan retraso en lectoescritura. Se refiere Marianella Flores, acad\u00e9mica de la Facultad de Ciencias de la Educaci\u00f3n.\u00a0<\/a><\/p><p class=\"x_MsoNormal\" aria-hidden=\"true\">\u00a0<\/p><p class=\"x_MsoNormal\"><strong>SEPTIMAPAGINANOTICIAS.CL\u00a0<\/strong><\/p><p class=\"x_MsoNormal\"><a href=\"https:\/\/www.septimapaginanoticias.cl\/estudiantes-chilenos-de-educacion-basica-presentan-retraso-en-lectoescritura\">Estudiantes chilenos de educaci\u00f3n b\u00e1sica presentan retraso en lectoescritura. Se refiere Marianella Flores, acad\u00e9mica de la Facultad de Ciencias de la Educaci\u00f3n.\u00a0<\/a><\/p><p class=\"x_MsoNormal\" aria-hidden=\"true\">\u00a0<\/p><p class=\"x_MsoNormal\"><strong>CANAL CONTIVISI\u00d3N\u00a0<\/strong><\/p><p class=\"x_MsoNormal\"><a href=\"https:\/\/www.litoralpress.cl\/sitio\/RadioTV_Detalles.cshtml?LPKey=VNSEIT2MJVBIAYU2JMDDTZJP3NP7RFGBV3WJFMVLSZ5WGKXKJQWP24Y43E2IMRCH6ZGFJYIDHHBAM\">Grupo de docentes y alumnos de odontolog\u00eda de la U. de Talca atienden a pacientes en Cauquenes. Se refieren Rodrigo Giacaman, decano de la Facultad de Odontolog\u00eda y Solange Y\u00e9venes, estudiante de odontolog\u00eda. \u00a0<\/a><\/p><p class=\"x_MsoNormal\" aria-hidden=\"true\">\u00a0<\/p><p class=\"x_MsoNormal\"><strong>CANAL TVN RED AUSTRAL\u00a0<\/strong><\/p><p class=\"x_MsoNormal\"><a href=\"https:\/\/www.litoralpress.cl\/sitio\/RadioTV_Detalles.cshtml?LPKey=LY64RMDCJPWCUAPPFA6G7N7R2DLMQJQE6MMDNYCVFELL2FDQKKNJQ4W7JRVNCHHWAD2AFDKZPO6C6\">Punta Arenas: Hasta en un 50% aument\u00f3 el valor del pollo y carnes rojas. Se refiere \u00c1ngela S\u00e1nchez, directora de la Escuela de Nutrici\u00f3n y Diet\u00e9tica.\u00a0<\/a><\/p><p class=\"x_MsoNormal\">\u00a0<\/p><p class=\"x_MsoNormal\"><strong>RADIO BIOB\u00cdO\u00a0<\/strong><\/p><p class=\"x_MsoNormal\"><a href=\"https:\/\/www.litoralpress.cl\/sitio\/RadioTV_Detalles.cshtml?LPKey=PD3MTN45E4QVJLVDELG45CFWJR3LEAJERW4AZVB46QYAMC35NBEZREKRRTCQ7UXTV3AUR6QUJPNCG\">Precio del d\u00f3lar retrocedi\u00f3 hasta los 934 pesos. Se refiere Germ\u00e1n Lobos, acad\u00e9mico de la Facultad de Econom\u00eda y Negocios.\u00a0<\/a><\/p><p class=\"x_MsoNormal\">\u00a0<\/p><p class=\"x_MsoNormal\"><strong>LA PRENSA\u00a0<\/strong><\/p><p class=\"x_MsoNormal\"><a href=\"https:\/\/www.litoralpress.cl\/paginaconsultas\/Servicios_NClipSitio\/Get_Imagen_Nota.aspx?LPKey=AMB2ID3KAI5SJNMT23FIG7T5AERTWWQFMWQNYSRQSTS57XGV6JWCJ5C2GTJUP2GKTYTB7MTTPTDLS\">Coro de ni\u00f1os de la UTalca realiza convocatoria a nuevos talentos. Se refiere Mar\u00eda Cecilia Sep\u00falveda, directora de la agrupaci\u00f3n.\u00a0<\/a><\/p><p class=\"x_MsoNormal\">\u00a0<\/p><p class=\"x_MsoNormal\"><strong>DIARIOTALCA.CL\u00a0<\/strong><\/p><p class=\"x_MsoNormal\"><a href=\"https:\/\/diariotalca.cl\/coro-de-ninos-de-la-universidad-de-talca-realiza-convocatoria-a-nuevos-talentos\/\">Coro de ni\u00f1os de la Universidad de Talca realiza convocatoria a nuevos talentos. Se refiere Mar\u00eda Cecilia Sep\u00falveda, directora de la agrupaci\u00f3n. \u00a0<\/a><\/p><p class=\"x_MsoNormal\">\u00a0<\/p><p class=\"x_MsoNormal\"><strong>DIARIOSENRED.COM\u00a0<\/strong><\/p><p class=\"x_MsoNormal\"><a href=\"https:\/\/diariosenred.com\/regional\/coro-de-ninos-de-la-universidad-de-talca-realiza-convocatoria-para\">Coro de ni\u00f1os de la Universidad de Talca realiza convocatoria a nuevos talentos. Se refiere Mar\u00eda Cecilia Sep\u00falveda, directora de la agrupaci\u00f3n.\u00a0<\/a><\/p><p class=\"x_MsoNormal\" aria-hidden=\"true\">\u00a0<\/p><p class=\"x_MsoNormal\"><strong>REDMAULE.COM\u00a0<\/strong><\/p><p class=\"x_MsoNormal\"><a href=\"https:\/\/www.redmaule.com\/regional\/coro-de-ninos-de-la-universidad-de-talca-realiza-convocatoria-para\">Coro de ni\u00f1os de la Universidad de Talca realiza convocatoria a nuevos talentos. Se refiere Mar\u00eda Cecilia Sep\u00falveda, directora de la agrupaci\u00f3n.\u00a0<\/a><\/p><p class=\"x_MsoNormal\" aria-hidden=\"true\">\u00a0<\/p><p class=\"x_MsoNormal\"><strong>DIARIOLAPRENSA.CL\u00a0<\/strong><\/p><p class=\"x_MsoNormal\"><a href=\"https:\/\/new.diariolaprensa.cl\/index.php\/2022\/07\/25\/coro-de-ninos-de-la-utalca-realiza-convocatoria-a-nuevos-talentos\/\">Coro de ni\u00f1os de la UTalca realiza convocatoria a nuevos talentos. Se refiere Mar\u00eda Cecilia Sep\u00falveda, directora de la agrupaci\u00f3n.\u00a0<\/a><\/p><p class=\"x_MsoNormal\" aria-hidden=\"true\">\u00a0<\/p><p class=\"x_MsoNormal\"><strong>LA SEGUNDA\u00a0<\/strong><\/p><p class=\"x_MsoNormal\"><a href=\"https:\/\/www.litoralpress.cl\/sitio\/Prensa_PaginaCompleta.cshtml?LPKey=JA7F7IONHIWBZET474I7XAVRT3UPX62L3AHBJUBZRIB4XDKBJTRA\">Propiedad del 6% y herencia: los puntos cr\u00edticos de la reforma previsional en el Congreso. Se refiere Mauricio Morales, director del Centro de An\u00e1lisis Pol\u00edtico (CAP).\u00a0<\/a><\/p><p class=\"x_MsoNormal\">\u00a0<\/p><p class=\"x_MsoNormal\"><strong>HOYXHOY\u00a0<\/strong><\/p><p class=\"x_MsoNormal\"><a href=\"https:\/\/www.litoralpress.cl\/paginaconsultas\/Servicios_NClipSitio\/Get_Imagen_Nota.aspx?LPKey=RYEN4SQ423J6TGSY2QXHR6MVMCSGRAF4AFEMIWSIQAXYLJLQSVOYP3AHJXTCSPCCKFO3HAXO23LDG\">Sondeo le da ventaja al Rechazo en escenario de alta y baja votaci\u00f3n. Se refiere Mauricio Morales, director del Centro de An\u00e1lisis Pol\u00edtico (CAP).\u00a0<\/a><\/p><p class=\"x_MsoNormal\">\u00a0<\/p><p class=\"x_MsoNormal\"><strong>CANAL MEGA PLUS\u00a0<\/strong><\/p><p class=\"x_MsoNormal\"><a href=\"https:\/\/www.litoralpress.cl\/sitio\/RadioTV_Detalles.cshtml?LPKey=WV6MXD3HN4ZGKBKW7HBRA7K4HWMY34RGXKH7FDBKRCYP6SOS4SJRYQB6YGSTKHNEA6TL26D2EX4T4\">Entrevista a Mauricio Morales, director del Centro de An\u00e1lisis Pol\u00edtico (CAP).\u00a0<\/a><\/p><p class=\"x_MsoNormal\">\u00a0<\/p><p class=\"x_MsoNormal\"><strong>EMOL.COM\u00a0<\/strong><\/p><p class=\"x_MsoNormal\"><a href=\"https:\/\/www.emol.com\/noticias\/Nacional\/2022\/07\/26\/1067968\/campanas-apruebo-y-rechazo-plebiscitosalida.html\">Las dos (o varias) almas que conviven en el Apruebo y el Rechazo a seis semanas del Plebiscito de salida. Se refiere Mauricio Morales, director del Centro de An\u00e1lisis Pol\u00edtico (CAP).\u00a0<\/a><\/p><p class=\"x_MsoNormal\">\u00a0<\/p><p class=\"x_MsoNormal\"><strong>RADIO GUAYAC\u00c1N\u00a0<\/strong><\/p><p class=\"x_MsoNormal\"><a href=\"https:\/\/www.litoralpress.cl\/sitio\/RadioTV_Detalles.cshtml?LPKey=HDVPNVBCDYSZN3D2AUAESH3D7SEURMMZKB5V5U44QF4TMMF3RATJNV3DOSR5SDLSPX4BMYGJW4MAQ\">Entrevista a Mario Herrera, acad\u00e9mico del Centro de An\u00e1lisis Pol\u00edtico (CAP).\u00a0<\/a><\/p><p class=\"x_MsoNormal\">\u00a0<\/p>\t\t\t\t\t\t<\/div>\n\t\t\t\t<\/div>\n\t\t\t\t\t<\/div>\n\t\t<\/div>\n\t\t\t\t\t\t\t<\/div>\n\t\t<\/section>\n\t\t\t\t\t\t<\/div>\n\t\t\t\t\t<\/div>\n\t\t","protected":false},"excerpt":{"rendered":"<p>LA PRENSA\u00a0 Cl\u00ednica Fonoaudiol\u00f3gica UTalca estren\u00f3 equipo de alta tecnolog\u00eda. \u00a0 \u00a0 ELDINAMO.CL\u00a0 De vuelta al colegio: 7 consejos para evitar los contagios de virus respiratorios. Se refiere Mar\u00eda Ester Mu\u00f1oz, acad\u00e9mica de la Escuela de Enfermer\u00eda.\u00a0 \u00a0 LAS \u00daLTIMAS NOTICIAS\u00a0 Ingenieras comerciales detallan c\u00f3mo teletrabajan para Chile desde Europa y EE. UU. Se refiere &hellip;<\/p>\n<p class=\"read-more\"> <a class=\"\" href=\"https:\/\/www.reportedeprensa.utalca.cl\/?p=4518\"> <span class=\"screen-reader-text\">26 de julio de 2022<\/span> Read More &raquo;<\/a><\/p>\n","protected":false},"author":1,"featured_media":0,"comment_status":"closed","ping_status":"open","sticky":false,"template":"","format":"standard","meta":{"_monsterinsights_skip_tracking":false,"_monsterinsights_sitenote_active":false,"_monsterinsights_sitenote_note":"","_monsterinsights_sitenote_category":0},"categories":[23],"tags":[],"_links":{"self":[{"href":"https:\/\/www.reportedeprensa.utalca.cl\/index.php?rest_route=\/wp\/v2\/posts\/4518"}],"collection":[{"href":"https:\/\/www.reportedeprensa.utalca.cl\/index.php?rest_route=\/wp\/v2\/posts"}],"about":[{"href":"https:\/\/www.reportedeprensa.utalca.cl\/index.php?rest_route=\/wp\/v2\/types\/post"}],"author":[{"embeddable":true,"href":"https:\/\/www.reportedeprensa.utalca.cl\/index.php?rest_route=\/wp\/v2\/users\/1"}],"replies":[{"embeddable":true,"href":"https:\/\/www.reportedeprensa.utalca.cl\/index.php?rest_route=%2Fwp%2Fv2%2Fcomments&post=4518"}],"version-history":[{"count":4,"href":"https:\/\/www.reportedeprensa.utalca.cl\/index.php?rest_route=\/wp\/v2\/posts\/4518\/revisions"}],"predecessor-version":[{"id":4522,"href":"https:\/\/www.reportedeprensa.utalca.cl\/index.php?rest_route=\/wp\/v2\/posts\/4518\/revisions\/4522"}],"wp:attachment":[{"href":"https:\/\/www.reportedeprensa.utalca.cl\/index.php?rest_route=%2Fwp%2Fv2%2Fmedia&parent=4518"}],"wp:term":[{"taxonomy":"category","embeddable":true,"href":"https:\/\/www.reportedeprensa.utalca.cl\/index.php?rest_route=%2Fwp%2Fv2%2Fcategories&post=4518"},{"taxonomy":"post_tag","embeddable":true,"href":"https:\/\/www.reportedeprensa.utalca.cl\/index.php?rest_route=%2Fwp%2Fv2%2Ftags&post=4518"}],"curies":[{"name":"wp","href":"https:\/\/api.w.org\/{rel}","templated":true}]}}