{"id":4530,"date":"2022-07-27T10:21:50","date_gmt":"2022-07-27T13:21:50","guid":{"rendered":"https:\/\/www.reportedeprensa.utalca.cl\/?p=4530"},"modified":"2022-07-27T10:24:50","modified_gmt":"2022-07-27T13:24:50","slug":"27-de-julio-de-2022","status":"publish","type":"post","link":"https:\/\/www.reportedeprensa.utalca.cl\/?p=4530","title":{"rendered":"27 de julio de 2022"},"content":{"rendered":"\t\t<div data-elementor-type=\"wp-post\" data-elementor-id=\"4530\" class=\"elementor elementor-4530\" data-elementor-settings=\"[]\">\n\t\t\t\t\t\t\t<div class=\"elementor-section-wrap\">\n\t\t\t\t\t\t\t<section class=\"elementor-section elementor-top-section elementor-element elementor-element-44052ab7 elementor-section-boxed elementor-section-height-default elementor-section-height-default\" data-id=\"44052ab7\" data-element_type=\"section\">\n\t\t\t\t\t\t<div class=\"elementor-container elementor-column-gap-default\">\n\t\t\t\t\t<div class=\"elementor-column elementor-col-100 elementor-top-column elementor-element elementor-element-5b002d83\" data-id=\"5b002d83\" data-element_type=\"column\">\n\t\t\t<div class=\"elementor-widget-wrap elementor-element-populated\">\n\t\t\t\t\t\t\t\t<div class=\"elementor-element elementor-element-477998b8 elementor-widget elementor-widget-text-editor\" data-id=\"477998b8\" data-element_type=\"widget\" data-widget_type=\"text-editor.default\">\n\t\t\t\t<div class=\"elementor-widget-container\">\n\t\t\t\t\t\t\t\t<p class=\"x_MsoNormal\"><strong>ELDINAMO.CL\u00a0<\/strong><\/p><p class=\"x_MsoNormal\"><a href=\"https:\/\/www.eldinamo.cl\/pais\/Universidad-de-Talca-registra-primera-patente-kinesiologica-del-pais-My-Virtual-Physioterapist-20220725-0062.html\">Universidad de Talca registra primera patente kinesiol\u00f3gica del pa\u00eds: \u201cMy Virtual Physioterapist\u201d. Se refiere Valeska Gatica, directora del Centro Tecnol\u00f3gico de Telerrehabilitaci\u00f3n y Neurociencia en el Movimiento Humano (CTTN).\u00a0<\/a><\/p><p class=\"x_MsoNormal\">\u00a0<\/p><p class=\"x_MsoNormal\"><strong>RADIO INICIA\u00a0<\/strong><\/p><p class=\"x_MsoNormal\"><a href=\"https:\/\/www.litoralpress.cl\/sitio\/RadioTV_Detalles.cshtml?LPKey=KNOE7PWCV2DLKHOBNVTWHMWVBUVSX3LZNNHDYWUS3VKPFHO2LX3JVO6ALWICLOJCRPG3XVB2CC4V2\">Alerta sanitaria por la Viruela del Mono. Se refiere \u00c9rika Retamal, directora del Departamento de Salud P\u00fablica.\u00a0<\/a><\/p><p class=\"x_MsoNormal\">\u00a0<\/p><p class=\"x_MsoNormal\"><strong>VERITASCAPITUR.CL\u00a0<\/strong><\/p><p class=\"x_MsoNormal\"><a href=\"https:\/\/veritascapitur.cl\/viruela-del-mono-que-significa-que-haya-sido-declarada-emergencia-mundial-por-la-oms\/\">Viruela del Mono: \u00bfQu\u00e9 significa que haya sido declarada emergencia mundial por la OMS? Se refiere \u00c9rika Retamal, directora del Departamento de Salud P\u00fablica.\u00a0<\/a><\/p><p class=\"x_MsoNormal\">\u00a0<\/p><p class=\"x_MsoNormal\"><strong>RADIO AMIGA\u00a0<\/strong><\/p><p class=\"x_MsoNormal\"><a href=\"https:\/\/www.litoralpress.cl\/sitio\/RadioTV_Detalles.cshtml?LPKey=LTUO53LSSUNKXT66WS52PWVTFJS2F7H27HDEGBWX3EDWA6W2PSVT3QSE3AM5K4SU4SPICXIT4CJEI\">Ministra de Salud: Hay capacidad de aislamiento y de diagn\u00f3stico por viruela del mono. Se refiere Mar\u00eda Ester Mu\u00f1oz, acad\u00e9mica de la Escuela de Enfermer\u00eda.\u00a0<\/a><\/p><p class=\"x_MsoNormal\">\u00a0<\/p><p class=\"x_MsoNormal\"><strong>RADIO LAUTARO\u00a0<\/strong><\/p><p class=\"x_MsoNormal\"><a href=\"https:\/\/www.litoralpress.cl\/sitio\/RadioTV_Detalles.cshtml?LPKey=B67BOHZRTHVZLQF7BLPLTT4E47ZAW4BACSQRAQVGOLHKEYMR7CAEJTSMZYIC5XYWJF2A3TU7LJCAE\">Entrevista a Pilar Garc\u00eda, acad\u00e9mica de la Escuela de Obstetricia y Puericultura.\u00a0<\/a><\/p><p class=\"x_MsoNormal\">\u00a0<\/p><p class=\"x_MsoNormal\"><strong>LA PRENSA\u00a0<\/strong><\/p><p class=\"x_MsoNormal\"><a href=\"https:\/\/www.litoralpress.cl\/paginaconsultas\/Servicios_NClipSitio\/Get_Imagen_Nota.aspx?LPKey=6UGDMS32ZZIYY7TY32VMCGGMXSDAFAP2VRBURX2F4GQUQGIFTNFKTECV3UZSNXK4QRKWZA36QTWT4\">Estudiantes de Educaci\u00f3n B\u00e1sica presentan retraso en lectoescritura. Se refiere Marianella Flores, acad\u00e9mica de la Facultad de Ciencias de la Educaci\u00f3n. \u00a0<\/a><\/p><p class=\"x_MsoNormal\">\u00a0<\/p><p class=\"x_MsoNormal\"><strong>ATENTOSCHILE.CL\u00a0<\/strong><\/p><p class=\"x_MsoNormal\"><a href=\"https:\/\/www.litoralpress.cl\/sitio\/RadioTV_Detalles.cshtml?LPKey=PDLGAUIOWP5ALIPSANC2BDHUUMWD3GNRG5UDPVXOFBIST4R4EUXQQFX4X36JHAGBT7LIO6JDV4TXW\">Entrevista a Marianella Flores, acad\u00e9mica de la Facultad de Ciencias de la Educaci\u00f3n.\u00a0<\/a><\/p><p class=\"x_MsoNormal\">\u00a0<\/p><p class=\"x_MsoNormal\"><strong>G5NOTICIAS.CL\u00a0<\/strong><\/p><p class=\"x_MsoNormal\"><a href=\"https:\/\/g5noticias.cl\/2022\/07\/26\/estudiantes-chilenos-de-educacion-basica-presentan-retraso-en-lectoescritura\/\">Estudiantes chilenos de educaci\u00f3n b\u00e1sica presentan retraso en lectoescritura. Se refiere Marianella Flores, acad\u00e9mica de la Facultad de Ciencias de la Educaci\u00f3n.\u00a0<\/a><\/p><p class=\"x_MsoNormal\">\u00a0<\/p><p class=\"x_MsoNormal\"><strong>LATERCERA.COM\u00a0<\/strong><\/p><p class=\"x_MsoNormal\"><a href=\"https:\/\/www.latercera.com\/opinion\/noticia\/la-disminucion-artificial-de-la-brecha-salarial-de-genero-en-pandemia\/TM6RL3LWW5DATEE7D7VCDQX3UI\/\">La disminuci\u00f3n artificial de la brecha salarial de g\u00e9nero en pandemia. Se refiere Andrea Bentancor, acad\u00e9mica de la Facultad de Econom\u00eda y Negocios (FEN). \u00a0<\/a><\/p><p class=\"x_MsoNormal\">\u00a0\u00a0<\/p><p class=\"x_MsoNormal\"><strong>RADIO BIOB\u00cdO\u00a0<\/strong><\/p><p class=\"x_MsoNormal\"><a href=\"https:\/\/www.litoralpress.cl\/sitio\/RadioTV_Detalles.cshtml?LPKey=WRWLYMAGFXOA5B5T6KKVY6PLY335LAE22K7UC5Q7HBTF26FJNNRZISJPC577UQM4TMBB4KYYEIC3K\">Expertos prev\u00e9n que el precio del d\u00f3lar mantendr\u00e1 su volatilidad. Se refiere Germ\u00e1n Lobos, acad\u00e9mico de la Facultad de Econom\u00eda y Negocios (FEN).\u00a0<\/a><\/p><p class=\"x_MsoNormal\">\u00a0<\/p><p class=\"x_MsoNormal\"><strong>VERITASCAPITUR.CL\u00a0<\/strong><\/p><p class=\"x_MsoNormal\"><a href=\"https:\/\/veritascapitur.cl\/se-eleva-riesgo-pais-para-chile-a-niveles-no-vistos-desde-2020\/\">Se eleva riesgo pa\u00eds para Chile a niveles no vistos desde 2020. Se refiere Arcadio Cerda, acad\u00e9mico de la Facultad de Econom\u00eda y Negocios (FEN).\u00a0<\/a><\/p><p class=\"x_MsoNormal\">\u00a0<\/p><p class=\"x_MsoNormal\"><strong>CANAL TVN RED MAULE\u00a0<\/strong><\/p><p class=\"x_MsoNormal\"><a href=\"https:\/\/www.litoralpress.cl\/sitio\/RadioTV_Detalles.cshtml?LPKey=OBE6553IMF66BD5R4HTJM65RUCEHYIDSAF5IY5VRGRW3W27DCYKN7BLARPTCZBVRHSAITMR6PWHDA\">Caso en el Maule: A 9 d\u00edas de la desaparici\u00f3n de perro Filippo. Se refiere Ra\u00fal Carnevali, acad\u00e9mico de la Facultad de Ciencias Jur\u00eddicas y Sociales.\u00a0<\/a><\/p><p class=\"x_MsoNormal\">\u00a0<\/p><p class=\"x_MsoNormal\"><strong>24HORAS.CL\u00a0<\/strong><\/p><p class=\"x_MsoNormal\"><a href=\"https:\/\/www.24horas.cl\/regiones\/zona-centro\/maule\/a-9-dias-de-la-desaparicion-de-perro-filippo\">Caso en el Maule: A 9 d\u00edas de la desaparici\u00f3n de perro Filippo. Se refiere Ra\u00fal Carnevali, acad\u00e9mico de la Facultad de Ciencias Jur\u00eddicas y Sociales. \u00a0<\/a><\/p><p class=\"x_MsoNormal\">\u00a0<\/p><p class=\"x_MsoNormal\"><strong>CANAL CHILEVISI\u00d3N \u00a0<\/strong><\/p><p class=\"x_MsoNormal\"><a href=\"https:\/\/www.litoralpress.cl\/sitio\/RadioTV_Detalles.cshtml?LPKey=3YCRHL343H3LFBJVIPMT5JYOQUOCL445SYAURXCM4W4DFAUI7L64V7EOKTUDGODESHDBVGRHJ3GC6\">Investigar\u00e1n a empresario por amenazas. Se refiere Mauricio Morales, director del Centro de An\u00e1lisis Pol\u00edtico (CAP).\u00a0<\/a><\/p><p class=\"x_MsoNormal\">\u00a0<\/p><p class=\"x_MsoNormal\"><strong>RADIO INFINITA\u00a0<\/strong><\/p><p class=\"x_MsoNormal\"><a href=\"https:\/\/www.litoralpress.cl\/sitio\/RadioTV_Detalles.cshtml?LPKey=2WWW3ABSVJ5V33KFLR6NRTDL3CIJH6KJ22LYMWW6AYECXC3S5JOMGIOA2RFOUA6C6WXJ5PXDJGLHA\">Comentario de Mauricio Morales, director del Centro de An\u00e1lisis Pol\u00edtico (CAP).\u00a0<\/a><\/p><p class=\"x_MsoNormal\">\u00a0<\/p><p class=\"x_MsoNormal\"><strong>NOSTALGICA.CL\u00a0<\/strong><\/p><p class=\"x_MsoNormal\"><a href=\"https:\/\/www.nostalgica.cl\/las-dos-o-varias-almas-que-conviven-en-el-apruebo-y-el-rechazo-a-seis-semanas-del-plebiscito-de-salida\/\">Las dos (o varias) almas que conviven en el Apruebo y el Rechazo a seis semanas del Plebiscito de salida. Se refiere Mauricio Morales, director del Centro de An\u00e1lisis Pol\u00edtico (CAP).\u00a0<\/a><\/p><p class=\"x_MsoNormal\">\u00a0<\/p><p class=\"x_MsoNormal\"><strong>ELMOSTRADOR.CL\u00a0<\/strong><\/p><p class=\"x_MsoNormal\"><a href=\"https:\/\/www.elmostrador.cl\/cultura\/2022\/07\/26\/libro-recoge-30-anos-de-trayectoria-artistica-de-francisca-lohmann\/\">Libro recoge 30 a\u00f1os de trayectoria art\u00edstica de Francisca Lohmann. \u00a0<\/a><\/p><p class=\"x_MsoNormal\">\u00a0<\/p>\t\t\t\t\t\t<\/div>\n\t\t\t\t<\/div>\n\t\t\t\t\t<\/div>\n\t\t<\/div>\n\t\t\t\t\t\t\t<\/div>\n\t\t<\/section>\n\t\t\t\t\t\t<\/div>\n\t\t\t\t\t<\/div>\n\t\t","protected":false},"excerpt":{"rendered":"<p>ELDINAMO.CL\u00a0 Universidad de Talca registra primera patente kinesiol\u00f3gica del pa\u00eds: \u201cMy Virtual Physioterapist\u201d. Se refiere Valeska Gatica, directora del Centro Tecnol\u00f3gico de Telerrehabilitaci\u00f3n y Neurociencia en el Movimiento Humano (CTTN).\u00a0 \u00a0 RADIO INICIA\u00a0 Alerta sanitaria por la Viruela del Mono. Se refiere \u00c9rika Retamal, directora del Departamento de Salud P\u00fablica.\u00a0 \u00a0 VERITASCAPITUR.CL\u00a0 Viruela del Mono: &hellip;<\/p>\n<p class=\"read-more\"> <a class=\"\" href=\"https:\/\/www.reportedeprensa.utalca.cl\/?p=4530\"> <span class=\"screen-reader-text\">27 de julio de 2022<\/span> Read More &raquo;<\/a><\/p>\n","protected":false},"author":1,"featured_media":0,"comment_status":"closed","ping_status":"open","sticky":false,"template":"","format":"standard","meta":{"_monsterinsights_skip_tracking":false,"_monsterinsights_sitenote_active":false,"_monsterinsights_sitenote_note":"","_monsterinsights_sitenote_category":0},"categories":[23],"tags":[],"_links":{"self":[{"href":"https:\/\/www.reportedeprensa.utalca.cl\/index.php?rest_route=\/wp\/v2\/posts\/4530"}],"collection":[{"href":"https:\/\/www.reportedeprensa.utalca.cl\/index.php?rest_route=\/wp\/v2\/posts"}],"about":[{"href":"https:\/\/www.reportedeprensa.utalca.cl\/index.php?rest_route=\/wp\/v2\/types\/post"}],"author":[{"embeddable":true,"href":"https:\/\/www.reportedeprensa.utalca.cl\/index.php?rest_route=\/wp\/v2\/users\/1"}],"replies":[{"embeddable":true,"href":"https:\/\/www.reportedeprensa.utalca.cl\/index.php?rest_route=%2Fwp%2Fv2%2Fcomments&post=4530"}],"version-history":[{"count":4,"href":"https:\/\/www.reportedeprensa.utalca.cl\/index.php?rest_route=\/wp\/v2\/posts\/4530\/revisions"}],"predecessor-version":[{"id":4537,"href":"https:\/\/www.reportedeprensa.utalca.cl\/index.php?rest_route=\/wp\/v2\/posts\/4530\/revisions\/4537"}],"wp:attachment":[{"href":"https:\/\/www.reportedeprensa.utalca.cl\/index.php?rest_route=%2Fwp%2Fv2%2Fmedia&parent=4530"}],"wp:term":[{"taxonomy":"category","embeddable":true,"href":"https:\/\/www.reportedeprensa.utalca.cl\/index.php?rest_route=%2Fwp%2Fv2%2Fcategories&post=4530"},{"taxonomy":"post_tag","embeddable":true,"href":"https:\/\/www.reportedeprensa.utalca.cl\/index.php?rest_route=%2Fwp%2Fv2%2Ftags&post=4530"}],"curies":[{"name":"wp","href":"https:\/\/api.w.org\/{rel}","templated":true}]}}