{"id":4542,"date":"2022-07-28T10:09:23","date_gmt":"2022-07-28T13:09:23","guid":{"rendered":"https:\/\/www.reportedeprensa.utalca.cl\/?p=4542"},"modified":"2022-07-28T10:15:08","modified_gmt":"2022-07-28T13:15:08","slug":"28-de-julio-de-2022","status":"publish","type":"post","link":"https:\/\/www.reportedeprensa.utalca.cl\/?p=4542","title":{"rendered":"28 de julio de 2022"},"content":{"rendered":"\t\t<div data-elementor-type=\"wp-post\" data-elementor-id=\"4542\" class=\"elementor elementor-4542\" data-elementor-settings=\"[]\">\n\t\t\t\t\t\t\t<div class=\"elementor-section-wrap\">\n\t\t\t\t\t\t\t<section class=\"elementor-section elementor-top-section elementor-element elementor-element-44052ab7 elementor-section-boxed elementor-section-height-default elementor-section-height-default\" data-id=\"44052ab7\" data-element_type=\"section\">\n\t\t\t\t\t\t<div class=\"elementor-container elementor-column-gap-default\">\n\t\t\t\t\t<div class=\"elementor-column elementor-col-100 elementor-top-column elementor-element elementor-element-5b002d83\" data-id=\"5b002d83\" data-element_type=\"column\">\n\t\t\t<div class=\"elementor-widget-wrap elementor-element-populated\">\n\t\t\t\t\t\t\t\t<div class=\"elementor-element elementor-element-477998b8 elementor-widget elementor-widget-text-editor\" data-id=\"477998b8\" data-element_type=\"widget\" data-widget_type=\"text-editor.default\">\n\t\t\t\t<div class=\"elementor-widget-container\">\n\t\t\t\t\t\t\t\t<p class=\"x_MsoNormal\"><strong>ELMAULEINFORMA.CL\u00a0<\/strong><\/p><p class=\"x_MsoNormal\"><a href=\"https:\/\/elmauleinforma.cl\/estudiantes-del-campus-colchagua-de-la-utalca-podran-acceder-a-continuidad-de-estudios\/\">Estudiantes del Campus Colchagua de la UTalca podr\u00e1n acceder a continuidad de estudios. Se refieren Patricio G\u00f3mez, director del Campus Colchagua y Gabriela Cofr\u00e9, directora de la Escuela de Agronom\u00eda.\u00a0<\/a><\/p><p class=\"x_MsoNormal\">\u00a0<\/p><p class=\"x_MsoNormal\"><strong>EL MERCURIO\u00a0<\/strong><\/p><p class=\"x_MsoNormal\"><a href=\"https:\/\/www.litoralpress.cl\/paginaconsultas\/Servicios_NClipSitio\/Get_Imagen_Nota.aspx?LPKey=66EGJ7OYBF33KYMX7GQMHV3DXSYT7L5TXQCVE3QE35FX3UJIP4EI7IVJPBZSORE255GWTAPASJ46K\">Esto es lo que se sabe del s\u00edndrome que le provoc\u00f3 par\u00e1lisis facial a Justin Bieber. Se refiere Olga Lobos, directora del Departamento de Microbiolog\u00eda. \u00a0<\/a><\/p><p class=\"x_MsoNormal\">\u00a0<\/p><p class=\"x_MsoNormal\"><strong>ELMOSTRADOR.CL\u00a0<\/strong><\/p><p class=\"x_MsoNormal\"><a href=\"https:\/\/www.elmostrador.cl\/agenda-pais\/2022\/07\/27\/epidemiologa-recomienda-reforzar-el-sistema-sanitario-para-enfrentar-la-viruela-del-mono\/\">Epidemi\u00f3loga recomienda reforzar el sistema sanitario para enfrentar la Viruela del Mono. Se refiere \u00c9rika Retamal, directora del Departamento de Salud P\u00fablica. \u00a0<\/a><\/p><p class=\"x_MsoNormal\">\u00a0<\/p><p class=\"x_MsoNormal\"><strong>COOPERATIVA.CL\u00a0<\/strong><\/p><p class=\"x_MsoNormal\"><a href=\"https:\/\/www.cooperativa.cl\/noticias\/pais\/region-del-maule\/epidemiologa-recomienda-reforzar-el-sistema-sanitario-para-enfrentar-la\/2022-07-27\/152759.html\">Epidemi\u00f3loga recomienda reforzar el sistema sanitario para enfrentar la Viruela del Mono. Se refiere \u00c9rika Retamal, directora del Departamento de Salud P\u00fablica.\u00a0<\/a><\/p><p class=\"x_MsoNormal\">\u00a0<\/p><p class=\"x_MsoNormal\"><strong>ADPRENSA.CL\u00a0<\/strong><\/p><p class=\"x_MsoNormal\"><a href=\"https:\/\/www.adprensa.cl\/cronica\/epidemiologa-recomienda-reforzar-el-sistema-sanitario-para-enfrentar-la-viruela-del-mono\/\">Epidemi\u00f3loga recomienda reforzar el sistema sanitario para enfrentar la Viruela del Mono. Se refiere \u00c9rika Retamal, directora del Departamento de Salud P\u00fablica.\u00a0<\/a><\/p><p class=\"x_MsoNormal\">\u00a0<\/p><p class=\"x_MsoNormal\"><strong>CHILEESNOTICIA.COM\u00a0<\/strong><\/p><p class=\"x_MsoNormal\"><a href=\"https:\/\/chileesnoticia.com\/2022\/07\/27\/epidemiologa-recomienda-reforzar-el-sistema-sanitario-para-enfrentar-la-viruela-del-mono\/\">Epidemi\u00f3loga recomienda reforzar el sistema sanitario para enfrentar la Viruela del Mono. Se refiere \u00c9rika Retamal, directora del Departamento de Salud P\u00fablica.\u00a0<\/a><\/p><p class=\"x_MsoNormal\" aria-hidden=\"true\">\u00a0<\/p><p class=\"x_MsoNormal\"><strong>TVMAULE.CL\u00a0<\/strong><\/p><p class=\"x_MsoNormal\"><a href=\"https:\/\/www.tvmaule.cl\/viruela-del-mono-epidemiologa-recomienda-reforzar-el-sistema-sanitario\/\">Viruela del Mono: epidemi\u00f3loga recomienda reforzar el sistema sanitario. Se refiere \u00c9rika Retamal, directora del Departamento de Salud P\u00fablica.\u00a0<\/a><\/p><p class=\"x_MsoNormal\" aria-hidden=\"true\">\u00a0<\/p><p class=\"x_MsoNormal\"><strong>ELMAULEINFORMA.CL\u00a0<\/strong><\/p><p class=\"x_MsoNormal\"><a href=\"https:\/\/elmauleinforma.cl\/epidemiologa-recomienda-reforzar-el-sistema-sanitario-para-enfrentar-la-viruela-del-mono\/\">Epidemi\u00f3loga recomienda reforzar el sistema sanitario para enfrentar la Viruela del Mono. Se refiere \u00c9rika Retamal, directora del Departamento de Salud P\u00fablica.\u00a0<\/a><\/p><p class=\"x_MsoNormal\" aria-hidden=\"true\">\u00a0<\/p><p class=\"x_MsoNormal\"><strong>CENTROSURNOTICIAS.CL\u00a0<\/strong><\/p><p class=\"x_MsoNormal\"><a href=\"https:\/\/centrosurnoticias.cl\/epidemiologa-recomienda-reforzar-el-sistema-sanitario-para-enfrentar-la-viruela-del-mono\/\">Epidemi\u00f3loga recomienda reforzar el sistema sanitario para enfrentar la Viruela del Mono. Se refiere \u00c9rika Retamal, directora del Departamento de Salud P\u00fablica.\u00a0<\/a><\/p><p class=\"x_MsoNormal\" aria-hidden=\"true\">\u00a0<\/p><p class=\"x_MsoNormal\"><strong>ATENTOSCHILE.CL\u00a0<\/strong><\/p><p class=\"x_MsoNormal\"><a href=\"https:\/\/www.litoralpress.cl\/sitio\/RadioTV_Detalles.cshtml?LPKey=EICO6IX2SU3EOIIXF4CWXKCA7FJKCO4BF3WVG5P6MLSGLJKZ3IX5RP4RF5O3WKLBGHYA4KWFVK4D4\">Entrevista a Minerva Astudillo, directora de la Escuela de Enfermer\u00eda.\u00a0<\/a><\/p><p class=\"x_MsoNormal\">\u00a0<\/p><p class=\"x_MsoNormal\"><strong>RADIO GUAYAC\u00c1N\u00a0<\/strong><\/p><p class=\"x_MsoNormal\"><a href=\"https:\/\/www.litoralpress.cl\/sitio\/RadioTV_Detalles.cshtml?LPKey=XH4JQMQ2GERGSPQARLLNTYK7KFBG56F4PYTLAXLYOAMDEKZL4YUWLYTBOE62365CAEUDNVFUSUUBE\">Entrevista a Omar Fuentes, acad\u00e9mico de la Escuela de Enfermer\u00eda.\u00a0<\/a><\/p><p class=\"x_MsoNormal\">\u00a0<\/p><p class=\"x_MsoNormal\"><strong>RADIO BIO-BIO DE VALPARA\u00cdSO\u00a0<\/strong><\/p><p class=\"x_MsoNormal\"><a href=\"https:\/\/www.litoralpress.cl\/sitio\/RadioTV_Detalles.cshtml?LPKey=V3KMD2A7D6UHGT6547S4JJXKQYIPW2UVVVVWOFYX7EX2KOCUVBUS2RFGYOH246UIAZGSB64FALNMG\">Entrevista a Rodrigo Palomo, decano de la Facultad de Ciencias Jur\u00eddicas y Sociales. \u00a0<\/a><\/p><p class=\"x_MsoNormal\" aria-hidden=\"true\">\u00a0<\/p><p class=\"x_MsoNormal\"><strong>NOVACIENCIA.ES\u00a0<\/strong><\/p><p class=\"x_MsoNormal\"><a href=\"https:\/\/www.litoralpress.cl\/sitio\/Prensa_PaginaCompleta.cshtml?LPKey=OEXQLH5CJXG6DGHFEJAMCWU64R22XIWMUDCTPI3RM33E27XWKB6A\">La infertilidad humana tambi\u00e9n se ceba con Hispanoam\u00e9rica. Se refieren Marjorie Medel y Felipe Su\u00e1rez, acad\u00e9micos de la Escuela de Obstetricia y Puericultura.\u00a0<\/a><\/p><p class=\"x_MsoNormal\">\u00a0<\/p><p class=\"x_MsoNormal\"><strong>RADIO UNIVERSIDAD DE SANTIAGO\u00a0<\/strong><\/p><p class=\"x_MsoNormal\"><a href=\"https:\/\/www.litoralpress.cl\/sitio\/RadioTV_Detalles.cshtml?LPKey=6VJES7IEGAO7EQVIZOAV25TJNCY2GT3WYUEATPIHGTJS6DTPTBE6F3ZEXHSV2QPTFUMJLFLKS2M5G\">Entrevista a Patricio Gonz\u00e1lez, acad\u00e9mico del Centro de Investigaci\u00f3n y Transferencia en Riego y Agroclimatolog\u00eda (CITRA).\u00a0<\/a><\/p><p class=\"x_MsoNormal\">\u00a0<\/p><p class=\"x_MsoNormal\"><strong>EL HERALDO\u00a0<\/strong><\/p><p class=\"x_MsoNormal\"><a href=\"https:\/\/www.litoralpress.cl\/paginaconsultas\/Servicios_NClipSitio\/Get_Imagen_Nota.aspx?LPKey=YVUGDCAMNCMKIAQQELGEIJ6F6XK3YZPMY4HDLBR5V25HJBNP4MUPQC2C757JLHINFDRXEVLVBY5QW\">Educaci\u00f3n y ciencia: bases para la conservaci\u00f3n del bosque nativo. Se refiere Jos\u00e9 San Mart\u00edn, acad\u00e9mico del Instituto de Ciencias Biol\u00f3gicas.\u00a0<\/a><\/p><p class=\"x_MsoNormal\" aria-hidden=\"true\">\u00a0<\/p><p class=\"x_MsoNormal\"><strong>DIARIOELHERALDO.CL\u00a0<\/strong><\/p><p class=\"x_MsoNormal\"><a href=\"http:\/\/www.diarioelheraldo.cl\/noticia\/educacion-y-ciencia-bases-para-la-conservacion-del-bosque-nativo-\">Educaci\u00f3n y ciencia: bases para la conservaci\u00f3n del bosque nativo. Se refiere Jos\u00e9 San Mart\u00edn, acad\u00e9mico del Instituto de Ciencias Biol\u00f3gicas.\u00a0<\/a><\/p><p class=\"x_MsoNormal\" aria-hidden=\"true\">\u00a0<\/p><p class=\"x_MsoNormal\"><strong>ELMAULEINFORMA.CL\u00a0<\/strong><\/p><p class=\"x_MsoNormal\"><a href=\"https:\/\/elmauleinforma.cl\/educacion-y-ciencia-bases-para-la-conservacion-del-bosque-nativo\/\">Educaci\u00f3n y ciencia: bases para la conservaci\u00f3n del bosque nativo. Se refiere Jos\u00e9 San Mart\u00edn, acad\u00e9mico del Instituto de Ciencias Biol\u00f3gicas. \u00a0<\/a><\/p><p class=\"x_MsoNormal\" aria-hidden=\"true\">\u00a0<\/p><p class=\"x_MsoNormal\"><strong>RADIO BIO-B\u00cdO\u00a0<\/strong><\/p><p class=\"x_MsoNormal\"><a href=\"https:\/\/www.litoralpress.cl\/sitio\/RadioTV_Detalles.cshtml?LPKey=YVAHR2RDW3EW3LLUEAKSCSZJV3EHUCMSJZXHLYMWHADO3U5V4IPYBWUT3SJUXKZEAX4NSYFRV4YGG\">Entrevista a Rodrigo Saens, acad\u00e9mico de la Facultad de Econom\u00eda y Negocios (FEN).\u00a0<\/a><\/p><p class=\"x_MsoNormal\">\u00a0<\/p><p class=\"x_MsoNormal\"><strong>VERITASCAPITUR.CL\u00a0<\/strong><\/p><p class=\"x_MsoNormal\"><a href=\"https:\/\/www.litoralpress.cl\/sitio\/RadioTV_Detalles.cshtml?LPKey=F43AE32KNENIFDNMAO4ZRUQFY34GFTKHSHPKBT2HVIY43OHKSFUSDVTNYHWUEK45U7DMKD7CCVMRA\">Debate por la reforma al sistema de pensiones. Se refiere Rodrigo Saens, acad\u00e9mico de la Facultad de Econom\u00eda y Negocios (FEN).\u00a0<\/a><\/p><p class=\"x_MsoNormal\">\u00a0<\/p><p class=\"x_MsoNormal\"><strong>LA TERCERA\u00a0<\/strong><\/p><p class=\"x_MsoNormal\"><a href=\"https:\/\/www.litoralpress.cl\/sitio\/Prensa_PaginaCompleta.cshtml?LPKey=RW6LKCFH4VIG7FT7XJFK3KBQBCE3RWUWTCJYUZ5ELY3F7K3ZLE4A\">La alta exposici\u00f3n que ha asumido Boric y los riesgos de su apuesta. Se refiere Mauricio Morales, director del Centro de An\u00e1lisis Pol\u00edtico (CAP).\u00a0<\/a><\/p><p class=\"x_MsoNormal\">\u00a0<\/p><p class=\"x_MsoNormal\"><strong>RADIO INFINITA\u00a0<\/strong><\/p><p class=\"x_MsoNormal\"><a href=\"https:\/\/www.litoralpress.cl\/sitio\/RadioTV_Detalles.cshtml?LPKey=2JK557CL3IE5SR5SSEDVS3E3TUFXDKMLIQQD4HSUD7THXB7JDQCNHQ5WS3OJ2TOQM47DYYSKJMIEA\">Comentario de Mauricio Morales, director del Centro de An\u00e1lisis Pol\u00edtico (CAP).\u00a0<\/a><\/p><p class=\"x_MsoNormal\">\u00a0<\/p><p class=\"x_MsoNormal\"><strong>LATERCERA.COM\u00a0<\/strong><\/p><p class=\"x_MsoNormal\"><a href=\"https:\/\/www.latercera.com\/la-tercera-pm\/noticia\/31-actividades-en-24-dias-la-alta-exposicion-que-ha-asumido-boric-y-los-riesgos-de-su-apuesta\/GKU2MZVIQVEC7ALDJY5VKJ3OQ4\/\">31 actividades en 24 d\u00edas: la alta exposici\u00f3n que ha asumido Boric y los riesgos de su apuesta. Se refiere Mauricio Morales, director del Centro de An\u00e1lisis Pol\u00edtico (CAP). \u00a0<\/a><\/p><p class=\"x_MsoNormal\">\u00a0<\/p><p class=\"x_MsoNormal\"><strong>24HORAS.CL\u00a0<\/strong><\/p><p class=\"x_MsoNormal\"><a href=\"https:\/\/www.24horas.cl\/proceso-constituyente\/propuesta-constitucional-que-es-el-pluralismo-juridico\">Propuesta constitucional \u00bfQu\u00e9 es el Pluralismo Jur\u00eddico? Se refiere Mario Herrera, acad\u00e9mico del Centro de An\u00e1lisis Pol\u00edtico (CAP).\u00a0<\/a><\/p><p class=\"x_MsoNormal\" aria-hidden=\"true\">\u00a0<\/p><p class=\"x_MsoNormal\"><strong>NUEVOPODER.CL \u00a0<\/strong><\/p><p class=\"x_MsoNormal\"><a href=\"https:\/\/www.nuevopoder.cl\/la-alta-exposicion-que-ha-asumido-boric-31-actividades-en-24-dias\/\">31 actividades en 24 d\u00edas: la alta exposici\u00f3n que ha asumido Boric y los riesgos de su apuesta. Se refiere Mauricio Morales, director del Centro de An\u00e1lisis Pol\u00edtico (CAP).\u00a0<\/a><\/p><p class=\"x_MsoNormal\" aria-hidden=\"true\">\u00a0<\/p><p class=\"x_MsoNormal\"><strong>DIARIOSENRED.COM\u00a0<\/strong><\/p><p class=\"x_MsoNormal\"><a href=\"https:\/\/diariosenred.com\/regional\/profesor-de-la-utalca-fue-reconocido-en-festival-internacional-de-cine\">Profesor de la UTalca fue reconocido en Festival Internacional de Cine de Constituci\u00f3n. Se refiere Patricio Gonz\u00e1lez, acad\u00e9mico del Centro de Investigaci\u00f3n y Transferencia en Riego y Agroclimatolog\u00eda (CITRA).\u00a0<\/a><\/p><p class=\"x_MsoNormal\">\u00a0<\/p><p class=\"x_MsoNormal\"><strong>REDMAULE.COM\u00a0<\/strong><\/p><p class=\"x_MsoNormal\"><a href=\"https:\/\/www.redmaule.com\/regional\/profesor-de-la-utalca-fue-reconocido-en-festival-internacional-de-cine\">Profesor de la UTalca fue reconocido en Festival Internacional de Cine de Constituci\u00f3n. Se refiere Patricio Gonz\u00e1lez, acad\u00e9mico del Centro de Investigaci\u00f3n y Transferencia en Riego y Agroclimatolog\u00eda (CITRA).\u00a0<\/a><\/p><p class=\"x_MsoNormal\">\u00a0<\/p><p class=\"x_MsoNormal\"><strong>ELMAULEINFORMA.CL\u00a0<\/strong><\/p><p class=\"x_MsoNormal\"><a href=\"https:\/\/elmauleinforma.cl\/profesor-de-la-utalca-fue-reconocido-en-festival-internacional-de-cine-de-constitucion\/\">Profesor de la UTalca fue reconocido en Festival Internacional de Cine de Constituci\u00f3n. Se refiere Patricio Gonz\u00e1lez, acad\u00e9mico del Centro de Investigaci\u00f3n y Transferencia en Riego y Agroclimatolog\u00eda (CITRA).\u00a0<\/a><\/p><p class=\"x_MsoNormal\">\u00a0<\/p><p class=\"x_MsoNormal\"><strong>CHILLANONLINE.CL\u00a0<\/strong><\/p><p class=\"x_MsoNormal\"><a href=\"https:\/\/www.chillanonline.cl\/V6\/profesor-de-la-utalca-fue-reconocido-en-festival-internacional-de-cine-de-constitucion\/\">Profesor de la UTalca fue reconocido en Festival Internacional de Cine de Constituci\u00f3n. Se refiere Patricio Gonz\u00e1lez, acad\u00e9mico del Centro de Investigaci\u00f3n y Transferencia en Riego y Agroclimatolog\u00eda (CITRA).\u00a0<\/a><\/p><p class=\"x_MsoNormal\" aria-hidden=\"true\">\u00a0<\/p><p class=\"x_MsoNormal\"><strong>CANAL TVN RED MAULE\u00a0<\/strong><\/p><p class=\"x_MsoNormal\"><a href=\"https:\/\/www.litoralpress.cl\/sitio\/RadioTV_Detalles.cshtml?LPKey=TJXACYOEU7DEYI3ZZ2RHWW35C3WTNJPQJDPJWIDHH5RCYGDVLUQRI2PDEWFIAAWGT6V7QFFZZI5WQ\">Convocatoria abierta para Coro de Ni\u00f1os de la Universidad de Talca.\u00a0<\/a><\/p><p class=\"x_MsoNormal\" aria-hidden=\"true\">\u00a0<\/p><p class=\"x_MsoNormal\"><strong>EL HERALDO\u00a0<\/strong><\/p><p class=\"x_MsoNormal\"><a href=\"https:\/\/www.litoralpress.cl\/paginaconsultas\/Servicios_NClipSitio\/Get_Imagen_Nota.aspx?LPKey=53RPD2YIRVRKUDNX3AII7Y2GDIB3F5UGOFS27YZOJSJMUBXQ6ZI5QNQZ4YVIVAVHRHNSQ24EYTUXQ\">\u201cPuri, el camino del agua\u201d, el destacado documental que se exhibir\u00e1 en Festival Felina. Se menciona al Campus Linares. \u00a0<\/a><\/p><p class=\"x_MsoNormal\" aria-hidden=\"true\">\u00a0<\/p><p class=\"x_MsoNormal\"><strong>CANAL TVN RED MAULE\u00a0<\/strong><\/p><p class=\"x_MsoNormal\"><a href=\"https:\/\/www.litoralpress.cl\/sitio\/RadioTV_Detalles.cshtml?LPKey=KYVN6ZEIMDSPLTWYI5W27FLXB6MBOKA2UYGHNCXT7X7M26DHCXMVN5GRK67P2ZKOAN5M4UJ72KD2Q\">Documental &#8220;Puri, el camino del agua&#8221; se exhibir\u00e1 ma\u00f1ana en el Campus Linares.\u00a0<\/a><\/p><p class=\"x_MsoNormal\" aria-hidden=\"true\">\u00a0<\/p><p class=\"x_MsoNormal\"><strong>DIARIOELHERALDO.CL\u00a0<\/strong><\/p><p class=\"x_MsoNormal\"><a href=\"http:\/\/www.diarioelheraldo.cl\/noticia\/-puri-el-camino-del-agua-el-destacado-documental-que-se-exhibira-en-festival-felina\">\u201cPuri, el camino del agua\u201d, el destacado documental que se exhibir\u00e1 en Festival Felina. Se menciona al Campus Linares.\u00a0<\/a><\/p><p class=\"x_MsoNormal\">\u00a0<\/p>\t\t\t\t\t\t<\/div>\n\t\t\t\t<\/div>\n\t\t\t\t\t<\/div>\n\t\t<\/div>\n\t\t\t\t\t\t\t<\/div>\n\t\t<\/section>\n\t\t\t\t\t\t<\/div>\n\t\t\t\t\t<\/div>\n\t\t","protected":false},"excerpt":{"rendered":"<p>ELMAULEINFORMA.CL\u00a0 Estudiantes del Campus Colchagua de la UTalca podr\u00e1n acceder a continuidad de estudios. Se refieren Patricio G\u00f3mez, director del Campus Colchagua y Gabriela Cofr\u00e9, directora de la Escuela de Agronom\u00eda.\u00a0 \u00a0 EL MERCURIO\u00a0 Esto es lo que se sabe del s\u00edndrome que le provoc\u00f3 par\u00e1lisis facial a Justin Bieber. Se refiere Olga Lobos, directora &hellip;<\/p>\n<p class=\"read-more\"> <a class=\"\" href=\"https:\/\/www.reportedeprensa.utalca.cl\/?p=4542\"> <span class=\"screen-reader-text\">28 de julio de 2022<\/span> Read More &raquo;<\/a><\/p>\n","protected":false},"author":1,"featured_media":0,"comment_status":"closed","ping_status":"open","sticky":false,"template":"","format":"standard","meta":{"_monsterinsights_skip_tracking":false,"_monsterinsights_sitenote_active":false,"_monsterinsights_sitenote_note":"","_monsterinsights_sitenote_category":0},"categories":[23],"tags":[],"_links":{"self":[{"href":"https:\/\/www.reportedeprensa.utalca.cl\/index.php?rest_route=\/wp\/v2\/posts\/4542"}],"collection":[{"href":"https:\/\/www.reportedeprensa.utalca.cl\/index.php?rest_route=\/wp\/v2\/posts"}],"about":[{"href":"https:\/\/www.reportedeprensa.utalca.cl\/index.php?rest_route=\/wp\/v2\/types\/post"}],"author":[{"embeddable":true,"href":"https:\/\/www.reportedeprensa.utalca.cl\/index.php?rest_route=\/wp\/v2\/users\/1"}],"replies":[{"embeddable":true,"href":"https:\/\/www.reportedeprensa.utalca.cl\/index.php?rest_route=%2Fwp%2Fv2%2Fcomments&post=4542"}],"version-history":[{"count":4,"href":"https:\/\/www.reportedeprensa.utalca.cl\/index.php?rest_route=\/wp\/v2\/posts\/4542\/revisions"}],"predecessor-version":[{"id":4546,"href":"https:\/\/www.reportedeprensa.utalca.cl\/index.php?rest_route=\/wp\/v2\/posts\/4542\/revisions\/4546"}],"wp:attachment":[{"href":"https:\/\/www.reportedeprensa.utalca.cl\/index.php?rest_route=%2Fwp%2Fv2%2Fmedia&parent=4542"}],"wp:term":[{"taxonomy":"category","embeddable":true,"href":"https:\/\/www.reportedeprensa.utalca.cl\/index.php?rest_route=%2Fwp%2Fv2%2Fcategories&post=4542"},{"taxonomy":"post_tag","embeddable":true,"href":"https:\/\/www.reportedeprensa.utalca.cl\/index.php?rest_route=%2Fwp%2Fv2%2Ftags&post=4542"}],"curies":[{"name":"wp","href":"https:\/\/api.w.org\/{rel}","templated":true}]}}