{"id":4554,"date":"2022-07-29T10:25:14","date_gmt":"2022-07-29T13:25:14","guid":{"rendered":"https:\/\/www.reportedeprensa.utalca.cl\/?p=4554"},"modified":"2022-07-29T10:29:42","modified_gmt":"2022-07-29T13:29:42","slug":"29-de-julio-de-2022","status":"publish","type":"post","link":"https:\/\/www.reportedeprensa.utalca.cl\/?p=4554","title":{"rendered":"29 de julio de 2022"},"content":{"rendered":"\t\t<div data-elementor-type=\"wp-post\" data-elementor-id=\"4554\" class=\"elementor elementor-4554\" data-elementor-settings=\"[]\">\n\t\t\t\t\t\t\t<div class=\"elementor-section-wrap\">\n\t\t\t\t\t\t\t<section class=\"elementor-section elementor-top-section elementor-element elementor-element-44052ab7 elementor-section-boxed elementor-section-height-default elementor-section-height-default\" data-id=\"44052ab7\" data-element_type=\"section\">\n\t\t\t\t\t\t<div class=\"elementor-container elementor-column-gap-default\">\n\t\t\t\t\t<div class=\"elementor-column elementor-col-100 elementor-top-column elementor-element elementor-element-5b002d83\" data-id=\"5b002d83\" data-element_type=\"column\">\n\t\t\t<div class=\"elementor-widget-wrap elementor-element-populated\">\n\t\t\t\t\t\t\t\t<div class=\"elementor-element elementor-element-477998b8 elementor-widget elementor-widget-text-editor\" data-id=\"477998b8\" data-element_type=\"widget\" data-widget_type=\"text-editor.default\">\n\t\t\t\t<div class=\"elementor-widget-container\">\n\t\t\t\t\t\t\t\t<p class=\"x_MsoNormal\"><strong>EL MERCURIO\u00a0<\/strong><\/p><p class=\"x_MsoNormal\"><a href=\"https:\/\/www.litoralpress.cl\/sitio\/Prensa_PaginaCompleta.cshtml?LPKey=QVHNWM7WSL5VKV4UPMOQNIBTZZIRZLD23JTW3QB6S37K56AVHY2Q\">Estudio prev\u00e9 que propuesta constitucional tendr\u00eda un costo fiscal de entre 8, 9 y 14,2 puntos del PIB. Se refiere Andrea Bentancor, acad\u00e9mica de la Facultad de Econom\u00eda y Negocios (FEN).\u00a0<\/a><\/p><p class=\"x_MsoNormal\">\u00a0<\/p><p class=\"x_MsoNormal\"><strong>LA TERCERA\u00a0<\/strong><\/p><p class=\"x_MsoNormal\"><a href=\"https:\/\/www.litoralpress.cl\/paginaconsultas\/Servicios_NClipSitio\/Get_Imagen_Nota.aspx?LPKey=OG6H5GHP2OZJCFQVFOPV7M7K6VBEKDED4NK7GOI3MVJ4ULMR2CTUUHQXFKC2BHX5Z7B3D5KWIVDZA\">Economistas: costo anual de la nueva Constituci\u00f3n fluct\u00faa entre US$28.500 millones y US$45.000 millones. Se menciona a Andrea Bentancor, acad\u00e9mica de la Facultad de Econom\u00eda y Negocios (FEN).\u00a0<\/a><\/p><p class=\"x_MsoNormal\">\u00a0<\/p><p class=\"x_MsoNormal\"><strong>CANAL 13\u00a0<\/strong><\/p><p class=\"x_MsoNormal\"><a href=\"https:\/\/www.litoralpress.cl\/sitio\/RadioTV_Detalles.cshtml?LPKey=IDA4DXSQ5YPESDOTGAXWEMVNCD6TJYA2MTYPTDY3DRDOSTFI2PEQVMZ57V3P2VIBZTVJAVLUVWELU\">\u00bfCu\u00e1nto costar\u00eda una Nueva Constituci\u00f3n? Se menciona a Andrea Bentancor, acad\u00e9mica de la Facultad de Econom\u00eda y Negocios (FEN).\u00a0<\/a><\/p><p class=\"x_MsoNormal\">\u00a0<\/p><p class=\"x_MsoNormal\"><strong>CANAL 13\u00a0<\/strong><\/p><p class=\"x_MsoNormal\"><a href=\"https:\/\/www.litoralpress.cl\/sitio\/RadioTV_Detalles.cshtml?LPKey=HQSAZMIVUBYOTLDQPTBYUUWR5BMPG7YNF2EOWRWFOTMV6XKYUUV3POF7ELGLSX72A3KY5U2L5DXJA\">\u00bfCu\u00e1nto costar\u00eda una Nueva Constituci\u00f3n? Parte II. Se refiere Andrea Bentancor, acad\u00e9mica de la Facultad de Econom\u00eda y Negocios (FEN).\u00a0<\/a><\/p><p class=\"x_MsoNormal\">\u00a0<\/p><p class=\"x_MsoNormal\"><strong>CANAL 13\u00a0<\/strong><\/p><p class=\"x_MsoNormal\"><a href=\"https:\/\/www.litoralpress.cl\/sitio\/RadioTV_Detalles.cshtml?LPKey=XVUM3NT3A5MK3Y6GWZPWWP25IAXONUMB26EB2JCUXB5MLPSYXL4PQNU3QFWZJJOGTN4M44RLZ5KFO\">\u00bfCu\u00e1nto costar\u00eda una Nueva Constituci\u00f3n? Parte III. Se refiere Andrea Bentancor, acad\u00e9mica de la Facultad de Econom\u00eda y Negocios (FEN).\u00a0<\/a><\/p><p class=\"x_MsoNormal\">\u00a0<\/p><p class=\"x_MsoNormal\"><strong>LA PRENSA\u00a0<\/strong><\/p><p class=\"x_MsoNormal\"><a href=\"https:\/\/www.litoralpress.cl\/paginaconsultas\/Servicios_NClipSitio\/Get_Imagen_Nota.aspx?LPKey=3HENKAZ5EIOHI5YOENYBIGTXYL2BLO4I36GNEFGGQM2LN26B3DACG76HQDKKQ6MDFTXN6D7R4UBBI\">Epidemi\u00f3loga recomienda reforzar sistema sanitario para enfrentar Viruela del Mono. Se refiere \u00c9rika Retamal, directora del Departamento de Salud P\u00fablica.\u00a0<\/a><\/p><p class=\"x_MsoNormal\">\u00a0<\/p><p class=\"x_MsoNormal\"><strong>DIARIOLAPRENSA.CL\u00a0<\/strong><\/p><p class=\"x_MsoNormal\"><a href=\"https:\/\/new.diariolaprensa.cl\/index.php\/2022\/07\/28\/epidemiologa-recomienda-reforzar-sistema-sanitario-para-enfrentar-viruela-del-mono\/\">Epidemi\u00f3loga recomienda reforzar sistema sanitario para enfrentar Viruela del Mono. Se refiere \u00c9rika Retamal, directora del Departamento de Salud P\u00fablica.\u00a0<\/a><\/p><p class=\"x_MsoNormal\">\u00a0<\/p><p class=\"x_MsoNormal\"><strong>CANAL TV5 LINARES\u00a0<\/strong><\/p><p class=\"x_MsoNormal\"><a href=\"https:\/\/www.litoralpress.cl\/sitio\/RadioTV_Detalles.cshtml?LPKey=VKWNAWGDTO7ZNRQWAJJI77KEJTW22CL4KQYKVAZIZSIK2D5FVLJARREHTLAN4YEF6GCJBPOCXTYHI\">Linares a fase medio impacto. Se refiere \u00c9rika Retamal, directora del Departamento de Salud P\u00fablica.\u00a0<\/a><\/p><p class=\"x_MsoNormal\">\u00a0<\/p><p class=\"x_MsoNormal\"><strong>RADIO AMIGA\u00a0<\/strong><\/p><p class=\"x_MsoNormal\"><a href=\"https:\/\/www.litoralpress.cl\/sitio\/RadioTV_Detalles.cshtml?LPKey=RZIN3E3X3ALUSQSWKZBT7GNTJNXE3S6ZYAWESSW6DRIT3QCFFXBCD6M4RCJRZ4JQN2347M34N26UA\">45 casos confirmados con viruela del mono en el pa\u00eds. Se refiere \u00c9rika Retamal, directora del Departamento de Salud P\u00fablica.\u00a0<\/a><\/p><p class=\"x_MsoNormal\">\u00a0<\/p><p class=\"x_MsoNormal\"><strong>VERITASCAPITUR.CL\u00a0<\/strong><\/p><p class=\"x_MsoNormal\"><a href=\"https:\/\/veritascapitur.cl\/avanzar-hacia-una-disminucion-de-las-brechas-en-el-sector-de-salud-como-se-debe-llevar-a-cabo-en-el-pais\/\">Avanzar hacia una disminuci\u00f3n de las brechas en el sector de salud: \u00bfC\u00f3mo se debe llevar a cabo en el pa\u00eds? Se refiere Erika Retamal, directora de Salud P\u00fablica de la Universidad de Talca.<\/a><\/p><p class=\"x_MsoNormal\">\u00a0<\/p><p class=\"x_MsoNormal\"><strong>TVN.CL\u00a0<\/strong><\/p><p class=\"x_MsoNormal\"><a href=\"https:\/\/www.tvn.cl\/entretencion\/vida\/aconsejan-alimentos-nutritivos-que-pueden-reemplazar-a-otros-que-hoy-tienen-un-elevado-valor--5363388\">Aconsejan alimentos nutritivos que pueden reemplazar a otros que hoy tienen un elevado valor. Se refiere \u00c1ngela S\u00e1nchez, directora de la Escuela de Nutrici\u00f3n y Diet\u00e9tica.\u00a0<\/a><\/p><p class=\"x_MsoNormal\">\u00a0<\/p><p class=\"x_MsoNormal\"><strong>ELMAULEINFORMA.CL\u00a0<\/strong><\/p><p class=\"x_MsoNormal\"><a href=\"https:\/\/elmauleinforma.cl\/aconsejan-alimentos-nutritivos-que-pueden-reemplazar-a-otros-que-hoy-tienen-un-elevado-valor\/\">Aconsejan alimentos nutritivos que pueden reemplazar a otros que hoy tienen un elevado valor. Se refiere \u00c1ngela S\u00e1nchez, directora de la Escuela de Nutrici\u00f3n y Diet\u00e9tica.\u00a0<\/a><\/p><p class=\"x_MsoNormal\">\u00a0<\/p><p class=\"x_MsoNormal\"><strong>ELMOSTRADOR.CL\u00a0<\/strong><\/p><p class=\"x_MsoNormal\"><a href=\"https:\/\/www.elmostrador.cl\/agenda-pais\/2022\/07\/28\/estudiantes-chilenos-de-educacion-basica-presentan-retraso-en-lectoescritura\/\">Estudiantes chilenos de educaci\u00f3n b\u00e1sica presentan retraso en lectoescritura. Se refiere Marianella Flores, acad\u00e9mica de la Facultad de Ciencias de la Educaci\u00f3n.\u00a0<\/a><\/p><p class=\"x_MsoNormal\">\u00a0<\/p><p class=\"x_MsoNormal\"><strong>CHILEESNOTICIA.COM\u00a0<\/strong><\/p><p class=\"x_MsoNormal\"><a href=\"https:\/\/chileesnoticia.com\/2022\/07\/28\/estudiantes-chilenos-de-educacion-basica-presentan-retraso-en-lectoescritura\/\">Estudiantes chilenos de educaci\u00f3n b\u00e1sica presentan retraso en lectoescritura. Se refiere Marianella Flores, acad\u00e9mica de la Facultad de Ciencias de la Educaci\u00f3n.\u00a0<\/a><\/p><p class=\"x_MsoNormal\">\u00a0<\/p><p class=\"x_MsoNormal\"><strong>CANAL TVN RED MAULE\u00a0<\/strong><\/p><p class=\"x_MsoNormal\"><a href=\"https:\/\/www.litoralpress.cl\/sitio\/RadioTV_Detalles.cshtml?LPKey=TFACBUHUBU7Q2KLTSK7VWT743C4FLIRHOSM3423GWYO3QFQXSRV7YZTBABTPRAK3MNTYHLDSMUCPO\">Ayer se produjo el primer femicidio del a\u00f1o en la zona. Se refiere Nadia Ramos, acad\u00e9mica de la Facultad de Psicolog\u00eda. \u00a0<\/a><\/p><p class=\"x_MsoNormal\">\u00a0<\/p><p class=\"x_MsoNormal\"><strong>RADIO FAVORITA\u00a0<\/strong><\/p><p class=\"x_MsoNormal\"><a href=\"https:\/\/www.litoralpress.cl\/sitio\/RadioTV_Detalles.cshtml?LPKey=XC3UAPJQQEJGGZ5XISFMMSZMOPBM3MU6RPULUKHUCHEIUXOWC2IFC6VSW5UXKE6B447WKRKX6GOJS\">Entrevista a Mar\u00eda Luisa del Campo, directora del Centro Tecnol\u00f3gico Kipus.\u00a0<\/a><\/p><p class=\"x_MsoNormal\">\u00a0<\/p><p class=\"x_MsoNormal\"><strong>ITVPATAGONIA.COM\u00a0<\/strong><\/p><p class=\"x_MsoNormal\"><a href=\"https:\/\/www.itvpatagonia.com\/salud\/dia-del-cancer-de-cabeza-y-cuello-la-importancia-de-la-deteccion-temprana\/2022\/07\/27\/62e1ba4963ff79000a46b797\">D\u00eda del C\u00e1ncer de Cabeza y Cuello: la importancia de la detecci\u00f3n temprana. Se refiere Dayana Machado, acad\u00e9mica de la Escuela de Medicina.\u00a0<\/a><\/p><p class=\"x_MsoNormal\">\u00a0<\/p><p class=\"x_MsoNormal\"><strong>RADIO AGRICULTURA\u00a0<\/strong><\/p><p class=\"x_MsoNormal\"><a href=\"https:\/\/www.litoralpress.cl\/sitio\/RadioTV_Detalles.cshtml?LPKey=QSOHEE7ZXM7WJVP4UJJDA3FM4LEQ46CJPB7K5MG7CKW4UJSWWSCCGSY5YR7DQJAUWT2UIMLFVJY2Q\">Entrevista a Mauricio Morales, director del Centro de An\u00e1lisis Pol\u00edtico (CAP).\u00a0<\/a><\/p><p class=\"x_MsoNormal\">\u00a0<\/p><p class=\"x_MsoNormal\"><strong>EMOL.COM\u00a0<\/strong><\/p><p class=\"x_MsoNormal\"><a href=\"https:\/\/www.emol.com\/noticias\/Nacional\/2022\/07\/28\/1068281\/autocritica-oficialista-querella-llaitul.html\">Ampliaci\u00f3n de querella contra Llaitul: La autocr\u00edtica oficialista y el an\u00e1lisis a los factores en el cambio de postura del Gobierno. Se refiere Mauricio Morales, director del Centro de An\u00e1lisis Pol\u00edtico (CAP).\u00a0<\/a><\/p><p class=\"x_MsoNormal\">\u00a0<\/p><p class=\"x_MsoNormal\"><strong>EMOL.COM\u00a0<\/strong><\/p><p class=\"x_MsoNormal\"><a href=\"https:\/\/comentarista.emol.com\/2294117\/22737090\/Emol-Social-Facts.html\">Posible intervencionismo en La Moneda: El significado de la denuncia que investiga Contralor\u00eda. \u00a0Se refiere Mauricio Morales, director del Centro de An\u00e1lisis Pol\u00edtico (CAP). \u00a0<\/a><\/p><p class=\"x_MsoNormal\">\u00a0<\/p><p class=\"x_MsoNormal\"><strong>RADIOAGRICULTURA.CL\u00a0<\/strong><\/p><p class=\"x_MsoNormal\"><a href=\"https:\/\/www.radioagricultura.cl\/nacional\/2022\/07\/28\/mauricio-morales-esta-investigacion-de-contraloria-es-una-tarjeta-amarilla-para-el-gobierno-es-una-advertencia\/\">Mauricio Morales: &#8220;Esta investigaci\u00f3n de Contralor\u00eda es una tarjeta amarilla para el Gobierno, es una advertencia&#8221;. \u00a0<\/a><\/p><p class=\"x_MsoNormal\">\u00a0<\/p><p class=\"x_MsoNormal\"><strong>CANAL TVN RED MAULE\u00a0<\/strong><\/p><p class=\"x_MsoNormal\"><a href=\"https:\/\/www.litoralpress.cl\/sitio\/RadioTV_Detalles.cshtml?LPKey=ZXNXJGDCI53Z2ZQ3MLEL7WPURUJPSWJLM2MWIAEWH773BCPF7MHP2V27N5CZIDTZDZICDNZLZMK2O\">Ma\u00f1ana se estrena nuevo cap\u00edtulo del Mundo oculto de los textiles en Youtube de Extensi\u00f3n de la UTalca.\u00a0<\/a><\/p><p class=\"x_MsoNormal\">\u00a0<\/p>\t\t\t\t\t\t<\/div>\n\t\t\t\t<\/div>\n\t\t\t\t\t<\/div>\n\t\t<\/div>\n\t\t\t\t\t\t\t<\/div>\n\t\t<\/section>\n\t\t\t\t\t\t<\/div>\n\t\t\t\t\t<\/div>\n\t\t","protected":false},"excerpt":{"rendered":"<p>EL MERCURIO\u00a0 Estudio prev\u00e9 que propuesta constitucional tendr\u00eda un costo fiscal de entre 8, 9 y 14,2 puntos del PIB. Se refiere Andrea Bentancor, acad\u00e9mica de la Facultad de Econom\u00eda y Negocios (FEN).\u00a0 \u00a0 LA TERCERA\u00a0 Economistas: costo anual de la nueva Constituci\u00f3n fluct\u00faa entre US$28.500 millones y US$45.000 millones. Se menciona a Andrea Bentancor, &hellip;<\/p>\n<p class=\"read-more\"> <a class=\"\" href=\"https:\/\/www.reportedeprensa.utalca.cl\/?p=4554\"> <span class=\"screen-reader-text\">29 de julio de 2022<\/span> Read More &raquo;<\/a><\/p>\n","protected":false},"author":1,"featured_media":0,"comment_status":"closed","ping_status":"open","sticky":false,"template":"","format":"standard","meta":{"_monsterinsights_skip_tracking":false,"_monsterinsights_sitenote_active":false,"_monsterinsights_sitenote_note":"","_monsterinsights_sitenote_category":0},"categories":[23],"tags":[],"_links":{"self":[{"href":"https:\/\/www.reportedeprensa.utalca.cl\/index.php?rest_route=\/wp\/v2\/posts\/4554"}],"collection":[{"href":"https:\/\/www.reportedeprensa.utalca.cl\/index.php?rest_route=\/wp\/v2\/posts"}],"about":[{"href":"https:\/\/www.reportedeprensa.utalca.cl\/index.php?rest_route=\/wp\/v2\/types\/post"}],"author":[{"embeddable":true,"href":"https:\/\/www.reportedeprensa.utalca.cl\/index.php?rest_route=\/wp\/v2\/users\/1"}],"replies":[{"embeddable":true,"href":"https:\/\/www.reportedeprensa.utalca.cl\/index.php?rest_route=%2Fwp%2Fv2%2Fcomments&post=4554"}],"version-history":[{"count":4,"href":"https:\/\/www.reportedeprensa.utalca.cl\/index.php?rest_route=\/wp\/v2\/posts\/4554\/revisions"}],"predecessor-version":[{"id":4558,"href":"https:\/\/www.reportedeprensa.utalca.cl\/index.php?rest_route=\/wp\/v2\/posts\/4554\/revisions\/4558"}],"wp:attachment":[{"href":"https:\/\/www.reportedeprensa.utalca.cl\/index.php?rest_route=%2Fwp%2Fv2%2Fmedia&parent=4554"}],"wp:term":[{"taxonomy":"category","embeddable":true,"href":"https:\/\/www.reportedeprensa.utalca.cl\/index.php?rest_route=%2Fwp%2Fv2%2Fcategories&post=4554"},{"taxonomy":"post_tag","embeddable":true,"href":"https:\/\/www.reportedeprensa.utalca.cl\/index.php?rest_route=%2Fwp%2Fv2%2Ftags&post=4554"}],"curies":[{"name":"wp","href":"https:\/\/api.w.org\/{rel}","templated":true}]}}