{"id":4566,"date":"2022-08-01T10:04:51","date_gmt":"2022-08-01T13:04:51","guid":{"rendered":"https:\/\/www.reportedeprensa.utalca.cl\/?p=4566"},"modified":"2022-08-01T10:14:57","modified_gmt":"2022-08-01T13:14:57","slug":"01-de-agosto-de-2022","status":"publish","type":"post","link":"https:\/\/www.reportedeprensa.utalca.cl\/?p=4566","title":{"rendered":"01 de agosto de 2022"},"content":{"rendered":"\t\t<div data-elementor-type=\"wp-post\" data-elementor-id=\"4566\" class=\"elementor elementor-4566\" data-elementor-settings=\"[]\">\n\t\t\t\t\t\t\t<div class=\"elementor-section-wrap\">\n\t\t\t\t\t\t\t<section class=\"elementor-section elementor-top-section elementor-element elementor-element-44052ab7 elementor-section-boxed elementor-section-height-default elementor-section-height-default\" data-id=\"44052ab7\" data-element_type=\"section\">\n\t\t\t\t\t\t<div class=\"elementor-container elementor-column-gap-default\">\n\t\t\t\t\t<div class=\"elementor-column elementor-col-100 elementor-top-column elementor-element elementor-element-5b002d83\" data-id=\"5b002d83\" data-element_type=\"column\">\n\t\t\t<div class=\"elementor-widget-wrap elementor-element-populated\">\n\t\t\t\t\t\t\t\t<div class=\"elementor-element elementor-element-477998b8 elementor-widget elementor-widget-text-editor\" data-id=\"477998b8\" data-element_type=\"widget\" data-widget_type=\"text-editor.default\">\n\t\t\t\t<div class=\"elementor-widget-container\">\n\t\t\t\t\t\t\t\t<p class=\"x_MsoNormal\"><strong>ADPRENSA.CL\u00a0<\/strong><\/p><p class=\"x_MsoNormal\"><a href=\"https:\/\/www.adprensa.cl\/cronica\/universidad-de-talca-crea-pionero-centro-de-nanomedicina-diagnostico-y-desarrollo-de-farmacos\/\">Universidad de Talca crea pionero Centro de Nanomedicina, Diagn\u00f3stico y Desarrollo de F\u00e1rmacos. Se refieren Cristi\u00e1n Rojas, vicerrector Acad\u00e9mico, Cristian Vilos, Leandro Z\u00fa\u00f1iga y Jenaro Garc\u00eda-Huidobro, acad\u00e9micos de la Escuela de Medicina.\u00a0<\/a><\/p><p class=\"x_MsoNormal\">\u00a0<\/p><p class=\"x_MsoNormal\"><strong>EL HERALDO\u00a0<\/strong><\/p><p class=\"x_MsoNormal\"><a href=\"https:\/\/www.litoralpress.cl\/paginaconsultas\/Servicios_NClipSitio\/Get_Imagen_Nota.aspx?LPKey=HLT5FT6WPDVSNPLJK4TLH3LYLAW2LOIRCDKGYSBIVZGEOITZGUS4MQLP4R4Y55FZLDNORHIIPUGHA\">Universidad de Talca crea pionero Centro de Nanomedicina, Diagn\u00f3stico y Desarrollo de F\u00e1rmacos. Se refieren Cristi\u00e1n Rojas, vicerrector Acad\u00e9mico, Cristian Vilos, Leandro Z\u00fa\u00f1iga y Jenaro Garc\u00eda-Huidobro, acad\u00e9micos de la Escuela de Medicina.\u00a0<\/a><\/p><p class=\"x_MsoNormal\" aria-hidden=\"true\">\u00a0<\/p><p class=\"x_MsoNormal\"><strong>DIARIOELHERALDO.CL\u00a0<\/strong><\/p><p class=\"x_MsoNormal\"><a href=\"http:\/\/www.diarioelheraldo.cl\/noticia\/universidad-de-talca-crea-pionero-centro-de-nanomedicina-diagnostico-y-desarrollo-de-farmacos\">Universidad de Talca crea pionero Centro de Nanomedicina, Diagn\u00f3stico y Desarrollo de F\u00e1rmacos. Se refieren Cristi\u00e1n Rojas, vicerrector Acad\u00e9mico, Cristian Vilos, Leandro Z\u00fa\u00f1iga y Jenaro Garc\u00eda-Huidobro, acad\u00e9micos de la Escuela de Medicina.\u00a0<\/a><\/p><p class=\"x_MsoNormal\" aria-hidden=\"true\">\u00a0<\/p><p class=\"x_MsoNormal\"><strong>MAULENEWS.COM\u00a0<\/strong><\/p><p class=\"x_MsoNormal\"><a href=\"https:\/\/www.maulenews.com\/2022\/07\/universidad-de-talca-crea-pionero.html\">Universidad de Talca crea pionero Centro de Nanomedicina, Diagn\u00f3stico y Desarrollo de F\u00e1rmacos. Se refieren Cristi\u00e1n Rojas, vicerrector Acad\u00e9mico, Cristian Vilos, Leandro Z\u00fa\u00f1iga y Jenaro Garc\u00eda-Huidobro, acad\u00e9micos de la Escuela de Medicina.\u00a0<\/a><\/p><p class=\"x_MsoNormal\" aria-hidden=\"true\">\u00a0<\/p><p class=\"x_MsoNormal\"><strong>G5NOTICIAS.CL\u00a0<\/strong><\/p><p class=\"x_MsoNormal\"><a href=\"https:\/\/g5noticias.cl\/2022\/07\/31\/universidad-de-talca-crea-pionero-centro-de-nanomedicina-diagnostico-y-desarrollo-de-farmacos\/\">Universidad de Talca crea pionero Centro de Nanomedicina, Diagn\u00f3stico y Desarrollo de F\u00e1rmacos. Se refieren Cristi\u00e1n Rojas, vicerrector Acad\u00e9mico, Cristian Vilos, Leandro Z\u00fa\u00f1iga y Jenaro Garc\u00eda-Huidobro, acad\u00e9micos de la Escuela de Medicina.\u00a0<\/a><\/p><p class=\"x_MsoNormal\" aria-hidden=\"true\">\u00a0<\/p><p class=\"x_MsoNormal\"><strong>UESTATALES.CL\u00a0<\/strong><\/p><p class=\"x_MsoNormal\"><a href=\"http:\/\/uestatales.cl\/cue\/?q=node\/9584\">Investigaciones contribuir\u00e1n en el envejecimiento saludable de la poblaci\u00f3n chilena. Se refieren Iv\u00e1n Palomo, Sergio Wehinger y Felipe \u00c1vila, acad\u00e9micos de la Facultad de Ciencias de la Salud.\u00a0<\/a><\/p><p class=\"x_MsoNormal\">\u00a0<\/p><p class=\"x_MsoNormal\"><strong>ADPRENSA.CL\u00a0<\/strong><\/p><p class=\"x_MsoNormal\"><a href=\"https:\/\/www.adprensa.cl\/cronica\/investigaciones-contribuiran-en-el-envejecimiento-saludable-de-la-poblacion-chilena\/\">Investigaciones contribuir\u00e1n en el envejecimiento saludable de la poblaci\u00f3n chilena. Se refieren Iv\u00e1n Palomo, Sergio Wehinger y Felipe \u00c1vila, acad\u00e9micos de la Facultad de Ciencias de la Salud.\u00a0<\/a><\/p><p class=\"x_MsoNormal\" aria-hidden=\"true\">\u00a0<\/p><p class=\"x_MsoNormal\"><strong>MEDIABANCO.COM\u00a0<\/strong><\/p><p class=\"x_MsoNormal\"><a href=\"https:\/\/www.mediabanco.com\/investigaciones-contribuiran-en-el-envejecimiento-saludable-de-la-poblacion-chilena\/\">Investigaciones contribuir\u00e1n en el envejecimiento saludable de la poblaci\u00f3n chilena. Se refieren Iv\u00e1n Palomo, Sergio Wehinger y Felipe \u00c1vila, acad\u00e9micos de la Facultad de Ciencias de la Salud.\u00a0<\/a><\/p><p class=\"x_MsoNormal\" aria-hidden=\"true\">\u00a0<\/p><p class=\"x_MsoNormal\"><strong>CANAL TVR\u00a0<\/strong><\/p><p class=\"x_MsoNormal\"><a href=\"https:\/\/www.litoralpress.cl\/sitio\/RadioTV_Detalles.cshtml?LPKey=AE2XWMW66ZOTE6PZPK372PHTAO3SAFXOEQKH62W6MDMPTT3UPPE23TLHN3OGRKOYWKYUBHDBCECHM\">Casi el 20% de los adultos mayores del Maule sufre del S\u00edndrome de Fragilidad Geri\u00e1trica. Se refiere Iv\u00e1n Palomo, acad\u00e9mico de la Facultad de Ciencias de la Salud.\u00a0<\/a><\/p><p class=\"x_MsoNormal\" aria-hidden=\"true\">\u00a0<\/p><p class=\"x_MsoNormal\"><strong>RADIO COOPERATIVA\u00a0<\/strong><\/p><p class=\"x_MsoNormal\"><a href=\"https:\/\/www.litoralpress.cl\/sitio\/RadioTV_Detalles.cshtml?LPKey=QHZFNAZD2LX4Y5XAC32O3WLAZ72W6XOTQZXDLEDQUUHV263NNNEKWUNRLS3RIKZU4GSRDFMUWPLCE\">Minsal informa sobre el Covid y viruela del mono. Se refiere \u00c9rika Retamal, director del Departamento de Salud P\u00fablica.\u00a0<\/a><\/p><p class=\"x_MsoNormal\">\u00a0<\/p><p class=\"x_MsoNormal\"><strong>RADIO INICIA\u00a0<\/strong><\/p><p class=\"x_MsoNormal\"><a href=\"https:\/\/www.litoralpress.cl\/sitio\/RadioTV_Detalles.cshtml?LPKey=V63SX5EIB62KADB55EBWC4OPF3IIPRHM2FJZ6OQ6BAIOGVALFQ4FUG2KCGVQEC5A522NDA6AGITPO\">An\u00e1lisis del plan de salud del Gobierno. Se refiere \u00c9rika Retamal, director del Departamento de Salud P\u00fablica.\u00a0<\/a><\/p><p class=\"x_MsoNormal\">\u00a0<\/p><p class=\"x_MsoNormal\"><strong>CANAL MEGA\u00a0<\/strong><\/p><p class=\"x_MsoNormal\"><a href=\"https:\/\/www.litoralpress.cl\/sitio\/RadioTV_Detalles.cshtml?LPKey=QPXABI3NPSAF3TN53IGEUCWLQDLAEARFQXAH5KO57HLTCUGWKW2CLA5QJRSQOGW4BAGHYTN6K622W\">Crisis Clim\u00e1tica: Inundaciones en EE. UU. Se refiere Patricio Gonz\u00e1lez, acad\u00e9mico del Centro de Investigaci\u00f3n y Transferencia en Riego y Agroclimatolog\u00eda (CITRA).\u00a0<\/a><\/p><p class=\"x_MsoNormal\">\u00a0<\/p><p class=\"x_MsoNormal\"><strong>DIARIOCONSTITUCIONAL.CL\u00a0<\/strong><\/p><p class=\"x_MsoNormal\">El principio de plurinacionalidad. Se refieren <a href=\"https:\/\/www.diarioconstitucional.cl\/2022\/07\/30\/el-principio-de-plurinacionalidad\/\">Humberto Nogueira, Gonzalo Aguilar, Isaac Ravetllat, Mar\u00eda Ignacia Sandoval y Christian Su\u00e1rez, acad\u00e9micos de la Facultad de Ciencias Jur\u00eddicas y Sociales. \u00a0<\/a><\/p><p class=\"x_MsoNormal\">\u00a0<\/p><p class=\"x_MsoNormal\"><strong>EL MERCURIO\u00a0<\/strong><\/p><p class=\"x_MsoNormal\"><a href=\"https:\/\/www.litoralpress.cl\/sitio\/Prensa_PaginaCompleta.cshtml?LPKey=YOAHBE6DKHPOSAGG6ZPU25ZJVLBWQ77QNSH37X44MGGE2SIVNBQQ\">Expertos debaten por costo de Constituci\u00f3n: ven exigencias en recaudaci\u00f3n, crecimiento y gesti\u00f3n. Se menciona a Andrea Bentancor, acad\u00e9mica de la Facultad de Econom\u00eda y Negocios (FEN).\u00a0<\/a><\/p><p class=\"x_MsoNormal\">\u00a0<\/p><p class=\"x_MsoNormal\"><strong>LAS \u00daLTIMAS NOTICIAS\u00a0<\/strong><\/p><p class=\"x_MsoNormal\"><a href=\"https:\/\/www.litoralpress.cl\/paginaconsultas\/Servicios_NClipSitio\/Get_Imagen_Nota.aspx?LPKey=CVTW5JIMSLM4HGEM2HCXHUTOFPP6GWLFF6A2YONRTXF4VXLCAUQC5647Z6L6ROQXRA7RJFHOB3QJC\">Seis economistas concluyen que nueva Constituci\u00f3n cuesta entre US$28.500 y US$45.000 millones. Se menciona a Andrea Bentancor, acad\u00e9mica de la Facultad de Econom\u00eda y Negocios (FEN).\u00a0<\/a><\/p><p class=\"x_MsoNormal\">\u00a0<\/p><p class=\"x_MsoNormal\"><strong>CANAL CNN CHILE\u00a0<\/strong><\/p><p class=\"x_MsoNormal\"><a href=\"https:\/\/www.litoralpress.cl\/sitio\/RadioTV_Detalles.cshtml?LPKey=4Z6DUIBUI2YD346RZCPN26W2ASFAYJFV3Z7DXM6TJDGC7AW3I475TCQYPVDVDWHZCQOGTQDZ7JBJO\">El costo de la Nueva Carta Magna, hasta 45 mil millones de d\u00f3lares. Se menciona a la UTalca.\u00a0<\/a><\/p><p class=\"x_MsoNormal\">\u00a0<\/p><p class=\"x_MsoNormal\"><strong>RADIO ADN\u00a0<\/strong><\/p><p class=\"x_MsoNormal\"><a href=\"https:\/\/www.litoralpress.cl\/sitio\/RadioTV_Detalles.cshtml?LPKey=RUIUX75BXBO6WFSR65IJBUUTL6GBXY27KAAKSOYBMSCOZW7XYMIUYBZ74TGGTPHNHQL5HT73MK5YM\">Nueva Constituci\u00f3n tendr\u00eda un costo anual entre un 8,9% y 14,2% del PIB. Se refiere Andrea Bentancor, acad\u00e9mica de la Facultad de Econom\u00eda y Negocios (FEN).\u00a0<\/a><\/p><p class=\"x_MsoNormal\">\u00a0<\/p><p class=\"x_MsoNormal\"><strong>RADIO BIO-BIO\u00a0<\/strong><\/p><p class=\"x_MsoNormal\"><a href=\"https:\/\/www.litoralpress.cl\/sitio\/RadioTV_Detalles.cshtml?LPKey=I3D6UID33BJ6BYUM2H3JPQULL6QVFH7W64WYGME5VMLFECNXW37GRTULXQVJ2EZ3VJG4WP6I5AV62\">Grupo de 6 economistas presentaron un informe denominado estimaci\u00f3n &#8220;Estimaci\u00f3n del costo fiscal directo de la propuesta de nueva Constituci\u00f3n&#8221;. Se refiere Andrea Bentancor, acad\u00e9mica de la Facultad de Econom\u00eda y Negocios (FEN).\u00a0<\/a><\/p><p class=\"x_MsoNormal\">\u00a0<\/p><p class=\"x_MsoNormal\"><strong>RADIO TELE 13\u00a0<\/strong><\/p><p class=\"x_MsoNormal\"><a href=\"https:\/\/www.litoralpress.cl\/sitio\/RadioTV_Detalles.cshtml?LPKey=K2MN4BF5RTTNFNJFEZRPBWTZINTMNLN4YT3HGEMVXW4YKTKDHIZE5GEKHLRYCZEV6VD6DP4FH4SRG\">Mesa de Editoras: Costo fiscal directo que tendr\u00eda la propuesta de nueva Constituci\u00f3n. Se menciona a la UTalca.\u00a0<\/a><\/p><p class=\"x_MsoNormal\" aria-hidden=\"true\">\u00a0<\/p><p class=\"x_MsoNormal\"><strong>T13.CL\u00a0<\/strong><\/p><p class=\"x_MsoNormal\"><a href=\"https:\/\/www.t13.cl\/noticia\/plebiscito-2022\/politica\/gaso-pib-estudio-expertos-cep-universidades-nueva-constitucion-28-07-2022\">Nueva Constituci\u00f3n: Estudio de expertos CEP y universidades proyecta gasto de al menos 8,9 del PIB. Se menciona a Andrea Bentancor, acad\u00e9mica de la Facultad de Econom\u00eda y Negocios (FEN).\u00a0<\/a><\/p><p class=\"x_MsoNormal\" aria-hidden=\"true\">\u00a0<\/p><p class=\"x_MsoNormal\"><strong>LATERCERA.COM\u00a0<\/strong><\/p><p class=\"x_MsoNormal\"><a href=\"https:\/\/www.latercera.com\/pulso\/noticia\/economistas-costo-anual-de-la-nueva-constitucion-fluctua-entre-us28-mil-millones-y-us45-mil-millones\/HASIMIMLEZE7XGO4TPWV7ZW5LQ\/\">Economistas: costo anual de la nueva Constituci\u00f3n fluct\u00faa entre US$28.500 millones y US$45.000 millones. Se menciona a Andrea Bentancor, acad\u00e9mica de la Facultad de Econom\u00eda y Negocios (FEN).\u00a0<\/a><\/p><p class=\"x_MsoNormal\" aria-hidden=\"true\">\u00a0<\/p><p class=\"x_MsoNormal\"><strong>MERCURIO.COM\u00a0<\/strong><\/p><p class=\"x_MsoNormal\"><a href=\"https:\/\/www.litoralpress.cl\/sitio\/MediosOnline_Detalles.cshtml?LPKey=DYVUTPODP55GX4QUK2IITIZ2SGHBHUK764NRIKP6PANLDCQQXO4C7OVTGLPT2PC7FFNCINUFLHUC4\">Estudio: Propuesta Constitucional tendr\u00eda costo fiscal de entre 8,9 y 14,2 puntos del PIB. Se menciona a Andrea Bentancor, acad\u00e9mica de la Facultad de Econom\u00eda y Negocios (FEN).\u00a0<\/a><\/p><p class=\"x_MsoNormal\" aria-hidden=\"true\">\u00a0<\/p><p class=\"x_MsoNormal\"><strong>COOPERATIVA.CL\u00a0<\/strong><\/p><p class=\"x_MsoNormal\"><a href=\"https:\/\/www.cooperativa.cl\/noticias\/pais\/politica\/constitucion\/estudio-proyecta-que-implementacion-de-la-propuesta-de-constitucion\/2022-07-29\/084810.html\">Estudio proyecta que implementaci\u00f3n de la propuesta de Constituci\u00f3n requerir\u00eda al menos 8,9% del PIB. Se menciona a Andrea Bentancor, acad\u00e9mica de la Facultad de Econom\u00eda y Negocios (FEN).\u00a0<\/a><\/p><p class=\"x_MsoNormal\" aria-hidden=\"true\">\u00a0<\/p><p class=\"x_MsoNormal\"><strong>DF.CL\u00a0<\/strong><\/p><p class=\"x_MsoNormal\"><a href=\"https:\/\/www.df.cl\/implementar-la-propuesta-de-nueva-constitucion-podria-costar-hasta-un\">Implementar la propuesta de nueva Constituci\u00f3n podr\u00eda costar hasta un 14,2% del PIB, unos US$ 45.000 millones cada a\u00f1o. Se menciona a Andrea Bentancor, acad\u00e9mica de la Facultad de Econom\u00eda y Negocios (FEN).\u00a0<\/a><\/p><p class=\"x_MsoNormal\" aria-hidden=\"true\">\u00a0<\/p><p class=\"x_MsoNormal\"><strong>RADIO BIO-BIO\u00a0<\/strong><\/p><p class=\"x_MsoNormal\"><a href=\"https:\/\/www.litoralpress.cl\/sitio\/RadioTV_Detalles.cshtml?LPKey=QOUYEKJNSCR7NNXKV54ASMUF6AP53TVYROQQPJDKCOUFVXCSQKNVAM5GUJNVS4QGOONDK7AHYBCAW\">Econom\u00eda de EE. UU. entra en recesi\u00f3n t\u00e9cnica. Se refiere Hern\u00e1n D\u00edaz, acad\u00e9mico de la Facultad de Econom\u00eda y Negocios (FEN).\u00a0<\/a><\/p><p class=\"x_MsoNormal\" aria-hidden=\"true\">\u00a0<\/p><p class=\"x_MsoNormal\"><strong>DIARIO FINANCIERO\u00a0<\/strong><\/p><p class=\"x_MsoNormal\"><a href=\"https:\/\/www.litoralpress.cl\/paginaconsultas\/Servicios_NClipSitio\/Get_Imagen_Nota.aspx?LPKey=5ZDV4OD2VUSDVUQAHN6QGUPHWREM24JONZ5JKTNZPP6OCLL44AVJYDJAE3XX4D4NDM6TRC4246P4I\">Los derechos laborales en la propuesta constitucional. Se refiere Irene Rojas, directora del Centro de Estudios de Derecho del Trabajo y la Seguridad Social (CENTRASS).\u00a0<\/a><\/p><p class=\"x_MsoNormal\">\u00a0<\/p><p class=\"x_MsoNormal\"><strong>ADPRENSA.CL\u00a0<\/strong><\/p><p class=\"x_MsoNormal\"><a href=\"https:\/\/www.adprensa.cl\/cronica\/aconsejan-alimentos-nutritivos-que-pueden-reemplazar-a-otros-que-hoy-tienen-un-elevado-valor\/\">Aconsejan alimentos nutritivos que pueden reemplazar a otros que hoy tienen un elevado valor. Se refiere \u00c1ngela S\u00e1nchez, directora de la Escuela de Nutrici\u00f3n y Diet\u00e9tica. \u00a0<\/a><\/p><p class=\"x_MsoNormal\">\u00a0<\/p><p class=\"x_MsoNormal\"><strong>ADPRENSA.CL\u00a0<\/strong><\/p><p class=\"x_MsoNormal\"><a href=\"https:\/\/www.adprensa.cl\/cronica\/llaman-a-prevenir-y-tratar-correctamente-la-hepatitis\/\">Llaman a prevenir y tratar correctamente la Hepatitis. Se refieren Marcela Mar\u00edn, \u00c1ngela S\u00e1nchez y Sergio Wehinger, acad\u00e9micos de la Facultad de Ciencias de la Salud.\u00a0<\/a><\/p><p class=\"x_MsoNormal\">\u00a0<\/p><p class=\"x_MsoNormal\"><strong>ELMAULEINFORMA.CL\u00a0<\/strong><\/p><p class=\"x_MsoNormal\"><a href=\"https:\/\/elmauleinforma.cl\/llaman-a-prevenir-y-tratar-correctamente-la-hepatitis\/\">Llaman a prevenir y tratar correctamente la Hepatitis. Se refieren Marcela Mar\u00edn, \u00c1ngela S\u00e1nchez y Sergio Wehinger, acad\u00e9micos de la Facultad de Ciencias de la Salud. \u00a0<\/a><\/p><p class=\"x_MsoNormal\" aria-hidden=\"true\">\u00a0<\/p><p class=\"x_MsoNormal\"><strong>LA PRENSA\u00a0<\/strong><\/p><p class=\"x_MsoNormal\"><a href=\"https:\/\/www.litoralpress.cl\/paginaconsultas\/Servicios_NClipSitio\/Get_Imagen_Nota.aspx?LPKey=WIRJYU4HAHHXS2JYMZMKKLHVWLDBLMT2MEAQC5AJZEZVXF6WJPNNH7REC75SMWEXZW3F46HHJFOME\">Viviendas sociales: como incentivar proyectos de menor escala o ubicados en sectores rurales. Se refiere Armando Dur\u00e1n, director de la Escuela de Ingenier\u00eda Civil en Obras Civiles.\u00a0<\/a><\/p><p class=\"x_MsoNormal\">\u00a0\u00a0\u00a0\u00a0\u00a0\u00a0\u00a0\u00a0\u00a0\u00a0\u00a0\u00a0\u00a0\u00a0\u00a0\u00a0\u00a0\u00a0\u00a0\u00a0\u00a0\u00a0\u00a0\u00a0\u00a0\u00a0\u00a0\u00a0\u00a0\u00a0\u00a0\u00a0\u00a0\u00a0\u00a0\u00a0\u00a0\u00a0\u00a0\u00a0\u00a0\u00a0\u00a0\u00a0\u00a0\u00a0\u00a0\u00a0<\/p><p class=\"x_MsoNormal\"><strong>RADIO GUAYAC\u00c1N\u00a0<\/strong><\/p><p class=\"x_MsoNormal\"><a href=\"https:\/\/www.litoralpress.cl\/sitio\/RadioTV_Detalles.cshtml?LPKey=7LRNIUZNJFC5H4FAUCUU5G3TP6HPA23N3C5B63RULDQ6T53AVOXXRWDDZBACSS46RPYVLNZHUJ6S4\">Entrevista a Felipe Figueroa, psic\u00f3logo del programa PACE UTalca.\u00a0<\/a><\/p><p class=\"x_MsoNormal\">\u00a0<\/p><p class=\"x_MsoNormal\"><strong>ITVPATAGONIA.COM\u00a0<\/strong><\/p><p class=\"x_MsoNormal\"><a href=\"https:\/\/www.itvpatagonia.com\/salud\/vuelta-a-clases-como-evitar-el-estres-de-los-ninos-este-segundo-semestre\/2022\/07\/31\/62e6c289b2efd000097ebdd3\">Vuelta a clases: \u00bfC\u00f3mo evitar el estr\u00e9s de los ni\u00f1os este segundo semestre? Se refiere Marianella Flores, acad\u00e9mica de la Facultad de Ciencias de la Educaci\u00f3n.\u00a0<\/a><\/p><p class=\"x_MsoNormal\">\u00a0<\/p><p class=\"x_MsoNormal\"><strong>LA PRENSA\u00a0<\/strong><\/p><p class=\"x_MsoNormal\"><a href=\"https:\/\/www.litoralpress.cl\/paginaconsultas\/Servicios_NClipSitio\/Get_Imagen_Nota.aspx?LPKey=BTT5ZHZFQDTULJ2EC6KRCWVHOF7T37T42NSJ6U5O5HNHU7YRAHCLGMYGWFBTK3XCR7TYHNIK42S64\">Expertos analizan tema educacional en propuesta de nueva Constituci\u00f3n. Se refieren Nibaldo Benavides, director del Instituto de Investigaci\u00f3n y Desarrollo Educacional (IIDE) y Mat\u00edas Vargas, investigador del Centro de Estudios Constitucionales de Chile (CECOCH).\u00a0<\/a><\/p><p class=\"x_MsoNormal\">\u00a0<\/p><p class=\"x_MsoNormal\"><strong>ADPRENSA.CL\u00a0<\/strong><\/p><p class=\"x_MsoNormal\"><a href=\"https:\/\/www.adprensa.cl\/cronica\/expertos-analizan-tema-educacional-en-propuesta-de-nueva-constitucion\/\">Expertos analizan tema educacional en propuesta de nueva Constituci\u00f3n. Se refieren Nibaldo Benavides, director del Instituto de Investigaci\u00f3n y Desarrollo Educacional (IIDE) y Mat\u00edas Vargas, investigador del Centro de Estudios Constitucionales de Chile (CECOCH).\u00a0<\/a><\/p><p class=\"x_MsoNormal\" aria-hidden=\"true\">\u00a0<\/p><p class=\"x_MsoNormal\"><strong>ELMAULEINFORMA.CL\u00a0<\/strong><\/p><p class=\"x_MsoNormal\"><a href=\"https:\/\/elmauleinforma.cl\/expertos-analizan-tema-educacional-en-propuesta-de-nueva-constitucion\/\">Expertos analizan tema educacional en propuesta de nueva Constituci\u00f3n. Se refieren Nibaldo Benavides, director del Instituto de Investigaci\u00f3n y Desarrollo Educacional (IIDE) y Mat\u00edas Vargas, investigador del Centro de Estudios Constitucionales de Chile (CECOCH). \u00a0<\/a><\/p><p class=\"x_MsoNormal\" aria-hidden=\"true\">\u00a0<\/p><p class=\"x_MsoNormal\"><strong>CANAL MEGA\u00a0<\/strong><\/p><p class=\"x_MsoNormal\"><a href=\"https:\/\/www.litoralpress.cl\/sitio\/RadioTV_Detalles.cshtml?LPKey=6SUQPXCEFFLQSSPZTGKW6WD6EQ3LWMZEX67E7YJF5JMMGAB442MDIHL5AUQP6A6ELYXQ66OYWOBIO\">Entrevista a Mauricio Morales, director del Centro de An\u00e1lisis Pol\u00edtico (CAP).\u00a0<\/a><\/p><p class=\"x_MsoNormal\" aria-hidden=\"true\">\u00a0<\/p><p class=\"x_MsoNormal\"><strong>EMOL.COM\u00a0<\/strong><\/p><p class=\"x_MsoNormal\"><a href=\"https:\/\/www.emol.com\/noticias\/Nacional\/2022\/07\/27\/1068046\/analisis-indecisos-plebiscito-septiembre-encuestas.html\">&#8220;Fen\u00f3meno an\u00f3malo&#8221;: Expertos analizan alza de indecisos y apuntan al car\u00e1cter de la votaci\u00f3n del 4 de septiembre. Se refiere Mauricio Morales, director del Centro de An\u00e1lisis Pol\u00edtico (CAP).\u00a0<\/a><\/p><p class=\"x_MsoNormal\" aria-hidden=\"true\">\u00a0<\/p><p class=\"x_MsoNormal\"><strong>24HORAS.CL\u00a0<\/strong><\/p><p class=\"x_MsoNormal\"><a href=\"https:\/\/www.24horas.cl\/proceso-constituyente\/conoce-que-dice-la-propuesta-constitucional-sobre-el-derecho-a-ocio\">Conoce qu\u00e9 dice la propuesta constitucional sobre el derecho al ocio. Se refiere Mario Herrera, acad\u00e9mico del Centro de An\u00e1lisis Pol\u00edtico (CAP).\u00a0<\/a><\/p><p class=\"x_MsoNormal\" aria-hidden=\"true\">\u00a0<\/p><p class=\"x_MsoNormal\"><strong>ELMOSTRADOR.CL\u00a0<\/strong><\/p><p class=\"x_MsoNormal\"><a href=\"https:\/\/www.elmostrador.cl\/destacado\/2022\/07\/31\/los-partidos-retoman-el-timon-en-la-campana-del-apruebo-los-secretos-de-la-llegada-de-cariola-y-mirosevic-y-su-rol-en-el-plan-las-dos-millones-de-casas-por-el-apruebo\/\">Los partidos toman el tim\u00f3n en la campa\u00f1a: la trastienda de la llegada de Cariola y Mirosevic, y su rol en el plan &#8220;Las dos millones de casas por el Apruebo&#8221;. Se refiere Mauricio Morales, director del Centro de An\u00e1lisis Pol\u00edtico (CAP).\u00a0<\/a><\/p><p class=\"x_MsoNormal\">\u00a0<\/p>\t\t\t\t\t\t<\/div>\n\t\t\t\t<\/div>\n\t\t\t\t\t<\/div>\n\t\t<\/div>\n\t\t\t\t\t\t\t<\/div>\n\t\t<\/section>\n\t\t\t\t\t\t<\/div>\n\t\t\t\t\t<\/div>\n\t\t","protected":false},"excerpt":{"rendered":"<p>ADPRENSA.CL\u00a0 Universidad de Talca crea pionero Centro de Nanomedicina, Diagn\u00f3stico y Desarrollo de F\u00e1rmacos. Se refieren Cristi\u00e1n Rojas, vicerrector Acad\u00e9mico, Cristian Vilos, Leandro Z\u00fa\u00f1iga y Jenaro Garc\u00eda-Huidobro, acad\u00e9micos de la Escuela de Medicina.\u00a0 \u00a0 EL HERALDO\u00a0 Universidad de Talca crea pionero Centro de Nanomedicina, Diagn\u00f3stico y Desarrollo de F\u00e1rmacos. Se refieren Cristi\u00e1n Rojas, vicerrector Acad\u00e9mico, &hellip;<\/p>\n<p class=\"read-more\"> <a class=\"\" href=\"https:\/\/www.reportedeprensa.utalca.cl\/?p=4566\"> <span class=\"screen-reader-text\">01 de agosto de 2022<\/span> Read More &raquo;<\/a><\/p>\n","protected":false},"author":1,"featured_media":0,"comment_status":"closed","ping_status":"open","sticky":false,"template":"","format":"standard","meta":{"_monsterinsights_skip_tracking":false,"_monsterinsights_sitenote_active":false,"_monsterinsights_sitenote_note":"","_monsterinsights_sitenote_category":0},"categories":[24],"tags":[],"_links":{"self":[{"href":"https:\/\/www.reportedeprensa.utalca.cl\/index.php?rest_route=\/wp\/v2\/posts\/4566"}],"collection":[{"href":"https:\/\/www.reportedeprensa.utalca.cl\/index.php?rest_route=\/wp\/v2\/posts"}],"about":[{"href":"https:\/\/www.reportedeprensa.utalca.cl\/index.php?rest_route=\/wp\/v2\/types\/post"}],"author":[{"embeddable":true,"href":"https:\/\/www.reportedeprensa.utalca.cl\/index.php?rest_route=\/wp\/v2\/users\/1"}],"replies":[{"embeddable":true,"href":"https:\/\/www.reportedeprensa.utalca.cl\/index.php?rest_route=%2Fwp%2Fv2%2Fcomments&post=4566"}],"version-history":[{"count":4,"href":"https:\/\/www.reportedeprensa.utalca.cl\/index.php?rest_route=\/wp\/v2\/posts\/4566\/revisions"}],"predecessor-version":[{"id":4570,"href":"https:\/\/www.reportedeprensa.utalca.cl\/index.php?rest_route=\/wp\/v2\/posts\/4566\/revisions\/4570"}],"wp:attachment":[{"href":"https:\/\/www.reportedeprensa.utalca.cl\/index.php?rest_route=%2Fwp%2Fv2%2Fmedia&parent=4566"}],"wp:term":[{"taxonomy":"category","embeddable":true,"href":"https:\/\/www.reportedeprensa.utalca.cl\/index.php?rest_route=%2Fwp%2Fv2%2Fcategories&post=4566"},{"taxonomy":"post_tag","embeddable":true,"href":"https:\/\/www.reportedeprensa.utalca.cl\/index.php?rest_route=%2Fwp%2Fv2%2Ftags&post=4566"}],"curies":[{"name":"wp","href":"https:\/\/api.w.org\/{rel}","templated":true}]}}