{"id":4578,"date":"2022-08-02T10:08:43","date_gmt":"2022-08-02T13:08:43","guid":{"rendered":"https:\/\/www.reportedeprensa.utalca.cl\/?p=4578"},"modified":"2022-08-02T10:12:33","modified_gmt":"2022-08-02T13:12:33","slug":"02-de-agosto-de-2022","status":"publish","type":"post","link":"https:\/\/www.reportedeprensa.utalca.cl\/?p=4578","title":{"rendered":"02 de agosto de 2022"},"content":{"rendered":"\t\t<div data-elementor-type=\"wp-post\" data-elementor-id=\"4578\" class=\"elementor elementor-4578\" data-elementor-settings=\"[]\">\n\t\t\t\t\t\t\t<div class=\"elementor-section-wrap\">\n\t\t\t\t\t\t\t<section class=\"elementor-section elementor-top-section elementor-element elementor-element-44052ab7 elementor-section-boxed elementor-section-height-default elementor-section-height-default\" data-id=\"44052ab7\" data-element_type=\"section\">\n\t\t\t\t\t\t<div class=\"elementor-container elementor-column-gap-default\">\n\t\t\t\t\t<div class=\"elementor-column elementor-col-100 elementor-top-column elementor-element elementor-element-5b002d83\" data-id=\"5b002d83\" data-element_type=\"column\">\n\t\t\t<div class=\"elementor-widget-wrap elementor-element-populated\">\n\t\t\t\t\t\t\t\t<div class=\"elementor-element elementor-element-477998b8 elementor-widget elementor-widget-text-editor\" data-id=\"477998b8\" data-element_type=\"widget\" data-widget_type=\"text-editor.default\">\n\t\t\t\t<div class=\"elementor-widget-container\">\n\t\t\t\t\t\t\t\t<p class=\"x_MsoNormal\"><strong>RADIO LA CLAVE\u00a0<\/strong><\/p><p class=\"x_MsoNormal\"><a href=\"https:\/\/www.litoralpress.cl\/sitio\/RadioTV_Detalles.cshtml?LPKey=FS7YRFKQJSSCCTON47R2ZW2ZWD4EJJWCBDNEKPU36P744C3YXPFCYE3GQDGXTIP7J7UK47GJRQ7PC\">Entrevista a Andrea Bentancor, acad\u00e9mica de la Facultad de Econom\u00eda y Negocios (FEN).\u00a0<\/a><\/p><p class=\"x_MsoNormal\">\u00a0<\/p><p class=\"x_MsoNormal\"><strong>RADIO ADN\u00a0<\/strong><\/p><p class=\"x_MsoNormal\"><a href=\"https:\/\/www.litoralpress.cl\/sitio\/RadioTV_Detalles.cshtml?LPKey=R4PBW6WGCHMZZPWLZ3ATDA7SXMYAUQ7NMNVUFZDOXFVDQ3TKZNN6N36FDVGSQGPG2RGKOGA6M7ZJ2\">Estudio que estima costo de la implementaci\u00f3n de la Nueva Constituci\u00f3n. Se menciona a la UTalca.\u00a0<\/a><\/p><p class=\"x_MsoNormal\">\u00a0<\/p><p class=\"x_MsoNormal\"><strong>DF.CL\u00a0<\/strong><\/p><p class=\"x_MsoNormal\"><a href=\"https:\/\/www.litoralpress.cl\/sitio\/MediosOnline_Detalles.cshtml?LPKey=KP2OFIBZ3Z7636Q5MNE4FUDQVTHEAPKHQN4CPYQRDX35HUGHAUHD6QLL37IKT2TVQSVPS7OUI4KOC\">Casi el 60% de los expertos del Panel UC cree que el impuesto a la riqueza no es una buena pol\u00edtica p\u00fablica. Se refiere Andrea Bentancor, acad\u00e9mica de la Facultad de Econom\u00eda y Negocios (FEN).\u00a0<\/a><\/p><p class=\"x_MsoNormal\">\u00a0<\/p><p class=\"x_MsoNormal\"><strong>HOYXHOY\u00a0<\/strong><\/p><p class=\"x_MsoNormal\"><a href=\"https:\/\/www.litoralpress.cl\/paginaconsultas\/Servicios_NClipSitio\/Get_Imagen_Nota.aspx?LPKey=XLI2JLZ73TG3T2BTVS6ZK4W2VIL4QOB3VLMPIE73HQIWR7EEE374YQKIJFC5K6YWTDGEZANLB2SIO\">Temporales de julio triplican las comunas con super\u00e1vit de lluvias y dejan leve mejora en embalses. Se refiere Patricio Gonz\u00e1lez, acad\u00e9mico del Centro de Investigaci\u00f3n y Transferencia en Riego y Agroclimatolog\u00eda (CITRA).\u00a0<\/a><\/p><p class=\"x_MsoNormal\">\u00a0<\/p><p class=\"x_MsoNormal\"><strong>LA ESTRELLA DE IQUIQUE\u00a0<\/strong><\/p><p class=\"x_MsoNormal\"><a href=\"https:\/\/www.litoralpress.cl\/paginaconsultas\/Servicios_NClipSitio\/Get_Imagen_Nota.aspx?LPKey=T2E2AFKFXZLM5MA4GZTN6QYIFZ5XBOZIB4IMKYMP6R5SXPVY4VYBPICACN6SIL72FD3P3L5NOIO2O\">Temporales de julio triplican las comunas con super\u00e1vit de lluvias y dejan leve mejora en embalses. Se refiere Patricio Gonz\u00e1lez, acad\u00e9mico del Centro de Investigaci\u00f3n y Transferencia en Riego y Agroclimatolog\u00eda (CITRA).\u00a0<\/a><\/p><p class=\"x_MsoNormal\">\u00a0<\/p><p class=\"x_MsoNormal\"><strong>LA ESTRELLA DE CHILO\u00c9\u00a0<\/strong><\/p><p class=\"x_MsoNormal\"><a href=\"https:\/\/www.litoralpress.cl\/paginaconsultas\/Servicios_NClipSitio\/Get_Imagen_Nota.aspx?LPKey=BLUXIE45BJDKH7BOBAPORKB63H4VAKNODORP4XYZSTCMLZ6I5GXZX7BVJDDTNIZLOS3PYB2TIDJVI\">Temporales de julio triplican las comunas con super\u00e1vit de lluvias y dejan leve mejora en embalses. Se refiere Patricio Gonz\u00e1lez, acad\u00e9mico del Centro de Investigaci\u00f3n y Transferencia en Riego y Agroclimatolog\u00eda (CITRA).\u00a0<\/a><\/p><p class=\"x_MsoNormal\" aria-hidden=\"true\">\u00a0<\/p><p class=\"x_MsoNormal\"><strong>SOYCHILE.CL\u00a0<\/strong><\/p><p class=\"x_MsoNormal\"><a href=\"https:\/\/www.soychile.cl\/Santiago\/Sociedad\/2022\/08\/01\/769196\/temporales-julio-comunas-superavit-embalses.html\">Temporales de julio triplican las comunas con super\u00e1vit de lluvias y dejan leve mejora en embalses. Se refiere Patricio Gonz\u00e1lez, acad\u00e9mico del Centro de Investigaci\u00f3n y Transferencia en Riego y Agroclimatolog\u00eda (CITRA).\u00a0<\/a><\/p><p class=\"x_MsoNormal\" aria-hidden=\"true\">\u00a0<\/p><p class=\"x_MsoNormal\"><strong>ELMAULEINFORMA.CL\u00a0<\/strong><\/p><p class=\"x_MsoNormal\"><a href=\"https:\/\/elmauleinforma.cl\/no-descartan-intensas-olas-de-calor-durante-el-verano-en-la-zona-central\/\">No descartan intensas olas de calor durante el verano en la zona central. Se refiere Patricio Gonz\u00e1lez, acad\u00e9mico del Centro de Investigaci\u00f3n y Transferencia en Riego y Agroclimatolog\u00eda (CITRA).\u00a0<\/a><\/p><p class=\"x_MsoNormal\" aria-hidden=\"true\">\u00a0<\/p><p class=\"x_MsoNormal\"><strong>ELAMAULE.CL\u00a0<\/strong><\/p><p class=\"x_MsoNormal\"><a href=\"https:\/\/www.elamaule.cl\/noticia\/sociedad\/experto-de-la-universidad-de-talca-preve-intensas-olas-de-calor-en-la-zona-central-\">Experto de la Universidad de Talca prev\u00e9 intensas olas de calor en la zona central de Chile. Se refiere Patricio Gonz\u00e1lez, acad\u00e9mico del Centro de Investigaci\u00f3n y Transferencia en Riego y Agroclimatolog\u00eda (CITRA).\u00a0<\/a><\/p><p class=\"x_MsoNormal\" aria-hidden=\"true\">\u00a0<\/p><p class=\"x_MsoNormal\"><strong>SEPTIMAPAGINANOTICIAS.CL\u00a0<\/strong><\/p><p class=\"x_MsoNormal\"><a href=\"https:\/\/www.septimapaginanoticias.cl\/no-descartan-intensas-olas-de-calor-en-la-zona-central-durante-el-proximo-verano\">No descartan intensas olas de calor durante el verano en la zona central. Se refiere Patricio Gonz\u00e1lez, acad\u00e9mico del Centro de Investigaci\u00f3n y Transferencia en Riego y Agroclimatolog\u00eda (CITRA).\u00a0<\/a><\/p><p class=\"x_MsoNormal\" aria-hidden=\"true\">\u00a0<\/p><p class=\"x_MsoNormal\"><strong>ATENTOSCHILE.CL\u00a0<\/strong><\/p><p class=\"x_MsoNormal\"><a href=\"https:\/\/www.litoralpress.cl\/sitio\/RadioTV_Detalles.cshtml?LPKey=5THPVKFYEAHQ5Z6KR5QKTSPFMY5ISIPYEUKCDTD3E2FCQIWJKL4CGZVAKJZDZJ45P6247ISZHX4HC\">Entrevista a Nibaldo Benavides, director del Instituto de Investigaci\u00f3n y Desarrollo Educacional (IIDE).\u00a0<\/a><\/p><p class=\"x_MsoNormal\">\u00a0<\/p><p class=\"x_MsoNormal\"><strong>LA PRENSA\u00a0<\/strong><\/p><p class=\"x_MsoNormal\"><a href=\"https:\/\/www.litoralpress.cl\/paginaconsultas\/Servicios_NClipSitio\/Get_Imagen_Nota.aspx?LPKey=IJWC3SEMZ6Z3DKO3B5HXLQIPMOPQML2F3ROWMATHNW5C6RQRTKQ3PQ3SLFOZY5GCBCOUASGWPDVG2\">Acad\u00e9micos llaman a prevenir y tratar correctamente la hepatitis. Se refieren Marcela Mar\u00edn, \u00c1ngela S\u00e1nchez y Sergio Wehinger, acad\u00e9micos de la Facultad de Ciencias de la Salud.\u00a0\u00a0\u00a0<\/a><\/p><p class=\"x_MsoNormal\">\u00a0<\/p><p class=\"x_MsoNormal\"><strong>DIARIOTALCA.CL\u00a0<\/strong><\/p><p class=\"x_MsoNormal\"><a href=\"https:\/\/diariotalca.cl\/experto-de-utalca-llama-a-prevenir-y-tratar-correctamente-la-hepatitis\/\">Expertos de UTalca llama a prevenir y tratar correctamente la Hepatitis. Se refieren Marcela Mar\u00edn, \u00c1ngela S\u00e1nchez y Sergio Wehinger, acad\u00e9micos de la Facultad de Ciencias de la Salud.\u00a0\u00a0\u00a0<\/a><\/p><p class=\"x_MsoNormal\">\u00a0<\/p><p class=\"x_MsoNormal\"><strong>G5NOTICIAS.CL\u00a0<\/strong><\/p><p class=\"x_MsoNormal\"><a href=\"https:\/\/g5noticias.cl\/2022\/08\/01\/expertos-en-salud-llaman-a-prevenir-y-tratar-correctamente-la-hepatitis\/\">Expertos en salud llaman a prevenir y tratar correctamente la Hepatitis. Se refieren Marcela Mar\u00edn, \u00c1ngela S\u00e1nchez y Sergio Wehinger, acad\u00e9micos de la Facultad de Ciencias de la Salud.\u00a0\u00a0\u00a0<\/a><\/p><p class=\"x_MsoNormal\" aria-hidden=\"true\">\u00a0<\/p><p class=\"x_MsoNormal\"><strong>PUBLIMETRO\u00a0<\/strong><\/p><p class=\"x_MsoNormal\"><a href=\"https:\/\/www.litoralpress.cl\/paginaconsultas\/Servicios_NClipSitio\/Get_Imagen_Nota.aspx?LPKey=653GLY4CWTSQ2TJ4TWWKDE7KPMR6WCGTKSI7IWA2SKDATCUNXEAISZ7SCXL7TIPBLM6QBUMC2LPTK\">Salud y nueva Constituci\u00f3n: derechos, la arista mental y el futuro de isapres y cl\u00ednicas. Se refiere Dominnique Luan, investigadora del Centro de Estudios Constitucionales de Chile (CECOCH).\u00a0<\/a><\/p><p class=\"x_MsoNormal\">\u00a0<\/p><p class=\"x_MsoNormal\"><strong>PUBLIMETRO.CL\u00a0<\/strong><\/p><p class=\"x_MsoNormal\"><a href=\"https:\/\/www.publimetro.cl\/noticias\/2022\/08\/01\/salud-y-nueva-constitucion-derechos-la-arista-mental-y-el-futuro-de-isapres-y-clinicas\/\">Salud y nueva Constituci\u00f3n: derechos, la arista mental y el futuro de isapres y cl\u00ednicas. Se refiere Dominnique Luan, investigadora del Centro de Estudios Constitucionales de Chile (CECOCH).\u00a0<\/a><\/p><p class=\"x_MsoNormal\">\u00a0<\/p><p class=\"x_MsoNormal\"><strong>ELCENTRO.CL\u00a0<\/strong><\/p><p class=\"x_MsoNormal\"><a href=\"https:\/\/elcentro.cl\/2022\/08\/01\/expertos-utalca-analizan-tema-educacional-en-propuesta-de-nueva-constitucion\/\">Expertos UTalca analizan tema educacional en propuesta de nueva Constituci\u00f3n. Se refieren Nibaldo Benavides, director del Instituto de Investigaci\u00f3n y Desarrollo Educacional (IIDE) y Mat\u00edas Vargas, investigador del Centro de Estudios Constitucionales de Chile (CECOCH). \u00a0<\/a><\/p><p class=\"x_MsoNormal\">\u00a0<\/p><p class=\"x_MsoNormal\"><strong>RADIO INICIA\u00a0<\/strong><\/p><p class=\"x_MsoNormal\"><a href=\"https:\/\/www.litoralpress.cl\/sitio\/RadioTV_Detalles.cshtml?LPKey=HAUTYW6YBCHXRL4C4TAJG3UP3EYQG2CLRU2CLK7XQMTR3JLEZTCTWGTL4RSSR5Z2KDAEGPC6OSOJK\">Actividad econ\u00f3mica de junio. Se refiere Juan Andr\u00e9s Riquelme, director del Mag\u00edster en Econom\u00eda.\u00a0<\/a><\/p><p class=\"x_MsoNormal\">\u00a0<\/p><p class=\"x_MsoNormal\"><strong>LA TERCERA\u00a0<\/strong><\/p><p class=\"x_MsoNormal\"><a href=\"https:\/\/www.litoralpress.cl\/paginaconsultas\/Servicios_NClipSitio\/Get_Imagen_Nota.aspx?LPKey=5DFIGII6JPLETAQS2ZO3CFRN5P2FGZ45DKP2M5MF4VYBIPPLXB44KQDWCUQ47FQ7BPMRUHJTLMODO\">Exconvencionales afinan f\u00f3rmulas con sus universidades para hacer campa\u00f1a. Se refiere Mar\u00eda Elisa Quinteros, acad\u00e9mica del Departamento de Salud P\u00fablica.\u00a0<\/a><\/p><p class=\"x_MsoNormal\">\u00a0<\/p><p class=\"x_MsoNormal\"><strong>LATERCERA.COM\u00a0<\/strong><\/p><p class=\"x_MsoNormal\"><a href=\"https:\/\/www.latercera.com\/la-tercera-pm\/noticia\/permiso-fallido-vacaciones-y-actos-fuera-de-horario-laboral-exconvencionales-afinan-formulas-con-sus-universidades-para-hacer-campana\/EKONQOROWJHZDF5MW4F3WHYYCE\/\">Exconvencionales afinan f\u00f3rmulas con sus universidades para hacer campa\u00f1a. Se refiere Mar\u00eda Elisa Quinteros, acad\u00e9mica del Departamento de Salud P\u00fablica.\u00a0<\/a><\/p><p class=\"x_MsoNormal\">\u00a0<\/p><p class=\"x_MsoNormal\"><strong>CANAL MEGA PLUS\u00a0<\/strong><\/p><p class=\"x_MsoNormal\"><a href=\"https:\/\/www.litoralpress.cl\/sitio\/RadioTV_Detalles.cshtml?LPKey=ICLFKXHUS2P4K5WU4I2XMWVT275POVS56XOQVFPBYPXEB3U2ABE377SB447MF4CY532TEBO4IUA6O\">Comentario de Mauricio Morales, director del Centro de An\u00e1lisis Pol\u00edtico (CAP).\u00a0<\/a><\/p><p class=\"x_MsoNormal\">\u00a0<\/p><p class=\"x_MsoNormal\"><strong>RADIO INFINITA\u00a0<\/strong><\/p><p class=\"x_MsoNormal\"><a href=\"https:\/\/www.litoralpress.cl\/sitio\/RadioTV_Detalles.cshtml?LPKey=B4VPF3HHDDMPVGSUY5VMIDX5O5FIR3AEKJXCYQ3ILQSBKJ27CW2OUNBRGW6O6JKQPQRHEEMYN6P74\">Comentario de Mauricio Morales, director del Centro de An\u00e1lisis Pol\u00edtico (CAP).\u00a0<\/a><\/p><p class=\"x_MsoNormal\">\u00a0<\/p><p class=\"x_MsoNormal\"><strong>ELMOSTRADOR.CL\u00a0<\/strong><\/p><p class=\"x_MsoNormal\"><a href=\"https:\/\/www.elmostrador.cl\/destacado\/2022\/08\/01\/plan-chile-apoya-los-beneficios-podrian-crear-un-clima-favorable-para-el-apruebo\/\">Plan Chile Apoya: &#8220;Los beneficios podr\u00edan crear un clima favorable para el Apruebo&#8221;. Se refiere Mauricio Morales, director del Centro de An\u00e1lisis Pol\u00edtico (CAP). \u00a0<\/a><\/p><p class=\"x_MsoNormal\">\u00a0<\/p><p class=\"x_MsoNormal\"><strong>EL TIP\u00d3GRAFO\u00a0<\/strong><\/p><p class=\"x_MsoNormal\"><a href=\"https:\/\/www.litoralpress.cl\/paginaconsultas\/Servicios_NClipSitio\/Get_Imagen_Nota.aspx?LPKey=AZLVE66EAZX2UYSSVE5LBKUMHT6QHCBOLCAIKQX3JQFHAXRMDEPCVNYX56PLUOWUSMK4XJ7FNJTQ4\">La recta final del apruebo y rechazo. Se refiere Mario Herrera, acad\u00e9mico del Centro de An\u00e1lisis Pol\u00edtico (CAP).\u00a0<\/a><\/p><p class=\"x_MsoNormal\">\u00a0<\/p>\t\t\t\t\t\t<\/div>\n\t\t\t\t<\/div>\n\t\t\t\t\t<\/div>\n\t\t<\/div>\n\t\t\t\t\t\t\t<\/div>\n\t\t<\/section>\n\t\t\t\t\t\t<\/div>\n\t\t\t\t\t<\/div>\n\t\t","protected":false},"excerpt":{"rendered":"<p>RADIO LA CLAVE\u00a0 Entrevista a Andrea Bentancor, acad\u00e9mica de la Facultad de Econom\u00eda y Negocios (FEN).\u00a0 \u00a0 RADIO ADN\u00a0 Estudio que estima costo de la implementaci\u00f3n de la Nueva Constituci\u00f3n. Se menciona a la UTalca.\u00a0 \u00a0 DF.CL\u00a0 Casi el 60% de los expertos del Panel UC cree que el impuesto a la riqueza no es &hellip;<\/p>\n<p class=\"read-more\"> <a class=\"\" href=\"https:\/\/www.reportedeprensa.utalca.cl\/?p=4578\"> <span class=\"screen-reader-text\">02 de agosto de 2022<\/span> Read More &raquo;<\/a><\/p>\n","protected":false},"author":1,"featured_media":0,"comment_status":"closed","ping_status":"open","sticky":false,"template":"","format":"standard","meta":{"_monsterinsights_skip_tracking":false,"_monsterinsights_sitenote_active":false,"_monsterinsights_sitenote_note":"","_monsterinsights_sitenote_category":0},"categories":[24],"tags":[],"_links":{"self":[{"href":"https:\/\/www.reportedeprensa.utalca.cl\/index.php?rest_route=\/wp\/v2\/posts\/4578"}],"collection":[{"href":"https:\/\/www.reportedeprensa.utalca.cl\/index.php?rest_route=\/wp\/v2\/posts"}],"about":[{"href":"https:\/\/www.reportedeprensa.utalca.cl\/index.php?rest_route=\/wp\/v2\/types\/post"}],"author":[{"embeddable":true,"href":"https:\/\/www.reportedeprensa.utalca.cl\/index.php?rest_route=\/wp\/v2\/users\/1"}],"replies":[{"embeddable":true,"href":"https:\/\/www.reportedeprensa.utalca.cl\/index.php?rest_route=%2Fwp%2Fv2%2Fcomments&post=4578"}],"version-history":[{"count":4,"href":"https:\/\/www.reportedeprensa.utalca.cl\/index.php?rest_route=\/wp\/v2\/posts\/4578\/revisions"}],"predecessor-version":[{"id":4582,"href":"https:\/\/www.reportedeprensa.utalca.cl\/index.php?rest_route=\/wp\/v2\/posts\/4578\/revisions\/4582"}],"wp:attachment":[{"href":"https:\/\/www.reportedeprensa.utalca.cl\/index.php?rest_route=%2Fwp%2Fv2%2Fmedia&parent=4578"}],"wp:term":[{"taxonomy":"category","embeddable":true,"href":"https:\/\/www.reportedeprensa.utalca.cl\/index.php?rest_route=%2Fwp%2Fv2%2Fcategories&post=4578"},{"taxonomy":"post_tag","embeddable":true,"href":"https:\/\/www.reportedeprensa.utalca.cl\/index.php?rest_route=%2Fwp%2Fv2%2Ftags&post=4578"}],"curies":[{"name":"wp","href":"https:\/\/api.w.org\/{rel}","templated":true}]}}