{"id":4591,"date":"2022-08-03T10:39:16","date_gmt":"2022-08-03T13:39:16","guid":{"rendered":"https:\/\/www.reportedeprensa.utalca.cl\/?p=4591"},"modified":"2022-08-03T10:45:04","modified_gmt":"2022-08-03T13:45:04","slug":"03-de-agosto-de-2022","status":"publish","type":"post","link":"https:\/\/www.reportedeprensa.utalca.cl\/?p=4591","title":{"rendered":"03 de agosto de 2022"},"content":{"rendered":"\t\t<div data-elementor-type=\"wp-post\" data-elementor-id=\"4591\" class=\"elementor elementor-4591\" data-elementor-settings=\"[]\">\n\t\t\t\t\t\t\t<div class=\"elementor-section-wrap\">\n\t\t\t\t\t\t\t<section class=\"elementor-section elementor-top-section elementor-element elementor-element-44052ab7 elementor-section-boxed elementor-section-height-default elementor-section-height-default\" data-id=\"44052ab7\" data-element_type=\"section\">\n\t\t\t\t\t\t<div class=\"elementor-container elementor-column-gap-default\">\n\t\t\t\t\t<div class=\"elementor-column elementor-col-100 elementor-top-column elementor-element elementor-element-5b002d83\" data-id=\"5b002d83\" data-element_type=\"column\">\n\t\t\t<div class=\"elementor-widget-wrap elementor-element-populated\">\n\t\t\t\t\t\t\t\t<div class=\"elementor-element elementor-element-477998b8 elementor-widget elementor-widget-text-editor\" data-id=\"477998b8\" data-element_type=\"widget\" data-widget_type=\"text-editor.default\">\n\t\t\t\t<div class=\"elementor-widget-container\">\n\t\t\t\t\t\t\t\t<p class=\"x_MsoNormal\"><strong>PORTALEDUCACION.CL\u00a0<\/strong><\/p><p class=\"x_MsoNormal\"><a href=\"https:\/\/portaleducacion.cl\/index.php\/2022\/08\/02\/utalca-realizo-encuentro-nacional-de-la-red-universitaria-de-educacion-continua\/\">UTalca realiz\u00f3 encuentro nacional de la Red Universitaria de Educaci\u00f3n Continua. Se refieren Cristi\u00e1n Rojas, vicerrector Acad\u00e9mico y Paula Manr\u00edquez, vicerrectora de Pregrado.\u00a0<\/a><\/p><p class=\"x_MsoNormal\">\u00a0<\/p><p class=\"x_MsoNormal\"><strong>RADIO DE CARABINEROS DE CHILE\u00a0<\/strong><\/p><p class=\"x_MsoNormal\"><a href=\"https:\/\/www.litoralpress.cl\/sitio\/RadioTV_Detalles.cshtml?LPKey=JMXXMBCXRK6LVZF5QCL6E24J2IPT6YMN2LT3B6RN7VGS54U2QDRTCKKPPQASNUQAAUVX4UJYNPNL6\">Entrevista a Paula Contreras, acad\u00e9mica de la Escuela de Nutrici\u00f3n y Diet\u00e9tica. \u00a0<\/a><\/p><p class=\"x_MsoNormal\">\u00a0<\/p><p class=\"x_MsoNormal\"><strong>RADIO LAUTARO\u00a0<\/strong><\/p><p class=\"x_MsoNormal\"><a href=\"https:\/\/www.litoralpress.cl\/sitio\/RadioTV_Detalles.cshtml?LPKey=XW634W3PMNOZQXD4FTEWRLOFLK5LBXCX7O5KWBHRHZZZ5OTGNULGPUXYXM6A4Y7JV7A75RTSZMI5O\">Entrevista a Marjorie Medel, acad\u00e9mica de la Escuela de Obstetricia y Puericultura. \u00a0<\/a><\/p><p class=\"x_MsoNormal\">\u00a0<\/p><p class=\"x_MsoNormal\"><strong>COOPERATIVA.CL\u00a0<\/strong><\/p><p class=\"x_MsoNormal\"><a href=\"https:\/\/www.cooperativa.cl\/noticias\/pais\/tiempo\/experto-proyecta-intensas-olas-de-calor-para-el-verano-en-la-zona-central-de-chile\/2022-08-02\/111009.html\">Experto proyecta intensas olas de calor para el verano en la zona central de Chile. Se refiere Patricio Gonz\u00e1lez, acad\u00e9mico del Centro de Investigaci\u00f3n y Transferencia en Riego y Agroclimatolog\u00eda (CITRA). \u00a0<\/a><\/p><p class=\"x_MsoNormal\">\u00a0<\/p><p class=\"x_MsoNormal\"><strong>LA PRENSA\u00a0<\/strong><\/p><p class=\"x_MsoNormal\"><a href=\"https:\/\/www.litoralpress.cl\/paginaconsultas\/Servicios_NClipSitio\/Get_Imagen_Nota.aspx?LPKey=G4IJ4XXAYMESXRBSTPGPYL2XQDMZ5KGFTRLJVEZ3IOA2HQXGSY5UQ5HPV5IKO7TUYZMEIHSP22Q4S\">No descartan intensas olas de calor para el pr\u00f3ximo verano. Se refiere Patricio Gonz\u00e1lez, acad\u00e9mico del Centro de Investigaci\u00f3n y Transferencia en Riego y Agroclimatolog\u00eda (CITRA).\u00a0<\/a><\/p><p>\u00a0<\/p><p class=\"x_MsoNormal\"><strong>EL LECTOR\u00a0<\/strong><\/p><p class=\"x_MsoNormal\"><a href=\"https:\/\/www.litoralpress.cl\/paginaconsultas\/Servicios_NClipSitio\/Get_Imagen_Nota.aspx?LPKey=XGRIVIEANEDCO75QXQXQE267EZWKENWYPPVPDARNUVFHCX6FW4Z6UHQ4PV4BUQ3RFGQNMOYWY2E2C\">No descartan intensas olas de calor en la zona central durante el pr\u00f3ximo verano. Se refiere Patricio Gonz\u00e1lez, acad\u00e9mico del Centro de Investigaci\u00f3n y Transferencia en Riego y Agroclimatolog\u00eda (CITRA).\u00a0<\/a><\/p><p class=\"x_MsoNormal\">\u00a0<\/p><p class=\"x_MsoNormal\"><strong>RADIOCAMILATV.CL\u00a0<\/strong><\/p><p class=\"x_MsoNormal\"><a href=\"https:\/\/www.radiocamilatv.cl\/portal\/views\/noticia.php?codNoticia=NjE1Ng==\">Experto proyecta intensas olas de calor para el verano en la zona central de Chile. Se refiere Patricio Gonz\u00e1lez, acad\u00e9mico del Centro de Investigaci\u00f3n y Transferencia en Riego y Agroclimatolog\u00eda (CITRA).\u00a0<\/a><\/p><p class=\"x_MsoNormal\">\u00a0<\/p><p class=\"x_MsoNormal\"><strong>DIARIOLAPRENSA.CL\u00a0<\/strong><\/p><p class=\"x_MsoNormal\"><a href=\"https:\/\/new.diariolaprensa.cl\/index.php\/2022\/08\/02\/no-descartan-intensas-olas-de-calor-para-el-proximo-verano\/\">No descartan intensas olas de calor para el pr\u00f3ximo verano. Se refiere Patricio Gonz\u00e1lez, acad\u00e9mico del Centro de Investigaci\u00f3n y Transferencia en Riego y Agroclimatolog\u00eda (CITRA).\u00a0<\/a><\/p><p class=\"x_MsoNormal\" aria-hidden=\"true\">\u00a0<\/p><p class=\"x_MsoNormal\"><strong>TVMAULE.CL\u00a0<\/strong><\/p><p class=\"x_MsoNormal\"><a href=\"https:\/\/www.tvmaule.cl\/agroclimatologo-no-descarta-intensas-olas-de-calor-en-la-zona-central-el-proximo-verano\/\">Agroclimat\u00f3logo no descarta intensas olas de calor en la zona central el pr\u00f3ximo verano. Se refiere Patricio Gonz\u00e1lez, acad\u00e9mico del Centro de Investigaci\u00f3n y Transferencia en Riego y Agroclimatolog\u00eda (CITRA).\u00a0<\/a><\/p><p class=\"x_MsoNormal\" aria-hidden=\"true\">\u00a0<\/p><p class=\"x_MsoNormal\"><strong>CENTROSURNOTICIAS.CL\u00a0<\/strong><\/p><p class=\"x_MsoNormal\"><a href=\"https:\/\/centrosurnoticias.cl\/no-descartan-intensas-olas-de-calor-en-la-zona-central-durante-el-proximo-verano\/\">No descartan intensas olas de calor para el pr\u00f3ximo verano. Se refiere Patricio Gonz\u00e1lez, acad\u00e9mico del Centro de Investigaci\u00f3n y Transferencia en Riego y Agroclimatolog\u00eda (CITRA).\u00a0<\/a><\/p><p class=\"x_MsoNormal\" aria-hidden=\"true\">\u00a0<\/p><p class=\"x_MsoNormal\"><strong>G5NOTICIAS.CL\u00a0<\/strong><\/p><p class=\"x_MsoNormal\"><a href=\"https:\/\/g5noticias.cl\/2022\/08\/02\/no-descartan-intensas-olas-de-calor-en-la-zona-central-durante-el-proximo-verano\/\">No descartan intensas olas de calor en la zona central durante el pr\u00f3ximo verano. Se refiere Patricio Gonz\u00e1lez, acad\u00e9mico del Centro de Investigaci\u00f3n y Transferencia en Riego y Agroclimatolog\u00eda (CITRA).\u00a0<\/a><\/p><p class=\"x_MsoNormal\" aria-hidden=\"true\">\u00a0<\/p><p class=\"x_MsoNormal\"><strong>RADIO FUTURO\u00a0<\/strong><\/p><p class=\"x_MsoNormal\"><a href=\"https:\/\/www.litoralpress.cl\/sitio\/RadioTV_Detalles.cshtml?LPKey=SIAF7BDM73TXESAMOJTXJQOHUN3YFADLV4MO3O3XK7E7LJZCWB75UHJ3EI7C7IEMQBP3AXDLR3D6A\">Entrevista a Arcadio Cerda, acad\u00e9mico de la Facultad de Econom\u00eda y Negocios (FEN).\u00a0<\/a><\/p><p class=\"x_MsoNormal\">\u00a0<\/p><p class=\"x_MsoNormal\"><strong>FUTURO.CL\u00a0<\/strong><\/p><p class=\"x_MsoNormal\"><a href=\"https:\/\/www.futuro.cl\/2022\/08\/economista-de-la-utalca-vemos-que-esa-tendencia-de-crecimiento-era-por-la-base-comparativa-baja\/\">Economista de la UTalca: \u201cVemos que esa tendencia de crecimiento era por la base comparativa baja\u201d. Se refiere Arcadio Cerda, acad\u00e9mico de la Facultad de Econom\u00eda y Negocios (FEN).\u00a0<\/a><\/p><p class=\"x_MsoNormal\">\u00a0<\/p><p class=\"x_MsoNormal\"><strong>RADIO NUEVO MUNDO\u00a0<\/strong><\/p><p class=\"x_MsoNormal\"><a href=\"https:\/\/www.litoralpress.cl\/sitio\/RadioTV_Detalles.cshtml?LPKey=5MZVHZ57H4MGQ4TJZUB2WPXEC7S6W7TMAQ2JCVFPQ232DCCG3NBXDP373ZDUSNEYRKJAKOZERAV5O\">Entrevista a Mar\u00eda Ignacia Sandoval, investigadora del Centro de Estudios Constitucionales de Chile (CECOCH).\u00a0<\/a><\/p><p class=\"x_MsoNormal\">\u00a0<\/p><p class=\"x_MsoNormal\"><strong>24HORAS.CL\u00a0<\/strong><\/p><p class=\"x_MsoNormal\"><a href=\"https:\/\/www.24horas.cl\/proceso-constituyente\/que-dice-la-propuesta-constitucional-sobre-propiedad-y-expropiacion\">\u00bfQu\u00e9 dice la propuesta constitucional sobre propiedad y expropiaci\u00f3n? Se refiere Mario Herrera, acad\u00e9mico del Centro de An\u00e1lisis Pol\u00edtico (CAP).\u00a0<\/a><\/p><p class=\"x_MsoNormal\">\u00a0<\/p><p class=\"x_MsoNormal\"><strong>TVMAULE.CL\u00a0<\/strong><\/p><p class=\"x_MsoNormal\"><a href=\"https:\/\/www.tvmaule.cl\/con-charlas-se-informo-sobre-nuevas-tecnologias-en-torno-a-la-digitalizacion-y-automatizacion-de-las-pymes\/\">Con charlas se inform\u00f3 sobre nuevas tecnolog\u00edas en torno a la digitalizaci\u00f3n y automatizaci\u00f3n de las Pymes. \u00a0<\/a><\/p><p class=\"x_MsoNormal\">\u00a0<\/p><p class=\"x_MsoNormal\"><strong>ELMAULEINFORMA.CL\u00a0<\/strong><\/p><p class=\"x_MsoNormal\"><a href=\"https:\/\/elmauleinforma.cl\/ciclo-de-charlas-informo-sobre-nuevas-tecnologias-en-torno-a-la-digitalizacion-y-automatizacion\/\">Ciclo de charlas inform\u00f3 sobre nuevas tecnolog\u00edas en torno a la digitalizaci\u00f3n y automatizaci\u00f3n.\u00a0<\/a><\/p><p class=\"x_MsoNormal\">\u00a0<\/p>\t\t\t\t\t\t<\/div>\n\t\t\t\t<\/div>\n\t\t\t\t\t<\/div>\n\t\t<\/div>\n\t\t\t\t\t\t\t<\/div>\n\t\t<\/section>\n\t\t\t\t\t\t<\/div>\n\t\t\t\t\t<\/div>\n\t\t","protected":false},"excerpt":{"rendered":"<p>PORTALEDUCACION.CL\u00a0 UTalca realiz\u00f3 encuentro nacional de la Red Universitaria de Educaci\u00f3n Continua. Se refieren Cristi\u00e1n Rojas, vicerrector Acad\u00e9mico y Paula Manr\u00edquez, vicerrectora de Pregrado.\u00a0 \u00a0 RADIO DE CARABINEROS DE CHILE\u00a0 Entrevista a Paula Contreras, acad\u00e9mica de la Escuela de Nutrici\u00f3n y Diet\u00e9tica. \u00a0 \u00a0 RADIO LAUTARO\u00a0 Entrevista a Marjorie Medel, acad\u00e9mica de la Escuela de &hellip;<\/p>\n<p class=\"read-more\"> <a class=\"\" href=\"https:\/\/www.reportedeprensa.utalca.cl\/?p=4591\"> <span class=\"screen-reader-text\">03 de agosto de 2022<\/span> Read More &raquo;<\/a><\/p>\n","protected":false},"author":1,"featured_media":0,"comment_status":"closed","ping_status":"open","sticky":false,"template":"","format":"standard","meta":{"_monsterinsights_skip_tracking":false,"_monsterinsights_sitenote_active":false,"_monsterinsights_sitenote_note":"","_monsterinsights_sitenote_category":0},"categories":[24],"tags":[],"_links":{"self":[{"href":"https:\/\/www.reportedeprensa.utalca.cl\/index.php?rest_route=\/wp\/v2\/posts\/4591"}],"collection":[{"href":"https:\/\/www.reportedeprensa.utalca.cl\/index.php?rest_route=\/wp\/v2\/posts"}],"about":[{"href":"https:\/\/www.reportedeprensa.utalca.cl\/index.php?rest_route=\/wp\/v2\/types\/post"}],"author":[{"embeddable":true,"href":"https:\/\/www.reportedeprensa.utalca.cl\/index.php?rest_route=\/wp\/v2\/users\/1"}],"replies":[{"embeddable":true,"href":"https:\/\/www.reportedeprensa.utalca.cl\/index.php?rest_route=%2Fwp%2Fv2%2Fcomments&post=4591"}],"version-history":[{"count":4,"href":"https:\/\/www.reportedeprensa.utalca.cl\/index.php?rest_route=\/wp\/v2\/posts\/4591\/revisions"}],"predecessor-version":[{"id":4595,"href":"https:\/\/www.reportedeprensa.utalca.cl\/index.php?rest_route=\/wp\/v2\/posts\/4591\/revisions\/4595"}],"wp:attachment":[{"href":"https:\/\/www.reportedeprensa.utalca.cl\/index.php?rest_route=%2Fwp%2Fv2%2Fmedia&parent=4591"}],"wp:term":[{"taxonomy":"category","embeddable":true,"href":"https:\/\/www.reportedeprensa.utalca.cl\/index.php?rest_route=%2Fwp%2Fv2%2Fcategories&post=4591"},{"taxonomy":"post_tag","embeddable":true,"href":"https:\/\/www.reportedeprensa.utalca.cl\/index.php?rest_route=%2Fwp%2Fv2%2Ftags&post=4591"}],"curies":[{"name":"wp","href":"https:\/\/api.w.org\/{rel}","templated":true}]}}