{"id":4609,"date":"2022-08-04T09:58:28","date_gmt":"2022-08-04T12:58:28","guid":{"rendered":"https:\/\/www.reportedeprensa.utalca.cl\/?p=4609"},"modified":"2022-08-04T10:01:11","modified_gmt":"2022-08-04T13:01:11","slug":"04-de-agosto-de-2022","status":"publish","type":"post","link":"https:\/\/www.reportedeprensa.utalca.cl\/?p=4609","title":{"rendered":"04 de agosto de 2022"},"content":{"rendered":"\t\t<div data-elementor-type=\"wp-post\" data-elementor-id=\"4609\" class=\"elementor elementor-4609\" data-elementor-settings=\"[]\">\n\t\t\t\t\t\t\t<div class=\"elementor-section-wrap\">\n\t\t\t\t\t\t\t<section class=\"elementor-section elementor-top-section elementor-element elementor-element-44052ab7 elementor-section-boxed elementor-section-height-default elementor-section-height-default\" data-id=\"44052ab7\" data-element_type=\"section\">\n\t\t\t\t\t\t<div class=\"elementor-container elementor-column-gap-default\">\n\t\t\t\t\t<div class=\"elementor-column elementor-col-100 elementor-top-column elementor-element elementor-element-5b002d83\" data-id=\"5b002d83\" data-element_type=\"column\">\n\t\t\t<div class=\"elementor-widget-wrap elementor-element-populated\">\n\t\t\t\t\t\t\t\t<div class=\"elementor-element elementor-element-477998b8 elementor-widget elementor-widget-text-editor\" data-id=\"477998b8\" data-element_type=\"widget\" data-widget_type=\"text-editor.default\">\n\t\t\t\t<div class=\"elementor-widget-container\">\n\t\t\t\t\t\t\t\t<p class=\"x_MsoNormal\"><strong>LA TERCERA\u00a0<\/strong><\/p><p class=\"x_MsoNormal\"><a href=\"https:\/\/www.litoralpress.cl\/sitio\/Prensa_PaginaCompleta.cshtml?LPKey=X4MZEGEARJ2KM3WKMGCYAVCVYVFFZMI6J5RNVTRZPZN7ZYP4Q4SQ\">Rector\u00edas de universidades chilenas toman nuevos aires y se rejuvenecen hasta en 24 a\u00f1os. \u00a0<\/a><\/p><p class=\"x_MsoNormal\">\u00a0<\/p><p class=\"x_MsoNormal\"><strong>LATERCERA.COM\u00a0<\/strong><\/p><p class=\"x_MsoNormal\"><a href=\"https:\/\/www.latercera.com\/nacional\/noticia\/rectorias-de-universidades-chilenas-toman-nuevos-aires-y-se-rejuvenecen-hasta-en-24-anos\/AKVBEG3KMRC6PKQSGQCVSPVJ7A\/\">Rector\u00edas de universidades chilenas toman nuevos aires y se rejuvenecen hasta en 24 a\u00f1os. \u00a0<\/a><\/p><p class=\"x_MsoNormal\">\u00a0<\/p><p class=\"x_MsoNormal\"><strong>EL HERALDO\u00a0<\/strong><\/p><p class=\"x_MsoNormal\"><a href=\"https:\/\/www.litoralpress.cl\/paginaconsultas\/Servicios_NClipSitio\/Get_Imagen_Nota.aspx?LPKey=2B4WI7DQUU7YNRNUK75JVALH7MK7THZIQOKB7QQ47SYDF5DPJ6QQ6LK3WCNL77WW346D5ZKGUDXOE\">UTalca realiz\u00f3 encuentro nacional de la Red Universitaria de Educaci\u00f3n Continua. Se refieren Cristi\u00e1n Rojas, vicerrector Acad\u00e9mico y Paula Manr\u00edquez, vicerrector de Pregrado.\u00a0<\/a><\/p><p class=\"x_MsoNormal\">\u00a0<\/p><p class=\"x_MsoNormal\"><strong>LA PRENSA\u00a0<\/strong><\/p><p class=\"x_MsoNormal\"><a href=\"https:\/\/www.litoralpress.cl\/paginaconsultas\/Servicios_NClipSitio\/Get_Imagen_Nota.aspx?LPKey=FBR6KKNLSDPCXSGIJ7WIXNUM5TI2UOQ5BSMK6C2XTA4BVZFL5HCYFEW25KXAULDTY2LQNVF3D22B4\">UTalca acogi\u00f3 encuentro de la Red Universitaria de Educaci\u00f3n Continua. Se refiere Cristi\u00e1n Rojas, vicerrector Acad\u00e9mico.\u00a0<\/a><\/p><p class=\"x_MsoNormal\">\u00a0<\/p><p class=\"x_MsoNormal\"><strong>EL LECTOR\u00a0<\/strong><\/p><p class=\"x_MsoNormal\"><a href=\"https:\/\/www.litoralpress.cl\/paginaconsultas\/Servicios_NClipSitio\/Get_Imagen_Nota.aspx?LPKey=KNSQW6GVPLYC3RH37AYJ4VCX4GEJVRLQ6Y55PVNLAMWLJ3ML6HAS2BZHJZRTUDDS74P44Y6OKV24M\">UTalca realiz\u00f3 encuentro nacional de la Red Universitaria de Educaci\u00f3n Continua. Se refieren Cristi\u00e1n Rojas, vicerrector Acad\u00e9mico y Paula Manr\u00edquez, vicerrector de Pregrado.\u00a0<\/a><\/p><p class=\"x_MsoNormal\">\u00a0<\/p><p class=\"x_MsoNormal\"><strong>DIARIOELHERALDO.CL\u00a0<\/strong><\/p><p class=\"x_MsoNormal\"><a href=\"http:\/\/www.diarioelheraldo.cl\/noticia\/utalca-realizo-encuentro-nacional-de-la-red-universitaria-de-educacion-continua\">UTalca realiz\u00f3 encuentro nacional de la Red Universitaria de Educaci\u00f3n Continua. Se refieren Cristi\u00e1n Rojas, vicerrector Acad\u00e9mico y Paula Manr\u00edquez, vicerrector de Pregrado.\u00a0<\/a><\/p><p class=\"x_MsoNormal\" aria-hidden=\"true\">\u00a0<\/p><p class=\"x_MsoNormal\"><strong>CANAL TVN \u00a0<\/strong><\/p><p class=\"x_MsoNormal\"><a href=\"https:\/\/www.litoralpress.cl\/sitio\/RadioTV_Detalles.cshtml?LPKey=FUPYPEYEGKZBVBHUVBVSDYQJSUHDP5RVX4SIV7GB3WSWIMGBNJGRMA3LYSMHV43QMRIQSK4IHMTVU\">Buscan eliminar pena de muerte por traici\u00f3n a la patria. Se refiere Ra\u00fal Carnevali, acad\u00e9mico de la Facultad de Ciencias Jur\u00eddicas y Sociales.\u00a0\u00a0\u00a0<\/a><\/p><p class=\"x_MsoNormal\">\u00a0<\/p><p class=\"x_MsoNormal\"><strong>CANAL 24 HORAS\u00a0<\/strong><\/p><p class=\"x_MsoNormal\"><a href=\"https:\/\/www.litoralpress.cl\/sitio\/RadioTV_Detalles.cshtml?LPKey=5R7ANYUY4LH4CILLDZF2DJUY4W2PNL2QENQYXMP3V7PNVFL7I5URMXE5IPYK25A3IZQDEE5V5JHLG\">Buscan eliminar pena de muerte por traici\u00f3n a la patria. Se refiere Ra\u00fal Carnevali, acad\u00e9mico de la Facultad de Ciencias Jur\u00eddicas y Sociales.\u00a0\u00a0\u00a0<\/a><\/p><p class=\"x_MsoNormal\">\u00a0<\/p><p class=\"x_MsoNormal\"><strong>PUBLIMETRO\u00a0<\/strong><\/p><p class=\"x_MsoNormal\"><a href=\"https:\/\/www.litoralpress.cl\/paginaconsultas\/Servicios_NClipSitio\/Get_Imagen_Nota.aspx?LPKey=G6TB6GJG25WJNOIF6CMOVVBRZ5MHD5N37XNCTASTFELPPS5NJWK3CTWNNTSJRP2IIWZNEM6Z5WUEY\">Mapuche eligen autonom\u00eda y multiculturalidad m\u00e1s que plurinacionalidad. Se refiere Dany Jaimovich, acad\u00e9mico de la Facultad de Econom\u00eda y Negocios (FEN).\u00a0<\/a><\/p><p class=\"x_MsoNormal\">\u00a0<\/p><p class=\"x_MsoNormal\"><strong>ADPRENSA.CL\u00a0<\/strong><\/p><p class=\"x_MsoNormal\"><a href=\"https:\/\/www.adprensa.cl\/cronica\/analizan-desafios-para-disminuir-la-congestion-vehicular-en-carreteras\/\">Analizan desaf\u00edos para disminuir la congesti\u00f3n vehicular en carreteras. Se refiere Jorge Bravo, acad\u00e9mico de la Escuela de Ingenier\u00eda Civil en Obras Civiles. \u00a0<\/a><\/p><p class=\"x_MsoNormal\">\u00a0<\/p><p class=\"x_MsoNormal\"><strong>CANAL TV O\u00b4HIGGINS\u00a0<\/strong><\/p><p class=\"x_MsoNormal\"><a href=\"https:\/\/www.litoralpress.cl\/sitio\/RadioTV_Detalles.cshtml?LPKey=LIWZINBXXPROAVF4YWGYTUH7C7N7YI76XYUE2OHTUI7LBV7MPHO3SMM6RBRCBSZOOMBSZCPCQ4T7I\">Entrevista a Pablo Rojas, acad\u00e9mico de la Facultad de Ingenier\u00eda. \u00a0<\/a><\/p><p class=\"x_MsoNormal\">\u00a0<\/p><p class=\"x_MsoNormal\"><strong>CANAL ANTOFAGASTA TELEVISI\u00d3N\u00a0<\/strong><\/p><p class=\"x_MsoNormal\"><a href=\"https:\/\/www.litoralpress.cl\/sitio\/RadioTV_Detalles.cshtml?LPKey=TF77GSI6IDW655GRJZKLJLS4ZGF3PRQ7ZU2RXZAZO745KWSGNR2JGY3OUSHF4OUJQ6UMLQGSDDOMK\">Anunciaron posible ola de calor en regiones de la zona central el pr\u00f3ximo verano. Se refiere Patricio Gonz\u00e1lez, acad\u00e9mico del Centro de Investigaci\u00f3n y Transferencia en Riego y Agroclimatolog\u00eda (CITRA).\u00a0<\/a><\/p><p class=\"x_MsoNormal\">\u00a0<\/p><p class=\"x_MsoNormal\"><strong>RADIO AMIGA\u00a0<\/strong><\/p><p class=\"x_MsoNormal\"><a href=\"https:\/\/www.litoralpress.cl\/sitio\/RadioTV_Detalles.cshtml?LPKey=CJJX7CZNYNE3YQ7VE74SQDVLST5277W4RT2QOGFRL2DWLYKTKEILZVR2BHVOO477UGTCMM6AKBF5G\">Proyectan ola de calor para el verano en la zona central del pa\u00eds. Se refiere Patricio Gonz\u00e1lez, acad\u00e9mico del Centro de Investigaci\u00f3n y Transferencia en Riego y Agroclimatolog\u00eda (CITRA).\u00a0<\/a><\/p><p class=\"x_MsoNormal\">\u00a0<\/p><p class=\"x_MsoNormal\"><strong>RADIO LAUTARO\u00a0<\/strong><\/p><p class=\"x_MsoNormal\"><a href=\"https:\/\/www.litoralpress.cl\/sitio\/RadioTV_Detalles.cshtml?LPKey=NXKKIOJO2F4N2PLMAMPQIPXVJ4ZWKOTYDJGROQ64WPXY2HTDTRL3EB7O3RSME6KXI5YL76PVZMEUY\">Entrevista a Jimena Novoa, directora de la Cl\u00ednica Jur\u00eddica. \u00a0<\/a><\/p><p class=\"x_MsoNormal\">\u00a0<\/p><p class=\"x_MsoNormal\"><strong>PUBLIMETRO\u00a0<\/strong><\/p><p class=\"x_MsoNormal\"><a href=\"https:\/\/www.litoralpress.cl\/paginaconsultas\/Servicios_NClipSitio\/Get_Imagen_Nota.aspx?LPKey=S7BAFHL6WXPWFUYVWSYKVZ5LBZS7XVPW4JSUQLGXJCULEKC7HCRUPGK5G2VR7YNM3UWYCHGPICSYG\">Universitarios crean propuesta para monitoreo de incendios forestales con lA y 5G. Se menciona a Patricio Jim\u00e9nez, estudiante de la UTalca.\u00a0<\/a><\/p><p class=\"x_MsoNormal\">\u00a0<\/p><p class=\"x_MsoNormal\"><strong>CANAL TV5 LINARES\u00a0<\/strong><\/p><p class=\"x_MsoNormal\"><a href=\"https:\/\/www.litoralpress.cl\/sitio\/RadioTV_Detalles.cshtml?LPKey=2J7QJRMHF5K2XNPY3ZRQ6DB6YVHD5JR3SFELQRZYM6EB2UONMJ25QUP5F27T4RVA5JV7UUJ2D4W32\">Fake news en proceso plebiscito. Se refiere Rodrigo Bustamante, director de Seguridad Inform\u00e1tica. \u00a0<\/a><\/p><p class=\"x_MsoNormal\">\u00a0<\/p><p class=\"x_MsoNormal\"><strong>LA SEGUNDA\u00a0<\/strong><\/p><p class=\"x_MsoNormal\"><a href=\"https:\/\/www.litoralpress.cl\/paginaconsultas\/Servicios_NClipSitio\/Get_Imagen_Nota.aspx?LPKey=MDXOIYHJU77XOUTJFZQSFNEAINNZBW5GHXXKTCCJRILKCXYMGRXNOREDHYKGJL2OAC25H4BUOZOXS\">Encuest\u00f3logos: El Apruebo le puede torcer el brazo al Rechazo a \u00faltima hora. Se refiere Mauricio Morales, director del Centro de An\u00e1lisis Pol\u00edtico (CAP).\u00a0<\/a><\/p><p class=\"x_MsoNormal\">\u00a0<\/p><p class=\"x_MsoNormal\"><strong>RADIO INFINITA\u00a0<\/strong><\/p><p class=\"x_MsoNormal\"><a href=\"https:\/\/www.litoralpress.cl\/sitio\/RadioTV_Detalles.cshtml?LPKey=GGOA4MUWIEBIMLA3LPROQAMVV3AS4H36WIN3MKEIORUSOAJEATJNM3VPNHW6MNHXJDDMUJSHJIXZW\">Comentario de Mauricio Morales, director del Centro de An\u00e1lisis Pol\u00edtico (CAP).\u00a0<\/a><\/p><p class=\"x_MsoNormal\">\u00a0<\/p><p class=\"x_MsoNormal\"><strong>EL MERCURIO\u00a0<\/strong><\/p><p class=\"x_MsoNormal\"><a href=\"https:\/\/www.litoralpress.cl\/paginaconsultas\/Servicios_NClipSitio\/Get_Imagen_Nota.aspx?LPKey=TT363YOBR56BGWWIAU2BPQF7RWNYONFZCCOSNEFYQHSWQFKJEWJ6XYJ7GL5CHXMQ3MIC4SISDULKA\">Los 115 a\u00f1os de Oreste Plath y el anhelo de un museo para el folclor. Se menciona a la UTalca.\u00a0<\/a><\/p><p class=\"x_MsoNormal\">\u00a0<\/p>\t\t\t\t\t\t<\/div>\n\t\t\t\t<\/div>\n\t\t\t\t\t<\/div>\n\t\t<\/div>\n\t\t\t\t\t\t\t<\/div>\n\t\t<\/section>\n\t\t\t\t\t\t<\/div>\n\t\t\t\t\t<\/div>\n\t\t","protected":false},"excerpt":{"rendered":"<p>LA TERCERA\u00a0 Rector\u00edas de universidades chilenas toman nuevos aires y se rejuvenecen hasta en 24 a\u00f1os. \u00a0 \u00a0 LATERCERA.COM\u00a0 Rector\u00edas de universidades chilenas toman nuevos aires y se rejuvenecen hasta en 24 a\u00f1os. \u00a0 \u00a0 EL HERALDO\u00a0 UTalca realiz\u00f3 encuentro nacional de la Red Universitaria de Educaci\u00f3n Continua. Se refieren Cristi\u00e1n Rojas, vicerrector Acad\u00e9mico y &hellip;<\/p>\n<p class=\"read-more\"> <a class=\"\" href=\"https:\/\/www.reportedeprensa.utalca.cl\/?p=4609\"> <span class=\"screen-reader-text\">04 de agosto de 2022<\/span> Read More &raquo;<\/a><\/p>\n","protected":false},"author":1,"featured_media":0,"comment_status":"closed","ping_status":"open","sticky":false,"template":"","format":"standard","meta":{"_monsterinsights_skip_tracking":false,"_monsterinsights_sitenote_active":false,"_monsterinsights_sitenote_note":"","_monsterinsights_sitenote_category":0},"categories":[24],"tags":[],"_links":{"self":[{"href":"https:\/\/www.reportedeprensa.utalca.cl\/index.php?rest_route=\/wp\/v2\/posts\/4609"}],"collection":[{"href":"https:\/\/www.reportedeprensa.utalca.cl\/index.php?rest_route=\/wp\/v2\/posts"}],"about":[{"href":"https:\/\/www.reportedeprensa.utalca.cl\/index.php?rest_route=\/wp\/v2\/types\/post"}],"author":[{"embeddable":true,"href":"https:\/\/www.reportedeprensa.utalca.cl\/index.php?rest_route=\/wp\/v2\/users\/1"}],"replies":[{"embeddable":true,"href":"https:\/\/www.reportedeprensa.utalca.cl\/index.php?rest_route=%2Fwp%2Fv2%2Fcomments&post=4609"}],"version-history":[{"count":4,"href":"https:\/\/www.reportedeprensa.utalca.cl\/index.php?rest_route=\/wp\/v2\/posts\/4609\/revisions"}],"predecessor-version":[{"id":4613,"href":"https:\/\/www.reportedeprensa.utalca.cl\/index.php?rest_route=\/wp\/v2\/posts\/4609\/revisions\/4613"}],"wp:attachment":[{"href":"https:\/\/www.reportedeprensa.utalca.cl\/index.php?rest_route=%2Fwp%2Fv2%2Fmedia&parent=4609"}],"wp:term":[{"taxonomy":"category","embeddable":true,"href":"https:\/\/www.reportedeprensa.utalca.cl\/index.php?rest_route=%2Fwp%2Fv2%2Fcategories&post=4609"},{"taxonomy":"post_tag","embeddable":true,"href":"https:\/\/www.reportedeprensa.utalca.cl\/index.php?rest_route=%2Fwp%2Fv2%2Ftags&post=4609"}],"curies":[{"name":"wp","href":"https:\/\/api.w.org\/{rel}","templated":true}]}}