{"id":4621,"date":"2022-08-05T09:51:08","date_gmt":"2022-08-05T12:51:08","guid":{"rendered":"https:\/\/www.reportedeprensa.utalca.cl\/?p=4621"},"modified":"2022-08-05T09:56:00","modified_gmt":"2022-08-05T12:56:00","slug":"05-de-agosto-de-2022","status":"publish","type":"post","link":"https:\/\/www.reportedeprensa.utalca.cl\/?p=4621","title":{"rendered":"05 de agosto de 2022"},"content":{"rendered":"\t\t<div data-elementor-type=\"wp-post\" data-elementor-id=\"4621\" class=\"elementor elementor-4621\" data-elementor-settings=\"[]\">\n\t\t\t\t\t\t\t<div class=\"elementor-section-wrap\">\n\t\t\t\t\t\t\t<section class=\"elementor-section elementor-top-section elementor-element elementor-element-44052ab7 elementor-section-boxed elementor-section-height-default elementor-section-height-default\" data-id=\"44052ab7\" data-element_type=\"section\">\n\t\t\t\t\t\t<div class=\"elementor-container elementor-column-gap-default\">\n\t\t\t\t\t<div class=\"elementor-column elementor-col-100 elementor-top-column elementor-element elementor-element-5b002d83\" data-id=\"5b002d83\" data-element_type=\"column\">\n\t\t\t<div class=\"elementor-widget-wrap elementor-element-populated\">\n\t\t\t\t\t\t\t\t<div class=\"elementor-element elementor-element-477998b8 elementor-widget elementor-widget-text-editor\" data-id=\"477998b8\" data-element_type=\"widget\" data-widget_type=\"text-editor.default\">\n\t\t\t\t<div class=\"elementor-widget-container\">\n\t\t\t\t\t\t\t\t<p class=\"x_MsoNormal\"><strong>ADPRENSA.CL\u00a0<\/strong><\/p><p class=\"x_MsoNormal\"><a href=\"https:\/\/www.adprensa.cl\/actividades-academicas\/economistas-detallan-cifras-sobre-estudio-que-estimo-costo-fiscal-que-generaria-implementacion-de-nueva-constitucion\/\">Economistas detallan cifras sobre estudio que estim\u00f3 costo fiscal que generar\u00eda implementaci\u00f3n de Nueva Constituci\u00f3n. Se refieren Andrea Bentancor, acad\u00e9mica de la Facultad de Econom\u00eda y Negocios (FEN), Carlos Torres, rector de la UTalca y Rodrigo Herrera, decano de la FEN.\u00a0<\/a><\/p><p class=\"x_MsoNormal\">\u00a0<\/p><p class=\"x_MsoNormal\"><strong>DIARIOLAPRENSA.CL\u00a0<\/strong><\/p><p class=\"x_MsoNormal\"><a href=\"https:\/\/new.diariolaprensa.cl\/index.php\/2022\/08\/05\/implementacion-de-la-nueva-constitucion-significaria-un-elevado-costo-para-el-fisco\/\">Implementaci\u00f3n de la nueva Constituci\u00f3n significar\u00eda un elevado costo para el fisco. Se refieren Andrea Bentancor, acad\u00e9mica de la Facultad de Econom\u00eda y Negocios (FEN), Carlos Torres, rector de la UTalca y Rodrigo Herrera, decano de la FEN.\u00a0<\/a><\/p><p class=\"x_MsoNormal\">\u00a0<\/p><p class=\"x_MsoNormal\"><strong>ELCENTRO.CL\u00a0<\/strong><\/p><p class=\"x_MsoNormal\"><a href=\"https:\/\/elcentro.cl\/2022\/08\/04\/economistas-detallan-cifras-sobre-estudio-que-estimo-costo-fiscal-que-generaria-implementacion-de-nueva-constitucion\/\">Economistas detallan cifras sobre estudio que estim\u00f3 costo fiscal que generar\u00eda implementaci\u00f3n de Nueva Constituci\u00f3n. Se refieren Andrea Bentancor, acad\u00e9mica de la Facultad de Econom\u00eda y Negocios (FEN), Carlos Torres, rector de la UTalca y Rodrigo Herrera, decano de la FEN.\u00a0<\/a><\/p><p class=\"x_MsoNormal\" aria-hidden=\"true\">\u00a0<\/p><p class=\"x_MsoNormal\"><strong>ELMAULEINFORMA.CL\u00a0<\/strong><\/p><p class=\"x_MsoNormal\"><a href=\"https:\/\/elmauleinforma.cl\/economistas-detallan-cifras-sobre-estudio-que-estimo-costo-fiscal-que-generaria-implementacion-de-nueva-constitucion\/\">Economistas detallan cifras sobre estudio que estim\u00f3 costo fiscal que generar\u00eda implementaci\u00f3n de Nueva Constituci\u00f3n. Se refieren Andrea Bentancor, acad\u00e9mica de la Facultad de Econom\u00eda y Negocios (FEN), Carlos Torres, rector de la UTalca y Rodrigo Herrera, decano de la FEN.\u00a0<\/a><\/p><p class=\"x_MsoNormal\" aria-hidden=\"true\">\u00a0<\/p><p class=\"x_MsoNormal\"><strong>G5NOTICIAS.CL\u00a0<\/strong><\/p><p class=\"x_MsoNormal\"><a href=\"https:\/\/g5noticias.cl\/2022\/08\/04\/economistas-detallan-cifras-sobre-estudio-que-estimo-costo-fiscal-que-generaria-implementacion-de-nueva-constitucion\/\">Economistas detallan cifras sobre estudio que estim\u00f3 costo fiscal que generar\u00eda implementaci\u00f3n de Nueva Constituci\u00f3n. Se refieren Andrea Bentancor, acad\u00e9mica de la Facultad de Econom\u00eda y Negocios (FEN), Carlos Torres, rector de la UTalca y Rodrigo Herrera, decano de la FEN.\u00a0<\/a><\/p><p class=\"x_MsoNormal\" aria-hidden=\"true\">\u00a0<\/p><p class=\"x_MsoNormal\"><strong>ELMOSTRADOR.CL\u00a0<\/strong><\/p><p class=\"x_MsoNormal\"><a href=\"https:\/\/www.elmostrador.cl\/generacion-m\/2022\/08\/04\/analizan-desafios-para-disminuir-la-congestion-vehicular-en-carreteras\/\">Analizan desaf\u00edos para disminuir la congesti\u00f3n vehicular en carreteras. Se refiere Jorge Bravo, acad\u00e9mico de la Escuela de Ingenier\u00eda Civil en Obras Civiles. \u00a0<\/a><\/p><p class=\"x_MsoNormal\">\u00a0<\/p><p class=\"x_MsoNormal\"><strong>G5NOTICIAS.CL\u00a0<\/strong><\/p><p class=\"x_MsoNormal\"><a href=\"https:\/\/g5noticias.cl\/2022\/08\/04\/analizan-desafios-para-disminuir-la-congestion-vehicular-en-carreteras\/\">Analizan desaf\u00edos para disminuir la congesti\u00f3n vehicular en carreteras. Se refiere Jorge Bravo, acad\u00e9mico de la Escuela de Ingenier\u00eda Civil en Obras Civiles.\u00a0<\/a><\/p><p class=\"x_MsoNormal\" aria-hidden=\"true\">\u00a0<\/p><p class=\"x_MsoNormal\"><strong>ELMOSTRADOR.CL\u00a0<\/strong><\/p><p class=\"x_MsoNormal\"><a href=\"https:\/\/www.elmostrador.cl\/braga\/2022\/08\/04\/participacion-electoral-femenina-aumenta-en-un-9-en-los-ultimos-ocho-anos\/\">Participaci\u00f3n electoral femenina aumenta en un 9% en los \u00faltimos ocho a\u00f1os. Se refiere Paulo Cox, acad\u00e9mico de la Facultad de Econom\u00eda y Negocios (FEN).\u00a0<\/a><\/p><p class=\"x_MsoNormal\">\u00a0<\/p><p class=\"x_MsoNormal\"><strong>CHILEESNOTICIA.COM\u00a0<\/strong><\/p><p class=\"x_MsoNormal\"><a href=\"https:\/\/chileesnoticia.com\/2022\/08\/04\/participacion-electoral-femenina-aumenta-en-un-9-en-los-ultimos-ocho-anos\/\">Participaci\u00f3n electoral femenina aumenta en un 9% en los \u00faltimos ocho a\u00f1os. Se refiere Paulo Cox, acad\u00e9mico de la Facultad de Econom\u00eda y Negocios (FEN).\u00a0<\/a><\/p><p class=\"x_MsoNormal\">\u00a0<\/p><p class=\"x_MsoNormal\"><strong>EMOL.COM\u00a0<\/strong><\/p><p class=\"x_MsoNormal\"><a href=\"https:\/\/www.emol.com\/noticias\/Economia\/2022\/08\/04\/1068852\/robo-madera-impacto-economia-sectores.html\">La &#8220;explosi\u00f3n&#8221; del robo de madera en Chile: Su impacto en diversas industrias y el golpe a la econom\u00eda en su conjunto. Se refiere Rodrigo Saens, acad\u00e9mico de la Facultad de Econom\u00eda y Negocios (FEN).\u00a0<\/a><\/p><p class=\"x_MsoNormal\">\u00a0<\/p><p class=\"x_MsoNormal\"><strong>CANAL TVN RED MAULE\u00a0<\/strong><\/p><p class=\"x_MsoNormal\"><a href=\"https:\/\/www.litoralpress.cl\/sitio\/RadioTV_Detalles.cshtml?LPKey=B6MNV5NN2X37VK23F7P2HW2KZNAWKIMKMIDIFRVYKPHCYCVQI2ZKM6WTEGEDM7UTINTEJVSGUSHD4\">D\u00eda del Ni\u00f1o y Ni\u00f1a reactiva la econom\u00eda. Se refiere Arcadio Cerda, acad\u00e9mico de la Facultad de Econom\u00eda y Negocios (FEN).\u00a0<\/a><\/p><p class=\"x_MsoNormal\">\u00a0<\/p><p class=\"x_MsoNormal\"><strong>RADIO INICIA\u00a0<\/strong><\/p><p class=\"x_MsoNormal\"><a href=\"https:\/\/www.litoralpress.cl\/sitio\/RadioTV_Detalles.cshtml?LPKey=BRQABWKNUQP767VYYV63OABO76LJKCQCCDAITX62PRJNRVKMSJNR7DAMTK6YZNJXCISKZNLFXIM6A\">Entrevista a Francisco Rivas, director de la Escuela de Ingenier\u00eda Civil de Minas.\u00a0<\/a><\/p><p class=\"x_MsoNormal\" aria-hidden=\"true\">\u00a0<\/p><p class=\"x_MsoNormal\"><strong>ELURBANORURAL.CL\u00a0<\/strong><\/p><p class=\"x_MsoNormal\"><a href=\"http:\/\/elurbanorural.cl\/diputada-carla-morales-y-el-cuidado-de-los-nna-con-tea-tenemos-que-potenciar-la-educacion-empatizada\/\">Diputada Carla Morales y el cuidado de los NNA con TEA: \u201cTenemos que potenciar la educaci\u00f3n empatizada\u201d. Se menciona a Carlos Gonz\u00e1lez, acad\u00e9mico de la Facultad de Ciencias de la Salud.\u00a0<\/a><\/p><p class=\"x_MsoNormal\">\u00a0<\/p><p class=\"x_MsoNormal\"><strong>RADIONUEVOMUNDO.CL\u00a0<\/strong><\/p><p class=\"x_MsoNormal\"><a href=\"https:\/\/radionuevomundo.cl\/2022\/08\/05\/abogada-maria-ignacia-sandoval-el-derecho-a-la-propiedad-el-texto-lo-consagra-en-todas-sus-especies-y-el-derecho-a-la-vivienda-esta-bajo-ese-paraguas\/\">Abogada Mar\u00eda Ignacia Sandoval: \u201cEl derecho a la propiedad el texto lo consagra en todas sus especies y el derecho a la vivienda est\u00e1 bajo ese paraguas\u201d. Se refiere acad\u00e9mica del Centro de Estudios Constitucionales de Chile (CECOCH).\u00a0<\/a><\/p><p class=\"x_MsoNormal\">\u00a0<\/p><p class=\"x_MsoNormal\"><strong>EL TIP\u00d3GRAFO\u00a0<\/strong><\/p><p class=\"x_MsoNormal\"><a href=\"https:\/\/www.litoralpress.cl\/paginaconsultas\/Servicios_NClipSitio\/Get_Imagen_Nota.aspx?LPKey=IPX7TYGPYMCCLSWZIEXX2A42GW4AJDGAE6OTRKYOYZJUDDWC3LWFEELH7EHV7FD7EGNF432EQ6MXC\">Escenarios despu\u00e9s del plebiscito. Se refiere Mario Herrera, acad\u00e9mico del Centro de An\u00e1lisis Pol\u00edtico (CAP).\u00a0<\/a><\/p><p class=\"x_MsoNormal\">\u00a0<\/p><p class=\"x_MsoNormal\"><strong>TVMAULE.CL\u00a0<\/strong><\/p><p class=\"x_MsoNormal\"><a href=\"https:\/\/www.tvmaule.cl\/mall-portal-centro-invita-a-celebrar-el-dia-del-nino-con-entretenidas-actividades\/\">Mall Portal Centro invita a celebrar el D\u00eda del Ni\u00f1o con entretenidas actividades. Se menciona a Explora Maule. \u00a0<\/a><\/p><p class=\"x_MsoNormal\" aria-hidden=\"true\">\u00a0<\/p><p class=\"x_MsoNormal\"><strong>CENTROSURNOTICIAS.CL\u00a0<\/strong><\/p><p class=\"x_MsoNormal\"><a href=\"https:\/\/centrosurnoticias.cl\/dia-del-nino-mall-portal-centro-invita-a-celebrarlo-con-entretenidas-actividades\/\">Mall Portal Centro invita a celebrar el D\u00eda del Ni\u00f1o con entretenidas actividades. Se menciona a Explora Maule.\u00a0<\/a><\/p><p class=\"x_MsoNormal\" aria-hidden=\"true\">\u00a0<\/p><p class=\"x_MsoNormal\"><strong>ADPRENSA.CL\u00a0<\/strong><\/p><p class=\"x_MsoNormal\"><a href=\"https:\/\/www.adprensa.cl\/cronica\/utalca-invita-a-vivir-el-arte-en-el-dia-de-las-infancias\/\">UTalca invita a vivir el arte en el D\u00eda de las Infancias. Se refiere Marcela Albornoz, directora de Extensi\u00f3n Cultural-Art\u00edstica.\u00a0<\/a><\/p><p class=\"x_MsoNormal\">\u00a0<\/p><p class=\"x_MsoNormal\"><strong>CANAL TVN RED MAULE\u00a0<\/strong><\/p><p class=\"x_MsoNormal\"><a href=\"https:\/\/www.litoralpress.cl\/sitio\/RadioTV_Detalles.cshtml?LPKey=O3A75N6AQRQWVODBSGB4Z7PDNVCOT2EBSWJAPZA3FGC5JTRNG7GA3LJR727QUMRYHNEHPQXNKO2TW\">Obra &#8220;Rojo pasi\u00f3n, rojo sangre&#8221; en el Centro de Extensi\u00f3n de la U. de Talca.\u00a0<\/a><\/p><p class=\"x_MsoNormal\">\u00a0<\/p>\t\t\t\t\t\t<\/div>\n\t\t\t\t<\/div>\n\t\t\t\t\t<\/div>\n\t\t<\/div>\n\t\t\t\t\t\t\t<\/div>\n\t\t<\/section>\n\t\t\t\t\t\t<\/div>\n\t\t\t\t\t<\/div>\n\t\t","protected":false},"excerpt":{"rendered":"<p>ADPRENSA.CL\u00a0 Economistas detallan cifras sobre estudio que estim\u00f3 costo fiscal que generar\u00eda implementaci\u00f3n de Nueva Constituci\u00f3n. Se refieren Andrea Bentancor, acad\u00e9mica de la Facultad de Econom\u00eda y Negocios (FEN), Carlos Torres, rector de la UTalca y Rodrigo Herrera, decano de la FEN.\u00a0 \u00a0 DIARIOLAPRENSA.CL\u00a0 Implementaci\u00f3n de la nueva Constituci\u00f3n significar\u00eda un elevado costo para el &hellip;<\/p>\n<p class=\"read-more\"> <a class=\"\" href=\"https:\/\/www.reportedeprensa.utalca.cl\/?p=4621\"> <span class=\"screen-reader-text\">05 de agosto de 2022<\/span> Read More &raquo;<\/a><\/p>\n","protected":false},"author":1,"featured_media":0,"comment_status":"closed","ping_status":"open","sticky":false,"template":"","format":"standard","meta":{"_monsterinsights_skip_tracking":false,"_monsterinsights_sitenote_active":false,"_monsterinsights_sitenote_note":"","_monsterinsights_sitenote_category":0},"categories":[24],"tags":[],"_links":{"self":[{"href":"https:\/\/www.reportedeprensa.utalca.cl\/index.php?rest_route=\/wp\/v2\/posts\/4621"}],"collection":[{"href":"https:\/\/www.reportedeprensa.utalca.cl\/index.php?rest_route=\/wp\/v2\/posts"}],"about":[{"href":"https:\/\/www.reportedeprensa.utalca.cl\/index.php?rest_route=\/wp\/v2\/types\/post"}],"author":[{"embeddable":true,"href":"https:\/\/www.reportedeprensa.utalca.cl\/index.php?rest_route=\/wp\/v2\/users\/1"}],"replies":[{"embeddable":true,"href":"https:\/\/www.reportedeprensa.utalca.cl\/index.php?rest_route=%2Fwp%2Fv2%2Fcomments&post=4621"}],"version-history":[{"count":4,"href":"https:\/\/www.reportedeprensa.utalca.cl\/index.php?rest_route=\/wp\/v2\/posts\/4621\/revisions"}],"predecessor-version":[{"id":4625,"href":"https:\/\/www.reportedeprensa.utalca.cl\/index.php?rest_route=\/wp\/v2\/posts\/4621\/revisions\/4625"}],"wp:attachment":[{"href":"https:\/\/www.reportedeprensa.utalca.cl\/index.php?rest_route=%2Fwp%2Fv2%2Fmedia&parent=4621"}],"wp:term":[{"taxonomy":"category","embeddable":true,"href":"https:\/\/www.reportedeprensa.utalca.cl\/index.php?rest_route=%2Fwp%2Fv2%2Fcategories&post=4621"},{"taxonomy":"post_tag","embeddable":true,"href":"https:\/\/www.reportedeprensa.utalca.cl\/index.php?rest_route=%2Fwp%2Fv2%2Ftags&post=4621"}],"curies":[{"name":"wp","href":"https:\/\/api.w.org\/{rel}","templated":true}]}}