{"id":4633,"date":"2022-08-08T10:20:13","date_gmt":"2022-08-08T13:20:13","guid":{"rendered":"https:\/\/www.reportedeprensa.utalca.cl\/?p=4633"},"modified":"2022-08-08T10:27:04","modified_gmt":"2022-08-08T13:27:04","slug":"08-de-agosto-de-2022","status":"publish","type":"post","link":"https:\/\/www.reportedeprensa.utalca.cl\/?p=4633","title":{"rendered":"08 de agosto de 2022"},"content":{"rendered":"\t\t<div data-elementor-type=\"wp-post\" data-elementor-id=\"4633\" class=\"elementor elementor-4633\" data-elementor-settings=\"[]\">\n\t\t\t\t\t\t\t<div class=\"elementor-section-wrap\">\n\t\t\t\t\t\t\t<section class=\"elementor-section elementor-top-section elementor-element elementor-element-44052ab7 elementor-section-boxed elementor-section-height-default elementor-section-height-default\" data-id=\"44052ab7\" data-element_type=\"section\">\n\t\t\t\t\t\t<div class=\"elementor-container elementor-column-gap-default\">\n\t\t\t\t\t<div class=\"elementor-column elementor-col-100 elementor-top-column elementor-element elementor-element-5b002d83\" data-id=\"5b002d83\" data-element_type=\"column\">\n\t\t\t<div class=\"elementor-widget-wrap elementor-element-populated\">\n\t\t\t\t\t\t\t\t<div class=\"elementor-element elementor-element-477998b8 elementor-widget elementor-widget-text-editor\" data-id=\"477998b8\" data-element_type=\"widget\" data-widget_type=\"text-editor.default\">\n\t\t\t\t<div class=\"elementor-widget-container\">\n\t\t\t\t\t\t\t\t<p class=\"x_MsoNormal\"><strong>RADIO ADN\u00a0<\/strong><\/p><p class=\"x_MsoNormal\"><a href=\"https:\/\/www.litoralpress.cl\/sitio\/RadioTV_Detalles.cshtml?LPKey=OOCCF5OFFF2E2RWNCGW6BDRVKNPVJ6US4JEDDYELMF4UE6HZRYR7QU5E233TUWH5YKX2VCXFTUIZ4\">Entrevista a \u00c9rika Retamal, directora del Departamento de Salud P\u00fablica.\u00a0<\/a><\/p><p class=\"x_MsoNormal\">\u00a0<\/p><p class=\"x_MsoNormal\"><strong>EL LLANQUIHUE\u00a0<\/strong><\/p><p class=\"x_MsoNormal\"><a href=\"https:\/\/www.litoralpress.cl\/sitio\/Prensa_PaginaCompleta.cshtml?LPKey=HKAKFUMCOVUIXZUIVZLWP3UGUI3ISPQPGJCPO6RUV2HPQJ6VMXMA\">Viruela del Mono: esperan confirmaci\u00f3n de eventual caso. Se refiere \u00c9rika Retamal, directora del Departamento de Salud P\u00fablica.\u00a0<\/a><\/p><p class=\"x_MsoNormal\" aria-hidden=\"true\">\u00a0<\/p><p class=\"x_MsoNormal\"><strong>EL AUSTRAL DE OSORNO\u00a0<\/strong><\/p><p class=\"x_MsoNormal\"><a href=\"https:\/\/www.litoralpress.cl\/sitio\/Prensa_PaginaCompleta.cshtml?LPKey=VQZJQPD2SXDKVRIJ6GXXV7N555FAOZFA3GRV6YUSM7NZLKZWC5DA\">Viruela del mono: esperan confirmaci\u00f3n de eventual caso. Se refiere \u00c9rika Retamal, directora del Departamento de Salud P\u00fablica.\u00a0<\/a><\/p><p class=\"x_MsoNormal\" aria-hidden=\"true\">\u00a0<\/p><p class=\"x_MsoNormal\"><strong>RADIO LAUTARO\u00a0<\/strong><\/p><p class=\"x_MsoNormal\"><a href=\"https:\/\/www.litoralpress.cl\/sitio\/RadioTV_Detalles.cshtml?LPKey=UKSBX2POXR7UBGPLZNGZAJ7HV7M4GAXHIIRTBA6676EJJZIKKUPC4GN732BUPTE2C22MQR43I7JKK\">Entrevista a Marcelo Alarc\u00f3n, acad\u00e9mico del Departamento de Bioqu\u00edmica Cl\u00ednica e Inmunohematolog\u00eda.\u00a0<\/a><\/p><p class=\"x_MsoNormal\">\u00a0<\/p><p class=\"x_MsoNormal\"><strong>ELCENTRO.CL\u00a0<\/strong><\/p><p class=\"x_MsoNormal\"><a href=\"https:\/\/elcentro.cl\/2022\/08\/07\/finaliza-semana-de-la-lactancia-materna-y-expertos-recalcan-su-importancia\/\">Finaliza semana de la lactancia materna y expertos recalcan su importancia. Se refieren Paula Contreras, acad\u00e9mica de la Escuela de Nutrici\u00f3n y Diet\u00e9tica y Marjorie Medel, acad\u00e9mica de la Escuela de Obstetricia y Puericultura.\u00a0<\/a><\/p><p class=\"x_MsoNormal\">\u00a0<\/p><p class=\"x_MsoNormal\"><strong>SEPTIMAPAGINANOTICIAS.CL\u00a0<\/strong><\/p><p class=\"x_MsoNormal\"><a href=\"https:\/\/www.septimapaginanoticias.cl\/especialistas-recalcan-los-beneficios-y-entregan-recomendaciones-sobre-lactancia-materna\">Especialistas recalcan los beneficios y entregan recomendaciones sobre lactancia materna. Se refieren Paula Contreras, acad\u00e9mica de la Escuela de Nutrici\u00f3n y Diet\u00e9tica y Marjorie Medel, acad\u00e9mica de la Escuela de Obstetricia y Puericultura.\u00a0<\/a><\/p><p class=\"x_MsoNormal\" aria-hidden=\"true\">\u00a0<\/p><p class=\"x_MsoNormal\"><strong>G5NOTICIAS.CL\u00a0<\/strong><\/p><p class=\"x_MsoNormal\"><a href=\"https:\/\/g5noticias.cl\/2022\/08\/06\/especialistas-recalcan-los-beneficios-y-entregan-recomendaciones-sobre-lactancia-materna\/\">Especialistas recalcan los beneficios y entregan recomendaciones sobre lactancia materna. Se refieren Paula Contreras, acad\u00e9mica de la Escuela de Nutrici\u00f3n y Diet\u00e9tica y Marjorie Medel, acad\u00e9mica de la Escuela de Obstetricia y Puericultura.\u00a0<\/a><\/p><p class=\"x_MsoNormal\" aria-hidden=\"true\">\u00a0<\/p><p class=\"x_MsoNormal\"><strong>DIARIOTALCA.CL\u00a0<\/strong><\/p><p class=\"x_MsoNormal\"><a href=\"https:\/\/diariotalca.cl\/se-imagina-como-va-a-ser-el-proximo-verano-anticipan-intensas-olas-de-calor\/\">\u00bfSe imagina c\u00f3mo va a ser el pr\u00f3ximo verano? Anticipan intensas olas de calor. Se refiere Patricio Gonz\u00e1lez, acad\u00e9mico del Centro de Investigaci\u00f3n y Transferencia en Riego y Agroclimatolog\u00eda (CITRA).\u00a0<\/a><\/p><p class=\"x_MsoNormal\">\u00a0<\/p><p class=\"x_MsoNormal\"><strong>EL MERCURIO\u00a0<\/strong><\/p><p class=\"x_MsoNormal\"><a href=\"https:\/\/www.litoralpress.cl\/sitio\/Prensa_PaginaCompleta.cshtml?LPKey=V66ITQDZHHXXS2GBRQEQJK6DDLT32BR7GOG6GASNBDA3UDXVJCGA\">Normas de propuesta constitucional s\u00ed permiten su modificaci\u00f3n. Se refiere Mar\u00eda Ignacia Sandoval, acad\u00e9mica del Centro de Estudios Constitucionales de Chile (CECOCH).\u00a0<\/a><\/p><p class=\"x_MsoNormal\">\u00a0\u00a0<\/p><p class=\"x_MsoNormal\"><strong>RADIONUEVOMUNDO.CL\u00a0<\/strong><\/p><p class=\"x_MsoNormal\"><a href=\"https:\/\/radionuevomundo.cl\/2022\/08\/05\/abogada-maria-ignacia-sandoval-el-derecho-a-la-propiedad-el-texto-lo-consagra-en-todas-sus-especies-y-el-derecho-a-la-vivienda-esta-bajo-ese-paraguas\/\">Abogada Mar\u00eda Ignacia Sandoval: \u201cEl derecho a la propiedad el texto lo consagra en todas sus especies y el derecho a la vivienda est\u00e1 bajo ese paraguas\u201d. Se refiere acad\u00e9mica del Centro de Estudios Constitucionales de Chile (CECOCH).\u00a0<\/a><\/p><p class=\"x_MsoNormal\">\u00a0<\/p><p class=\"x_MsoNormal\"><strong>LA SEGUNDA\u00a0<\/strong><\/p><p class=\"x_MsoNormal\"><a href=\"https:\/\/www.litoralpress.cl\/sitio\/Prensa_PaginaCompleta.cshtml?LPKey=XOKDA4KE4AO2R5GATW2XWM7QNDBP6XGP3AB5CP4DVVVAMBFOOWQQ\">Realismo tributario: \u00bfY si la reforma no alcanza para cumplir el programa de Boric? Se refiere Andrea Bentancor, acad\u00e9mica de la Facultad de Econom\u00eda y Negocios (FEN).\u00a0<\/a><\/p><p class=\"x_MsoNormal\">\u00a0<\/p><p class=\"x_MsoNormal\"><strong>EL MERCURIO\u00a0<\/strong><\/p><p class=\"x_MsoNormal\"><a href=\"https:\/\/www.litoralpress.cl\/sitio\/Prensa_PaginaCompleta.cshtml?LPKey=YMGPTHW7UQYPKOL72T4EXS4MLUVCO7XA2YDSFGDUCHCBSNPEQQ5A\">\u201cSi la econom\u00eda no crece, no va a haber derechos sociales que se est\u00e1n prometiendo. As\u00ed de claro\u201d. Se menciona a Andrea Bentancor, acad\u00e9mica de la Facultad de Econom\u00eda y Negocios (FEN).\u00a0<\/a><\/p><p class=\"x_MsoNormal\">\u00a0<\/p><p class=\"x_MsoNormal\"><strong>CANAL TVN RED MAULE\u00a0<\/strong><\/p><p class=\"x_MsoNormal\"><a href=\"https:\/\/www.litoralpress.cl\/sitio\/RadioTV_Detalles.cshtml?LPKey=435EHOXSYYJLGBQZG6XFS7UPMDBNBKIDKZO6MZNEMUJJKAY4S764MPVUN6NODY26V7SK7TLWR7G3I\">Estudio de la U. de Talca sobre el costo que tendr\u00eda la nueva Constituci\u00f3n. Se refiere Andrea Bentancor, acad\u00e9mica de la Facultad de Econom\u00eda y Negocios (FEN).\u00a0<\/a><\/p><p class=\"x_MsoNormal\">\u00a0<\/p><p class=\"x_MsoNormal\"><strong>LA PRENSA\u00a0<\/strong><\/p><p class=\"x_MsoNormal\"><a href=\"https:\/\/www.litoralpress.cl\/paginaconsultas\/Servicios_NClipSitio\/Get_Imagen_Nota.aspx?LPKey=2LJTAOUGXBTXGDK54VDCW5BZQMBVKHEE7QE3ILA34RBPI5WMJ2QAU4QV3I7CKUOW2YCJGU6EEUYWQ\">Implementaci\u00f3n de la nueva Constituci\u00f3n un elevado costo para el fisco. Se refieren Andrea Bentancor, acad\u00e9mica de la Facultad de Econom\u00eda y Negocios (FEN), Carlos Torres, rector de la UTalca y Rodrigo Herrera, decano de la FEN.\u00a0<\/a><\/p><p class=\"x_MsoNormal\">\u00a0<\/p><p class=\"x_MsoNormal\"><strong>EL HERALDO\u00a0<\/strong><\/p><p class=\"x_MsoNormal\"><a href=\"https:\/\/www.litoralpress.cl\/paginaconsultas\/Servicios_NClipSitio\/Get_Imagen_Nota.aspx?LPKey=C5C2TS6AUTT6XNAKPQZTM2SDOBBCHYZYG4KUVKAOZ5254XC75ZX3FOVOGTMFTVOA2P6YBNVWEOKD4\">Economistas detallan cifras sobre estudio que estim\u00f3 costo fiscal que generar\u00eda implementaci\u00f3n de Nueva Constituci\u00f3n. Se refiere Andrea Bentancor, acad\u00e9mica de la Facultad de Econom\u00eda y Negocios (FEN).\u00a0<\/a><\/p><p class=\"x_MsoNormal\" aria-hidden=\"true\">\u00a0<\/p><p class=\"x_MsoNormal\"><strong>DIARIOELHERALDO.CL\u00a0<\/strong><\/p><p class=\"x_MsoNormal\"><a href=\"http:\/\/www.diarioelheraldo.cl\/noticia\/economistas-detallan-cifras-sobre-estudio-que-estimo-costo-fiscal-que-generaria-implementacion-de-nueva-constitucion\">Economistas detallan cifras sobre estudio que estim\u00f3 costo fiscal que generar\u00eda implementaci\u00f3n de Nueva Constituci\u00f3n. Se refiere Andrea Bentancor, acad\u00e9mica de la Facultad de Econom\u00eda y Negocios (FEN).\u00a0<\/a><\/p><p class=\"x_MsoNormal\" aria-hidden=\"true\">\u00a0<\/p><p class=\"x_MsoNormal\"><strong>SEPTIMAPAGINANOTICIAS.CL\u00a0<\/strong><\/p><p class=\"x_MsoNormal\"><a href=\"https:\/\/www.septimapaginanoticias.cl\/economistas-detallan-cifras-sobre-estudio-que-estimo-costo-fiscal-que-generaria-implementacion-de-nueva-constitucion\">Economistas detallan cifras sobre estudio que estim\u00f3 costo fiscal que generar\u00eda implementaci\u00f3n de Nueva Constituci\u00f3n. Se refieren Andrea Bentancor, acad\u00e9mica de la Facultad de Econom\u00eda y Negocios (FEN), Carlos Torres, rector de la UTalca y Rodrigo Herrera, decano de la FEN. \u00a0<\/a><\/p><p class=\"x_MsoNormal\" aria-hidden=\"true\">\u00a0<\/p><p class=\"x_MsoNormal\"><strong>RADIO M\u00c1GICA\u00a0<\/strong><\/p><p class=\"x_MsoNormal\"><a href=\"https:\/\/www.litoralpress.cl\/sitio\/RadioTV_Detalles.cshtml?LPKey=CXBJE6PHDTZGJ6LVEAXUT5Z7LBRDCPEPCINJCKV5LQ6D5ZR2DRJ7KWXDVSSGTFURQ65VN4WLTUGBC\">Participaci\u00f3n de Hern\u00e1n D\u00edaz, acad\u00e9mico de la Facultad de Econom\u00eda y Negocios (FEN).\u00a0<\/a><\/p><p class=\"x_MsoNormal\" aria-hidden=\"true\">\u00a0<\/p><p class=\"x_MsoNormal\"><strong>EL MERCURIO\u00a0<\/strong><\/p><p class=\"x_MsoNormal\"><a href=\"https:\/\/www.litoralpress.cl\/sitio\/Prensa_Detalles.cshtml?LPKey=HEBP44GCB6VFN3FNNOCSXYJUEXDIIJQM2M332JBR7DW3O2QEXHDQ\">Expertos debaten: \u00bfD\u00f3nde debe buscar m\u00e1s votos el Apruebo? Se refiere Mauricio Morales, director del Centro de An\u00e1lisis Pol\u00edtico (CAP).\u00a0<\/a><\/p><p class=\"x_MsoNormal\">\u00a0<\/p><p class=\"x_MsoNormal\"><strong>EL MERCURIO\u00a0<\/strong><\/p><p class=\"x_MsoNormal\"><a href=\"https:\/\/www.litoralpress.cl\/sitio\/Prensa_PaginaCompleta.cshtml?LPKey=XTFG65J7PSMJ6UUJ6GNX3TPXKLK3YHT4T57QNKHGMKAR6SZQTTCQ\">A un mes del plebiscito, \u00bfCu\u00e1l es el Boric que gobierna? Se refiere Mauricio Morales, director del Centro de An\u00e1lisis Pol\u00edtico (CAP).\u00a0<\/a><\/p><p class=\"x_MsoNormal\">\u00a0<\/p><p class=\"x_MsoNormal\"><strong>EL MERCURIO\u00a0<\/strong><\/p><p class=\"x_MsoNormal\"><a href=\"https:\/\/www.litoralpress.cl\/sitio\/Prensa_PaginaCompleta.cshtml?LPKey=KLIRZXRC6VA3RECBMOG42SEJAVJ52QRS7RWPAUQBCX2QGIG4KOUA\">Franja: M\u00faltiples mensajes y baja presencia de convencionales y pol\u00edticos abren debate. Se refiere Mauricio Morales, director del Centro de An\u00e1lisis Pol\u00edtico (CAP).\u00a0<\/a><\/p><p class=\"x_MsoNormal\">\u00a0<\/p><p class=\"x_MsoNormal\"><strong>LA TERCERA\u00a0<\/strong><\/p><p class=\"x_MsoNormal\"><a href=\"https:\/\/www.litoralpress.cl\/sitio\/Prensa_PaginaCompleta.cshtml?LPKey=AG2I7VS6ORXEIM7EPNPVHBWNVJBJDODA3MJNO6RQ5IDNOOUCAT6Q\">\u00bfCu\u00e1nto mueve la aguja? Los c\u00e1lculos detr\u00e1s de la franja televisiva. Se refiere Mauricio Morales, director del Centro de An\u00e1lisis Pol\u00edtico (CAP).\u00a0<\/a><\/p><p class=\"x_MsoNormal\">\u00a0<\/p><p class=\"x_MsoNormal\"><strong>CANAL TVN\u00a0<\/strong><\/p><p class=\"x_MsoNormal\"><a href=\"https:\/\/www.litoralpress.cl\/sitio\/RadioTV_Detalles.cshtml?LPKey=VSBBNNCPS5DU6CJLGD4W5WLW5J3QRLGF2ONDIIJV4ONNHPUHOWZVZLOM7EP7AHVWFSMABXTQXOSXU\">Comenzaron las franjas televisivas con miras al plebiscito. Se refiere Mauricio Morales, director del Centro de An\u00e1lisis Pol\u00edtico (CAP).\u00a0<\/a><\/p><p class=\"x_MsoNormal\">\u00a0<\/p><p class=\"x_MsoNormal\"><strong>CANAL 24 HORAS\u00a0<\/strong><\/p><p class=\"x_MsoNormal\"><a href=\"https:\/\/www.litoralpress.cl\/sitio\/RadioTV_Detalles.cshtml?LPKey=3VFGO4CVPGSEFAJWZB2AUGMR2QP6HUZQUVUC5HVWXSVJERQIX7YUZ2TDQGI5IRHOIC5MBU7XXKIRY\">Comenzaron las franjas televisivas con miras al plebiscito. Se refiere Mauricio Morales, director del Centro de An\u00e1lisis Pol\u00edtico (CAP).\u00a0<\/a><\/p><p class=\"x_MsoNormal\" aria-hidden=\"true\">\u00a0<\/p><p class=\"x_MsoNormal\"><strong>RADIO BIO-B\u00cdO\u00a0<\/strong><\/p><p class=\"x_MsoNormal\"><a href=\"https:\/\/www.litoralpress.cl\/sitio\/RadioTV_Detalles.cshtml?LPKey=E6CB2XKO2JRRSHVLY3RL3QNSIGGU4BAF5KY53R6FLHP4BA3RVPHOPWLHJVDNUV6JEZJLFA2SYKG4S\">Encuesta Fiel-Mori constat\u00f3 empate t\u00e9cnico entre Apruebo y Rechazo. Se refiere Mauricio Morales, director del Centro de An\u00e1lisis Pol\u00edtico (CAP).\u00a0<\/a><\/p><p class=\"x_MsoNormal\" aria-hidden=\"true\">\u00a0<\/p><p class=\"x_MsoNormal\"><strong>LATERCERA.COM\u00a0<\/strong><\/p><p class=\"x_MsoNormal\"><a href=\"https:\/\/www.latercera.com\/la-tercera-sabado\/noticia\/cuanto-mueve-la-aguja-los-calculos-detras-de-la-franja-televisiva\/3RLDDZMZO5EHLGCZRICZV33664\/\">\u00bfCu\u00e1nto mueve la aguja? Los c\u00e1lculos detr\u00e1s de la franja televisiva. Se refiere Mauricio Morales, director del Centro de An\u00e1lisis Pol\u00edtico (CAP).\u00a0<\/a><\/p><p class=\"x_MsoNormal\" aria-hidden=\"true\">\u00a0<\/p><p class=\"x_MsoNormal\"><strong>CANAL 13\u00a0<\/strong><\/p><p class=\"x_MsoNormal\"><a href=\"https:\/\/www.litoralpress.cl\/sitio\/RadioTV_Detalles.cshtml?LPKey=UBAM5NQ2OSL7PGVSXJPE263L5SELHUHCUDTGITSRRBK3ZTKEAQXJTOL7BXVIFN34ANFY2ESHJAMDK\">Delincuencia y seguridad complican a La Moneda. Se refiere Mauricio Morales, director del Centro de An\u00e1lisis Pol\u00edtico (CAP).\u00a0<\/a><\/p><p class=\"x_MsoNormal\" aria-hidden=\"true\">\u00a0<\/p><p class=\"x_MsoNormal\"><strong>24HORAS.CL\u00a0<\/strong><\/p><p class=\"x_MsoNormal\"><a href=\"https:\/\/www.24horas.cl\/proceso-constituyente\/propuesta-constitucional-derechos-de-las-personas-mayores\">Propuesta constitucional: \u00bfQu\u00e9 dice sobre los derechos de las personas mayores? Se refiere Mario Herrera, acad\u00e9mico del Centro de An\u00e1lisis Pol\u00edtico (CAP).\u00a0<\/a><\/p><p class=\"x_MsoNormal\" aria-hidden=\"true\">\u00a0<\/p><p class=\"x_MsoNormal\"><strong>EMOL.COM\u00a0<\/strong><\/p><p class=\"x_MsoNormal\"><a href=\"https:\/\/www.emol.com\/noticias\/Nacional\/2022\/08\/05\/1069073\/debate-coalicion-oficialista-post-plebiscito.html\">Una idea desahuciada o un debate a retomar post Plebiscito: Las posturas sobre crear una sola coalici\u00f3n de Gobierno. Se refiere Mauricio Morales, director del Centro de An\u00e1lisis Pol\u00edtico (CAP).\u00a0<\/a><\/p><p class=\"x_MsoNormal\" aria-hidden=\"true\">\u00a0<\/p><p class=\"x_MsoNormal\"><strong>EMOL.COM\u00a0<\/strong><\/p><p class=\"x_MsoNormal\"><a href=\"https:\/\/www.emol.com\/noticias\/Nacional\/2022\/08\/05\/1069036\/jackson-vallejo-boric-interlocutor-acuerdo.html\">Jackson en duda, la opci\u00f3n de Vallejo o el propio Presidente: El dilema sobre quien liderar\u00e1 el acuerdo previo al Plebiscito. Se refiere Mauricio Morales, director del Centro de An\u00e1lisis Pol\u00edtico (CAP).\u00a0<\/a><\/p><p class=\"x_MsoNormal\" aria-hidden=\"true\">\u00a0<\/p><p class=\"x_MsoNormal\"><strong>EL MERCURIO DE VALPARA\u00cdSO\u00a0<\/strong><\/p><p class=\"x_MsoNormal\"><a href=\"https:\/\/www.litoralpress.cl\/sitio\/Prensa_PaginaCompleta.cshtml?LPKey=DJBP7JSI75C6JIBRHGYZXD47SHF3W4KPFP6ASBQIXEAGDVEMEFGA\">Con el Apruebo cargado a la raz\u00f3n y el Rechazo a la emoci\u00f3n se dio inicio a la franja electoral. se refiere Mauricio Morales, director del Centro de An\u00e1lisis Pol\u00edtico (CAP).\u00a0<\/a><\/p><p class=\"x_MsoNormal\" aria-hidden=\"true\">\u00a0<\/p><p class=\"x_MsoNormal\"><strong>RADIO GUAYAC\u00c1N\u00a0<\/strong><\/p><p class=\"x_MsoNormal\"><a href=\"https:\/\/www.litoralpress.cl\/sitio\/RadioTV_Detalles.cshtml?LPKey=YQDYSR3Y3BEPRGIU65P6NBJHTSPTCHLE5ZSIDN52F3RMT62TPVM5IQ3JFQHI7ESOFOXAVASVHV4VG\">Entrevista a Mario Herrera, acad\u00e9mico del Centro de An\u00e1lisis Pol\u00edtico (CAP).\u00a0<\/a><\/p><p class=\"x_MsoNormal\" aria-hidden=\"true\">\u00a0<\/p><p class=\"x_MsoNormal\"><strong>EL MERCURIO\u00a0<\/strong><\/p><p class=\"x_MsoNormal\"><a href=\"https:\/\/www.litoralpress.cl\/sitio\/Prensa_PaginaCompleta.cshtml?LPKey=247DZP6DG3Y2365PSB4DLGQ7PKRBMQDL63CUUEGCWFF7SFL4C2IA\">Mujer de Agua. Se menciona Centro de Extensi\u00f3n Santiago de la UTalca.\u00a0<\/a><\/p><p class=\"x_MsoNormal\">\u00a0<\/p><p class=\"x_MsoNormal\"><strong>CANAL TVN RED MAULE\u00a0<\/strong><\/p><p class=\"x_MsoNormal\"><a href=\"https:\/\/www.litoralpress.cl\/sitio\/RadioTV_Detalles.cshtml?LPKey=EEOIPU4KIHBH5HLYNGZMRWW5SWUITTOBBDYTQWTJPN5WNWYSOEJNXJLXJST2JEMVK7XTULDJ63K4C\">Panoramas. Se menciona a la UTalca.\u00a0<\/a><\/p><p class=\"x_MsoNormal\">\u00a0<\/p><p class=\"x_MsoNormal\"><strong>PORTALEDUCACION.CL\u00a0<\/strong><\/p><p class=\"x_MsoNormal\"><a href=\"https:\/\/portaleducacion.cl\/index.php\/2022\/08\/05\/utalca-invita-a-vivir-el-arte-en-el-dia-de-las-infancias\/\">UTalca invita a vivir el arte en el D\u00eda de las Infancias. Se refiere Marcela Albornoz, directora de Extensi\u00f3n Cultural-Art\u00edstica.\u00a0<\/a><\/p><p class=\"x_MsoNormal\" aria-hidden=\"true\">\u00a0<\/p><p class=\"x_MsoNormal\"><strong>ELCENTRO.CL\u00a0<\/strong><\/p><p class=\"x_MsoNormal\"><a href=\"https:\/\/elcentro.cl\/2022\/08\/06\/utalca-invita-a-vivir-el-arte-en-el-dia-de-las-infancias\/\">UTalca invita a vivir el arte en el D\u00eda de las Infancias. Se refiere Marcela Albornoz, directora de Extensi\u00f3n Cultural-Art\u00edstica.\u00a0<\/a><\/p><p class=\"x_MsoNormal\" aria-hidden=\"true\">\u00a0<\/p><p class=\"x_MsoNormal\"><strong>CHILLANONLINE.CL\u00a0<\/strong><\/p><p class=\"x_MsoNormal\"><a href=\"https:\/\/www.chillanonline.cl\/V6\/universidad-de-talca-presento-libro-de-artista-francisca-lohmann\/\">Universidad de Talca present\u00f3 libro de artista Francisca Lohmann. Se refieren \u00c1lvaro Rojas, acad\u00e9mico de la Facultad de Ciencias Agrarias y Marcela Albornoz, directora de Extensi\u00f3n Cultural-Art\u00edstica.\u00a0<\/a><\/p><p class=\"x_MsoNormal\" aria-hidden=\"true\">\u00a0<\/p><p class=\"x_MsoNormal\"><strong>EL L\u00cdDER\u00a0<\/strong><\/p><p class=\"x_MsoNormal\"><a href=\"https:\/\/www.litoralpress.cl\/sitio\/Prensa_PaginaCompleta.cshtml?LPKey=GDDAMWSPDXNNIPL277MKHMCQEM64J65EHUBBL6PWKZFH6C6EOHLQ\">\u00a1Feliz cumplea\u00f1os, Oreste Plath! Sucesi\u00f3n prepara in\u00e9dito congreso de folclor. Se menciona a la UTalca.\u00a0<\/a><\/p><p class=\"x_MsoNormal\" aria-hidden=\"true\">\u00a0<\/p><p class=\"x_MsoNormal\"><strong>CANAL TVN RED MAULE\u00a0<\/strong><\/p><p class=\"x_MsoNormal\"><a href=\"https:\/\/www.litoralpress.cl\/sitio\/RadioTV_Detalles.cshtml?LPKey=LKLHR3ZQJU4W6P455EHZSRQ4UT6GXM2AKHGUIO5YMVZS4CMVIEAEW4W43QRKERD5JG7X3QOHTQBXI\">II Congreso de folclor hispanoamericano. Se menciona a la UTalca.\u00a0<\/a><\/p><p class=\"x_MsoNormal\" aria-hidden=\"true\">\u00a0<\/p><p class=\"x_MsoNormal\"><strong>PRESSLATAM.CL\u00a0<\/strong><\/p><p class=\"x_MsoNormal\"><a href=\"https:\/\/presslatam.cl\/2022\/08\/universitarios-crean-propuesta-para-monitoreo-de-incendios-forestales-con-ia-y-5g\/\">Universitarios crean propuesta para monitoreo de incendios forestales con IA y 5G. Se menciona a Patricio Jim\u00e9nez, estudiante de la UTalca. \u00a0<\/a><\/p><p class=\"x_MsoNormal\">\u00a0<\/p><p class=\"x_MsoNormal\"><strong>ELMAULEINFORMA.CL\u00a0<\/strong><\/p><p class=\"x_MsoNormal\"><a href=\"https:\/\/elmauleinforma.cl\/universitarios-crean-propuesta-para-monitoreo-de-incendios-forestales-con-ia-y-5g\/\">Universitarios crean propuesta para monitoreo de incendios forestales con IA y 5G. Se menciona a Patricio Jim\u00e9nez, estudiante de la UTalca. \u00a0<\/a><\/p><p class=\"x_MsoNormal\">\u00a0<\/p>\t\t\t\t\t\t<\/div>\n\t\t\t\t<\/div>\n\t\t\t\t\t<\/div>\n\t\t<\/div>\n\t\t\t\t\t\t\t<\/div>\n\t\t<\/section>\n\t\t\t\t\t\t<\/div>\n\t\t\t\t\t<\/div>\n\t\t","protected":false},"excerpt":{"rendered":"<p>RADIO ADN\u00a0 Entrevista a \u00c9rika Retamal, directora del Departamento de Salud P\u00fablica.\u00a0 \u00a0 EL LLANQUIHUE\u00a0 Viruela del Mono: esperan confirmaci\u00f3n de eventual caso. Se refiere \u00c9rika Retamal, directora del Departamento de Salud P\u00fablica.\u00a0 \u00a0 EL AUSTRAL DE OSORNO\u00a0 Viruela del mono: esperan confirmaci\u00f3n de eventual caso. Se refiere \u00c9rika Retamal, directora del Departamento de Salud &hellip;<\/p>\n<p class=\"read-more\"> <a class=\"\" href=\"https:\/\/www.reportedeprensa.utalca.cl\/?p=4633\"> <span class=\"screen-reader-text\">08 de agosto de 2022<\/span> Read More &raquo;<\/a><\/p>\n","protected":false},"author":1,"featured_media":0,"comment_status":"closed","ping_status":"open","sticky":false,"template":"","format":"standard","meta":{"_monsterinsights_skip_tracking":false,"_monsterinsights_sitenote_active":false,"_monsterinsights_sitenote_note":"","_monsterinsights_sitenote_category":0},"categories":[24],"tags":[],"_links":{"self":[{"href":"https:\/\/www.reportedeprensa.utalca.cl\/index.php?rest_route=\/wp\/v2\/posts\/4633"}],"collection":[{"href":"https:\/\/www.reportedeprensa.utalca.cl\/index.php?rest_route=\/wp\/v2\/posts"}],"about":[{"href":"https:\/\/www.reportedeprensa.utalca.cl\/index.php?rest_route=\/wp\/v2\/types\/post"}],"author":[{"embeddable":true,"href":"https:\/\/www.reportedeprensa.utalca.cl\/index.php?rest_route=\/wp\/v2\/users\/1"}],"replies":[{"embeddable":true,"href":"https:\/\/www.reportedeprensa.utalca.cl\/index.php?rest_route=%2Fwp%2Fv2%2Fcomments&post=4633"}],"version-history":[{"count":4,"href":"https:\/\/www.reportedeprensa.utalca.cl\/index.php?rest_route=\/wp\/v2\/posts\/4633\/revisions"}],"predecessor-version":[{"id":4637,"href":"https:\/\/www.reportedeprensa.utalca.cl\/index.php?rest_route=\/wp\/v2\/posts\/4633\/revisions\/4637"}],"wp:attachment":[{"href":"https:\/\/www.reportedeprensa.utalca.cl\/index.php?rest_route=%2Fwp%2Fv2%2Fmedia&parent=4633"}],"wp:term":[{"taxonomy":"category","embeddable":true,"href":"https:\/\/www.reportedeprensa.utalca.cl\/index.php?rest_route=%2Fwp%2Fv2%2Fcategories&post=4633"},{"taxonomy":"post_tag","embeddable":true,"href":"https:\/\/www.reportedeprensa.utalca.cl\/index.php?rest_route=%2Fwp%2Fv2%2Ftags&post=4633"}],"curies":[{"name":"wp","href":"https:\/\/api.w.org\/{rel}","templated":true}]}}