{"id":4648,"date":"2022-08-09T10:16:34","date_gmt":"2022-08-09T13:16:34","guid":{"rendered":"https:\/\/www.reportedeprensa.utalca.cl\/?p=4648"},"modified":"2022-08-09T10:21:19","modified_gmt":"2022-08-09T13:21:19","slug":"09-de-agosto-de-2022","status":"publish","type":"post","link":"https:\/\/www.reportedeprensa.utalca.cl\/?p=4648","title":{"rendered":"09 de agosto de 2022"},"content":{"rendered":"\t\t<div data-elementor-type=\"wp-post\" data-elementor-id=\"4648\" class=\"elementor elementor-4648\" data-elementor-settings=\"[]\">\n\t\t\t\t\t\t\t<div class=\"elementor-section-wrap\">\n\t\t\t\t\t\t\t<section class=\"elementor-section elementor-top-section elementor-element elementor-element-44052ab7 elementor-section-boxed elementor-section-height-default elementor-section-height-default\" data-id=\"44052ab7\" data-element_type=\"section\">\n\t\t\t\t\t\t<div class=\"elementor-container elementor-column-gap-default\">\n\t\t\t\t\t<div class=\"elementor-column elementor-col-100 elementor-top-column elementor-element elementor-element-5b002d83\" data-id=\"5b002d83\" data-element_type=\"column\">\n\t\t\t<div class=\"elementor-widget-wrap elementor-element-populated\">\n\t\t\t\t\t\t\t\t<div class=\"elementor-element elementor-element-477998b8 elementor-widget elementor-widget-text-editor\" data-id=\"477998b8\" data-element_type=\"widget\" data-widget_type=\"text-editor.default\">\n\t\t\t\t<div class=\"elementor-widget-container\">\n\t\t\t\t\t\t\t\t<p class=\"x_MsoNormal\"><strong>ELMOSTRADOR.CL\u00a0<\/strong><\/p><p class=\"x_MsoNormal\"><a href=\"https:\/\/www.elmostrador.cl\/agenda-pais\/2022\/08\/08\/explican-importante-aumento-de-afectados-por-las-alergias-en-el-pais\/\">Explican importante aumento de afectados por las alergias en el pa\u00eds. Se refieren Fernando Carrasco, acad\u00e9mico del Instituto de Ciencias Biol\u00f3gicas y Dayana Machado, directora de la Especializaci\u00f3n en Medicina Interna.\u00a0<\/a><\/p><p class=\"x_MsoNormal\">\u00a0<\/p><p class=\"x_MsoNormal\"><strong>ADPRENSA.CL\u00a0<\/strong><\/p><p class=\"x_MsoNormal\"><a href=\"https:\/\/www.adprensa.cl\/cronica\/utalca-explican-importante-aumento-de-afectados-por-las-alergias-en-el-pais\/\">Explican importante aumento de afectados por las alergias en el pa\u00eds. Se refieren Fernando Carrasco, acad\u00e9mico del Instituto de Ciencias Biol\u00f3gicas y Dayana Machado, directora de la Especializaci\u00f3n en Medicina Interna.\u00a0<\/a><\/p><p class=\"x_MsoNormal\">\u00a0<\/p><p class=\"x_MsoNormal\"><strong>RADIO BIO-B\u00cdO DE VALPARA\u00cdSO\u00a0<\/strong><\/p><p class=\"x_MsoNormal\"><a href=\"https:\/\/www.litoralpress.cl\/sitio\/RadioTV_Detalles.cshtml?LPKey=MGGTFIAMHLEVZYH3M2FHV4IKLZKL46A73ZFH44EVQSVPHQUBM4U3N4JNBN6CAQKUBDOYATAG77QZK\">Entrevista a Fernando Carrasco, acad\u00e9mico del Instituto de Ciencias Biol\u00f3gicas.\u00a0<\/a><\/p><p class=\"x_MsoNormal\">\u00a0<\/p><p class=\"x_MsoNormal\"><strong>ELMAULEINFORMA.CL\u00a0<\/strong><\/p><p class=\"x_MsoNormal\"><a href=\"https:\/\/elmauleinforma.cl\/explican-importante-aumento-de-afectados-por-las-alergias-en-el-pais\/\">Explican importante aumento de afectados por las alergias en el pa\u00eds. Se refieren Fernando Carrasco, acad\u00e9mico del Instituto de Ciencias Biol\u00f3gicas y Dayana Machado, directora de la Especializaci\u00f3n en Medicina Interna.\u00a0<\/a><\/p><p class=\"x_MsoNormal\" aria-hidden=\"true\">\u00a0<\/p><p class=\"x_MsoNormal\"><strong>LA PRENSA\u00a0<\/strong><\/p><p class=\"x_MsoNormal\"><a href=\"https:\/\/www.litoralpress.cl\/paginaconsultas\/Servicios_NClipSitio\/Get_Imagen_Nota.aspx?LPKey=COO4IGSTDUYCUEPO3IU44WXK5SYG2L57DBVF5CIW7JYNRWEDEBXOAK36C3NBD2TTVJ7TQRD47PIMQ\">Reiteran beneficios y entregan consejos sobre lactancia materna. Se refiere Paula Contreras, acad\u00e9mica de la Escuela de Nutrici\u00f3n y Diet\u00e9tica y Marjorie Medel, acad\u00e9mica de la Escuela de Obstetricia y Puericultura.\u00a0<\/a><\/p><p class=\"x_MsoNormal\">\u00a0<\/p><p class=\"x_MsoNormal\"><strong>CANAL TVR\u00a0<\/strong><\/p><p class=\"x_MsoNormal\"><a href=\"https:\/\/www.litoralpress.cl\/sitio\/RadioTV_Detalles.cshtml?LPKey=6ETWICUSPT3TDPODEYW5J5OYESDS7B6SPOAK4CEHSCNWFAENLM4MVEGGH33XTNTGQ6OETPVQGRLRY\">Tres universidades elaboraron estudio sobre costo para implementar medidas de la nueva Constituci\u00f3n. Se refieren Andrea Bentancor, acad\u00e9mica de la Facultad de Econom\u00eda y Negocios (FEN) y Rodrigo Herrera, decano de la FEN.\u00a0<\/a><\/p><p class=\"x_MsoNormal\">\u00a0<\/p><p class=\"x_MsoNormal\"><strong>ELDESCONCIERTO.CL\u00a0<\/strong><\/p><p class=\"x_MsoNormal\"><a href=\"https:\/\/www.eldesconcierto.cl\/economia\/2022\/08\/08\/ipc-en-las-nubes-expertos-proyectan-que-se-viene-mas-alla-de-la-uf-a-casi-34-000.html\">IPC en las nubes: Expertos proyectan qu\u00e9 se viene m\u00e1s all\u00e1 de la UF a casi $34.000. Se refiere Juan Andr\u00e9s Riquelme, director del Magister en Econom\u00eda.\u00a0<\/a><\/p><p class=\"x_MsoNormal\">\u00a0<\/p><p class=\"x_MsoNormal\"><strong>ELMAULEINFORMA.CL\u00a0<\/strong><\/p><p class=\"x_MsoNormal\"><a href=\"https:\/\/elmauleinforma.cl\/seminario-insta-a-desarrollar-el-potencial-minero-de-la-region-del-maule\/\">Seminario insta a desarrollar el potencial minero de la Regi\u00f3n del Maule. Se refieren Javier Mu\u00f1oz, decano de la Facultad de Ingenier\u00eda y Francisco Rivas, director de Ingenier\u00eda Civil de Minas. \u00a0<\/a><\/p><p class=\"x_MsoNormal\">\u00a0<\/p><p class=\"x_MsoNormal\"><strong>REVISTA ELECTROINDUSTRIA\u00a0<\/strong><\/p><p class=\"x_MsoNormal\"><a href=\"https:\/\/www.litoralpress.cl\/sitio\/Prensa_PaginaCompleta.cshtml?LPKey=3C2MGL5UF2IQSEAEAVWLUFWQXOCEHBJH3Z3Z65YQPEOJXNW3TMZA\">Los principales retos en materia de monitoreo e inspecci\u00f3n en Chile. Se refiere Fernando Torres, acad\u00e9mico de la Facultad de Ingenier\u00eda.\u00a0<\/a><\/p><p class=\"x_MsoNormal\">\u00a0<\/p><p class=\"x_MsoNormal\"><strong>ELCENTRO.CL\u00a0<\/strong><\/p><p class=\"x_MsoNormal\"><a href=\"https:\/\/elcentro.cl\/2022\/08\/08\/invitan-a-analizar-el-sistema-judicial-propuesto-por-los-constituyentes\/\">Invitan a analizar el sistema judicial propuesto por los Constituyentes. Se menciona a la Facultad de Ciencias Jur\u00eddicas y Sociales. \u00a0<\/a><\/p><p class=\"x_MsoNormal\">\u00a0<\/p><p class=\"x_MsoNormal\"><strong>PUBLIMETRO\u00a0<\/strong><\/p><p class=\"x_MsoNormal\"><a href=\"https:\/\/www.litoralpress.cl\/paginaconsultas\/Servicios_NClipSitio\/Get_Imagen_Nota.aspx?LPKey=MPMJTRP3RJVXKCNMLA2WHMQ2BWEPWI7RAUHJ2236WBAWQ3PTD3UVOQRQYD4JQUOCULJ2XYLMQGGXS\">Versiones distintas y tuits borrados por supuestos aviones sobre Argentina. Se refiere Alejandra M\u00e1rquez, acad\u00e9mica del Centro de An\u00e1lisis Pol\u00edtico (CAP).\u00a0<\/a><\/p><p class=\"x_MsoNormal\">\u00a0<\/p><p class=\"x_MsoNormal\"><strong>CANAL MEGA PLUS\u00a0<\/strong><\/p><p class=\"x_MsoNormal\"><a href=\"https:\/\/www.litoralpress.cl\/sitio\/RadioTV_Detalles.cshtml?LPKey=6E3SJS67X4G7AFGJIFRTYD7QRU5BIA5KA36OELOFMI3P66K5RRT7FDF35OF3E5DKJDSA7UP3SDZPK\">Comentario de Mauricio Morales, director del Centro de An\u00e1lisis Pol\u00edtico (CAP).\u00a0<\/a><\/p><p class=\"x_MsoNormal\"><span class=\"x_MsoHyperlink\">\u00a0<\/span><\/p><p class=\"x_MsoNormal\"><strong><span class=\"x_MsoHyperlink\">RADIO INFINITA\u00a0<\/span><\/strong><\/p><p class=\"x_MsoNormal\"><a href=\"https:\/\/www.litoralpress.cl\/sitio\/RadioTV_Detalles.cshtml?LPKey=T3BXZV4NV65VHO26OMGREBXUYUW7LMHXNMQOP67ISMI3WTI6G23Z5NJRIKFKTEOY4XLNEFDBG4NSQ\"><span class=\"x_MsoHyperlink\">Comentario de Mauricio Morales, director del Centro de An\u00e1lisis Pol\u00edtico (CAP).<\/span><span class=\"x_MsoHyperlink\">\u00a0<\/span><\/a><\/p><p class=\"x_MsoNormal\"><span class=\"x_MsoHyperlink\">\u00a0<\/span><\/p><p class=\"x_MsoNormal\"><strong><span class=\"x_MsoHyperlink\">LA PRENSA<\/span><span class=\"x_MsoHyperlink\">\u00a0<\/span><\/strong><\/p><p class=\"x_MsoNormal\"><a href=\"https:\/\/www.litoralpress.cl\/paginaconsultas\/Servicios_NClipSitio\/Get_Imagen_Nota.aspx?LPKey=7Y7KZSMQSDFQC5A6Q7FXDBO3LT4N6APTPMP7WCOD5MJ4X6QTPRMK6Z5DT726EE2C24YB7BGZ6GAWO\">Presentan libro sobre pintora maulina Francisca Lohmann.\u00a0<\/a><\/p><p class=\"x_MsoNormal\">\u00a0<\/p><p class=\"x_MsoNormal\"><strong>BEETHOVENFM.CL\u00a0<\/strong><\/p><p class=\"x_MsoNormal\"><a href=\"https:\/\/www.beethovenfm.cl\/evento\/2o-congreso-de-folclor-hispanoamericano-oreste-plath\/\">2o Congreso de Folclor Hispanoamericano Oreste Plath. \u00a0<\/a><\/p><p class=\"x_MsoNormal\">\u00a0<\/p>\t\t\t\t\t\t<\/div>\n\t\t\t\t<\/div>\n\t\t\t\t\t<\/div>\n\t\t<\/div>\n\t\t\t\t\t\t\t<\/div>\n\t\t<\/section>\n\t\t\t\t\t\t<\/div>\n\t\t\t\t\t<\/div>\n\t\t","protected":false},"excerpt":{"rendered":"<p>ELMOSTRADOR.CL\u00a0 Explican importante aumento de afectados por las alergias en el pa\u00eds. Se refieren Fernando Carrasco, acad\u00e9mico del Instituto de Ciencias Biol\u00f3gicas y Dayana Machado, directora de la Especializaci\u00f3n en Medicina Interna.\u00a0 \u00a0 ADPRENSA.CL\u00a0 Explican importante aumento de afectados por las alergias en el pa\u00eds. Se refieren Fernando Carrasco, acad\u00e9mico del Instituto de Ciencias Biol\u00f3gicas &hellip;<\/p>\n<p class=\"read-more\"> <a class=\"\" href=\"https:\/\/www.reportedeprensa.utalca.cl\/?p=4648\"> <span class=\"screen-reader-text\">09 de agosto de 2022<\/span> Read More &raquo;<\/a><\/p>\n","protected":false},"author":1,"featured_media":0,"comment_status":"closed","ping_status":"open","sticky":false,"template":"","format":"standard","meta":{"_monsterinsights_skip_tracking":false,"_monsterinsights_sitenote_active":false,"_monsterinsights_sitenote_note":"","_monsterinsights_sitenote_category":0},"categories":[24],"tags":[],"_links":{"self":[{"href":"https:\/\/www.reportedeprensa.utalca.cl\/index.php?rest_route=\/wp\/v2\/posts\/4648"}],"collection":[{"href":"https:\/\/www.reportedeprensa.utalca.cl\/index.php?rest_route=\/wp\/v2\/posts"}],"about":[{"href":"https:\/\/www.reportedeprensa.utalca.cl\/index.php?rest_route=\/wp\/v2\/types\/post"}],"author":[{"embeddable":true,"href":"https:\/\/www.reportedeprensa.utalca.cl\/index.php?rest_route=\/wp\/v2\/users\/1"}],"replies":[{"embeddable":true,"href":"https:\/\/www.reportedeprensa.utalca.cl\/index.php?rest_route=%2Fwp%2Fv2%2Fcomments&post=4648"}],"version-history":[{"count":4,"href":"https:\/\/www.reportedeprensa.utalca.cl\/index.php?rest_route=\/wp\/v2\/posts\/4648\/revisions"}],"predecessor-version":[{"id":4652,"href":"https:\/\/www.reportedeprensa.utalca.cl\/index.php?rest_route=\/wp\/v2\/posts\/4648\/revisions\/4652"}],"wp:attachment":[{"href":"https:\/\/www.reportedeprensa.utalca.cl\/index.php?rest_route=%2Fwp%2Fv2%2Fmedia&parent=4648"}],"wp:term":[{"taxonomy":"category","embeddable":true,"href":"https:\/\/www.reportedeprensa.utalca.cl\/index.php?rest_route=%2Fwp%2Fv2%2Fcategories&post=4648"},{"taxonomy":"post_tag","embeddable":true,"href":"https:\/\/www.reportedeprensa.utalca.cl\/index.php?rest_route=%2Fwp%2Fv2%2Ftags&post=4648"}],"curies":[{"name":"wp","href":"https:\/\/api.w.org\/{rel}","templated":true}]}}