{"id":4660,"date":"2022-08-10T10:06:01","date_gmt":"2022-08-10T13:06:01","guid":{"rendered":"https:\/\/www.reportedeprensa.utalca.cl\/?p=4660"},"modified":"2022-08-10T10:10:04","modified_gmt":"2022-08-10T13:10:04","slug":"10-de-agosto-de-2022","status":"publish","type":"post","link":"https:\/\/www.reportedeprensa.utalca.cl\/?p=4660","title":{"rendered":"10 de agosto de 2022"},"content":{"rendered":"\t\t<div data-elementor-type=\"wp-post\" data-elementor-id=\"4660\" class=\"elementor elementor-4660\" data-elementor-settings=\"[]\">\n\t\t\t\t\t\t\t<div class=\"elementor-section-wrap\">\n\t\t\t\t\t\t\t<section class=\"elementor-section elementor-top-section elementor-element elementor-element-44052ab7 elementor-section-boxed elementor-section-height-default elementor-section-height-default\" data-id=\"44052ab7\" data-element_type=\"section\">\n\t\t\t\t\t\t<div class=\"elementor-container elementor-column-gap-default\">\n\t\t\t\t\t<div class=\"elementor-column elementor-col-100 elementor-top-column elementor-element elementor-element-5b002d83\" data-id=\"5b002d83\" data-element_type=\"column\">\n\t\t\t<div class=\"elementor-widget-wrap elementor-element-populated\">\n\t\t\t\t\t\t\t\t<div class=\"elementor-element elementor-element-477998b8 elementor-widget elementor-widget-text-editor\" data-id=\"477998b8\" data-element_type=\"widget\" data-widget_type=\"text-editor.default\">\n\t\t\t\t<div class=\"elementor-widget-container\">\n\t\t\t\t\t\t\t\t<p class=\"x_MsoNormal\"><strong>ELMOSTRADOR.CL\u00a0<\/strong><\/p><p class=\"x_MsoNormal\"><a href=\"https:\/\/www.elmostrador.cl\/dia\/2022\/08\/09\/universidad-de-talca-presento-libro-de-artista-francisca-lohmann\/\">Universidad de Talca present\u00f3 libro de artista Francisca Lohmann. Se refieren \u00c1lvaro Rojas, exrector de la UTalca y Marcela Albornoz, directora de Extensi\u00f3n Cultural-Art\u00edstica.\u00a0<\/a><\/p><p class=\"x_MsoNormal\">\u00a0<\/p><p class=\"x_MsoNormal\"><strong>CIENCIAENCHILE.CL\u00a0<\/strong><\/p><p class=\"x_MsoNormal\"><a href=\"https:\/\/www.cienciaenchile.cl\/nuevo-centro-en-nanomedicina-diagnostico-y-desarrollo-de-farmacos\/\">Nuevo Centro en Nanomedicina, Diagn\u00f3stico y Desarrollo de F\u00e1rmacos. Se refieren Cristian Rojas, vicerrector Acad\u00e9mico y Cristian Vilos, acad\u00e9mico de la Escuela de Medicina y director del Centro.\u00a0<\/a><\/p><p class=\"x_MsoNormal\">\u00a0<\/p><p class=\"x_MsoNormal\"><strong>DIARIOELHERALDO.CL\u00a0<\/strong><\/p><p class=\"x_MsoNormal\"><a href=\"http:\/\/www.diarioelheraldo.cl\/noticia\/cambio-climatico-especialistas-presentan-aportes-desde-la-biologia-vegetal-y-la-biotecnologica-\">Cambio clim\u00e1tico: especialistas presentan aportes desde la biolog\u00eda vegetal y la biotecnolog\u00eda. Se refieren Cristi\u00e1n Rojas, vicerrector Acad\u00e9mico y Carlos Figueroa, director del Doctorado en Ciencias menci\u00f3n Biolog\u00eda Vegetal y Biotecnolog\u00eda.\u00a0<\/a><\/p><p class=\"x_MsoNormal\">\u00a0<\/p><p class=\"x_MsoNormal\"><strong>UESTATALES.CL\u00a0<\/strong><\/p><p class=\"x_MsoNormal\"><a href=\"http:\/\/uestatales.cl\/cue\/?q=node\/9590\">10 proyectos ganan el primer concurso de Proyectos de innovaci\u00f3n Pedag\u00f3gica (PIP) del SUE. Se menciona proyecto liderado por Sonia V\u00e1squez, acad\u00e9mica de la Facultad de Odontolog\u00eda. \u00a0<\/a><\/p><p class=\"x_MsoNormal\">\u00a0<\/p><p class=\"x_MsoNormal\"><strong>RADIO COOPERATIVA\u00a0<\/strong><\/p><p class=\"x_MsoNormal\"><a href=\"https:\/\/www.litoralpress.cl\/sitio\/RadioTV_Detalles.cshtml?LPKey=T7F6ZEDBOP5BQAVWK3SM5UYFDH6UY2CK7OSCOKH7RINAZLRBDCEY3TZL5BYAVM7AYCAUGOJ3ZUPOA\">Autoridades y expertos reconocen un alza en la circulaci\u00f3n viral del Covid-19. Se refiere Daniel Jim\u00e9nez, director de Salud del Estudiante.\u00a0<\/a><\/p><p class=\"x_MsoNormal\">\u00a0<\/p><p class=\"x_MsoNormal\"><strong>COOPERATIVA.CL\u00a0<\/strong><\/p><p class=\"x_MsoNormal\"><a href=\"https:\/\/www.cooperativa.cl\/noticias\/sociedad\/salud\/coronavirus\/balance-covid-antofagasta-o-higgins-y-coquimbo-son-las-regiones-con\/2022-08-09\/110848.html?region=654\">Balance COVID: Antofagasta, O&#8217;Higgins y Coquimbo son las regiones con mayor positividad. Se refiere Daniel Jim\u00e9nez, director de Salud del Estudiante.\u00a0<\/a><\/p><p class=\"x_MsoNormal\">\u00a0<\/p><p class=\"x_MsoNormal\"><strong>ADPRENSA.CL\u00a0<\/strong><\/p><p class=\"x_MsoNormal\"><a href=\"https:\/\/www.adprensa.cl\/actividades-academicas\/alza-de-covid-19-se-deberia-a-efectopostvacacional-y-baja-en-la-vacunacion\/\">Alza de COVID-19 se deber\u00eda a efecto postvacacional y baja en la vacunaci\u00f3n. Se refiere Marcelo Alarc\u00f3n, acad\u00e9mico del Departamento de Bioqu\u00edmica Cl\u00ednica e Inmunohematolog\u00eda. \u00a0<\/a><\/p><p class=\"x_MsoNormal\">\u00a0<\/p><p class=\"x_MsoNormal\"><strong>ELMAULEINFORMA.CL\u00a0<\/strong><\/p><p class=\"x_MsoNormal\"><a href=\"https:\/\/elmauleinforma.cl\/alza-de-covid-19-se-deberia-a-efecto-post-vacacional-y-baja-en-la-vacunacion\/\">Alza de COVID-19 se deber\u00eda a efecto postvacacional y baja en la vacunaci\u00f3n. Se refiere Marcelo Alarc\u00f3n, acad\u00e9mico del Departamento de Bioqu\u00edmica Cl\u00ednica e Inmunohematolog\u00eda.\u00a0<\/a><\/p><p class=\"x_MsoNormal\">\u00a0<\/p><p class=\"x_MsoNormal\"><strong>NOVACIENCIA.ES\u00a0<\/strong><\/p><p class=\"x_MsoNormal\"><a href=\"https:\/\/www.litoralpress.cl\/sitio\/Prensa_PaginaCompleta.cshtml?LPKey=B6QDN5E2IIURK5HM663M53YYBN2ZU2GF4JEROIM2VPYJ4E2SHKWQ\">Lactancia materna, mucho m\u00e1s que el mejor alimento para el beb\u00e9. Se refieren Paula Contreras, acad\u00e9mica de la Escuela de Nutrici\u00f3n y Diet\u00e9tica, y Marjorie Medel, acad\u00e9mica de la Escuela de Obstetricia y Puericultura.\u00a0<\/a><\/p><p class=\"x_MsoNormal\">\u00a0<\/p><p class=\"x_MsoNormal\"><strong>ATENTOSCHILE.CL\u00a0<\/strong><\/p><p class=\"x_MsoNormal\"><a href=\"https:\/\/www.litoralpress.cl\/sitio\/RadioTV_Detalles.cshtml?LPKey=RELHENM2YNZDVPD2IBNQA52ONNEXUSOIT5R6GDWX34IZWFZ5XOUXRLHPDTLQWCD75HUJHBRL74RUQ\">Entrevista a Fernando Carrasco, acad\u00e9mico del Instituto de Ciencias Biol\u00f3gicas.\u00a0<\/a><\/p><p class=\"x_MsoNormal\">\u00a0<\/p><p class=\"x_MsoNormal\"><strong>G5NOTICIAS.CL\u00a0<\/strong><\/p><p class=\"x_MsoNormal\"><a href=\"https:\/\/g5noticias.cl\/2022\/08\/09\/explican-importante-aumento-de-afectados-por-las-alergias-en-el-pais\/\">Explican importante aumento de afectados por las alergias en el pa\u00eds. Se refieren Fernando Carrasco, acad\u00e9mico del Instituto de Ciencias Biol\u00f3gicas y Dayana Machado, directora del Programa de Especializaci\u00f3n en Medicina Interna.\u00a0<\/a><\/p><p class=\"x_MsoNormal\">\u00a0<\/p><p class=\"x_MsoNormal\"><strong>MUSICAYNOTICIAS.CL\u00a0<\/strong><\/p><p class=\"x_MsoNormal\"><a href=\"https:\/\/www.musicaynoticias.cl\/nacional\/expertos-explican-importante-aumento-personas-afectadas-por-alergias-en-chile\">Expertos explican importante aumento de afectados por las alergias en el pa\u00eds. Se refieren Fernando Carrasco, acad\u00e9mico del Instituto de Ciencias Biol\u00f3gicas y Dayana Machado, directora del Programa de Especializaci\u00f3n en Medicina Interna.\u00a0<\/a><\/p><p class=\"x_MsoNormal\" aria-hidden=\"true\">\u00a0<\/p><p class=\"x_MsoNormal\"><strong>PRESERVAR.CL\u00a0<\/strong><\/p><p class=\"x_MsoNormal\"><a href=\"https:\/\/www.preservar.cl\/explican-importante-aumento-de-afectados-por-las-alergias-en-el-pais\/\">Importante aumento de afectados por las alergias en el pa\u00eds. Se refieren Fernando Carrasco, acad\u00e9mico del Instituto de Ciencias Biol\u00f3gicas y Dayana Machado, directora del Programa de Especializaci\u00f3n en Medicina Interna.\u00a0<\/a><\/p><p class=\"x_MsoNormal\" aria-hidden=\"true\">\u00a0<\/p><p class=\"x_MsoNormal\"><strong>TVMAULE.CL\u00a0<\/strong><\/p><p class=\"x_MsoNormal\"><a href=\"https:\/\/www.tvmaule.cl\/expertos-analizan-como-disminuir-la-congestion-vehicular-en-las-carreteras-del-pais\/\">Expertos analizan c\u00f3mo disminuir la congesti\u00f3n vehicular en las carreteras del pa\u00eds. Se refiere Jorge Bravo, acad\u00e9mico de la Escuela de Ingenier\u00eda Civil en Obras Civiles.\u00a0<\/a><\/p><p class=\"x_MsoNormal\">\u00a0<\/p><p class=\"x_MsoNormal\"><strong>CENTROSURNOTICIAS.CL\u00a0<\/strong><\/p><p class=\"x_MsoNormal\"><a href=\"https:\/\/centrosurnoticias.cl\/analizan-desafios-para-disminuir-la-congestion-vehicular-en-carreteras\/\">Analizan desaf\u00edos para disminuir la congesti\u00f3n vehicular en carreteras. Se refiere Jorge Bravo, acad\u00e9mico de la Escuela de Ingenier\u00eda Civil en Obras Civiles.\u00a0<\/a><\/p><p class=\"x_MsoNormal\">\u00a0<\/p><p class=\"x_MsoNormal\"><strong>ATENTOSCHILE.CL\u00a0<\/strong><\/p><p class=\"x_MsoNormal\"><a href=\"https:\/\/www.litoralpress.cl\/sitio\/RadioTV_Detalles.cshtml?LPKey=QFIZ35J2VRDC3ZNIOACVGET7NCOSX6MF3SOSNO63YP3EPN3LKRILFYU27JMEG47HMTIE5D6ZDTSA2\">Entrevista a Arcadio Cerda, acad\u00e9mico de la Facultad de Econom\u00eda y Negocios (FEN).\u00a0<\/a><\/p><p class=\"x_MsoNormal\">\u00a0<\/p><p class=\"x_MsoNormal\"><strong>CANAL TV5 LINARES\u00a0<\/strong><\/p><p class=\"x_MsoNormal\"><a href=\"https:\/\/www.litoralpress.cl\/sitio\/RadioTV_Detalles.cshtml?LPKey=3GGS2B7DJ76T4JTKYAWCBY5GVLLFACVOTOMITROVTPCQ2GTFHD26WRCPQI6BJKBJT6XAW5HNHEMEO\">IPC y alza costo de la vida. Se refiere Hern\u00e1n D\u00edaz, acad\u00e9mico de la Facultad de Econom\u00eda y Negocios (FEN).\u00a0<\/a><\/p><p class=\"x_MsoNormal\">\u00a0<\/p><p class=\"x_MsoNormal\"><strong>CANAL ANTOFAGASTA TELEVISI\u00d3N\u00a0<\/strong><\/p><p class=\"x_MsoNormal\"><a href=\"https:\/\/www.litoralpress.cl\/sitio\/RadioTV_Detalles.cshtml?LPKey=SKRMZOHMEIYESBXOPRGFAE7TWQ6PEXZQ2CS5E5CEFXVBWTILXZIPUM6VLNB76KIOJBVZDHAG6C24A\">Surgen primeras propuestas en el Congreso para aminorar impacto de las constantes alzas de precios. Se refiere Hern\u00e1n D\u00edaz, acad\u00e9mico de la Facultad de Econom\u00eda y Negocios (FEN).\u00a0<\/a><\/p><p class=\"x_MsoNormal\">\u00a0<\/p><p class=\"x_MsoNormal\"><strong>RADIO INFINITA\u00a0<\/strong><\/p><p class=\"x_MsoNormal\"><a href=\"https:\/\/www.litoralpress.cl\/sitio\/RadioTV_Detalles.cshtml?LPKey=4JLBLO6QIL3SP33DX3WJBKT24MHSZDEIYZOXCPB73WUQZYYMNSPAXHQZVKWWQH6B4CIEMC3WEO3FQ\">Comentario de Mauricio Morales, director del Centro de An\u00e1lisis Pol\u00edtico (CAP).\u00a0<\/a><\/p><p class=\"x_MsoNormal\">\u00a0<\/p><p class=\"x_MsoNormal\"><strong>EMOL.COM\u00a0<\/strong><\/p><p class=\"x_MsoNormal\"><a href=\"https:\/\/www.emol.com\/noticias\/Nacional\/2022\/08\/09\/1069368\/rol-presidente-boric-plebiscito-popularidad.html\">Boric se pone como &#8220;aval&#8221; de acuerdos en caso de que gane el Apruebo: Analistas enjuician postura presidencial. Se refiere Mauricio Morales, director del Centro de An\u00e1lisis Pol\u00edtico (CAP).\u00a0<\/a><\/p><p class=\"x_MsoNormal\">\u00a0<\/p><p class=\"x_MsoNormal\"><strong>PUBLIMETRO.CL\u00a0<\/strong><\/p><p class=\"x_MsoNormal\"><a href=\"https:\/\/www.publimetro.cl\/noticias\/2022\/08\/09\/versiones-distintas-y-tuits-borrados-por-supuestos-aviones-sobre-argentina\/\">Versiones distintas y tuits borrados por supuestos aviones sobre Argentina. Se refiere Alejandra M\u00e1rquez, acad\u00e9mica del Centro de An\u00e1lisis Pol\u00edtico (CAP).\u00a0<\/a><\/p><p class=\"x_MsoNormal\">\u00a0<\/p><p class=\"x_MsoNormal\"><strong>LA TERCERA\u00a0<\/strong><\/p><p class=\"x_MsoNormal\"><a href=\"https:\/\/www.litoralpress.cl\/paginaconsultas\/Servicios_NClipSitio\/Get_Imagen_Nota.aspx?LPKey=DMCOHVDJVHHRJ42IWAGPY4SMQZ5SIBXV4SFKE2M6DBDWFHCYLCSSKM2N4JXSQFSB3DQQFS6C5NLQA\">Grupo de economistas entregar\u00e1 apoyo a la opci\u00f3n Apruebo este jueves. Se menciona a Andrea Bentancor, acad\u00e9mica de la Facultad de Econom\u00eda y Negocios (FEN).\u00a0<\/a><\/p><p class=\"x_MsoNormal\">\u00a0<\/p><p class=\"x_MsoNormal\"><strong>LATERCERA.COM\u00a0<\/strong><\/p><p class=\"x_MsoNormal\"><a href=\"https:\/\/www.latercera.com\/pulso-pm\/noticia\/grupo-de-economistas-entregara-apoyo-a-la-opcion-apruebo-el-proximo-jueves\/EDQWGY72Y5HPHAQWMOU3I5KW4I\/\">Exministros, expresidente de Banco Central, acad\u00e9micos y hasta un Chicago boy: el grupo de economistas que entregar\u00e1n su apoyo al Apruebo. Se menciona a Andrea Bentancor, acad\u00e9mica de la Facultad de Econom\u00eda y Negocios (FEN).\u00a0<\/a><\/p><p class=\"x_MsoNormal\">\u00a0<\/p><p class=\"x_MsoNormal\"><strong>MUNDOENLINEA.CL\u00a0<\/strong><\/p><p class=\"x_MsoNormal\"><a href=\"https:\/\/mundoenlinea.cl\/2022\/08\/09\/universitarios-crean-propuesta-para-monitoreo-de-incendios-forestales-con-ia-y-5g\/\">Universitarios crean propuesta para monitoreo de incendios forestales con IA y 5G. Se refiere Patricio Jim\u00e9nez, estudiante de Ingenier\u00eda en Desarrollo de Videojuegos y Realidad Virtual.\u00a0<\/a><\/p><p class=\"x_MsoNormal\">\u00a0<\/p><p class=\"x_MsoNormal\"><strong>DIARIOTALCA.CL\u00a0<\/strong><\/p><p class=\"x_MsoNormal\"><a href=\"https:\/\/diariotalca.cl\/patrimonio-cultural-talquino-el-dia-en-que-se-inauguro-la-luz\/\">Patrimonio cultural talquino: el d\u00eda en que se inaugur\u00f3 la luz. Se menciona al Centro de Documentaci\u00f3n Patrimonial. \u00a0<\/a><\/p><p class=\"x_MsoNormal\">\u00a0<\/p>\t\t\t\t\t\t<\/div>\n\t\t\t\t<\/div>\n\t\t\t\t\t<\/div>\n\t\t<\/div>\n\t\t\t\t\t\t\t<\/div>\n\t\t<\/section>\n\t\t\t\t\t\t<\/div>\n\t\t\t\t\t<\/div>\n\t\t","protected":false},"excerpt":{"rendered":"<p>ELMOSTRADOR.CL\u00a0 Universidad de Talca present\u00f3 libro de artista Francisca Lohmann. Se refieren \u00c1lvaro Rojas, exrector de la UTalca y Marcela Albornoz, directora de Extensi\u00f3n Cultural-Art\u00edstica.\u00a0 \u00a0 CIENCIAENCHILE.CL\u00a0 Nuevo Centro en Nanomedicina, Diagn\u00f3stico y Desarrollo de F\u00e1rmacos. Se refieren Cristian Rojas, vicerrector Acad\u00e9mico y Cristian Vilos, acad\u00e9mico de la Escuela de Medicina y director del Centro.\u00a0 &hellip;<\/p>\n<p class=\"read-more\"> <a class=\"\" href=\"https:\/\/www.reportedeprensa.utalca.cl\/?p=4660\"> <span class=\"screen-reader-text\">10 de agosto de 2022<\/span> Read More &raquo;<\/a><\/p>\n","protected":false},"author":1,"featured_media":0,"comment_status":"closed","ping_status":"open","sticky":false,"template":"","format":"standard","meta":{"_monsterinsights_skip_tracking":false,"_monsterinsights_sitenote_active":false,"_monsterinsights_sitenote_note":"","_monsterinsights_sitenote_category":0},"categories":[24],"tags":[],"_links":{"self":[{"href":"https:\/\/www.reportedeprensa.utalca.cl\/index.php?rest_route=\/wp\/v2\/posts\/4660"}],"collection":[{"href":"https:\/\/www.reportedeprensa.utalca.cl\/index.php?rest_route=\/wp\/v2\/posts"}],"about":[{"href":"https:\/\/www.reportedeprensa.utalca.cl\/index.php?rest_route=\/wp\/v2\/types\/post"}],"author":[{"embeddable":true,"href":"https:\/\/www.reportedeprensa.utalca.cl\/index.php?rest_route=\/wp\/v2\/users\/1"}],"replies":[{"embeddable":true,"href":"https:\/\/www.reportedeprensa.utalca.cl\/index.php?rest_route=%2Fwp%2Fv2%2Fcomments&post=4660"}],"version-history":[{"count":4,"href":"https:\/\/www.reportedeprensa.utalca.cl\/index.php?rest_route=\/wp\/v2\/posts\/4660\/revisions"}],"predecessor-version":[{"id":4664,"href":"https:\/\/www.reportedeprensa.utalca.cl\/index.php?rest_route=\/wp\/v2\/posts\/4660\/revisions\/4664"}],"wp:attachment":[{"href":"https:\/\/www.reportedeprensa.utalca.cl\/index.php?rest_route=%2Fwp%2Fv2%2Fmedia&parent=4660"}],"wp:term":[{"taxonomy":"category","embeddable":true,"href":"https:\/\/www.reportedeprensa.utalca.cl\/index.php?rest_route=%2Fwp%2Fv2%2Fcategories&post=4660"},{"taxonomy":"post_tag","embeddable":true,"href":"https:\/\/www.reportedeprensa.utalca.cl\/index.php?rest_route=%2Fwp%2Fv2%2Ftags&post=4660"}],"curies":[{"name":"wp","href":"https:\/\/api.w.org\/{rel}","templated":true}]}}