{"id":4672,"date":"2022-08-11T10:12:49","date_gmt":"2022-08-11T13:12:49","guid":{"rendered":"https:\/\/www.reportedeprensa.utalca.cl\/?p=4672"},"modified":"2022-08-11T10:14:55","modified_gmt":"2022-08-11T13:14:55","slug":"11-de-agosto-de-2022","status":"publish","type":"post","link":"https:\/\/www.reportedeprensa.utalca.cl\/?p=4672","title":{"rendered":"11 de agosto de 2022"},"content":{"rendered":"\t\t<div data-elementor-type=\"wp-post\" data-elementor-id=\"4672\" class=\"elementor elementor-4672\" data-elementor-settings=\"[]\">\n\t\t\t\t\t\t\t<div class=\"elementor-section-wrap\">\n\t\t\t\t\t\t\t<section class=\"elementor-section elementor-top-section elementor-element elementor-element-44052ab7 elementor-section-boxed elementor-section-height-default elementor-section-height-default\" data-id=\"44052ab7\" data-element_type=\"section\">\n\t\t\t\t\t\t<div class=\"elementor-container elementor-column-gap-default\">\n\t\t\t\t\t<div class=\"elementor-column elementor-col-100 elementor-top-column elementor-element elementor-element-5b002d83\" data-id=\"5b002d83\" data-element_type=\"column\">\n\t\t\t<div class=\"elementor-widget-wrap elementor-element-populated\">\n\t\t\t\t\t\t\t\t<div class=\"elementor-element elementor-element-477998b8 elementor-widget elementor-widget-text-editor\" data-id=\"477998b8\" data-element_type=\"widget\" data-widget_type=\"text-editor.default\">\n\t\t\t\t<div class=\"elementor-widget-container\">\n\t\t\t\t\t\t\t\t<p class=\"x_x_MsoNormal\"><strong>CHILEESNOTICIA.COM\u00a0<\/strong><\/p><p class=\"x_x_MsoNormal\"><a href=\"https:\/\/chileesnoticia.com\/2022\/08\/09\/universidad-de-talca-presento-libro-de-artista-francisca-lohmann\/\">Universidad de Talca present\u00f3 libro de artista Francisca Lohmann. Se refiere \u00c1lvaro Rojas, exrector de la UTalca y Marcela Albornoz, directora de Extensi\u00f3n Art\u00edstica-Cultural. \u00a0<\/a><\/p><p class=\"x_x_MsoNormal\">\u00a0<\/p><p class=\"x_x_MsoNormal\"><strong>RADIO BIO-B\u00cdO\u00a0<\/strong><\/p><p class=\"x_x_MsoNormal\"><a href=\"https:\/\/www.litoralpress.cl\/sitio\/RadioTV_Detalles.cshtml?LPKey=MFVAMWP6GUURB6KNKJ7JC7OGSGYB5YRZGFQX5AKAWM5URGL7TURNTNEYYXO2IWFZ3T5QHGN6IIAUA\">Entrevista a Marcelo Alarc\u00f3n, profesor del Departamento de Bioqu\u00edmica Cl\u00ednica e Inmunohematolog\u00eda.\u00a0<\/a><\/p><p class=\"x_x_MsoNormal\">\u00a0<\/p><p class=\"x_x_MsoNormal\"><strong>RADIO COOPERATIVA\u00a0<\/strong><\/p><p class=\"x_x_MsoNormal\"><a href=\"https:\/\/www.litoralpress.cl\/sitio\/RadioTV_Detalles.cshtml?LPKey=L6DXBJ4HA5NSOCPSSFVXZ756VMAVFMI77I5Z7JYCXUCNOA5TRFNNHQOYK4D44HSKEJ6UFPIKSB4GO\">Covid-19: Preocupaci\u00f3n alza de contagios. Se refiere Daniel Jim\u00e9nez, director de Salud del Estudiante. \u00a0<\/a><\/p><p class=\"x_x_MsoNormal\">\u00a0<\/p><p class=\"x_x_MsoNormal\"><strong>G5NOTICIAS.CL\u00a0<\/strong><\/p><p class=\"x_x_MsoNormal\"><a href=\"https:\/\/g5noticias.cl\/2022\/08\/10\/alza-de-covid-19-se-deberia-a-efecto-postvacacional-y-baja-en-la-vacunacion\/\">Alza de COVID-19 se deber\u00eda a efecto postvacacional y baja en la vacunaci\u00f3n. Se refiere Marcelo Alarc\u00f3n, acad\u00e9mico del Departamento de Bioqu\u00edmica Cl\u00ednica e Inmunohematolog\u00eda.\u00a0\u00a0\u00a0<\/a><\/p><p class=\"x_x_MsoNormal\">\u00a0<\/p><p class=\"x_x_MsoNormal\"><strong>LAS \u00daLTIMAS NOTICIAS\u00a0<\/strong><\/p><p class=\"x_x_MsoNormal\"><a href=\"https:\/\/www.litoralpress.cl\/paginaconsultas\/Servicios_NClipSitio\/Get_Imagen_Nota.aspx?LPKey=PDH6L2Q4EKXUXUD3EQZLKFXJP4R3SUXLIH52GSIWI3Q2SUXBR7WJLMQ5M2JXQ664KPTLKP3XKLJYW\">Esperan lluvia ligera domingo y martes. Se refiere Patricio Gonz\u00e1lez, acad\u00e9mico del Centro de Investigaci\u00f3n y Transferencia en Riego y Agroclimatolog\u00eda (CITRA).\u00a0<\/a><\/p><p class=\"x_x_MsoNormal\">\u00a0<\/p><p class=\"x_x_MsoNormal\"><strong>RADIO AGRICULTURA\u00a0<\/strong><\/p><p class=\"x_x_MsoNormal\"><a href=\"https:\/\/www.litoralpress.cl\/sitio\/RadioTV_Detalles.cshtml?LPKey=F4SMY3MSPJ62R5VRTS6SZM4QUNXY6ZJK3XOF7NDALSOUNUSMDFHXZDL4AIY2RNZGR3KSAF6T53CWU\">Especialista de la Universidad de Talca se\u00f1al\u00f3 que existe la posibilidad de que las altas temperaturas del hemisferio norte se repliquen en el sur este verano. Se menciona a Patricio Gonz\u00e1lez, acad\u00e9mico del Centro de Investigaci\u00f3n y Transferencia en Riego y Agroclimatolog\u00eda (CITRA).\u00a0<\/a><\/p><p class=\"x_x_MsoNormal\">\u00a0<\/p><p class=\"x_x_MsoNormal\"><strong>ADPRENSA.CL\u00a0<\/strong><\/p><p class=\"x_x_MsoNormal\"><a href=\"https:\/\/www.adprensa.cl\/cronica\/crecimiento-de-la-poblacion-mundial-complicaria-abastecimiento-de-alimentos\/\">Crecimiento de la poblaci\u00f3n mundial complicar\u00eda abastecimiento de alimentos. Se refiere Jos\u00e9 D\u00edaz, acad\u00e9mico de la Facultad de Ciencias Agrarias. \u00a0<\/a><\/p><p class=\"x_x_MsoNormal\">\u00a0<\/p><p class=\"x_x_MsoNormal\"><strong>EL HERALDO\u00a0<\/strong><\/p><p class=\"x_x_MsoNormal\"><a href=\"https:\/\/www.litoralpress.cl\/paginaconsultas\/Servicios_NClipSitio\/Get_Imagen_Nota.aspx?LPKey=4MHZ3LALRVBT75HRTUF2GKJTLADUZDAMAULAMBX2HWMCVV5V6URWKYWI552DE4DQVQ5IAK6BETNWE\">Cambio clim\u00e1tico: especialistas presentan aportes desde la biolog\u00eda vegetal y la biotecnol\u00f3gica. Se refieren Cristi\u00e1n Rojas, vicerrector Acad\u00e9mico y Carlos Figueroa, director del Doctorado en Ciencias menci\u00f3n Biolog\u00eda Vegetal y Biotecnolog\u00eda. \u00a0<\/a><\/p><p class=\"x_x_MsoNormal\">\u00a0<\/p><p class=\"x_x_MsoNormal\"><strong>CANAL 30 DE SAN JAVIER\u00a0<\/strong><\/p><p class=\"x_x_MsoNormal\"><a href=\"https:\/\/www.litoralpress.cl\/sitio\/RadioTV_Detalles.cshtml?LPKey=HVQNWRCK5Y7HDZSIGEYI477H7DB3U2HIBO3BZHF7QZCVMAZRX3DQ24WNJVKXZIZV3KRHRM6UHQID6\">Entrevista a Marianella Flores, acad\u00e9mica de la Facultad de Ciencias de la Educaci\u00f3n.\u00a0<\/a><\/p><p class=\"x_x_MsoNormal\">\u00a0<\/p><p class=\"x_x_MsoNormal\"><strong>TALCACAPITAL.CL\u00a0<\/strong><\/p><p class=\"x_x_MsoNormal\"><a href=\"https:\/\/talcacapital.cl\/analizan-desafios-para-disminuir-la-congestion-vehicular-en-carreteras\/\">Analizan desaf\u00edos para disminuir la congesti\u00f3n vehicular en carreteras. Se refiere Jorge Bravo, acad\u00e9mico de la Escuela de Ingenier\u00eda Civil en Obras Civiles. \u00a0<\/a><\/p><p class=\"x_x_MsoNormal\">\u00a0<\/p><p class=\"x_x_MsoNormal\"><strong>TVMAULE.CL\u00a0<\/strong><\/p><p class=\"x_x_MsoNormal\"><a href=\"https:\/\/www.tvmaule.cl\/segun-estudio-el-costo-adicional-anual-de-implementar-una-nueva-constitucion-implicaria-entre-89-y-142-puntos-del-pib\/\">Seg\u00fan estudio: el costo adicional anual de implementar una nueva Constituci\u00f3n implicar\u00eda entre 8,9 y 14,2 puntos del PIB. Se refieren Andrea Bentancor, acad\u00e9mica de la Facultad de Econom\u00eda y Negocios (FEN), Carlos Torres, rector de la UTalca y Rodrigo Herrera, decano de la FEN.\u00a0<\/a><\/p><p class=\"x_x_MsoNormal\">\u00a0<\/p><p class=\"x_x_MsoNormal\"><strong>CENTROSURNOTICIAS.CL\u00a0<\/strong><\/p><p class=\"x_x_MsoNormal\"><a href=\"https:\/\/centrosurnoticias.cl\/economistas-detallan-cifras-sobre-estudio-que-estimo-costo-fiscal-que-generaria-implementacion-de-nueva-constitucion\/\">Economistas detallan cifras sobre estudio que estim\u00f3 costo fiscal que generar\u00eda implementaci\u00f3n de nueva Constituci\u00f3n. Se refieren Andrea Bentancor, acad\u00e9mica de la Facultad de Econom\u00eda y Negocios (FEN), Carlos Torres, rector de la UTalca y Rodrigo Herrera, decano de la FEN.\u00a0<\/a><\/p><p class=\"x_x_MsoNormal\">\u00a0<\/p><p class=\"x_x_MsoNormal\"><strong>EL TIP\u00d3GRAFO\u00a0<\/strong><\/p><p class=\"x_x_MsoNormal\"><a href=\"https:\/\/www.litoralpress.cl\/paginaconsultas\/Servicios_NClipSitio\/Get_Imagen_Nota.aspx?LPKey=ASAT7KNZYRQ6CFEYGJJW37PYWV6XSEJDPVML2EMWRW2EYFHAISK47KDEPHKYVQXM7YC75YSTASK5C\">Coletazos de la inflaci\u00f3n: \u201c2023 tendremos crecimiento casi cero\u201d. Se refiere Hern\u00e1n D\u00edaz, acad\u00e9mico de la Facultad de Econom\u00eda y Negocios (FEN).\u00a0<\/a><\/p><p class=\"x_x_MsoNormal\">\u00a0<\/p><p class=\"x_x_MsoNormal\"><strong>RADIO INFINITA\u00a0<\/strong><\/p><p class=\"x_x_MsoNormal\"><a href=\"https:\/\/www.litoralpress.cl\/sitio\/RadioTV_Detalles.cshtml?LPKey=I4GSF3CIPZ5N7463U6LATUBHQFERMDE7N6EXJNMWMLJHVYMWXWSNN7FL2WP4UZY6WYXMHKUA63TGO\">Comentario de Mauricio Morales, director del Centro de An\u00e1lisis Pol\u00edtico (CAP).\u00a0<\/a><\/p>\t\t\t\t\t\t<\/div>\n\t\t\t\t<\/div>\n\t\t\t\t\t<\/div>\n\t\t<\/div>\n\t\t\t\t\t\t\t<\/div>\n\t\t<\/section>\n\t\t\t\t\t\t<\/div>\n\t\t\t\t\t<\/div>\n\t\t","protected":false},"excerpt":{"rendered":"<p>CHILEESNOTICIA.COM\u00a0 Universidad de Talca present\u00f3 libro de artista Francisca Lohmann. Se refiere \u00c1lvaro Rojas, exrector de la UTalca y Marcela Albornoz, directora de Extensi\u00f3n Art\u00edstica-Cultural. \u00a0 \u00a0 RADIO BIO-B\u00cdO\u00a0 Entrevista a Marcelo Alarc\u00f3n, profesor del Departamento de Bioqu\u00edmica Cl\u00ednica e Inmunohematolog\u00eda.\u00a0 \u00a0 RADIO COOPERATIVA\u00a0 Covid-19: Preocupaci\u00f3n alza de contagios. Se refiere Daniel Jim\u00e9nez, director de &hellip;<\/p>\n<p class=\"read-more\"> <a class=\"\" href=\"https:\/\/www.reportedeprensa.utalca.cl\/?p=4672\"> <span class=\"screen-reader-text\">11 de agosto de 2022<\/span> Read More &raquo;<\/a><\/p>\n","protected":false},"author":1,"featured_media":0,"comment_status":"closed","ping_status":"open","sticky":false,"template":"","format":"standard","meta":{"_monsterinsights_skip_tracking":false,"_monsterinsights_sitenote_active":false,"_monsterinsights_sitenote_note":"","_monsterinsights_sitenote_category":0},"categories":[24],"tags":[],"_links":{"self":[{"href":"https:\/\/www.reportedeprensa.utalca.cl\/index.php?rest_route=\/wp\/v2\/posts\/4672"}],"collection":[{"href":"https:\/\/www.reportedeprensa.utalca.cl\/index.php?rest_route=\/wp\/v2\/posts"}],"about":[{"href":"https:\/\/www.reportedeprensa.utalca.cl\/index.php?rest_route=\/wp\/v2\/types\/post"}],"author":[{"embeddable":true,"href":"https:\/\/www.reportedeprensa.utalca.cl\/index.php?rest_route=\/wp\/v2\/users\/1"}],"replies":[{"embeddable":true,"href":"https:\/\/www.reportedeprensa.utalca.cl\/index.php?rest_route=%2Fwp%2Fv2%2Fcomments&post=4672"}],"version-history":[{"count":4,"href":"https:\/\/www.reportedeprensa.utalca.cl\/index.php?rest_route=\/wp\/v2\/posts\/4672\/revisions"}],"predecessor-version":[{"id":4676,"href":"https:\/\/www.reportedeprensa.utalca.cl\/index.php?rest_route=\/wp\/v2\/posts\/4672\/revisions\/4676"}],"wp:attachment":[{"href":"https:\/\/www.reportedeprensa.utalca.cl\/index.php?rest_route=%2Fwp%2Fv2%2Fmedia&parent=4672"}],"wp:term":[{"taxonomy":"category","embeddable":true,"href":"https:\/\/www.reportedeprensa.utalca.cl\/index.php?rest_route=%2Fwp%2Fv2%2Fcategories&post=4672"},{"taxonomy":"post_tag","embeddable":true,"href":"https:\/\/www.reportedeprensa.utalca.cl\/index.php?rest_route=%2Fwp%2Fv2%2Ftags&post=4672"}],"curies":[{"name":"wp","href":"https:\/\/api.w.org\/{rel}","templated":true}]}}