{"id":4685,"date":"2022-08-12T09:54:08","date_gmt":"2022-08-12T12:54:08","guid":{"rendered":"https:\/\/www.reportedeprensa.utalca.cl\/?p=4685"},"modified":"2022-08-12T09:57:07","modified_gmt":"2022-08-12T12:57:07","slug":"12-de-agosto-de-2022","status":"publish","type":"post","link":"https:\/\/www.reportedeprensa.utalca.cl\/?p=4685","title":{"rendered":"12 de agosto de 2022"},"content":{"rendered":"\t\t<div data-elementor-type=\"wp-post\" data-elementor-id=\"4685\" class=\"elementor elementor-4685\" data-elementor-settings=\"[]\">\n\t\t\t\t\t\t\t<div class=\"elementor-section-wrap\">\n\t\t\t\t\t\t\t<section class=\"elementor-section elementor-top-section elementor-element elementor-element-44052ab7 elementor-section-boxed elementor-section-height-default elementor-section-height-default\" data-id=\"44052ab7\" data-element_type=\"section\">\n\t\t\t\t\t\t<div class=\"elementor-container elementor-column-gap-default\">\n\t\t\t\t\t<div class=\"elementor-column elementor-col-100 elementor-top-column elementor-element elementor-element-5b002d83\" data-id=\"5b002d83\" data-element_type=\"column\">\n\t\t\t<div class=\"elementor-widget-wrap elementor-element-populated\">\n\t\t\t\t\t\t\t\t<div class=\"elementor-element elementor-element-477998b8 elementor-widget elementor-widget-text-editor\" data-id=\"477998b8\" data-element_type=\"widget\" data-widget_type=\"text-editor.default\">\n\t\t\t\t<div class=\"elementor-widget-container\">\n\t\t\t\t\t\t\t\t<p class=\"x_MsoNormal\"><strong>RADIO COOPERATIVA\u00a0<\/strong><\/p><p class=\"x_MsoNormal\"><a href=\"https:\/\/www.litoralpress.cl\/sitio\/RadioTV_Detalles.cshtml?LPKey=B5F3LCWTMSUDRSKRCIIQSREPM6QQJU2FGN5M7YV73ITLV3BBVOAA7XXSYIHAXSIFIGZYXCVO7Z37G\">Minsal anunciar\u00e1 quinta dosis de la vacuna contra el Covid-19. Se refiere \u00c9rika Retamal, directora del Departamento de Salud P\u00fablica. \u00a0<\/a><\/p><p class=\"x_MsoNormal\">\u00a0<\/p><p class=\"x_MsoNormal\"><strong>RADIO COOPERATIVA\u00a0<\/strong><\/p><p class=\"x_MsoNormal\"><a href=\"https:\/\/www.litoralpress.cl\/sitio\/RadioTV_Detalles.cshtml?LPKey=N5VFXYOYLLJD3DGK6FE6EUDRLMKSBDRCNLENK6SXYZVGBUAEFEAKDWH3CCPPJUVL2COH4OMCZMYLA\">Hoy se reportaron 13 mil 198 nuevos casos de coronavirus. Se refiere \u00c9rika Retamal, directora del Departamento de Salud P\u00fablica.\u00a0<\/a><\/p><p class=\"x_MsoNormal\">\u00a0<\/p><p class=\"x_MsoNormal\"><strong>COOPERATIVA.CL\u00a0<\/strong><\/p><p class=\"x_MsoNormal\"><a href=\"https:\/\/www.cooperativa.cl\/noticias\/sociedad\/salud\/coronavirus\/epidemiologos-preocupados-por-baja-vacunacion-piden-mano-dura-de-cara-a\/2022-08-11\/133848.html\">Epidemi\u00f3logos preocupados por baja vacunaci\u00f3n: Piden mano dura de cara a Fiestas Patrias. Se refiere \u00c9rika Retamal, directora del Departamento de Salud P\u00fablica.\u00a0<\/a><\/p><p class=\"x_MsoNormal\">\u00a0<\/p><p class=\"x_MsoNormal\"><strong>LA PRENSA\u00a0<\/strong><\/p><p class=\"x_MsoNormal\"><a href=\"https:\/\/www.litoralpress.cl\/paginaconsultas\/Servicios_NClipSitio\/Get_Imagen_Nota.aspx?LPKey=UVFILJ23754SQGTMHGCOJ67QON5MNGSKJCTSBA7J6ASR2AECXFDWK4V7HNWBWRHNPSDCRR7O3JRHU\">Alza de COVID-19 postvacacional se deber\u00eda a efecto y baja en la vacunaci\u00f3n. Se refiere Marcelo Alarc\u00f3n, acad\u00e9mico del Departamento de Bioqu\u00edmica Cl\u00ednica e Inmunohematolog\u00eda.\u00a0<\/a><\/p><p class=\"x_MsoNormal\">\u00a0<\/p><p class=\"x_MsoNormal\"><strong>EL C\u00d3NDOR\u00a0<\/strong><\/p><p class=\"x_MsoNormal\"><a href=\"https:\/\/www.litoralpress.cl\/paginaconsultas\/Servicios_NClipSitio\/Get_Imagen_Nota.aspx?LPKey=VQ4GLPGZU47ZTPFBHZ2RWD24KDVP4WDK2RXRDEQNOWWENLQDG3FZPGMDAMGCHUH7C7Z5DJMDXN5ME\">Alza de COVID-19 se deber\u00eda a efecto postvacacional y baja en la vacunaci\u00f3n. Se refiere Marcelo Alarc\u00f3n, acad\u00e9mico del Departamento de Bioqu\u00edmica Cl\u00ednica e Inmunohematolog\u00eda. \u00a0<\/a><\/p><p class=\"x_MsoNormal\">\u00a0<\/p><p class=\"x_MsoNormal\"><strong>DIARIOTALCA.CL\u00a0<\/strong><\/p><p class=\"x_MsoNormal\"><a href=\"https:\/\/diariotalca.cl\/alza-den-contagios-de-covid-se-deberia-a-efecto-postvacacional\/\">Alza de contagios de COVID se deber\u00eda a efecto postvacacional. Se refiere Marcelo Alarc\u00f3n, acad\u00e9mico del Departamento de Bioqu\u00edmica Cl\u00ednica e Inmunohematolog\u00eda.\u00a0<\/a><\/p><p class=\"x_MsoNormal\">\u00a0<\/p><p class=\"x_MsoNormal\"><strong>ELMOSTRADOR.CL\u00a0<\/strong><\/p><p class=\"x_MsoNormal\"><a href=\"https:\/\/www.elmostrador.cl\/noticias\/opinion\/2022\/08\/11\/sobre-algunas-aprensiones-con-la-ultima-encuesta-del-cep\/\">Sobre algunas aprensiones con la \u00faltima encuesta del CEP. Se refiere Dany Jaimovich, acad\u00e9mico de la Facultad de Econom\u00eda y Negocios (FEN).\u00a0<\/a><\/p><p class=\"x_MsoNormal\">\u00a0<\/p><p class=\"x_MsoNormal\"><strong>LA PRENSA\u00a0<\/strong><\/p><p class=\"x_MsoNormal\"><a href=\"https:\/\/www.litoralpress.cl\/paginaconsultas\/Servicios_NClipSitio\/Get_Imagen_Nota.aspx?LPKey=NDOOYNFCB2I4NHITWJCSOBZFJIRB7BRAFLN4NU7RSZHUJOQKFSLGLEORZDZG4KOIGYWZ36CE5MBYS\">Aumento de poblaci\u00f3n mundial estresar\u00eda producci\u00f3n de alimentos. Se refiere Jos\u00e9 D\u00edaz, acad\u00e9mico de la Facultad de Ciencias Agrarias.\u00a0<\/a><\/p><p>\u00a0<\/p><p class=\"x_MsoNormal\"><strong>G5NOTICIAS.CL\u00a0<\/strong><\/p><p class=\"x_MsoNormal\"><a href=\"https:\/\/g5noticias.cl\/2022\/08\/11\/crecimiento-de-la-poblacion-mundial-complicaria-abastecimiento-de-alimentos\/\">Crecimiento de la poblaci\u00f3n mundial complicar\u00eda abastecimiento de alimentos. Se refiere Jos\u00e9 D\u00edaz, acad\u00e9mico de la Facultad de Ciencias Agrarias.\u00a0<\/a><\/p><p class=\"x_MsoNormal\">\u00a0<\/p><p class=\"x_MsoNormal\"><strong>TALCACAPITAL.CL\u00a0<\/strong><\/p><p class=\"x_MsoNormal\"><a href=\"https:\/\/talcacapital.cl\/economistas-detallan-cifras-sobre-estudio-que-estimo-costo-fiscal-que-generaria-implementacion-de-nueva-constitucion\/\">Economistas detallan cifras sobre estudio que estim\u00f3 costo fiscal que generar\u00eda implementaci\u00f3n de Nueva Constituci\u00f3n. Se refieren Andrea Bentancor, acad\u00e9mica de la Facultad de Econom\u00eda y Negocios (FEN), Carlos Torres, rector de la UTalca y Rodrigo Herrera, decano de la FEN.\u00a0<\/a><\/p><p class=\"x_MsoNormal\">\u00a0<\/p><p class=\"x_MsoNormal\"><strong>EL MERCURIO\u00a0<\/strong><\/p><p class=\"x_MsoNormal\"><a href=\"https:\/\/www.litoralpress.cl\/sitio\/Prensa_PaginaCompleta.cshtml?LPKey=SJUTEZQXBNA3K5QI26YUS2CGOMVI37QVZV722NWFUIN6GKHEUZSA\">Acuerdo desata cr\u00edticas en exconvencionales de izquierda y dichos de Tellier abren flanco sobre posibilidad de concretar mejoras. Se refiere Mauricio Morales, director del Centro de An\u00e1lisis Pol\u00edtico (CAP).\u00a0<\/a><\/p><p class=\"x_MsoNormal\">\u00a0<\/p><p class=\"x_MsoNormal\"><strong>LAS \u00daLTIMAS NOTICIAS\u00a0<\/strong><\/p><p class=\"x_MsoNormal\"><a href=\"https:\/\/www.litoralpress.cl\/sitio\/Prensa_PaginaCompleta.cshtml?LPKey=XSVO6VULF6ZRFTIQLCFHNM75YV2WOZSINWXMYL57IRKL7QR2GSUQ\">Analistas revisan propuesta de cambio constitucional de partidos de gobierno. Se refiere Mauricio Morales, director del Centro de An\u00e1lisis Pol\u00edtico (CAP).\u00a0<\/a><\/p><p class=\"x_MsoNormal\">\u00a0<\/p><p class=\"x_MsoNormal\"><strong>PUBLIMETRO\u00a0<\/strong><\/p><p class=\"x_MsoNormal\"><a href=\"https:\/\/www.litoralpress.cl\/sitio\/Prensa_PaginaCompleta.cshtml?LPKey=RHQZ7DBIVFZUZTYLA3WDD56NOBCQYJWAIJGGLOO46AFJAEB4K6EA\">Oficialismo detalla las reformas que impulsar\u00e1 a la nueva constituci\u00f3n.\u00a0<\/a><\/p><p class=\"x_MsoNormal\">\u00a0<\/p><p class=\"x_MsoNormal\"><strong>RADIO INFINITA\u00a0<\/strong><\/p><p class=\"x_MsoNormal\"><a href=\"https:\/\/www.litoralpress.cl\/sitio\/RadioTV_Detalles.cshtml?LPKey=ZWF4INUCOQMQKR5SNRNJIGC657HIWYUEMZHODNJPKJGSUVNGZP6USUY4FZSKYW36ACPAFQLW7IQAU\">Comentario de Mauricio Morales, director del Centro de An\u00e1lisis Pol\u00edtico (CAP).\u00a0<\/a><\/p><p class=\"x_MsoNormal\">\u00a0<\/p><p class=\"x_MsoNormal\"><strong>EMOL.COM\u00a0<\/strong><\/p><p class=\"x_MsoNormal\"><a href=\"https:\/\/www.emol.com\/noticias\/Nacional\/2022\/08\/11\/1069591\/efectos-acuerdo-oficialista-mejoras.html\">M\u00e1s all\u00e1 del paso &#8220;pol\u00edtico&#8221;: Expertos prev\u00e9n efecto acotado de acuerdo oficialista y piden &#8220;explicar&#8221; puntos a la ciudadan\u00eda. Se refiere Mauricio Morales, director del Centro de An\u00e1lisis Pol\u00edtico (CAP).\u00a0<\/a><\/p><p class=\"x_MsoNormal\">\u00a0<\/p><p class=\"x_MsoNormal\"><strong>LA PRENSA\u00a0<\/strong><\/p><p class=\"x_MsoNormal\"><a href=\"https:\/\/www.litoralpress.cl\/paginaconsultas\/Servicios_NClipSitio\/Get_Imagen_Nota.aspx?LPKey=EARBZ2DZ3L4JEBMQ5TVCGEVD2VDMJP2WGTGPXXRWYQWNGXJ5JIU25HELQJOOX2CC2WJURULPTDNZM\">Presentan obra \u201cEnse\u00f1ando a reciclar\u201d en el Centro de Extensi\u00f3n Curic\u00f3 de la UTalca.\u00a0<\/a><\/p><p class=\"x_MsoNormal\">\u00a0<\/p>\t\t\t\t\t\t<\/div>\n\t\t\t\t<\/div>\n\t\t\t\t\t<\/div>\n\t\t<\/div>\n\t\t\t\t\t\t\t<\/div>\n\t\t<\/section>\n\t\t\t\t\t\t<\/div>\n\t\t\t\t\t<\/div>\n\t\t","protected":false},"excerpt":{"rendered":"<p>RADIO COOPERATIVA\u00a0 Minsal anunciar\u00e1 quinta dosis de la vacuna contra el Covid-19. Se refiere \u00c9rika Retamal, directora del Departamento de Salud P\u00fablica. \u00a0 \u00a0 RADIO COOPERATIVA\u00a0 Hoy se reportaron 13 mil 198 nuevos casos de coronavirus. Se refiere \u00c9rika Retamal, directora del Departamento de Salud P\u00fablica.\u00a0 \u00a0 COOPERATIVA.CL\u00a0 Epidemi\u00f3logos preocupados por baja vacunaci\u00f3n: Piden mano &hellip;<\/p>\n<p class=\"read-more\"> <a class=\"\" href=\"https:\/\/www.reportedeprensa.utalca.cl\/?p=4685\"> <span class=\"screen-reader-text\">12 de agosto de 2022<\/span> Read More &raquo;<\/a><\/p>\n","protected":false},"author":1,"featured_media":0,"comment_status":"closed","ping_status":"open","sticky":false,"template":"","format":"standard","meta":{"_monsterinsights_skip_tracking":false,"_monsterinsights_sitenote_active":false,"_monsterinsights_sitenote_note":"","_monsterinsights_sitenote_category":0},"categories":[24],"tags":[],"_links":{"self":[{"href":"https:\/\/www.reportedeprensa.utalca.cl\/index.php?rest_route=\/wp\/v2\/posts\/4685"}],"collection":[{"href":"https:\/\/www.reportedeprensa.utalca.cl\/index.php?rest_route=\/wp\/v2\/posts"}],"about":[{"href":"https:\/\/www.reportedeprensa.utalca.cl\/index.php?rest_route=\/wp\/v2\/types\/post"}],"author":[{"embeddable":true,"href":"https:\/\/www.reportedeprensa.utalca.cl\/index.php?rest_route=\/wp\/v2\/users\/1"}],"replies":[{"embeddable":true,"href":"https:\/\/www.reportedeprensa.utalca.cl\/index.php?rest_route=%2Fwp%2Fv2%2Fcomments&post=4685"}],"version-history":[{"count":4,"href":"https:\/\/www.reportedeprensa.utalca.cl\/index.php?rest_route=\/wp\/v2\/posts\/4685\/revisions"}],"predecessor-version":[{"id":4689,"href":"https:\/\/www.reportedeprensa.utalca.cl\/index.php?rest_route=\/wp\/v2\/posts\/4685\/revisions\/4689"}],"wp:attachment":[{"href":"https:\/\/www.reportedeprensa.utalca.cl\/index.php?rest_route=%2Fwp%2Fv2%2Fmedia&parent=4685"}],"wp:term":[{"taxonomy":"category","embeddable":true,"href":"https:\/\/www.reportedeprensa.utalca.cl\/index.php?rest_route=%2Fwp%2Fv2%2Fcategories&post=4685"},{"taxonomy":"post_tag","embeddable":true,"href":"https:\/\/www.reportedeprensa.utalca.cl\/index.php?rest_route=%2Fwp%2Fv2%2Ftags&post=4685"}],"curies":[{"name":"wp","href":"https:\/\/api.w.org\/{rel}","templated":true}]}}