{"id":4697,"date":"2022-08-16T10:11:49","date_gmt":"2022-08-16T13:11:49","guid":{"rendered":"https:\/\/www.reportedeprensa.utalca.cl\/?p=4697"},"modified":"2022-08-16T10:17:23","modified_gmt":"2022-08-16T13:17:23","slug":"16-de-agosto-de-2022","status":"publish","type":"post","link":"https:\/\/www.reportedeprensa.utalca.cl\/?p=4697","title":{"rendered":"16 de agosto de 2022"},"content":{"rendered":"\t\t<div data-elementor-type=\"wp-post\" data-elementor-id=\"4697\" class=\"elementor elementor-4697\" data-elementor-settings=\"[]\">\n\t\t\t\t\t\t\t<div class=\"elementor-section-wrap\">\n\t\t\t\t\t\t\t<section class=\"elementor-section elementor-top-section elementor-element elementor-element-44052ab7 elementor-section-boxed elementor-section-height-default elementor-section-height-default\" data-id=\"44052ab7\" data-element_type=\"section\">\n\t\t\t\t\t\t<div class=\"elementor-container elementor-column-gap-default\">\n\t\t\t\t\t<div class=\"elementor-column elementor-col-100 elementor-top-column elementor-element elementor-element-5b002d83\" data-id=\"5b002d83\" data-element_type=\"column\">\n\t\t\t<div class=\"elementor-widget-wrap elementor-element-populated\">\n\t\t\t\t\t\t\t\t<div class=\"elementor-element elementor-element-477998b8 elementor-widget elementor-widget-text-editor\" data-id=\"477998b8\" data-element_type=\"widget\" data-widget_type=\"text-editor.default\">\n\t\t\t\t<div class=\"elementor-widget-container\">\n\t\t\t\t\t\t\t\t<p class=\"x_MsoNormal\"><strong>EL HERALDO\u00a0<\/strong><\/p><p class=\"x_MsoNormal\"><a href=\"https:\/\/www.litoralpress.cl\/paginaconsultas\/Servicios_NClipSitio\/Get_Imagen_Nota.aspx?LPKey=KZCUDBCD5SIXYK53OAUC3MMFOP2MZBALFHNGWTDSARNYSHWDMUFTEVXQ2ZUGZK6K6GCOG7D7LYVJO\">Fiesta de la Poda: Campus Colchagua de la UTalca inicia nuevo ciclo en su vi\u00f1edo. Se refieren Patricio G\u00f3mez, director del Campus Colchagua y M\u00f3nica Vergara, directora de T\u00e9cnico Superior en Viticultura.\u00a0<\/a><\/p><p class=\"x_MsoNormal\">\u00a0<\/p><p class=\"x_MsoNormal\"><strong>ADPRENSA.CL\u00a0<\/strong><\/p><p class=\"x_MsoNormal\"><a href=\"https:\/\/www.adprensa.cl\/cronica\/fiesta-de-la-poda-campus-colchagua-de-la-utalca-inicia-nuevo-ciclo-en-su-vinedo\/\">Fiesta de la poda: Campus Colchagua de la UTalca inicia nuevo ciclo en su vi\u00f1edo. Se refieren Patricio G\u00f3mez, director del Campus Colchagua y M\u00f3nica Vergara, directora de T\u00e9cnico Superior en Viticultura.\u00a0<\/a><\/p><p class=\"x_MsoNormal\">\u00a0<\/p><p class=\"x_MsoNormal\"><strong>PORTALDELAGRO.CL\u00a0<\/strong><\/p><p class=\"x_MsoNormal\"><a href=\"https:\/\/www.portaldelagro.cl\/2022\/08\/12\/fiesta-de-la-poda-campus-colchagua-de-la-utalca-inicia-nuevo-ciclo-en-su-vinedo\/\">Fiesta de la poda: Campus Colchagua de la UTalca inicia nuevo ciclo en su vi\u00f1edo. Se refieren Patricio G\u00f3mez, director del Campus Colchagua y M\u00f3nica Vergara, directora de T\u00e9cnico Superior en Viticultura. \u00a0<\/a><\/p><p class=\"x_MsoNormal\">\u00a0<\/p><p class=\"x_MsoNormal\"><strong>CANAL CNN CHILE\u00a0<\/strong><\/p><p class=\"x_MsoNormal\"><a href=\"https:\/\/www.litoralpress.cl\/sitio\/RadioTV_Detalles.cshtml?LPKey=YRENVCBEKXH5A754DHW5VKRGZYY6YSDHJKL2CF4QH46FPVBG3JYSQOHYOFWHIDXICMIE3ONAAH6GW\">Entrevista a \u00c9rika Retamal, directora del Departamento de Salud P\u00fablica.\u00a0<\/a><\/p><p class=\"x_MsoNormal\">\u00a0<\/p><p class=\"x_MsoNormal\"><strong>RADIO COOPERATIVA\u00a0<\/strong><\/p><p class=\"x_MsoNormal\"><a href=\"https:\/\/www.litoralpress.cl\/sitio\/RadioTV_Detalles.cshtml?LPKey=UWW5AY564SNMWT6WJIGPV426GNMFWMXVFO3HD2NT5AMQA6VMMZIQFSO2OXWSGJN6W6HWCQG7P37BK\">Balance Covid-19 por el Minsal. Se refiere \u00c9rika Retamal, directora del Departamento de Salud P\u00fablica. \u00a0<\/a><\/p><p class=\"x_MsoNormal\">\u00a0<\/p><p class=\"x_MsoNormal\"><strong>ELMOSTRADOR.CL\u00a0<\/strong><\/p><p class=\"x_MsoNormal\"><a href=\"https:\/\/www.elmostrador.cl\/agenda-pais\/2022\/08\/12\/alza-de-covid-19-por-que-siguen-aumentando-los-casos\/\">Alza de Covid-19: \u00bfpor qu\u00e9 siguen aumentando los casos? Se refiere Marcelo Alarc\u00f3n, acad\u00e9mico del Departamento de Bioqu\u00edmica Cl\u00ednica e Inmunohematolog\u00eda. \u00a0<\/a><\/p><p class=\"x_MsoNormal\">\u00a0<\/p><p class=\"x_MsoNormal\"><strong>CNNCHILE.COM\u00a0<\/strong><\/p><p class=\"x_MsoNormal\"><a href=\"https:\/\/www.cnnchile.com\/lodijeronencnn\/dra-retamal-muertes-covid-acostumbramos-numero_20220813\/\">\u201cEstamos cerca de 60 mil muertes por COVID-19 y como que nos acostumbramos a ese n\u00famero\u201d. Se refiere \u00c9rika Retamal, directora del Departamento de Bioqu\u00edmica Cl\u00ednica e Inmunohematolog\u00eda.\u00a0<\/a><\/p><p class=\"x_MsoNormal\">\u00a0<\/p><p class=\"x_MsoNormal\"><strong>RADIO BIO-B\u00cdO DE VALPARA\u00cdSO\u00a0<\/strong><\/p><p class=\"x_MsoNormal\"><a href=\"https:\/\/www.litoralpress.cl\/sitio\/RadioTV_Detalles.cshtml?LPKey=GOR2CE3EFVRN6OCYK6CZPLIT7QNIXUD47DX74D4IROA4YMC73GTZW573ZKH2ARNMB52H6QLRNRUZY\">Regi\u00f3n de Valpara\u00edso reporto 1.152 casos nuevos y cinco muertes de covid-19 en la \u00faltima jornada. Se refiere Marcelo Alarc\u00f3n, acad\u00e9mico del Departamento de Bioqu\u00edmica Cl\u00ednica e Inmunohematolog\u00eda.\u00a0<\/a><\/p><p class=\"x_MsoNormal\">\u00a0<\/p><p class=\"x_MsoNormal\"><strong>EL L\u00cdDER\u00a0<\/strong><\/p><p class=\"x_MsoNormal\"><a href=\"https:\/\/www.litoralpress.cl\/paginaconsultas\/Servicios_NClipSitio\/Get_Imagen_Nota.aspx?LPKey=RWSAYHPSRIYMFKDNG7FVLHEYWTBYUQLLPBL5WEC546KEZOQYVKU3KDR364EQLHFHGTUEYT3LUZVBS\">El Covid vuelve a subir: casos activos alcanzan la cifra m\u00e1s alta en 53 d\u00edas. Se refiere \u00c9rika Retamal, directora del Departamento de Salud P\u00fablica.\u00a0<\/a><\/p><p class=\"x_MsoNormal\">\u00a0<\/p><p class=\"x_MsoNormal\"><strong>CANAL TV5 LINARES\u00a0<\/strong><\/p><p class=\"x_MsoNormal\"><a href=\"https:\/\/www.litoralpress.cl\/sitio\/RadioTV_Detalles.cshtml?LPKey=Y6AU6A3GYDMW6T6TFEF4E7P75K3FY4UMQO5CA5QYX3SMPYWUX7SP52Q37C2WEXOOTHPAVQRZT5YSG\">Linares cierra la semana con cifras Covid que bordearon los \u00faltimos d\u00edas el centenar de contagios. Se refiere Daniel Jim\u00e9nez, director de Salud del Estudiante.\u00a0<\/a><\/p><p class=\"x_MsoNormal\">\u00a0<\/p><p class=\"x_MsoNormal\"><strong>TVMAULE.CL\u00a0<\/strong><\/p><p class=\"x_MsoNormal\"><a href=\"https:\/\/www.tvmaule.cl\/covid-19-alza-se-deberia-a-baja-en-vacunacion-y-efecto-post-vacaciones-de-invierno\/\">Covid-19: alza se deber\u00eda a baja en vacunaci\u00f3n y efecto post vacaciones de invierno. Se refiere Marcelo Alarc\u00f3n, acad\u00e9mico del Departamento de Bioqu\u00edmica Cl\u00ednica e Inmunohematolog\u00eda.\u00a0<\/a><\/p><p class=\"x_MsoNormal\" aria-hidden=\"true\">\u00a0<\/p><p class=\"x_MsoNormal\"><strong>CENTROSURNOTICIAS.CL\u00a0<\/strong><\/p><p class=\"x_MsoNormal\"><a href=\"https:\/\/centrosurnoticias.cl\/alza-de-covid-19-se-deberia-a-efecto-postvacacional-y-baja-en-la-vacunacion\/\">Covid-19: alza se deber\u00eda a baja en vacunaci\u00f3n y efecto post vacaciones de invierno. Se refiere Marcelo Alarc\u00f3n, acad\u00e9mico del Departamento de Bioqu\u00edmica Cl\u00ednica e Inmunohematolog\u00eda.\u00a0<\/a><\/p><p class=\"x_MsoNormal\" aria-hidden=\"true\">\u00a0<\/p><p class=\"x_MsoNormal\"><strong>EL MERCURIO\u00a0<\/strong><\/p><p class=\"x_MsoNormal\"><a href=\"https:\/\/www.litoralpress.cl\/paginaconsultas\/Servicios_NClipSitio\/Get_Imagen_Nota.aspx?LPKey=UUDRNRXRJXV6PCIPT5QR4GFY33RDNNRNNCQVDEG7CIMXPWPOUOYLGTBYT6UTDGQ2W6IESLFYEJPMA\">Franja del rechazo afirma que s\u00f3lo habr\u00e1 residencias de ni\u00f1os administradas por el Estado. Se refiere Juliana D\u00edaz, coordinadora del Centro de Estudios del Derecho de la Infancia y la Adolescencia (CEDIA).\u00a0<\/a><\/p><p class=\"x_MsoNormal\">\u00a0<\/p><p class=\"x_MsoNormal\"><strong>ADPRENSA.CL\u00a0<\/strong><\/p><p class=\"x_MsoNormal\"><a href=\"https:\/\/www.adprensa.cl\/cronica\/analizan-cambios-que-tendria-la-defensoria-penal-publica-en-la-nueva-constitucion\/\">Analizan cambios que tendr\u00eda la Defensor\u00eda Penal P\u00fablica en la nueva Constituci\u00f3n. Se refiere Diego Palomo, acad\u00e9mico de la Facultad de Ciencias Jur\u00eddicas y Sociales.\u00a0<\/a><\/p><p class=\"x_MsoNormal\">\u00a0<\/p><p class=\"x_MsoNormal\"><strong>SEPTIMAPAGINANOTICIAS.CL\u00a0<\/strong><\/p><p class=\"x_MsoNormal\"><a href=\"https:\/\/www.septimapaginanoticias.cl\/cambio-climatico-especialistas-presentan-aportes-desde-la-biologia-vegetal-y-la-biotecnologica\">Cambio clim\u00e1tico: especialistas presentan aportes desde la biolog\u00eda vegetal y la biotecnol\u00f3gica. Se refieren Cristi\u00e1n Rojas, vicerrector Acad\u00e9mico y Carlos Figueroa, director del Doctorado en Ciencias menci\u00f3n Biolog\u00eda Vegetal y Biotecnolog\u00eda.\u00a0<\/a><\/p><p class=\"x_MsoNormal\">\u00a0<\/p><p class=\"x_MsoNormal\"><strong>RADIOPOLAR.COM\u00a0<\/strong><\/p><p class=\"x_MsoNormal\"><a href=\"https:\/\/radiopolar.com\/noticia_178578.html\">Crecimiento de la poblaci\u00f3n mundial complicar\u00eda abastecimiento de alimentos. Se refiere Jos\u00e9 D\u00edaz, acad\u00e9mico de la Facultad de Ciencias Agrarias.\u00a0<\/a><\/p><p class=\"x_MsoNormal\">\u00a0<\/p><p class=\"x_MsoNormal\"><strong>MAULEHOY.CL\u00a0<\/strong><\/p><p class=\"x_MsoNormal\"><a href=\"https:\/\/maulehoy.cl\/2022\/08\/13\/la-antartica-sigue-siendo-un-lugar-muy-vulnerableal-ingreso-de-nuevas-especies-invasoras\/\">\u00abLa Ant\u00e1rtica sigue siendo un lugar muy vulnerable al ingreso de nuevas especies invasoras\u00bb. Se refiere Rasme Hereme, estudiante del Doctorado en Ciencias menci\u00f3n Biolog\u00eda Vegetal y Biotecnolog\u00eda. \u00a0<\/a><\/p><p class=\"x_MsoNormal\" aria-hidden=\"true\">\u00a0<\/p><p class=\"x_MsoNormal\"><strong>LA PRENSA\u00a0<\/strong><\/p><p class=\"x_MsoNormal\"><a href=\"https:\/\/www.litoralpress.cl\/paginaconsultas\/Servicios_NClipSitio\/Get_Imagen_Nota.aspx?LPKey=Y6O4U6RWYPYGRVRZ3CUCECOZ3WWVQFAEXSNKFY22QX6NNA4XSKVX5ZAYQ7O6DIVRR5HRQ6DEJUJFQ\">Exitoso programa de salud en modalidad virtual ejecuta la Universidad de Talca. Se refiere Claudia Montoya, directora de la Cl\u00ednica Fonoaudiol\u00f3gica. \u00a0<\/a><\/p><p class=\"x_MsoNormal\">\u00a0<\/p><p class=\"x_MsoNormal\"><strong>RADIO LAUTARO\u00a0<\/strong><\/p><p class=\"x_MsoNormal\"><a href=\"https:\/\/www.litoralpress.cl\/sitio\/RadioTV_Detalles.cshtml?LPKey=5SXBBGOIJKS6G27L3P4HZDHI32BQ4465KSO7Q5LYSSPX72SB5XKPLQ34BBIEAKW3W3HBAUNBELTZS\">Entrevista a Marianella Flores, acad\u00e9mica de la Facultad de Ciencias de la Educaci\u00f3n.\u00a0<\/a><\/p><p class=\"x_MsoNormal\">\u00a0<\/p><p class=\"x_MsoNormal\"><strong>RADIO LAUTARO\u00a0<\/strong><\/p><p class=\"x_MsoNormal\"><a href=\"https:\/\/www.litoralpress.cl\/sitio\/RadioTV_Detalles.cshtml?LPKey=4RT6OHM4MB6LEF3DTKX2KHK4Z66I7HS4FTUDW5XIG3IDL56M5GJJJFIJODC6WOQEMDHIJHJ2RQSTI\">Entrevista a Rodrigo Bustamante, acad\u00e9mico de la Facultad de Ingenier\u00eda.\u00a0<\/a><\/p><p class=\"x_MsoNormal\">\u00a0<\/p><p class=\"x_MsoNormal\"><strong>RADIO GUAYAC\u00c1N\u00a0<\/strong><\/p><p class=\"x_MsoNormal\"><a href=\"https:\/\/www.litoralpress.cl\/sitio\/RadioTV_Detalles.cshtml?LPKey=OV2FGD6GU2S6LQZ5LEQQNDEDP45WZO754KGHC6PZRWATS2VSDSJJC2K7HDKKWD22S77657JUV4MVQ\">Entrevista a Osvaldo Henr\u00edquez, acad\u00e9mico de la Facultad de Ciencias Jur\u00eddicas y Sociales.\u00a0<\/a><\/p><p class=\"x_MsoNormal\">\u00a0<\/p><p class=\"x_MsoNormal\"><strong>REVISTA EL CENTRO\u00a0<\/strong><\/p><p class=\"x_MsoNormal\"><a href=\"https:\/\/www.litoralpress.cl\/sitio\/Prensa_PaginaCompleta.cshtml?LPKey=QAVIOQOCPCDT3VTK24UMWK77XF52ZSHDBJHS7MUWMNTYNS6MP5UQ\">Reforma tributaria: \u00bfUn nuevo pacto fiscal moderno, justo y eficiente? Se refiere Mois\u00e9s G\u00f3mez, acad\u00e9mico de la Facultad de Econom\u00eda y Negocios (FEN).\u00a0<\/a><\/p><p class=\"x_MsoNormal\">\u00a0<\/p><p class=\"x_MsoNormal\"><strong>REVISTA EL CENTRO\u00a0<\/strong><\/p><p class=\"x_MsoNormal\"><a href=\"https:\/\/www.litoralpress.cl\/paginaconsultas\/Servicios_NClipSitio\/Get_Imagen_Nota.aspx?LPKey=TSW5RH5TAQLX755ICZP5NKT3ZWPII7KYVYLPAVXQOPNBOSQJY2SE7DO7X7S5AP35X3LTQ7YEHQLXE\">Editorial. Se menciona a Mar\u00eda Elisa Quinteros, acad\u00e9mica del Departamento de Salud P\u00fablica.\u00a0<\/a><\/p><p class=\"x_MsoNormal\">\u00a0<\/p><p class=\"x_MsoNormal\"><strong>CANAL MEGA\u00a0<\/strong><\/p><p class=\"x_MsoNormal\"><a href=\"https:\/\/www.litoralpress.cl\/sitio\/RadioTV_Detalles.cshtml?LPKey=2AFWIYWZW3SQ2RMMUBWV5MP2DT67WYQTN2TSAVBBCKQGDHPL76JC7TZPPZDMAI7FCPMTFJVFK75WO\">Encuesta Cadem: Apruebo y Rechazo estrechan diferencia. Se refiere Mauricio Morales, director del Centro de An\u00e1lisis Pol\u00edtico (CAP).\u00a0<\/a><\/p><p class=\"x_MsoNormal\">\u00a0<\/p><p class=\"x_MsoNormal\"><strong>CANAL CHILEVISI\u00d3N\u00a0<\/strong><\/p><p class=\"x_MsoNormal\"><a href=\"https:\/\/www.litoralpress.cl\/sitio\/RadioTV_Detalles.cshtml?LPKey=IZMGRY6WHUX6HPCY4OSKKCFAPOYHAWIG4SOTXUQM5BZ6VJ7JETQLYWOUNQTS2OTR3BFYBASSAH5A6\">Organizaciones por el apruebo se re\u00fanen en el frontis del Museo de Bellas Artes. Se refiere Mauricio Morales, director del Centro de An\u00e1lisis Pol\u00edtico (CAP).\u00a0<\/a><\/p><p class=\"x_MsoNormal\">\u00a0<\/p><p class=\"x_MsoNormal\"><strong>CANAL CHILEVISI\u00d3N\u00a0<\/strong><\/p><p class=\"x_MsoNormal\"><a href=\"https:\/\/www.litoralpress.cl\/sitio\/RadioTV_Detalles.cshtml?LPKey=5LE727ENTV7OSA5Z5JF4ITQGBXNUZ2TYG2HT6LS2WD2DIYZACHWGXTVSC3DEEPUW4UVARBTREWXIM\">Plebiscito 2022: Encuestas revelaron que se acort\u00f3 distancia entre Rechazo y Apruebo. Se refiere Mauricio Morales, director del Centro de An\u00e1lisis Pol\u00edtico (CAP).\u00a0<\/a><\/p><p class=\"x_MsoNormal\" aria-hidden=\"true\">\u00a0<\/p><p class=\"x_MsoNormal\"><strong>CANAL 13\u00a0<\/strong><\/p><p class=\"x_MsoNormal\"><a href=\"https:\/\/www.litoralpress.cl\/sitio\/RadioTV_Detalles.cshtml?LPKey=DZVNOR5FZ6TAVYOQOMSTXPMVBVSE62F6LPZR4TWHSYBP2TC2773UTM42AA5URI4GUD2FDCV6R22TG\">Rechazo reduce su ventaja sobre el Apruebo. Se refiere Mauricio Morales, director del Centro de An\u00e1lisis Pol\u00edtico (CAP).\u00a0<\/a><\/p><p class=\"x_MsoNormal\">\u00a0<\/p><p class=\"x_MsoNormal\"><strong>RADIO ADN\u00a0<\/strong><\/p><p class=\"x_MsoNormal\"><a href=\"https:\/\/www.litoralpress.cl\/sitio\/RadioTV_Detalles.cshtml?LPKey=77GG776HCWDDFCFLMY27233VPDVCMYKHNXDOPWDZ4EG5XYK7MMCEA35E5BE3GGG2KTCNGPEEQFSHC\">La Contralor\u00eda dictamin\u00f3 que el ministro Giorgio Jackson falt\u00f3 a la prescindencia de cara al plebiscito. Se refiere Mauricio Morales, director del Centro de An\u00e1lisis Pol\u00edtico (CAP).\u00a0<\/a><\/p><p class=\"x_MsoNormal\" aria-hidden=\"true\">\u00a0<\/p><p class=\"x_MsoNormal\"><strong>EL MERCURIO DE VALPARA\u00cdSO\u00a0<\/strong><\/p><p class=\"x_MsoNormal\"><a href=\"https:\/\/www.litoralpress.cl\/sitio\/Prensa_PaginaCompleta.cshtml?LPKey=KNSOK3SVTD3FLUNBVQLMDLSY5MUQVF7TJL5VZESEAQH2RS3LCW6Q\">\u00bfQui\u00e9n gana y qui\u00e9n pierde con la veda de las encuestas? Se refiere Se refiere Mario Herrera, acad\u00e9mico del Centro de An\u00e1lisis Pol\u00edtico (CAP).\u00a0<\/a><\/p><p class=\"x_MsoNormal\" aria-hidden=\"true\">\u00a0<\/p><p class=\"x_MsoNormal\"><strong>RADIO BIO-B\u00cdO DE VALPARA\u00cdSO\u00a0<\/strong><\/p><p class=\"x_MsoNormal\"><a href=\"https:\/\/www.litoralpress.cl\/sitio\/RadioTV_Detalles.cshtml?LPKey=G56FHHSUM4TDFE5CAQHRYOXXOYC2AWL3LGW3V623VMPQSZTKPAB7MISSN4QVDRC3B36ZLJBYAGLF2\">M\u00faltiples reacciones gener\u00f3 el acuerdo liderado por Presidente Boric para reformar aspectos de la propuesta constitucional. Se refiere Mario Herrera, acad\u00e9mico del Centro de An\u00e1lisis Pol\u00edtico (CAP).\u00a0<\/a><\/p><p class=\"x_MsoNormal\" aria-hidden=\"true\">\u00a0<\/p><p class=\"x_MsoNormal\"><strong>LA PRENSA\u00a0<\/strong><\/p><p class=\"x_MsoNormal\"><a href=\"https:\/\/www.litoralpress.cl\/sitio\/Prensa_PaginaCompleta.cshtml?LPKey=3E2YJF4RXCH5EZTN4K4FAYSS75ZXUGXMGC5IHKHFCWC64TL4IFAA\">Congreso de ciencias busca las mejores investigaciones escolares. Se refiere Karin Saavedra, directora de Vinculaci\u00f3n con el Medio.\u00a0<\/a><\/p><p class=\"x_MsoNormal\" aria-hidden=\"true\">\u00a0<\/p><p class=\"x_MsoNormal\"><strong>EL HERALDO\u00a0<\/strong><\/p><p class=\"x_MsoNormal\"><a href=\"https:\/\/www.litoralpress.cl\/paginaconsultas\/Servicios_NClipSitio\/Get_Imagen_Nota.aspx?LPKey=FZB6VGD2BKB5C7N7M646LJMR7LXWFRQ5PIJCKRWY7NNKOIYJEVPTR34HVB3QZVBXW55XBXP3764QQ\">Explora Maule busca las mejores investigaciones escolares en Congreso Regional de Ciencia. Se refiere Karin Saavedra, directora de Vinculaci\u00f3n con el Medio. \u00a0<\/a><\/p><p class=\"x_MsoNormal\" aria-hidden=\"true\">\u00a0<\/p><p class=\"x_MsoNormal\"><strong>EL LECTOR\u00a0<\/strong><\/p><p class=\"x_MsoNormal\"><a href=\"https:\/\/www.litoralpress.cl\/paginaconsultas\/Servicios_NClipSitio\/Get_Imagen_Nota.aspx?LPKey=2HNV3AAYJ6JHZCUA2S6PISUHXJVO23ZRFR5YS6VAUHSFZL2XFV6HZ7IKFRCDCRW3X2FYNGT54HSJY\">Explora Maule busca las mejores investigaciones escolares en Congreso Regional de Ciencia. Se refiere Karin Saavedra, directora de Vinculaci\u00f3n con el Medio.\u00a0<\/a><\/p><p class=\"x_MsoNormal\" aria-hidden=\"true\">\u00a0<\/p><p class=\"x_MsoNormal\"><strong>ADPRENSA.CL\u00a0<\/strong><\/p><p class=\"x_MsoNormal\"><a href=\"https:\/\/www.adprensa.cl\/nacionales\/explora-maule-busca-las-mejores-investigaciones-escolares-en-congreso-regional-de-ciencia\/\">Explora Maule busca las mejores investigaciones escolares en Congreso Regional de Ciencia. Se refiere Karin Saavedra, directora de Vinculaci\u00f3n con el Medio.\u00a0<\/a><\/p><p class=\"x_MsoNormal\" aria-hidden=\"true\">\u00a0<\/p><p class=\"x_MsoNormal\"><strong>DIARIOTALCA.CL\u00a0<\/strong><\/p><p class=\"x_MsoNormal\"><a href=\"https:\/\/diariotalca.cl\/tiene-un-pequeno-a-genio-en-casa-que-postule-al-congreso-regional-de-ciencia\/\">\u00bfTiene un peque\u00f1o (a) genio en casa? Que postule al Congreso Regional de Ciencia. Se refiere Karin Saavedra, directora de Vinculaci\u00f3n con el Medio.\u00a0<\/a><\/p><p class=\"x_MsoNormal\" aria-hidden=\"true\">\u00a0<\/p><p class=\"x_MsoNormal\"><strong>LA PRENSA\u00a0<\/strong><\/p><p class=\"x_MsoNormal\"><a href=\"https:\/\/www.litoralpress.cl\/sitio\/Prensa_PaginaCompleta.cshtml?LPKey=MRQB72JUF6BCOAI7O6NZ2X5JMH6QNWBKWW4JVS32D2UNPV7GCEXA\">Connotado guitarrista se presenta ma\u00f1ana en Talca. Se refiere Marcela Albornoz, directora de Extensi\u00f3n Cultural- Art\u00edstica.\u00a0<\/a><\/p><p class=\"x_MsoNormal\" aria-hidden=\"true\">\u00a0<\/p><p class=\"x_MsoNormal\"><strong>CANAL TVN RED MAULE\u00a0<\/strong><\/p><p class=\"x_MsoNormal\"><a href=\"https:\/\/www.litoralpress.cl\/sitio\/RadioTV_Detalles.cshtml?LPKey=UOGLXGQN7MJ7U5XOEQTNHWPB7DVQUOMABA3AL6R5STIMR466SORUVGIW23TSLHZMUVHWNLKPFQ6W2\">Panoramas. Se menciona a la UTalca.\u00a0<\/a><\/p><p class=\"x_MsoNormal\" aria-hidden=\"true\">\u00a0<\/p><p class=\"x_MsoNormal\"><strong>ELCENTRO.CL\u00a0<\/strong><\/p><p class=\"x_MsoNormal\"><a href=\"https:\/\/elcentro.cl\/2022\/08\/14\/atencion-estudiantes-utalca-participa-en-el-concurso-utalca-y-100-palabras\/\">\u00a1Atenci\u00f3n estudiantes UTalca! Participa en el concurso \u201cUTalca y 100 palabras\u201d.<\/a><\/p><p class=\"x_MsoNormal\">\u00a0<\/p>\t\t\t\t\t\t<\/div>\n\t\t\t\t<\/div>\n\t\t\t\t\t<\/div>\n\t\t<\/div>\n\t\t\t\t\t\t\t<\/div>\n\t\t<\/section>\n\t\t\t\t\t\t<\/div>\n\t\t\t\t\t<\/div>\n\t\t","protected":false},"excerpt":{"rendered":"<p>EL HERALDO\u00a0 Fiesta de la Poda: Campus Colchagua de la UTalca inicia nuevo ciclo en su vi\u00f1edo. Se refieren Patricio G\u00f3mez, director del Campus Colchagua y M\u00f3nica Vergara, directora de T\u00e9cnico Superior en Viticultura.\u00a0 \u00a0 ADPRENSA.CL\u00a0 Fiesta de la poda: Campus Colchagua de la UTalca inicia nuevo ciclo en su vi\u00f1edo. Se refieren Patricio G\u00f3mez, &hellip;<\/p>\n<p class=\"read-more\"> <a class=\"\" href=\"https:\/\/www.reportedeprensa.utalca.cl\/?p=4697\"> <span class=\"screen-reader-text\">16 de agosto de 2022<\/span> Read More &raquo;<\/a><\/p>\n","protected":false},"author":1,"featured_media":0,"comment_status":"closed","ping_status":"open","sticky":false,"template":"","format":"standard","meta":{"_monsterinsights_skip_tracking":false,"_monsterinsights_sitenote_active":false,"_monsterinsights_sitenote_note":"","_monsterinsights_sitenote_category":0},"categories":[24],"tags":[],"_links":{"self":[{"href":"https:\/\/www.reportedeprensa.utalca.cl\/index.php?rest_route=\/wp\/v2\/posts\/4697"}],"collection":[{"href":"https:\/\/www.reportedeprensa.utalca.cl\/index.php?rest_route=\/wp\/v2\/posts"}],"about":[{"href":"https:\/\/www.reportedeprensa.utalca.cl\/index.php?rest_route=\/wp\/v2\/types\/post"}],"author":[{"embeddable":true,"href":"https:\/\/www.reportedeprensa.utalca.cl\/index.php?rest_route=\/wp\/v2\/users\/1"}],"replies":[{"embeddable":true,"href":"https:\/\/www.reportedeprensa.utalca.cl\/index.php?rest_route=%2Fwp%2Fv2%2Fcomments&post=4697"}],"version-history":[{"count":4,"href":"https:\/\/www.reportedeprensa.utalca.cl\/index.php?rest_route=\/wp\/v2\/posts\/4697\/revisions"}],"predecessor-version":[{"id":4701,"href":"https:\/\/www.reportedeprensa.utalca.cl\/index.php?rest_route=\/wp\/v2\/posts\/4697\/revisions\/4701"}],"wp:attachment":[{"href":"https:\/\/www.reportedeprensa.utalca.cl\/index.php?rest_route=%2Fwp%2Fv2%2Fmedia&parent=4697"}],"wp:term":[{"taxonomy":"category","embeddable":true,"href":"https:\/\/www.reportedeprensa.utalca.cl\/index.php?rest_route=%2Fwp%2Fv2%2Fcategories&post=4697"},{"taxonomy":"post_tag","embeddable":true,"href":"https:\/\/www.reportedeprensa.utalca.cl\/index.php?rest_route=%2Fwp%2Fv2%2Ftags&post=4697"}],"curies":[{"name":"wp","href":"https:\/\/api.w.org\/{rel}","templated":true}]}}