{"id":4713,"date":"2022-08-17T10:19:44","date_gmt":"2022-08-17T13:19:44","guid":{"rendered":"https:\/\/www.reportedeprensa.utalca.cl\/?p=4713"},"modified":"2022-08-17T10:25:16","modified_gmt":"2022-08-17T13:25:16","slug":"17-de-agosto-de-2022","status":"publish","type":"post","link":"https:\/\/www.reportedeprensa.utalca.cl\/?p=4713","title":{"rendered":"17 de agosto de 2022"},"content":{"rendered":"\t\t<div data-elementor-type=\"wp-post\" data-elementor-id=\"4713\" class=\"elementor elementor-4713\" data-elementor-settings=\"[]\">\n\t\t\t\t\t\t\t<div class=\"elementor-section-wrap\">\n\t\t\t\t\t\t\t<section class=\"elementor-section elementor-top-section elementor-element elementor-element-44052ab7 elementor-section-boxed elementor-section-height-default elementor-section-height-default\" data-id=\"44052ab7\" data-element_type=\"section\">\n\t\t\t\t\t\t<div class=\"elementor-container elementor-column-gap-default\">\n\t\t\t\t\t<div class=\"elementor-column elementor-col-100 elementor-top-column elementor-element elementor-element-5b002d83\" data-id=\"5b002d83\" data-element_type=\"column\">\n\t\t\t<div class=\"elementor-widget-wrap elementor-element-populated\">\n\t\t\t\t\t\t\t\t<div class=\"elementor-element elementor-element-477998b8 elementor-widget elementor-widget-text-editor\" data-id=\"477998b8\" data-element_type=\"widget\" data-widget_type=\"text-editor.default\">\n\t\t\t\t<div class=\"elementor-widget-container\">\n\t\t\t\t\t\t\t\t<p class=\"x_MsoNormal\"><strong>DIARIOTALCA.CL\u00a0<\/strong><\/p><p class=\"x_MsoNormal\"><a href=\"https:\/\/diariotalca.cl\/sufre-de-alergia-en-la-primavera-preocupa-aumento-de-casos-a-nivel-nacional\/\">\u00bfSufre de alergia en primavera? Preocupa aumento de casos a nivel nacional. Se refiere Fernando Carrasco, acad\u00e9mico del Instituto de Ciencias Biol\u00f3gicas y Dayana Machado, directora del Programa de Especializaci\u00f3n en Medicina Interna. \u00a0<\/a><\/p><p class=\"x_MsoNormal\">\u00a0<\/p><p class=\"x_MsoNormal\"><strong>CIENCIAENCHILE.CL\u00a0<\/strong><\/p><p class=\"x_MsoNormal\"><a href=\"https:\/\/www.cienciaenchile.cl\/estudio-identificara-el-patron-alimentario-y-perfil-sociosanitario-de-personas-mayores-en-todo-el-pais\/\">Estudio identificar\u00e1 el patr\u00f3n alimentario y perfil sociosanitario de personas mayores en todo el pa\u00eds. Se refiere Iv\u00e1n Palomo, acad\u00e9mico de la Facultad de Ciencias de la Salud.\u00a0<\/a><\/p><p class=\"x_MsoNormal\">\u00a0<\/p><p class=\"x_MsoNormal\"><strong>ADPRENSA.CL\u00a0<\/strong><\/p><p class=\"x_MsoNormal\"><a href=\"https:\/\/www.adprensa.cl\/cronica\/liderado-por-academica-u-de-chile-estudio-identificara-el-patron-alimentario-y-perfil-sociosanitario-de-personas-mayores-en-todo-el-pais\/\">Estudio identificar\u00e1 el patr\u00f3n alimentario y perfil sociosanitario de personas mayores en todo el pa\u00eds. Se refiere Iv\u00e1n Palomo, acad\u00e9mico de la Facultad de Ciencias de la Salud. \u00a0<\/a><\/p><p class=\"x_MsoNormal\" aria-hidden=\"true\">\u00a0<\/p><p class=\"x_MsoNormal\"><strong>MEDIABANCO.COM\u00a0<\/strong><\/p><p class=\"x_MsoNormal\"><a href=\"https:\/\/www.mediabanco.com\/estudio-identificara-el-patron-alimentario-y-perfil-sociosanitario-de-personas-mayores-en-todo-el-pais\/\">Estudio identificar\u00e1 el patr\u00f3n alimentario y perfil sociosanitario de personas mayores en todo el pa\u00eds. Se refiere Iv\u00e1n Palomo, acad\u00e9mico de la Facultad de Ciencias de la Salud.\u00a0<\/a><\/p><p class=\"x_MsoNormal\" aria-hidden=\"true\">\u00a0<\/p><p class=\"x_MsoNormal\"><strong>EL LECTOR\u00a0<\/strong><\/p><p class=\"x_MsoNormal\"><a href=\"https:\/\/www.litoralpress.cl\/paginaconsultas\/Servicios_NClipSitio\/Get_Imagen_Nota.aspx?LPKey=APNGXBMVWCK4MFPQRVKZ43LKYPPBXT6GEKYAMWDVFYGKFPBPM22OIIZCDIM2XVQWJIW45MTZ74HI2\">Analizan cambios que tendr\u00eda la Defensor\u00eda Penal P\u00fablica en la nueva Constituci\u00f3n. Se refiere Diego Palomo, acad\u00e9mico de la Facultad de Ciencias Jur\u00eddicas y Sociales. \u00a0<\/a><\/p><p class=\"x_MsoNormal\">\u00a0<\/p><p class=\"x_MsoNormal\"><strong>ELMAULEINFORMA.CL\u00a0<\/strong><\/p><p class=\"x_MsoNormal\"><a href=\"https:\/\/elmauleinforma.cl\/analizan-cambios-que-tendria-la-defensoria-penal-publica-en-la-nueva-constitucion\/\">Analizan cambios que tendr\u00eda la Defensor\u00eda Penal P\u00fablica en la nueva Constituci\u00f3n. Se refiere Diego Palomo, acad\u00e9mico de la Facultad de Ciencias Jur\u00eddicas y Sociales.\u00a0<\/a><\/p><p class=\"x_MsoNormal\">\u00a0<\/p><p class=\"x_MsoNormal\"><strong>G5NOTICIAS.CL\u00a0<\/strong><\/p><p class=\"x_MsoNormal\"><a href=\"https:\/\/g5noticias.cl\/2022\/08\/16\/analizan-cambios-que-tendria-la-defensoria-penal-publica-en-la-nueva-constitucion\/\">Analizan cambios que tendr\u00eda la Defensor\u00eda Penal P\u00fablica en la nueva Constituci\u00f3n. Se refiere Diego Palomo, acad\u00e9mico de la Facultad de Ciencias Jur\u00eddicas y Sociales.\u00a0<\/a><\/p><p class=\"x_MsoNormal\" aria-hidden=\"true\">\u00a0<\/p><p class=\"x_MsoNormal\"><strong>ADPRENSA.CL\u00a0<\/strong><\/p><p class=\"x_MsoNormal\"><a href=\"https:\/\/www.adprensa.cl\/cronica\/investigacion-detecto-alto-porcentaje-de-licitaciones-desiertas-en-la-construccion-publica\/\">Investigaci\u00f3n detect\u00f3 alto porcentaje de licitaciones desiertas en la construcci\u00f3n p\u00fablica. Se refiere Armando Dur\u00e1n, director de la Escuela de Ingenier\u00eda Civil en Obras Civiles. \u00a0<\/a><\/p><p class=\"x_MsoNormal\">\u00a0<\/p><p class=\"x_MsoNormal\"><strong>DIARIO FINANCIERO\u00a0<\/strong><\/p><p class=\"x_MsoNormal\"><a href=\"https:\/\/www.litoralpress.cl\/paginaconsultas\/Servicios_NClipSitio\/Get_Imagen_Nota.aspx?LPKey=5NC24HWLPBJ24LLICILXVP5EZOVGAZUKP6BL2FVPENOAN6MIFZX3M2GYE4O7QDXIYGXE6WWZ4VBBQ\">El plan B: fijar pronto nuevo itinerario constitucional y r\u00e1pido ajuste de gabinete. Se refiere Mauricio Morales, director del Centro de An\u00e1lisis Pol\u00edtico (CAP).\u00a0<\/a><\/p><p class=\"x_MsoNormal\">\u00a0<\/p><p class=\"x_MsoNormal\"><strong>CANAL MEGA\u00a0<\/strong><\/p><p class=\"x_MsoNormal\"><a href=\"https:\/\/www.litoralpress.cl\/sitio\/RadioTV_Detalles.cshtml?LPKey=2GEGUTDFMOEZ42BJOOKXNC7NJE6TMMRDCTZXUBWHWYX3RJR3KKOFMS2XJIH5VX6KPI5PCKZYE3QCW\">Gu\u00eda para entender el voto obligatorio en plebiscito del 4 de septiembre. Se refiere Mauricio Morales, director del Centro de An\u00e1lisis Pol\u00edtico (CAP).\u00a0<\/a><\/p><p class=\"x_MsoNormal\">\u00a0<\/p><p class=\"x_MsoNormal\"><strong>CANAL MEGA PLUS\u00a0<\/strong><\/p><p class=\"x_MsoNormal\"><a href=\"https:\/\/www.litoralpress.cl\/sitio\/RadioTV_Detalles.cshtml?LPKey=KS2EKYO2GS25TS6RCQZVDTTGCCE3VLYGNVPF5Y6RKCXVZHFS2QFPICX7P3RWU65V4ODBV2G2EMSV4\">Gu\u00eda para entender el voto obligatorio en plebiscito del 4 de septiembre. Se refiere Mauricio Morales, director del Centro de An\u00e1lisis Pol\u00edtico (CAP).\u00a0<\/a><\/p><p class=\"x_MsoNormal\">\u00a0<\/p><p class=\"x_MsoNormal\"><strong>CANAL MEGA\u00a0<\/strong><\/p><p class=\"x_MsoNormal\"><a href=\"https:\/\/www.litoralpress.cl\/sitio\/RadioTV_Detalles.cshtml?LPKey=FH26MOX2ZETPHBP4UICEFYWKEOZAHT2Q2ZK2RF42LKKYDETR37TEHTV324AIIUHJRJEE2GJTZXAAI\">Reclamos por cambio de local de votaci\u00f3n. Se refiere Mauricio Morales, director del Centro de An\u00e1lisis Pol\u00edtico (CAP).\u00a0<\/a><\/p><p class=\"x_MsoNormal\">\u00a0<\/p><p class=\"x_MsoNormal\"><strong>CANAL CNN CHILE\u00a0<\/strong><\/p><p class=\"x_MsoNormal\"><a href=\"https:\/\/www.litoralpress.cl\/sitio\/RadioTV_Detalles.cshtml?LPKey=C3Z7GB64KYLHZKJ6XVUW2ZF5XDEPRJ54A6ASGORUSJP2GL3XFO5HGRQOWVRSUFY23MWCTXIAX5JEY\">Expertos proyectan una alta votaci\u00f3n en el plebiscito. Se refiere Mauricio Morales, director del Centro de An\u00e1lisis Pol\u00edtico (CAP).\u00a0<\/a><\/p><p class=\"x_MsoNormal\">\u00a0<\/p><p class=\"x_MsoNormal\"><strong>CANAL MEGA PLUS\u00a0<\/strong><\/p><p class=\"x_MsoNormal\"><a href=\"https:\/\/www.litoralpress.cl\/sitio\/RadioTV_Detalles.cshtml?LPKey=ZWFX2U444Q3JAQVHNYMB3VF22TV556COUKCN7F7YR57YXCRIGER3UR3T3IAJF72RT4OBNX7NI7GL4\">Entrevista a Mauricio Morales, director del Centro de An\u00e1lisis Pol\u00edtico (CAP).\u00a0<\/a><\/p><p class=\"x_MsoNormal\">\u00a0<\/p><p class=\"x_MsoNormal\"><strong>RADIO INFINITA\u00a0<\/strong><\/p><p class=\"x_MsoNormal\"><a href=\"https:\/\/www.litoralpress.cl\/sitio\/RadioTV_Detalles.cshtml?LPKey=K4T2VWH4GY5Z55AZOVJFJ2T5JG6LP4TEN4F5FZE5L3HZPZTI6UQTBAW2UZP3XPSZIBKUJOWU6NCE2\">Comentario de Mauricio Morales, director del Centro de An\u00e1lisis Pol\u00edtico (CAP).\u00a0<\/a><\/p><p class=\"x_MsoNormal\" aria-hidden=\"true\">\u00a0<\/p><p class=\"x_MsoNormal\"><strong>MEGANOTICIAS.CL\u00a0<\/strong><\/p><p class=\"x_MsoNormal\"><a href=\"https:\/\/www.meganoticias.cl\/entrevistas\/386417-plebiscito-2022-apruebo-rechazo-mauricio-morales-16-08-2022.html\">Mauricio Morales: &#8220;El incremento del Rechazo ha sido extremadamente lento y eso es preocupante para la opci\u00f3n&#8221;. Se refiere el director del Centro de An\u00e1lisis Pol\u00edtico (CAP).\u00a0<\/a><\/p><p class=\"x_MsoNormal\">\u00a0<\/p><p class=\"x_MsoNormal\"><strong>EL MERCURIO DE VALPARAISO\u00a0<\/strong><\/p><p class=\"x_MsoNormal\"><a href=\"https:\/\/www.litoralpress.cl\/paginaconsultas\/Servicios_NClipSitio\/Get_Imagen_Nota.aspx?LPKey=7TUCKT3KSPGR5KAFWPESDUPZEQY4LHOV3KTT2EKQD4IJ5JABXW7WLCN3EVNB5HTFCKNPI3M2QEK36\">Pese a las encuestas, diputados oficialistas conf\u00edan en remontada de la opci\u00f3n Apruebo. Se refiere Mauricio Morales, director del Centro de An\u00e1lisis Pol\u00edtico (CAP).\u00a0<\/a><\/p><p class=\"x_MsoNormal\" aria-hidden=\"true\">\u00a0<\/p><p class=\"x_MsoNormal\"><strong>CR\u00d3NICA DE CHILL\u00c1N\u00a0<\/strong><\/p><p class=\"x_MsoNormal\"><a href=\"https:\/\/www.litoralpress.cl\/sitio\/Prensa_PaginaCompleta.cshtml?LPKey=WXERKPORTPTSU36UCIOS3UED65MXVA7VTLWNUNCGOMDG6GCJAFQA\">\u00bfQui\u00e9n gana y quien pierde con la veda de las encuestas? Se refiere Mario Herrera, acad\u00e9mico del Centro de An\u00e1lisis Pol\u00edtico (CAP).\u00a0<\/a><\/p><p class=\"x_MsoNormal\">\u00a0<\/p><p class=\"x_MsoNormal\"><strong>CAUQUENESNET.CL\u00a0<\/strong><\/p><p class=\"x_MsoNormal\"><a href=\"https:\/\/cauquenesnet.cl\/2022\/08\/16\/explora-maule-busca-las-mejores-investigaciones-escolares-en-congreso-regional-de-ciencia\/\">Explora Maule busca las mejores investigaciones escolares en Congreso Regional de Ciencia. Se refiere Karin Saavedra, directora de Vinculaci\u00f3n con el Medio. \u00a0<\/a><\/p><p class=\"x_MsoNormal\">\u00a0<\/p>\t\t\t\t\t\t<\/div>\n\t\t\t\t<\/div>\n\t\t\t\t\t<\/div>\n\t\t<\/div>\n\t\t\t\t\t\t\t<\/div>\n\t\t<\/section>\n\t\t\t\t\t\t<\/div>\n\t\t\t\t\t<\/div>\n\t\t","protected":false},"excerpt":{"rendered":"<p>DIARIOTALCA.CL\u00a0 \u00bfSufre de alergia en primavera? Preocupa aumento de casos a nivel nacional. Se refiere Fernando Carrasco, acad\u00e9mico del Instituto de Ciencias Biol\u00f3gicas y Dayana Machado, directora del Programa de Especializaci\u00f3n en Medicina Interna. \u00a0 \u00a0 CIENCIAENCHILE.CL\u00a0 Estudio identificar\u00e1 el patr\u00f3n alimentario y perfil sociosanitario de personas mayores en todo el pa\u00eds. Se refiere Iv\u00e1n &hellip;<\/p>\n<p class=\"read-more\"> <a class=\"\" href=\"https:\/\/www.reportedeprensa.utalca.cl\/?p=4713\"> <span class=\"screen-reader-text\">17 de agosto de 2022<\/span> Read More &raquo;<\/a><\/p>\n","protected":false},"author":1,"featured_media":0,"comment_status":"closed","ping_status":"open","sticky":false,"template":"","format":"standard","meta":{"_monsterinsights_skip_tracking":false,"_monsterinsights_sitenote_active":false,"_monsterinsights_sitenote_note":"","_monsterinsights_sitenote_category":0},"categories":[24],"tags":[],"_links":{"self":[{"href":"https:\/\/www.reportedeprensa.utalca.cl\/index.php?rest_route=\/wp\/v2\/posts\/4713"}],"collection":[{"href":"https:\/\/www.reportedeprensa.utalca.cl\/index.php?rest_route=\/wp\/v2\/posts"}],"about":[{"href":"https:\/\/www.reportedeprensa.utalca.cl\/index.php?rest_route=\/wp\/v2\/types\/post"}],"author":[{"embeddable":true,"href":"https:\/\/www.reportedeprensa.utalca.cl\/index.php?rest_route=\/wp\/v2\/users\/1"}],"replies":[{"embeddable":true,"href":"https:\/\/www.reportedeprensa.utalca.cl\/index.php?rest_route=%2Fwp%2Fv2%2Fcomments&post=4713"}],"version-history":[{"count":4,"href":"https:\/\/www.reportedeprensa.utalca.cl\/index.php?rest_route=\/wp\/v2\/posts\/4713\/revisions"}],"predecessor-version":[{"id":4717,"href":"https:\/\/www.reportedeprensa.utalca.cl\/index.php?rest_route=\/wp\/v2\/posts\/4713\/revisions\/4717"}],"wp:attachment":[{"href":"https:\/\/www.reportedeprensa.utalca.cl\/index.php?rest_route=%2Fwp%2Fv2%2Fmedia&parent=4713"}],"wp:term":[{"taxonomy":"category","embeddable":true,"href":"https:\/\/www.reportedeprensa.utalca.cl\/index.php?rest_route=%2Fwp%2Fv2%2Fcategories&post=4713"},{"taxonomy":"post_tag","embeddable":true,"href":"https:\/\/www.reportedeprensa.utalca.cl\/index.php?rest_route=%2Fwp%2Fv2%2Ftags&post=4713"}],"curies":[{"name":"wp","href":"https:\/\/api.w.org\/{rel}","templated":true}]}}